{"id":120380,"date":"2019-03-31T17:19:10","date_gmt":"2019-03-31T14:19:10","guid":{"rendered":"http:\/\/www.tvturk.com\/index.php\/milli-karateciler-ust-uste-ucuncu-kez-avrupa-sampiyonu-oldu\/"},"modified":"2019-03-31T17:19:14","modified_gmt":"2019-03-31T14:19:14","slug":"milli-karateciler-ust-uste-ucuncu-kez-avrupa-sampiyonu-oldu","status":"publish","type":"post","link":"http:\/\/www.tvturk.com\/index.php\/milli-karateciler-ust-uste-ucuncu-kez-avrupa-sampiyonu-oldu\/","title":{"rendered":"Milli karateciler \u00fcst \u00fcste \u00fc\u00e7\u00fcnc\u00fc kez Avrupa \u015fampiyonu oldu"},"content":{"rendered":"<p>\u0130spanya\u2019n\u0131n Guadalajara \u015fehrinde d\u00fczenlenen 54. Avrupa B\u00fcy\u00fckler Karate \u015eampiyonas\u0131\u2019n\u0131n son g\u00fcn\u00fcnde Erkek Kumite Milli Tak\u0131m\u0131 finalde S\u0131rbistan\u2019\u0131 ma\u011flup ederek \u00fcst \u00fcste \u00fc\u00e7\u00fcnc\u00fc kez Avrupa \u015fampiyonu oldu. \u015eampiyonay\u0131 \u00fc\u00e7 alt\u0131n, d\u00f6rt g\u00fcm\u00fc\u015f ve d\u00f6rt bronz madalya ile tamamlayan T\u00fcrkiye, en fazla madalya kazanan \u00fclke oldu.<\/p>\n<p>\u0130spanya\u2019n\u0131n Guadalajara \u015fehrinde d\u00fczenlenen 54. Avrupa B\u00fcy\u00fckler Karate \u015eampiyonas\u0131\u2019n\u0131n son g\u00fcn\u00fcnde tatamiye \u00e7\u0131kan Erkek Kumite Milli Tak\u0131m\u0131 \u00fcst \u00fcste \u00fc\u00e7\u00fcnc\u00fc kez Avrupa \u015fampiyonu olurken, Erkek Kata Milli Tak\u0131m\u0131 da tarihindeki ilk finali kaybederek g\u00fcm\u00fc\u015f madalya ald\u0131.<\/p>\n<p>2014 y\u0131l\u0131ndan bu yana \u00fcst \u00fcste alt\u0131nc\u0131 kez Avrupa \u015eampiyonas\u0131\u2019nda finale y\u00fckselen Erkek Kumite Milli Tak\u0131m\u0131 alt\u0131n madalya i\u00e7in S\u0131rbistan\u2019la kar\u015f\u0131 kar\u015f\u0131ya geldi. Be\u015f ma\u00e7l\u0131k seride U\u011fur Akta\u015f ve Alpaslan Yamano\u011flu\u2019nun galibiyetleri ile avantaj\u0131 ele ge\u00e7iren Milli Tak\u0131m\u2019da \u00fc\u00e7\u00fcnc\u00fc olarak tatamiye \u00e7\u0131kan Burak Uygur da rakibi ile 0-0 berabere kald\u0131. D\u00f6rd\u00fcnc\u00fc ma\u00e7ta Murat \u00d6z\u2019\u00fcn rakibini 5-2 ma\u011flup etmesiyle seriyi kazanan T\u00fcrkiye, \u00fcst \u00fcste \u00fc\u00e7\u00fcnc\u00fc, son alt\u0131 y\u0131lda ise d\u00f6rd\u00fcnc\u00fc kez Avrupa\u2019n\u0131n zirvesine \u00e7\u0131kt\u0131. S\u0131rbistan kar\u015f\u0131s\u0131nda m\u00fccadele eden d\u00f6rt sporcunun yan\u0131 s\u0131ra Erman Eltemur, Muratcan Deniz ve Enes Bulut\u2019tan olu\u015fan Erkek Kumite Milli Tak\u0131m\u0131 ma\u00e7 sonras\u0131 sevincini T\u00fcrkiye Karate Federasyonu Ba\u015fkan\u0131 Esat Delihasan ile payla\u015ft\u0131.<\/p>\n<p>Avrupa \u015eampiyonas\u0131\u2019nda finale \u00e7\u0131karak T\u00fcrk karate tarihinde bir ilki ger\u00e7ekle\u015ftiren Erkek Kata Milli Tak\u0131m\u0131 ise ev sahibi \u0130spanya\u2019ya kaybederek g\u00fcm\u00fc\u015f madalya kazand\u0131. Ali Sofuo\u011flu, Emre Vefa G\u00f6kta\u015f ve Kutluhan Duran\u2019l\u0131 ekibimiz, 26.88 puan ald\u0131\u011f\u0131 finalde \u0130spanya\u2019n\u0131n 0.08 puan gerisinde kald\u0131 ve Avrupa ikincili\u011fi ile yetindi.<\/p>\n<p>54. Avrupa B\u00fcy\u00fckler Karate \u015eampiyonas\u0131\u2019nda \u00fc\u00e7 alt\u0131n, d\u00f6rt g\u00fcm\u00fc\u015f, d\u00f6rt bronz madalya kazanan T\u00fcrkiye, Guadalajara\u2019da en fazla madalya kazanan \u00fclke unvan\u0131n\u0131 ald\u0131. \u015eampiyonay\u0131 be\u015f alt\u0131n, bir bronz madalya ile tamamlayan ev sahibi \u0130spanya madalya s\u0131ralamas\u0131nda birinci oldu.<\/p>\n","protected":false},"excerpt":{"rendered":"<p>\u0130SPANYA\u2019NIN GUADALAJARA \u015eEHR\u0130NDE D\u00dcZENLENEN 54. AVRUPA B\u00dcY\u00dcKLER KARATE \u015eAMP\u0130YONASI\u2019NIN SON G\u00dcN\u00dcNDE ERKEK KUM\u0130TE M\u0130LL\u0130 TAKIMI F\u0130NALDE SIRB\u0130STAN\u2019I MA\u011eLUP EDEREK \u00dcST \u00dcSTE \u00dc\u00c7\u00dcNC\u00dc KEZ AVRUPA \u015eAMP\u0130YONU OLDU.<\/p>\n","protected":false},"author":1,"featured_media":0,"comment_status":"closed","ping_status":"open","sticky":false,"template":"","format":"standard","meta":{"jetpack_post_was_ever_published":false,"_jetpack_newsletter_access":"","_jetpack_dont_email_post_to_subs":false,"_jetpack_newsletter_tier_id":0,"_jetpack_memberships_contains_paywalled_content":false,"_jetpack_memberships_contains_paid_content":false,"footnotes":"","jetpack_publicize_message":"","jetpack_publicize_feature_enabled":true,"jetpack_social_post_already_shared":true,"jetpack_social_options":{"image_generator_settings":{"template":"highway","default_image_id":0,"font":"","enabled":false},"version":2}},"categories":[657],"tags":[392,4236,1497,429,77,2415,8655,2320,6111],"class_list":["post-120380","post","type-post","status-publish","format-standard","hentry","category-spor","tag-avrupa","tag-karateciler","tag-kez","tag-milli","tag-oldu","tag-sampiyonu","tag-ucuncu","tag-ust","tag-uste"],"jetpack_publicize_connections":[],"jetpack_featured_media_url":"","jetpack_sharing_enabled":true,"jetpack_shortlink":"https:\/\/wp.me\/paKIfm-vjC","_links":{"self":[{"href":"http:\/\/www.tvturk.com\/index.php\/wp-json\/wp\/v2\/posts\/120380","targetHints":{"allow":["GET"]}}],"collection":[{"href":"http:\/\/www.tvturk.com\/index.php\/wp-json\/wp\/v2\/posts"}],"about":[{"href":"http:\/\/www.tvturk.com\/index.php\/wp-json\/wp\/v2\/types\/post"}],"author":[{"embeddable":true,"href":"http:\/\/www.tvturk.com\/index.php\/wp-json\/wp\/v2\/users\/1"}],"replies":[{"embeddable":true,"href":"http:\/\/www.tvturk.com\/index.php\/wp-json\/wp\/v2\/comments?post=120380"}],"version-history":[{"count":1,"href":"http:\/\/www.tvturk.com\/index.php\/wp-json\/wp\/v2\/posts\/120380\/revisions"}],"predecessor-version":[{"id":120385,"href":"http:\/\/www.tvturk.com\/index.php\/wp-json\/wp\/v2\/posts\/120380\/revisions\/120385"}],"wp:attachment":[{"href":"http:\/\/www.tvturk.com\/index.php\/wp-json\/wp\/v2\/media?parent=120380"}],"wp:term":[{"taxonomy":"category","embeddable":true,"href":"http:\/\/www.tvturk.com\/index.php\/wp-json\/wp\/v2\/categories?post=120380"},{"taxonomy":"post_tag","embeddable":true,"href":"http:\/\/www.tvturk.com\/index.php\/wp-json\/wp\/v2\/tags?post=120380"}],"curies":[{"name":"wp","href":"https:\/\/api.w.org\/{rel}","templated":true}]}}