{"id":120500,"date":"2019-03-31T23:28:11","date_gmt":"2019-03-31T20:28:11","guid":{"rendered":"http:\/\/www.tvturk.com\/index.php\/savci-sayandan-ilk-aciklama-agriyi-dogunun-yildizi-yapacagim\/"},"modified":"2019-03-31T23:28:18","modified_gmt":"2019-03-31T20:28:18","slug":"savci-sayandan-ilk-aciklama-agriyi-dogunun-yildizi-yapacagim","status":"publish","type":"post","link":"http:\/\/www.tvturk.com\/index.php\/savci-sayandan-ilk-aciklama-agriyi-dogunun-yildizi-yapacagim\/","title":{"rendered":"Savc\u0131 Sayan\u2019dan ilk a\u00e7\u0131klama: A\u011fr\u0131\u2019y\u0131 do\u011funun y\u0131ld\u0131z\u0131 yapaca\u011f\u0131m\u2019\u2019"},"content":{"rendered":"<p>AK Parti A\u011fr\u0131 Belediye Ba\u015fkan Aday\u0131 Savc\u0131 Sayan, se\u00e7im galibiyetinin ard\u0131ndan yapt\u0131\u011f\u0131 ilk a\u00e7\u0131klamada, \u201cA\u011fr\u0131\u2019y\u0131 Do\u011fu\u2019nun y\u0131ld\u0131z\u0131 yapaca\u011f\u0131m\u201d dedi.<\/p>\n<p>A\u011fr\u0131\u2019da resmi olmayan se\u00e7im sonu\u00e7lar\u0131na g\u00f6re, Belediye Ba\u015fkanl\u0131\u011f\u0131n\u0131 kazanan AK Parti aday\u0131 Savc\u0131 Sayan, D\u00f6rtyol Kav\u015fa\u011f\u0131\u2019nda toplanan partililere hitap etti.  Co\u015fkuyla kar\u015f\u0131lanan Sayan, herkese minnettar oldu\u011funu s\u00f6yleyerek, se\u00e7imde kendisine destek veren vermeyen herkese te\u015fekk\u00fcr etti. Konu\u015fmas\u0131na T\u00fcrk\u00e7e ve K\u00fcrt\u00e7e te\u015fekk\u00fcrle ba\u015flayan Sayan, \u201cSiz beni ba\u015fkalar\u0131na ezdirmediniz ya, bu saatten sonra \u00f6lsem bile g\u00f6z\u00fcm arkada kalmayacak. Biliyorum ki A\u011fr\u0131 delikanl\u0131d\u0131r, A\u011fr\u0131 yi\u011fittir. A\u011fr\u0131 hak edene hakk\u0131n\u0131 verir. A\u011fr\u0131 y\u00fcce bir da\u011fd\u0131r. Bug\u00fcn A\u011fr\u0131\u2019n\u0131n kaderini de\u011fi\u015ftirdiniz. Tarihini de\u011fi\u015ftirdiniz. Art\u0131k yepyeni bir A\u011fr\u0131 ile kar\u015f\u0131 kar\u015f\u0131yay\u0131z. Siz esir d\u00fc\u015fen, ba\u015fkalar\u0131n\u0131n i\u015fgaline u\u011frayan, ba\u015fkalar\u0131n\u0131n eline d\u00fc\u015fen A\u011fr\u0131\u2019y\u0131 kurtard\u0131n\u0131z. Ben sizin karde\u015finizim, sizin evlad\u0131n\u0131z\u0131m, sizin hizmetk\u00e2r\u0131n\u0131z\u0131m.\u2019\u2019 dedi.<\/p>\n<p>Sayan, konu\u015fmas\u0131nda \u015fu ifadelere yer verdi:<\/p>\n<p>&#8220;A\u011fr\u0131 d\u00fc\u015fm\u00fc\u015f bir daha kalkamaz diyenlere b\u00fcy\u00fck bir ders verdiniz. Art\u0131k se\u00e7im bitti ve \u00e7ok \u00e7al\u0131\u015faca\u011f\u0131z. Sizler benim boynumu b\u00fckmediniz. Bu memleketin sahibi oldu\u011fumuzu g\u00f6sterdiniz. Hepinize ne kadar te\u015fekk\u00fcr etsem azd\u0131r. Her zaman sizin yan\u0131n\u0131zda olaca\u011f\u0131m. Siz emredeceksiniz ben yapaca\u011f\u0131m. \u00c7ok \u00e7al\u0131\u015faca\u011f\u0131z ve A\u011fr\u0131\u2019y\u0131 do\u011funun y\u0131ld\u0131z\u0131 yapaca\u011f\u0131z. Se\u00e7imde benle beraber gece g\u00fcnd\u00fcz \u00e7al\u0131\u015fan herkese \u00e7ok te\u015fekk\u00fcr ediyorum.\u2019\u2019<\/p>\n<p>Sayan, se\u00e7im \u00e7al\u0131\u015fmalar\u0131 boyunca kendisini yaln\u0131z b\u0131rakmayan partililere te\u015fekk\u00fcr etti. Sayan\u2019\u0131n konu\u015fmas\u0131 s\u0131k s\u0131k sloganlarla kesildi. D\u00f6rt Yol mevkiindeki kutlamalara AK Parti A\u011fr\u0131 Milletvekili Ekrem \u00c7elebi, \u0130l Ba\u015fkan\u0131 Abbas Ayd\u0131n, AK Parti Te\u015fkilat mensuplar\u0131 ve binlerce partili kat\u0131ld\u0131.<\/p>\n","protected":false},"excerpt":{"rendered":"<p>AK PART\u0130 A\u011eRI BELED\u0130YE BA\u015eKAN ADAYI SAVCI SAYAN, SE\u00c7\u0130M GAL\u0130B\u0130YET\u0130N\u0130N ARDINDAN A\u011eRILILARA H\u0130TAP ETT\u0130.<\/p>\n","protected":false},"author":1,"featured_media":0,"comment_status":"closed","ping_status":"open","sticky":false,"template":"","format":"standard","meta":{"jetpack_post_was_ever_published":false,"_jetpack_newsletter_access":"","_jetpack_dont_email_post_to_subs":false,"_jetpack_newsletter_tier_id":0,"_jetpack_memberships_contains_paywalled_content":false,"_jetpack_memberships_contains_paid_content":false,"footnotes":"","jetpack_publicize_message":"","jetpack_publicize_feature_enabled":true,"jetpack_social_post_already_shared":true,"jetpack_social_options":{"image_generator_settings":{"template":"highway","default_image_id":0,"font":"","enabled":false},"version":2}},"categories":[1],"tags":[12026,3349,28970,28971,37,28969,28972,8980],"class_list":["post-120500","post","type-post","status-publish","format-standard","hentry","category-genel","tag-savci","tag-aciklama","tag-agriyi","tag-dogunun","tag-ilk","tag-sayandan","tag-yapacagim","tag-yildizi"],"jetpack_publicize_connections":[],"jetpack_featured_media_url":"","jetpack_sharing_enabled":true,"jetpack_shortlink":"https:\/\/wp.me\/paKIfm-vly","_links":{"self":[{"href":"http:\/\/www.tvturk.com\/index.php\/wp-json\/wp\/v2\/posts\/120500","targetHints":{"allow":["GET"]}}],"collection":[{"href":"http:\/\/www.tvturk.com\/index.php\/wp-json\/wp\/v2\/posts"}],"about":[{"href":"http:\/\/www.tvturk.com\/index.php\/wp-json\/wp\/v2\/types\/post"}],"author":[{"embeddable":true,"href":"http:\/\/www.tvturk.com\/index.php\/wp-json\/wp\/v2\/users\/1"}],"replies":[{"embeddable":true,"href":"http:\/\/www.tvturk.com\/index.php\/wp-json\/wp\/v2\/comments?post=120500"}],"version-history":[{"count":1,"href":"http:\/\/www.tvturk.com\/index.php\/wp-json\/wp\/v2\/posts\/120500\/revisions"}],"predecessor-version":[{"id":120511,"href":"http:\/\/www.tvturk.com\/index.php\/wp-json\/wp\/v2\/posts\/120500\/revisions\/120511"}],"wp:attachment":[{"href":"http:\/\/www.tvturk.com\/index.php\/wp-json\/wp\/v2\/media?parent=120500"}],"wp:term":[{"taxonomy":"category","embeddable":true,"href":"http:\/\/www.tvturk.com\/index.php\/wp-json\/wp\/v2\/categories?post=120500"},{"taxonomy":"post_tag","embeddable":true,"href":"http:\/\/www.tvturk.com\/index.php\/wp-json\/wp\/v2\/tags?post=120500"}],"curies":[{"name":"wp","href":"https:\/\/api.w.org\/{rel}","templated":true}]}}