{"id":120720,"date":"2019-04-01T10:41:30","date_gmt":"2019-04-01T07:41:30","guid":{"rendered":"http:\/\/www.tvturk.com\/index.php\/ugurcan-cakir-her-zaman-1-numara-olmak-isterim\/"},"modified":"2019-04-01T10:41:30","modified_gmt":"2019-04-01T07:41:30","slug":"ugurcan-cakir-her-zaman-1-numara-olmak-isterim","status":"publish","type":"post","link":"http:\/\/www.tvturk.com\/index.php\/ugurcan-cakir-her-zaman-1-numara-olmak-isterim\/","title":{"rendered":"U\u011furcan \u00c7ak\u0131r: &#8220;Her zaman 1 numara olmak isterim&#8221;"},"content":{"rendered":"<p>Teknik Direkt\u00f6r \u015eenol G\u00fcne\u015f\u2019in ilk defa A Milli Tak\u0131m\u2019a davet etti\u011fi Trabzonspor\u2019un gen\u00e7 kalecisi U\u011furcan \u00c7ak\u0131r, \u201cHer seferinde 1 numaral\u0131 kaleci olmak i\u00e7in \u00e7aba harcar\u0131m. Her zaman da 1 numara olmak isterim\u201d dedi.<\/p>\n<p>Ligde g\u00f6sterdi\u011fi ba\u015far\u0131l\u0131 performans\u0131yla, A Milli Tak\u0131m\u2019a \u00e7a\u011fr\u0131lan Trabzonspor\u2019un 22 ya\u015f\u0131ndaki kalecisi U\u011furcan \u00c7ak\u0131r, TamSaha dergisine a\u00e7\u0131klamalarda bulundu. Milli tak\u0131ma se\u00e7ildi\u011fi i\u00e7in mutlu oldu\u011funu belirten U\u011furcan, \u201cKendime g\u00fcveniyorum. Buras\u0131 Milli Tak\u0131m, oynamayaca\u011f\u0131m\u0131 bilsem ve 100 kere \u00e7a\u011fr\u0131lsam da her seferinde g\u00f6z\u00fcm kapal\u0131 ko\u015fa ko\u015fa gelirim\u201d a\u00e7\u0131klamas\u0131n\u0131 yapt\u0131. Trabzon b\u00fcy\u00fck bir altyap\u0131 fabrikas\u0131ndan \u00e7\u0131k\u0131\u011f\u0131 i\u00e7in kendini \u00e7ok \u015fansl\u0131 hisseden \u00c7ak\u0131r, bordo-mavili tak\u0131m\u0131n\u0131 kaleci y\u00f6n\u00fcnden bir s\u0131k\u0131nt\u0131 ya\u015famayaca\u011f\u0131n\u0131 da belirtti.<\/p>\n<p>\u0130\u015fte soru-cevap \u015feklinde ger\u00e7ekle\u015fen r\u00f6portajda, gen\u00e7 file bek\u00e7inin a\u00e7\u0131klamalar\u0131 \u015fu \u015fekilde:<\/p>\n<p>Antalya do\u011fumlusun ama futbola ba\u015flad\u0131\u011f\u0131n kul\u00fcp \u00c7ekmek\u00f6yspor Yani bir kul\u00fcple ilk tan\u0131\u015fman 12 ya\u015f\u0131ndayken \u0130stanbul\u2019da ger\u00e7ekle\u015fmi\u015f. \u015eimdi ise Trabzonspor\u2019un kalesini koruyorsun ve A Milli Tak\u0131m\u0131m\u0131z\u0131n kadrosundas\u0131n. Hikayeni en ba\u015ftan dinlemek istiyoruz. Bize aileni, ka\u00e7 karde\u015f oldu\u011funuzu, annenin, baban\u0131n ne i\u015fle u\u011fra\u015ft\u0131\u011f\u0131n\u0131 anlat\u0131r m\u0131s\u0131n?<\/p>\n<p>5 Nisan 1996\u2019da Antalya\u2019da do\u011fdum. Annem Antalya Aksekili, babam Trabzon Yomral\u0131.  Babam Akdeniz \u00dcniversitesi\u2019nde okumak i\u00e7in Antalya\u2019ya geldi\u011finde tan\u0131\u015f\u0131p evlenmi\u015fler. 1992 do\u011fumlu bir abim ve 1999 do\u011fumlu bir karde\u015fim var. Abim Hali\u00e7 \u00dcniversitesi Spor Akademisi mezunu. Karde\u015fim Akdeniz \u00dcniversitesi\u2019nde \u0130n\u015faat M\u00fchendisli\u011fi okuyor. Abimin Antalya\u2019da amat\u00f6r k\u00fcmede futbol oynam\u0131\u015fl\u0131\u011f\u0131 var. Babam Antalya\u2019da m\u00fcteahhitlik yap\u0131yor.<\/p>\n<p>Ailen Antalya\u2019da, sen futbola \u0130stanbul\u2019da bir amat\u00f6r tak\u0131mda nas\u0131l ba\u015flad\u0131n?<\/p>\n<p>Ailem o d\u00f6nemde \u0130stanbul\u2019a ta\u015f\u0131nm\u0131\u015ft\u0131. Ailece \u00e7ok s\u0131k\u0131 Trabzonspor taraftar\u0131y\u0131z. Babam ve amcam Dudullu\u2019da Trabzonspor Futbol Okulu\u2019nu i\u015fletiyordu. Ben de 7 ya\u015f\u0131nda orada ba\u015flad\u0131m futbol oynamaya. Kaleci hari\u00e7 her mevkide oynuyordum. Sa\u011f bek, stoper, bazen santrfor<\/p>\n<p>Burada araya gireyim o zaman. Futbola hevesli \u00e7ocuklar\u0131n ilk tercihi genellikle kalecilik olmaz. Senin kalecilik ser\u00fcvenin nas\u0131l ba\u015flad\u0131?<\/p>\n<p>Babam Mustafa \u00c7ak\u0131r Trabzon\u2019da alt lig tak\u0131mlar\u0131nda profesyonel olarak futbol oynam\u0131\u015ft\u0131. Keza amcam \u015eahin \u00c7ak\u0131r da kaleciydi. Onlar\u0131n y\u00f6nlendirmesiyle kaleci d\u0131\u015f\u0131ndaki mevkilerde oynuyordum. 12 ya\u015f\u0131ndayken filiz lisans\u0131m\u0131n \u00e7\u0131kt\u0131\u011f\u0131 \u00c7ekmek\u00f6yspor\u2019a da santrfor olarak gittim. Bir y\u0131l santrfor oynad\u0131m. 13 ya\u015f\u0131nda da okul tak\u0131m\u0131nda oynamaya ba\u015flad\u0131m. Ancak tak\u0131mda kaleci yoktu. Ben de kalecili\u011fi seviyordum ve kaleye ge\u00e7tim. Orada ma\u00e7lar\u0131m\u0131z\u0131 izleyen Yamanspor\u2019un altyap\u0131 antren\u00f6rlerinden Nizam Hoca beni transfer etti ve kalecilik ser\u00fcvenim 13 ya\u015f\u0131ndan itibaren b\u00f6yle ba\u015flad\u0131. Alt ya\u015f kategorilerinde \u00e7ok fazla kaleci olmad\u0131\u011f\u0131 i\u00e7in sadece U13\u2019te de\u011fil, U14 ve U15\u2019te de kalecilik yap\u0131yordum.<\/p>\n<p>Trabzon\u2019a ilk olarak 2011 y\u0131l\u0131nda 1461 Trabzon i\u00e7in gidiyorsun. Bize bu transferin nas\u0131l ger\u00e7ekle\u015fti\u011finden, seni kimin, nerede ke\u015ffetti\u011finden bahseder misin?<\/p>\n<p>\u0130stanbul\u2019daki Trabzon Park\u2019ta bir hal\u0131 saha var. O hal\u0131 sahay\u0131 amcam i\u015fletiyor. Trabzon Futbol Okullar\u0131\u2019n\u0131n ba\u015f\u0131ndaki eski efsane oyunculardan H\u00fcseyin Tok da amcamla tan\u0131\u015f\u0131yor. Ben de o s\u0131rada Kartalspor\u2019un se\u00e7mesine gitmi\u015ftim. Se\u00e7meyi kazand\u0131m, Kartalspor\u2019a gidece\u011fim. Ama tam o s\u0131rada H\u00fcseyin Tok babam\u0131 ar\u0131yor ve &#8220;Bir de Trabzonspor\u2019a g\u00f6nderelim, orada baks\u0131nlar&#8221; diyor. Sevin\u00e7ten havalara u\u00e7tum tabii Trabzonspor hepimizin hayallerinin tak\u0131m\u0131&#8230; Altyap\u0131n\u0131n ba\u015f\u0131nda \u00d6zkan S\u00fcmer Hocam\u0131z vard\u0131. Kaleci departman\u0131ndan da Bilal \u00c7etinkaya Hocam\u0131z sorumluydu. Beni kabul ettiler ve U16\u2019da Trabzonspor ser\u00fcvenim ba\u015flad\u0131. Dedi\u011finiz gibi ilk sezonumda 1461\u2019in U16 tak\u0131m\u0131nda oynad\u0131m, iyi performans g\u00f6sterince de beni Trabzonspor\u2019a ald\u0131lar. U17\u2019de bir sezon Trabzonspor altyap\u0131s\u0131nda oynad\u0131ktan sonra da A tak\u0131m kadrosuna al\u0131nd\u0131m. Yani bir amat\u00f6r tak\u0131mdan Trabzonspor\u2019a y\u00fckseli\u015fim \u00e7ok h\u0131zl\u0131 bir \u015fekilde, iki y\u0131l i\u00e7inde geli\u015fti. \u015eu anda Trabzonspor\u2019daki 10 ma\u00e7l\u0131k performans\u0131mla da A Milli Tak\u0131m kadrosunday\u0131m. \u0130n\u015fallah bu \u00e7\u0131k\u0131\u015f\u0131m ayn\u0131 h\u0131zla devam eder.<\/p>\n<p>2012 y\u0131l\u0131nda Trabzonspor\u2019un oyuncusu oluyorsun ve altyap\u0131 e\u011fitimini de bu kul\u00fcpte tamaml\u0131yorsun. Bug\u00fcn o altyap\u0131dan \u00e7\u0131kan pek \u00e7ok oyuncuyla birlikte de A tak\u0131m formas\u0131n\u0131 giyiyorsun. Trabzonspor altyap\u0131s\u0131nda neler \u00f6\u011frendin?<\/p>\n<p>Kaleci antren\u00f6rl\u00fc\u011f\u00fc diye bir kavram\u0131n varl\u0131\u011f\u0131ndan habersizdim, kaleci antren\u00f6r\u00fcyle ilk defa orada kar\u015f\u0131la\u015ft\u0131m. Ba\u015flang\u0131\u00e7ta kaleci antrenmanlar\u0131 bana yabanc\u0131 ve tuhaf geldi. Olduk\u00e7a ge\u00e7 kalm\u0131\u015ft\u0131m. Ke\u015fke Trabzon\u2019a gitmeden \u0130stanbul\u2019da da kaleci antrenman\u0131 g\u00f6rseydim demi\u015ftim kendi kendime. Orada \u00e7ok kaliteli teknik adamlarla \u00e7al\u0131\u015ft\u0131m. Altyap\u0131 koordinat\u00f6r\u00fc Hamit Cihan Hocam\u0131n da kaleci koordinat\u00f6r\u00fc Bilal Hocam\u0131n da benim geli\u015fimimde \u00e7ok b\u00fcy\u00fck katk\u0131lar\u0131 var. Bizi hem profesyonellik a\u00e7\u0131s\u0131ndan hem de sosyal a\u00e7\u0131dan bilgili ve iyi bireyler yapmak i\u00e7in \u00e7ok gayret sarf ettiler.<\/p>\n<p>Peki, baba memleketin de olsa ailenden ayr\u0131l\u0131p Trabzon\u2019da yaln\u0131z ya\u015famak zor olmad\u0131 m\u0131 senin i\u00e7in?<\/p>\n<p>Trabzon\u2019da tesislerde kalmad\u0131m. Dedem ve babaannemin Trabzon merkezdeki evlerinde onlarla birlikte ya\u015fad\u0131m. Ama yine de anne babamdan, karde\u015flerimden ilk defa uzak kalmak bana \u00e7ok zor gelmi\u015fti. Hatta ilk sezonumun sonunda \u0130stanbul\u2019a geri d\u00f6nmeye \u00e7al\u0131\u015ft\u0131m. Orada ailemin yan\u0131nda bir tak\u0131mda oynamay\u0131 d\u00fc\u015f\u00fcn\u00fcyordum. Metin Diyadin Kas\u0131mpa\u015fa\u2019n\u0131n ba\u015f\u0131ndayd\u0131 ve ben de \u0130stanbul\u2019a gidip Kas\u0131mpa\u015fa\u2019yla idmanlara \u00e7\u0131kt\u0131m. Babam o s\u0131rada \u00d6zkan S\u00fcmer Hocamla konu\u015fup, &#8220;Bizden ayr\u0131 kalmaya dayanam\u0131yor&#8221; diyerek izin istemi\u015fti. \u00d6zkan Hoca da ona, &#8220;Merak etme, bir-iki ay tatil yaps\u0131n, buray\u0131 \u00f6zler ve geri d\u00f6ner&#8221; cevab\u0131n\u0131 vermi\u015fti. Ger\u00e7ekten de \u00f6yle oldu. Bir-iki ay sonra Trabzon\u2019a d\u00f6nd\u00fcm. \u0130yi ki de d\u00f6nm\u00fc\u015f\u00fcm (g\u00fcl\u00fcyor).<\/p>\n<p>Trabzonspor\u2019da son d\u00f6nemde yeniden seri \u00fcretime ge\u00e7en altyap\u0131 sistemini bize nas\u0131l anlat\u0131rs\u0131n? Altyap\u0131dan gelen gen\u00e7 oyuncular\u0131n kadroda yer bulmas\u0131n\u0131 tek ba\u015f\u0131na ekonomik zorluklarla a\u00e7\u0131klayamay\u0131z herhalde. Sonu\u00e7ta sen Esteban\u2019\u0131n \u00f6n\u00fcne ge\u00e7ip kaleyi ald\u0131n. Ya da H\u00fcseyin T\u00fcrkmen, stoperde Toure-Hosseini ikilisi varken birisini kul\u00fcbeye g\u00f6nderip oynayabiliyor.<\/p>\n<p>Trabzonspor altyap\u0131s\u0131na ilk gitti\u011fimde &#8220;Ben nereye geldim b\u00f6yle? \u0130stanbul\u2019da futbol oynanm\u0131yormu\u015f&#8221; demi\u015ftim. Herkes mi \u00e7ok yetenekli olur? Hele Trabzon do\u011fumlu oyuncular\u0131n tamam\u0131 \u00e7ok \u00f6zel yeteneklere sahipti. \u015eehir efsanesi gibi g\u00f6r\u00fcn\u00fcyor ama Trabzon b\u00fcy\u00fck bir altyap\u0131 fabrikas\u0131. Ben de o fabrikada yeti\u015fti\u011fim i\u00e7in kendimi \u00e7ok \u015fansl\u0131 addediyorum.<\/p>\n<p>Birlikte forma giydi\u011fin Yusuf Yaz\u0131c\u0131, Abd\u00fclkadir \u00d6m\u00fcr, Abd\u00fclkadir Parmak, H\u00fcseyin T\u00fcrkmen senin gibi A tak\u0131m\u0131n banko par\u00e7alar\u0131 haline geldi. Onlar\u0131 k\u0131sa k\u0131sa nas\u0131l tan\u0131mlars\u0131n?<\/p>\n<p>Yusuf Yaz\u0131c\u0131 ger\u00e7ekten \u00e7ok profesyonel, \u00e7ok sosyal ve kendini geli\u015ftirmek i\u00e7in \u00e7ok \u00f6nemli m\u00fccadeleler veren bir karde\u015fim. A tak\u0131ma ondan \u00f6nce \u00e7\u0131kt\u0131m ama kendisini altyap\u0131dan gayet iyi tan\u0131yorum. Ben U17\u2019de, o U16\u2019da oynarken iki tak\u0131m beraber deplasmanlara giderdik. Ya da A tak\u0131m idmanlar\u0131na birlikte \u00e7a\u011f\u0131r\u0131l\u0131rd\u0131k. Kendisini o d\u00f6nemlerden bu yana yak\u0131ndan tan\u0131yorum. \u00c7ok efendi, kendisini \u00e7ok geli\u015ftirmek isteyen bir karde\u015fimiz. Zaten saha i\u00e7indeki ba\u015far\u0131s\u0131 da ortada.<\/p>\n<p>Abd\u00fclkadir \u00d6m\u00fcr\u2019\u00fcn \u00e7ok saf bir yetene\u011fi var. M\u00fckemmel karakterli bir oyuncu. Onun idmanlarda yapt\u0131klar\u0131n\u0131 bile hayretler i\u00e7inde izliyorum. Yusuf\u2019la birlikte Milli Tak\u0131m\u2019a geldi\u011fim i\u00e7in \u00e7ok mutluyum; in\u015fallah Abd\u00fclkadir ve Trabzonspor\u2019dan ba\u015fka arkada\u015flar\u0131n da k\u0131sa s\u00fcrede burada olaca\u011f\u0131na kalpten inan\u0131yorum.<\/p>\n<p>Abd\u00fclkadir Parmak\u2019\u0131 1461 Trabzon\u2019a kiraland\u0131\u011f\u0131m d\u00f6nemde iyi tan\u0131d\u0131m. O d\u00f6nemde kaptanl\u0131\u011f\u0131m\u0131 yap\u0131yordu. M\u00fcthi\u015f m\u00fccadele eden, \u00e7ok h\u0131rsl\u0131 bir oyuncudur. Tam bir Trabzonludur. Formas\u0131 i\u00e7in sonuna kadar sava\u015f\u0131r. Alt\u0131nordu ve Adana Demirspor\u2019da oynad\u0131\u011f\u0131 d\u00f6nemlerde de kendisini geli\u015ftirdi.<\/p>\n<p>H\u00fcseyin T\u00fcrkmen ge\u00e7ti\u011fimiz sezon A tak\u0131ma \u00e7\u0131km\u0131\u015ft\u0131. \u0130lk geldi\u011finde fiziksel olarak biraz zay\u0131ft\u0131. Ama m\u00fcthi\u015f \u00e7al\u0131\u015ft\u0131, m\u00fcthi\u015f efor sarf etti. Kendini \u00e7ok geli\u015ftirdi\u011fini d\u00fc\u015f\u00fcn\u00fcyorum. En \u00f6nemli \u00f6zellikleri s\u00fcrati, \u00e7abuklu\u011fu ve topu oyuna \u00e7ok iyi sokmas\u0131. Ayaklar\u0131 \u00e7ok temiz. O konuda beni \u00e7ok rahatlat\u0131yor. \u00d6n\u00fcmdeki oyuncunun topu kaybetmeyece\u011fini bilmenin rahatl\u0131\u011f\u0131n\u0131 hissediyorum. 1998 do\u011fumlu, \u00e7ok gen\u00e7 bir oyuncu. \u00c7ok daha iyi yerlere gelece\u011fine inan\u0131yorum.<\/p>\n<p>Bir de Arda Akbulut var. Hen\u00fcz 18 ya\u015f\u0131nda. Sen sakatken kaleyi o korudu ve hi\u00e7 de s\u0131r\u0131tmad\u0131&#8230;<\/p>\n<p>Arda \u00e7ok gen\u00e7, \u00e7ok yetenekli ve sosyal y\u00f6n\u00fc \u00e7ok g\u00fc\u00e7l\u00fc bir arkada\u015f\u0131m\u0131z. \u00c7ok \u00e7al\u0131\u015f\u0131rsa o da Trabzonsporumuza uzun y\u0131llar hizmet verecektir. 16 ya\u015f\u0131ndan beri A tak\u0131mda ve uzun zamand\u0131r birlikteyiz. Kalecilikte usta-\u00e7\u0131rak ili\u015fkisi vard\u0131r. Ben de abilerimden g\u00f6r\u00fcp \u00f6\u011frendiklerimi Arda\u2019ya, Muzaffer\u2019e ve Kaan\u2019a aktarmaya \u00e7al\u0131\u015f\u0131yorum. Trabzonspor\u2019da kaleciden yana bir s\u0131k\u0131nt\u0131 olaca\u011f\u0131n\u0131 d\u00fc\u015f\u00fcnm\u00fcyorum.<\/p>\n<p>Bir de herkesin hayranl\u0131kla izledi\u011fi Nwakaeme\u2019yi soray\u0131m<\/p>\n<p>Nwakaeme her \u015feyden \u00f6nce \u00e7ok iyi bir insan. Oyuncu olarak da ne kadar yetenekli oldu\u011funu herkes g\u00f6r\u00fcyor. Bu yetene\u011fini ilk \u00e7\u0131kt\u0131\u011f\u0131 idmanda da fark etmi\u015ftim. Onunla be\u015fe ikiye girmi\u015ftim ve tek bir top bile kaybetmemi\u015fti. \u00c7ok garip bir oyuncu. M\u00fcthi\u015f kuvvetli ve sorumluluk almaktan hi\u00e7 ka\u00e7\u0131nm\u0131yor.<\/p>\n<p>Futbola ba\u015flad\u0131\u011f\u0131n d\u00f6nemde idollerin kimlerdi?<\/p>\n<p>Kendimi bildim bileli \u00e7ok s\u0131k\u0131 bir Trabzonsporluyum. Kendime de Tolga Zengin ve Onur K\u0131vrak abileri \u00f6rnek ald\u0131m. Onlar\u0131n ba\u015far\u0131lar\u0131n\u0131 ve neler yapt\u0131klar\u0131n\u0131 takip ettim. Trabzonspor kamp i\u00e7in Antalya\u2019ya geldi\u011finde ben de gidip Tolga ve Onur abileri izlerdim. Tolga abinin beni en \u00e7ok etkileyen yan\u0131 kaleci tekni\u011fiydi. Beraber \u00e7al\u0131\u015ft\u0131\u011f\u0131m Onur abiden ise birebir pozisyonlarda neler yapmam gerekti\u011fini \u00f6\u011frendim. Hakan Ar\u0131kan abi de \u00e7ok yetenekli bir kaleci. Yetene\u011fini tecr\u00fcbesiyle birle\u015ftiriyordu. \u00c7ok da profesyonel bir insand\u0131. Ondan da hem sosyal anlamda hem de profesyonellik ad\u0131na \u00e7ok \u015fey \u00f6\u011frendim. Hakan abi beni geli\u015ftirmek i\u00e7in \u00e7aba harcayan birisiydi. Bazen bana k\u0131zar, ba\u011f\u0131r\u0131rd\u0131 ama bunu benim iyili\u011fim i\u00e7in yapard\u0131. Ama asla hakaret etmez, sadece uyar\u0131rd\u0131. \u015eimdi benim de arkamda gen\u00e7 kaleciler var ve Hakan abiyi daha iyi anl\u0131yorum. Gen\u00e7 kaleci arkada\u015flar\u0131ma, &#8220;Bana k\u0131zmay\u0131n. Bu yoldan ge\u00e7tim ve abilerimden \u00f6\u011frendiklerimi ben de size \u00f6\u011fretmeye \u00e7al\u0131\u015f\u0131yorum&#8221; diyorum.<\/p>\n<p>Kalecilik \u00e7izgide topu tutmaktan ceza sahas\u0131 hakimiyetine, oradan elle \u00e7abuk oyun kurmaya ve nihayet ayaklar\u0131n\u0131 kullanarak bir libero gibi atak ba\u015flatmaya kadar geldi. Bir yandan da bu yeni g\u00f6revleri g\u00f6z ard\u0131 etmeyen ama &#8220;Kalecinin asli g\u00f6revi topu tutmakt\u0131r&#8221; diyen bir g\u00f6r\u00fc\u015f var. Sen bu anlamda kendini nerede g\u00f6r\u00fcyorsun?<\/p>\n<p>Ayaklar\u0131 kullanabilme meselesinden ba\u015flarsak, sa\u011f ayakl\u0131y\u0131m ama sol aya\u011f\u0131m\u0131 geli\u015ftirmem gerekti\u011fini biliyorum. Bunun i\u00e7in de \u00e7ok \u00e7al\u0131\u015f\u0131yorum. Ama kolay bir i\u015f de\u011fil. \u00d6ncelikle g\u00fcven kazanmam gerekiyor. Geli\u015fen futbolda ayaklar\u0131 kullanmak ger\u00e7ekten de \u00e7ok \u00f6nemli ve kaleci i\u00e7in ciddi bir fark olu\u015fturuyor. Fakat &#8220;Kalecinin asli g\u00f6revi topu tutmakt\u0131r&#8221; g\u00f6r\u00fc\u015f\u00fcne de sonuna kadar kat\u0131l\u0131yorum. \u00d6ncelik bu olmal\u0131, di\u011fer \u00f6zelliklerle de kaleci kendisini geli\u015ftirmeli. \u00c7al\u0131\u015fma konusunda vicdan\u0131m \u00e7ok rahat. Gen\u00e7 bir futbolcuyum ve geli\u015fime a\u00e7\u0131\u011f\u0131m. \u0130dman\u0131n ma\u00e7la ayn\u0131 oldu\u011funu d\u00fc\u015f\u00fcn\u00fcyorum ve bunun i\u00e7in de tak\u0131mla idmanlar\u0131n \u00f6ncesinde veya sonras\u0131nda mutlaka \u00f6zel antrenmanlar yap\u0131yorum. Trabzonspor\u2019un birinci kalecisi olmak ve Milli Tak\u0131m\u2019a gelmek bana yetmiyor. Hep daha da iyisini yapabilirim diyerek kendimi geli\u015ftirmeye \u00e7al\u0131\u015f\u0131yorum.<\/p>\n<p>\u015eimdi Milli Tak\u0131m\u2019da teknik direkt\u00f6rl\u00fc\u011f\u00fcn\u00fc yapan \u015eenol G\u00fcne\u015f Hoca, Trabzonspor\u2019un kalesini korurken \u00fclkemizin 1 numaral\u0131 file bek\u00e7isiydi. Gol yememe rekorunun da sahibidir hala Ama \u015eenol Hoca \u00f6yle bir direkten di\u011ferine u\u00e7an kalecilerden de\u011fildi. O kaledeyken top sanki \u00fczerine gelirdi. \u00c7\u00fcnk\u00fc duraca\u011f\u0131 yeri iyi belirlerdi. Son Erzurum BB ma\u00e7\u0131nda seni izlerken de \u00f6yle bir izlenime kap\u0131ld\u0131m.<\/p>\n<p>Kalecilikte zeki olman\u0131z gerekiyor. \u015eenol Hocan\u0131n eski ma\u00e7lar\u0131n\u0131 izliyorum veya b\u00fcy\u00fcklerimin onunla ilgili anlatt\u0131klar\u0131n\u0131 dinliyorum; \u00e7ok zeki bir kaleci oldu\u011funu anl\u0131yorum. Ben de kalede zeki davranmak gerekti\u011fini d\u00fc\u015f\u00fcn\u00fcyorum. Daha do\u011frusu sezgilerimi geli\u015ftirmeye \u00e7al\u0131\u015f\u0131yorum. Araya at\u0131lan toplar\u0131n veya herhangi bir topun nereye gelebilece\u011fini sezmek, atak s\u0131ras\u0131nda rakip oyuncunun ne yapaca\u011f\u0131n\u0131 \u00f6nceden kestirebilmek bir kaleci i\u00e7in \u00e7ok \u00f6nemli. Ben de oynaya oynaya tecr\u00fcbe ve \u00f6zg\u00fcven kazanarak, farkl\u0131 oyuncularla oynayarak bu y\u00f6n\u00fcm\u00fc geli\u015ftirmeye \u00e7al\u0131\u015f\u0131yorum. \u015eimdi Milli Tak\u0131m kamp\u0131na geldim ve \u00e7ok kaliteli oyuncularla birlikteyim. Onlardan da yeni \u015feyler \u00f6\u011frenip kendime kataca\u011f\u0131m ve daha iyi bir kaleci olabilmek i\u00e7in elimden geleni yapaca\u011f\u0131m.<\/p>\n<p>Dedi\u011fin gibi, oyunculuk veya kalecilik iyi \u00f6rnekleri izleyerek de geli\u015ftirilebilir. Senin bu g\u00f6zle takip etti\u011fin kaleciler kimler?<\/p>\n<p>Futboldaki en \u00f6nemli \u015feylerden biri, her hocadan her futbolcudan hatta bir s\u00fcr\u00fc birikmi\u015fi olan mas\u00f6rden, malzemeciden bir \u015feyler \u00f6\u011frenmek. Yurt d\u0131\u015f\u0131ndaki kalecileri de b\u00fcy\u00fck bir dikkatle izliyorum ve De Gea\u2019y\u0131 \u00e7ok be\u011feniyorum. Stili \u00e7ok iyi. Bir de Jan Oblak var. \u00c7ok komple bir kaleci. G\u00f6steri\u015fsiz oynuyor. Ben de o g\u00f6steri\u015fsiz oyun sebebiyle kendimi Oblak\u2019a benzetiyorum. Kaleci topu tutacak ama g\u00f6steri\u015f yapmas\u0131na da gerek yok. Oblak gibi sade ve temiz oynamay\u0131 seviyorum. De Gea\u2019n\u0131n ise farkl\u0131 \u00f6zellikleri var. Refleksleri \u00e7ok iyi, \u00e7izgide \u00e7ok ba\u015far\u0131l\u0131 bir kaleci. Bense \u00e7izgide duran de\u011fil, yan topa \u00e7\u0131kan ve oyunu y\u00f6neten kaleci olmay\u0131 seviyorum.<\/p>\n<p>E\u011fitimini nereye kadar g\u00f6t\u00fcrd\u00fcn bu arada?<\/p>\n<p>Liseyi bitirdim, Trabzon\u2019daki Avrasya \u00dcniversitesi\u2019nde Spor Akademisi\u2019nde okuyorum. \u0130kinci s\u0131n\u0131ftay\u0131m. Okula fazla devam edemiyorum ama s\u0131navlar\u0131 ka\u00e7\u0131rmamaya \u00e7al\u0131\u015f\u0131yorum.<\/p>\n<p>Bu sezonun ba\u015f\u0131nda Trabzonspor\u2019da \u00fc\u00e7\u00fcnc\u00fc kaleci konumundayd\u0131n. \u015eimdi birinci kalecisin ve Milli Tak\u0131m kamp\u0131ndas\u0131n. Sezon ba\u015f\u0131nda bug\u00fcnleri hayal ediyor muydun?<\/p>\n<p>Sezon ba\u015f\u0131nda \u00fc\u00e7\u00fcnc\u00fc kaleci gibi olsam da kaleci antren\u00f6r\u00fcm\u00fcz Metin Akta\u015f, yapt\u0131\u011f\u0131 konu\u015fmalarda bana her zaman g\u00fcven veriyordu. Zaten bir s\u00fcre sonra da ma\u00e7 kadrolar\u0131nda ikinci kaleci olarak ben yer almaya ba\u015flam\u0131\u015ft\u0131m. Sezon ba\u015f\u0131nda iyi bir kamp ge\u00e7irmi\u015f, haz\u0131rl\u0131k ma\u00e7lar\u0131ndaki performans\u0131mla da hocalar\u0131m\u0131 memnun etmi\u015ftim. Elbette bug\u00fcn\u00fc hayal ediyordum ama bu kadar k\u0131sa s\u00fcrede ger\u00e7ekle\u015fece\u011fini tahmin etmemi\u015ftim. Tabii bu s\u00f6zlerimden ikinci kalecili\u011fe raz\u0131 oldu\u011fum anlam\u0131 da \u00e7\u0131kmas\u0131n. Onur abi oldu\u011funda da ikinci kaleci olarak kalmay\u0131 hi\u00e7 d\u00fc\u015f\u00fcnmedim. Ben her zaman \u00e7ok \u00e7al\u0131\u015facak ve birinci kaleci olmay\u0131 zorlayacakt\u0131m. Kupada m\u0131 \u015fans geliyor, kupada en iyisi yapacak ve birinci kalecili\u011fi zorlayacakt\u0131m. \u015eimdi A Milli Tak\u0131m\u2019a ilk defa se\u00e7ildim; burada ikinci, \u00fc\u00e7\u00fcnc\u00fc, d\u00f6rd\u00fcnc\u00fc kaleci olmaya niyetim yok. Kendime g\u00fcveniyorum. Buras\u0131 Milli Tak\u0131m, oynamayaca\u011f\u0131m\u0131 bilsem ve 100 kere \u00e7a\u011fr\u0131lsam da her seferinde g\u00f6z\u00fcm kapal\u0131 ko\u015fa ko\u015fa gelirim ama her seferinde 1 numaral\u0131 kaleci olmak i\u00e7in \u00e7aba harcar\u0131m. Her zaman 1 numara olmak isterim.<\/p>\n<p>S\u00fcper Lig\u2019de oynad\u0131\u011f\u0131n ilk ma\u00e7\u0131 hat\u0131rl\u0131yor musun?<\/p>\n<p>Alanyaspor ma\u00e7\u0131yd\u0131. 3-1 \u00f6ndeydik. Esteban sakatlan\u0131p \u00e7\u0131kt\u0131ktan sonra oyuna girmi\u015ftim. O ma\u00e7\u0131 4-3 kaybetmi\u015ftik. \u0130ki gol\u00fc penalt\u0131dan, birini de kafa vuru\u015fundan yemi\u015ftim. Asl\u0131nda haz\u0131rd\u0131m ama benim a\u00e7\u0131mdan \u00e7ok \u015fanss\u0131z bir ma\u00e7t\u0131. Elime hi\u00e7 top de\u011fmeden penalt\u0131dan iki gol yedim. Kendime inand\u0131\u011f\u0131m i\u00e7in o ma\u00e7 benim i\u00e7in \u00f6l\u00e7\u00fc de\u011fildi. Ama yine de taraftar\u0131n ve belki hocalar\u0131n g\u00f6z\u00fcnde size duyulan g\u00fcven biraz azal\u0131yor. \u00c7\u00fcnk\u00fc 3-1 \u00f6nde oldu\u011funuz ma\u00e7, siz oyuna girdikten sonra 4-3 kaybediliyor.<\/p>\n<p>Ama \u00f6yle olmad\u0131 ve sana olan g\u00fcven pek de sars\u0131lmad\u0131.<\/p>\n<p>Evet, \u00e7\u00fcnk\u00fc 18 ya\u015f\u0131ndayken \u015eota Arveladze d\u00f6neminde UEFA Avrupa Ligi \u00f6n elemesinde bir Rabotnicki ma\u00e7\u0131 oynam\u0131\u015f ve iyi bir performans sergilemi\u015ftim. Ondan sonra da baz\u0131 kupa ma\u00e7lar\u0131nda g\u00f6rev alm\u0131\u015ft\u0131m. Asl\u0131nda Trabzonspor\u2019da bug\u00fcnk\u00fc yerimi o Rabotnicki ma\u00e7\u0131na bor\u00e7lu oldu\u011fumu d\u00fc\u015f\u00fcn\u00fcyorum. Ondan sonra her sezon ba\u015f\u0131ndaki kamp listesine ismimin yaz\u0131lmas\u0131nda Rabotnicki ma\u00e7\u0131n\u0131n b\u00fcy\u00fck pay\u0131 var.<\/p>\n<p>Peki, \u00f6yle bir ma\u00e7ta oynayaca\u011f\u0131n\u0131 biliyor muydun? Buna haz\u0131rl\u0131kl\u0131 m\u0131yd\u0131n?<\/p>\n<p>O sezonun ba\u015f\u0131nda d\u00f6rd\u00fcnc\u00fc kaleciydim. Ama kul\u00fcpte baz\u0131 olaylar ya\u015fand\u0131 ve Onur abi kadro d\u0131\u015f\u0131 kald\u0131. Hakan Ar\u0131kan abi de s\u00f6zle\u015fme imzalayamad\u0131 ve kul\u00fcpten ayr\u0131ld\u0131. 1995\u2019li \u0130brahim Demir \u00fc\u00e7\u00fcnc\u00fc kaleciydi. Ama \u015eota Hoca ve sportif direkt\u00f6r\u00fcm\u00fcz S\u00fcleyman Hurma, haz\u0131rl\u0131k ma\u00e7lar\u0131ndaki performans\u0131m\u0131 g\u00f6z \u00f6n\u00fcnde tutarak beni tercih etti. Ma\u00e7a \u00e7\u0131kmadan \u00f6nce b\u00fcy\u00fck bir heyecan ya\u015fam\u0131\u015f, tak\u0131mdaki b\u00fct\u00fcn abilerimle tek tek konu\u015fup atmosfer hakk\u0131nda bilgi edinmeye \u00e7al\u0131\u015fm\u0131\u015ft\u0131m. 1-0 kaybettik ama iyi oynad\u0131m ve iyi bir izlenim b\u0131rakt\u0131m. Benim i\u00e7in kariyerimin d\u00f6n\u00fcm noktas\u0131 o ma\u00e7 oldu. \u0130smimin Trabzonspor\u2019la her zaman an\u0131lmas\u0131 o ma\u00e7la ba\u015flad\u0131. Sonras\u0131nda gelen hocalar\u0131m\u0131z da &#8220;Bu \u00e7ocuk olabilir&#8221; d\u00fc\u015f\u00fcncesiyle beni kamp kadrolar\u0131na ekledi.<\/p>\n<p>\u00dcnal Karaman Hoca gen\u00e7 oyunculara cesaretle g\u00f6rev verdi ve vermeye de devam ediyor. Hocan\u0131n sizinle nas\u0131l bir ili\u015fkisi var? Sizlerden beklentileri neler ve bu konuda size neler anlat\u0131yor?<\/p>\n<p>\u00dcnal Hoca \u00e7ok iyi bir antren\u00f6r ve duygular\u0131n\u0131 sahaya da oyuncusuna da b\u00fcy\u00fck bir samimiyetle yans\u0131tabiliyor. Hatta Ekuban\u2019\u0131n, &#8220;Hocan\u0131n tutkusunu anlayabiliyorum&#8221; diye bir a\u00e7\u0131klamas\u0131 var. T\u00fcrk\u00e7e bilmeyen yabanc\u0131 bir oyuncu hocay\u0131 anlayabiliyorsa, biz kalpten hissedebiliyoruz. Bir de biz Trabzonsporluyuz. Hocam\u0131z da t\u0131pk\u0131 bizim gibi g\u00f6n\u00fclden Trabzonsporlu. Onunla ayn\u0131 duygular\u0131 payla\u015f\u0131yoruz. Konu\u015ftu\u011fum b\u00fct\u00fcn arkada\u015flar\u0131m da ayn\u0131 \u015feyleri s\u00f6yl\u00fcyor. Sezon ba\u015f\u0131nda \u00fc\u00e7\u00fcnc\u00fc kaleci konumundayken bana ne kadar g\u00fcvendi\u011fini s\u00f6ylemi\u015f ve &#8220;Seni bir g\u00fcn A Milli Tak\u0131m\u2019a g\u00f6nderece\u011fiz&#8221; demi\u015fti. Bu sezon ilk defa Fenerbah\u00e7e ma\u00e7\u0131nda ilk on birde ba\u015flad\u0131m. O g\u00fcveni al\u0131nca zaten k\u00f6t\u00fc oynama \u015fans\u0131n\u0131z olmuyor. O sayede A Milli Tak\u0131m\u2019a kadar y\u00fckseldim. \u00dcnal Hocam\u0131n samimiyetine \u00e7ok inan\u0131yorum. Bize de\u011fer veren birilerinin oldu\u011funu g\u00f6rmek ayr\u0131ca mutlu ediyor.<\/p>\n<p>Trabzon\u2019da altyap\u0131dan yeti\u015fen gen\u00e7 oyuncu olmak bir yandan avantaj bir yandan da beraberinde farkl\u0131 problemler getirebiliyor. Senin bu anlamda taraftarla ili\u015fkilerin nas\u0131l? Soka\u011fa \u00e7\u0131kt\u0131\u011f\u0131nda ne gibi geri d\u00f6n\u00fc\u015fler al\u0131yorsun?<\/p>\n<p>Sokakta gezmeyi seven bir insan\u0131m. \u00d6yle \u00f6\u011frendim, \u00f6yle b\u00fcy\u00fcd\u00fcm. \u0130yi bir Trabzonsporlu olarak ayn\u0131 zamanda taraftarlardan da birisiyim ve onlarla bir arada ya\u015f\u0131yorum. G\u00fczel de tepkiler al\u0131yorum.  Taraftar oldu\u011fum i\u00e7in onlar\u0131n neler hissetti\u011fini de gayet iyi anl\u0131yorum. Mesela ge\u00e7en ma\u00e7lardan birinde Yusuf karde\u015fimiz bir \u0131sl\u0131klanma olay\u0131 ya\u015fad\u0131. Ama biz bunlara al\u0131\u015fk\u0131n ve haz\u0131rl\u0131kl\u0131y\u0131z. Bizden beklentilerin ne oldu\u011funu biliyoruz. Taraftarlar\u0131n bu \u0131sl\u0131klar\u0131n\u0131 bir ikaz gibi al\u0131yor ve bizi daha iyiye y\u00f6nlendiremeye d\u00f6n\u00fck oldu\u011funu d\u00fc\u015f\u00fcn\u00fcyoruz. Al\u0131nmak, g\u00fccenmek yok \u00e7\u00fcnk\u00fc biz de onlardan birisiyiz.<\/p>\n<p>Kariyer planlamanda neler var?<\/p>\n<p>Kariyer planlamam\u0131 g\u00fcne g\u00f6re yap\u0131yorum. \u00c7\u00fcnk\u00fc buralara \u00e7ok h\u0131zl\u0131 geldim. \u00c7ok \u015f\u00fck\u00fcr \u015fu anda Trabzonspor\u2019da ve Milli Tak\u0131m\u2019day\u0131m. Trabzonspor\u2019da kendimi daha \u00e7ok geli\u015ftirmek, formay\u0131 kapt\u0131rmamak en \u00f6nemli \u00f6nceli\u011fim. Milli Tak\u0131m\u2019a da devaml\u0131 gelmek ve burada birinci kaleci olmak istiyorum. Y\u0131llar neler g\u00f6sterir bilmiyorum ama her futbolcunun hayali bir g\u00fcn Avrupa\u2019da futbol oynamakt\u0131r. Ben de in\u015fallah Trabzonspor\u2019da b\u00fcy\u00fck ba\u015far\u0131lar yakalay\u0131p Avrupa\u2019ya gitmek isterim Olmazsa da her daim Trabzonspor\u2019un ve Milli Tak\u0131m\u2019\u0131n birinci kalecisi olmak i\u00e7in kendimi geli\u015ftirmeye devam ederim.<\/p>\n<p>Senin giydi\u011fin Trabzonspor kaleci kaza\u011f\u0131n\u0131 tarihin en parlak d\u00f6nemlerinde s\u0131rt\u0131nda ta\u015f\u0131yan \u015eenol G\u00fcne\u015f, \u015fimdi Milli Tak\u0131m\u2019da teknik direkt\u00f6rl\u00fc\u011f\u00fcn\u00fc yap\u0131yor. \u015eenol Hocayla \u00e7al\u0131\u015fmak sana neler d\u00fc\u015f\u00fcnd\u00fcr\u00fcyor?<\/p>\n<p>Milli Tak\u0131m\u2019a se\u00e7ildi\u011fim i\u00e7in ya\u015fad\u0131\u011f\u0131m mutlulu\u011fu, \u015eenol G\u00fcne\u015f gibi bir Trabzonspor efsanesiyle \u00e7al\u0131\u015facak olmak ikiye katl\u0131yor. \u00dcstelik hocam\u0131z da benim gibi kaleciydi. Onunla \u00e7al\u0131\u015f\u0131yor olmak bana b\u00fcy\u00fck bir mutluluk ve daha da \u00f6nemlisi gurur veriyor. Onu yak\u0131ndan tan\u0131may\u0131 k\u00fc\u00e7\u00fckl\u00fc\u011f\u00fcmden beri \u00e7ok isterdim. \u00c7ok \u015f\u00fck\u00fcr nasip oldu. \u0130n\u015fallah onun gibi Trabzonspor ve Milli Tak\u0131m\u0131m\u0131za uzun y\u0131llar hizmet edebilirim.<\/p>\n<p>Milli Tak\u0131m\u0131m\u0131z\u0131n EURO 2020 eleme grubundaki \u015fans\u0131n\u0131 nas\u0131l de\u011ferlendiriyorsun?<\/p>\n<p>D\u00fcnya \u015fampiyonu Fransa ile ayn\u0131 grupta yer alsak da gruptan iki tak\u0131m\u0131n \u00e7\u0131kacak olmas\u0131 iddiam\u0131z\u0131 art\u0131r\u0131yor. Ben \u0130zlanda ve Arnavutluk\u2019u arkam\u0131zda b\u0131rakarak Fransa ile birlikte finallere gidece\u011fimize inan\u0131yorum. Fransa ile oynayaca\u011f\u0131m\u0131z ma\u00e7lar\u0131n sonu\u00e7lar\u0131 da kimin grubu birinci s\u0131rada tamamlayaca\u011f\u0131n\u0131 belirleyecek.<\/p>\n<p>\u00d6zel hayat\u0131nda neler var? Trabzon\u2019da nas\u0131l bir hayat s\u00fcr\u00fcyorsun?<\/p>\n<p>Ni\u015fanl\u0131y\u0131m. Ni\u015fanl\u0131m aslen G\u00fcm\u00fc\u015fhaneli ama \u0130svi\u00e7re\u2019de ya\u015f\u0131yor. Trabzon\u2019da taraftarlar\u0131n i\u00e7inde olmay\u0131 seviyorum. Altyap\u0131dan gelen arkada\u015flar\u0131m\u0131n d\u0131\u015f\u0131nda Kamil Ahmet abiyle de g\u00fczel bir dostlu\u011fum var. \u0130zin g\u00fcnlerimde arkada\u015flar\u0131mla da\u011flarda, yaylalarda gezmeyi seviyorum. Arada gezmek i\u00e7in \u0130stanbul\u2019a da gidiyoruz.<\/p>\n","protected":false},"excerpt":{"rendered":"<p>TEKN\u0130K D\u0130REKT\u00d6R \u015eENOL G\u00dcNE\u015e\u2019\u0130N \u0130LK DEFA A M\u0130LL\u0130 TAKIM\u2019A DAVET ETT\u0130\u011e\u0130 TRABZONSPOR\u2019UN GEN\u00c7 KALEC\u0130S\u0130 U\u011eURCAN \u00c7AKIR, \u201cHER SEFER\u0130NDE 1 NUMARALI KALEC\u0130 OLMAK \u0130\u00c7\u0130N \u00c7ABA HARCARIM. HER ZAMAN DA 1 NUMARA OLMAK \u0130STER\u0130M\u201d DED\u0130.<\/p>\n","protected":false},"author":1,"featured_media":120721,"comment_status":"closed","ping_status":"open","sticky":false,"template":"","format":"standard","meta":{"jetpack_post_was_ever_published":false,"_jetpack_newsletter_access":"","_jetpack_dont_email_post_to_subs":false,"_jetpack_newsletter_tier_id":0,"_jetpack_memberships_contains_paywalled_content":false,"_jetpack_memberships_contains_paid_content":false,"footnotes":"","jetpack_publicize_message":"","jetpack_publicize_feature_enabled":true,"jetpack_social_post_already_shared":true,"jetpack_social_options":{"image_generator_settings":{"template":"highway","default_image_id":0,"font":"","enabled":false},"version":2}},"categories":[657],"tags":[368,73,19621,4612,1364,26033,74],"class_list":["post-120720","post","type-post","status-publish","format-standard","has-post-thumbnail","hentry","category-spor","tag-cakir","tag-her","tag-isterim","tag-numara","tag-olmak","tag-ugurcan","tag-zaman"],"jetpack_publicize_connections":[],"jetpack_featured_media_url":"https:\/\/i0.wp.com\/www.tvturk.com\/wp-content\/uploads\/2019\/04\/ugurcan-cakir-her-zaman-1-numara-olmak-isterim_ce5ac66.jpg?fit=1000%2C732","jetpack_sharing_enabled":true,"jetpack_shortlink":"https:\/\/wp.me\/paKIfm-vp6","_links":{"self":[{"href":"http:\/\/www.tvturk.com\/index.php\/wp-json\/wp\/v2\/posts\/120720","targetHints":{"allow":["GET"]}}],"collection":[{"href":"http:\/\/www.tvturk.com\/index.php\/wp-json\/wp\/v2\/posts"}],"about":[{"href":"http:\/\/www.tvturk.com\/index.php\/wp-json\/wp\/v2\/types\/post"}],"author":[{"embeddable":true,"href":"http:\/\/www.tvturk.com\/index.php\/wp-json\/wp\/v2\/users\/1"}],"replies":[{"embeddable":true,"href":"http:\/\/www.tvturk.com\/index.php\/wp-json\/wp\/v2\/comments?post=120720"}],"version-history":[{"count":0,"href":"http:\/\/www.tvturk.com\/index.php\/wp-json\/wp\/v2\/posts\/120720\/revisions"}],"wp:featuredmedia":[{"embeddable":true,"href":"http:\/\/www.tvturk.com\/index.php\/wp-json\/wp\/v2\/media\/120721"}],"wp:attachment":[{"href":"http:\/\/www.tvturk.com\/index.php\/wp-json\/wp\/v2\/media?parent=120720"}],"wp:term":[{"taxonomy":"category","embeddable":true,"href":"http:\/\/www.tvturk.com\/index.php\/wp-json\/wp\/v2\/categories?post=120720"},{"taxonomy":"post_tag","embeddable":true,"href":"http:\/\/www.tvturk.com\/index.php\/wp-json\/wp\/v2\/tags?post=120720"}],"curies":[{"name":"wp","href":"https:\/\/api.w.org\/{rel}","templated":true}]}}