{"id":120815,"date":"2019-04-01T12:29:21","date_gmt":"2019-04-01T09:29:21","guid":{"rendered":"http:\/\/www.tvturk.com\/index.php\/karabuksporda-adanaspor-maci-hazirliklari-tamamlandi\/"},"modified":"2019-04-01T12:29:23","modified_gmt":"2019-04-01T09:29:23","slug":"karabuksporda-adanaspor-maci-hazirliklari-tamamlandi","status":"publish","type":"post","link":"http:\/\/www.tvturk.com\/index.php\/karabuksporda-adanaspor-maci-hazirliklari-tamamlandi\/","title":{"rendered":"Karab\u00fckspor\u2019da Adanaspor ma\u00e7\u0131 haz\u0131rl\u0131klar\u0131 tamamland\u0131"},"content":{"rendered":"<p>Spor Toto 1. Lig ekiplerinden Kardemir Karab\u00fckspor, sal\u0131 g\u00fcn\u00fc sahas\u0131nda oynayaca\u011f\u0131 Adanaspor ma\u00e7\u0131n\u0131n haz\u0131rl\u0131klar\u0131n\u0131 tamamlad\u0131.<\/p>\n<p>Karab\u00fckspor ligin 27. haftas\u0131nda sal\u0131 g\u00fcn\u00fc saat 16.00\u2019da Karab\u00fck Dr. Necmettin \u015eeyho\u011flu Stadyumu\u2019nda Adanaspor ile oynayaca\u011f\u0131 m\u00fcsabakan\u0131n haz\u0131rl\u0131klar\u0131n\u0131 \u00c7aml\u0131k Sahas\u0131\u2019nda sabah saatlerinde ger\u00e7ekle\u015ftirdi\u011fi antrenmanla tamamlad\u0131. Teknik Direkt\u00f6r \u0130lhan \u00d6zer y\u00f6netiminde ger\u00e7ekle\u015fen antrenmanda tak\u0131m \u0131s\u0131nma hareketlerinin ard\u0131ndan taktik \u00e7al\u0131\u015fma yapt\u0131.<\/p>\n<p>K\u0131rm\u0131z\u0131-mavililerde kart cezal\u0131s\u0131 bulunmazken sakatl\u0131klar\u0131 bulunan ve son antrenmanda yer almayan Fatih Tultak ve Ali Kemal Y\u0131lmaz Adanaspor ma\u00e7\u0131nda forma giyemeyecek.<div class=\"tiled-gallery type-rectangular tiled-gallery-unresized\" data-original-width=\"500\" data-carousel-extra='null' itemscope itemtype=\"http:\/\/schema.org\/ImageGallery\" > <div class=\"gallery-row\" style=\"width: 500px; height: 167px;\" data-original-width=\"500\" data-original-height=\"167\" > <div class=\"gallery-group images-1\" style=\"width: 248px; height: 167px;\" data-original-width=\"248\" data-original-height=\"167\" > <div class=\"tiled-gallery-item tiled-gallery-item-small\" itemprop=\"associatedMedia\" itemscope itemtype=\"http:\/\/schema.org\/ImageObject\"> <a href=\"http:\/\/www.tvturk.com\/index.php\/karabuksporda-adanaspor-maci-hazirliklari-tamamlandi\/karabuksporda-adanaspor-maci-hazirliklari-tamamlandi-3\/\" border=\"0\" itemprop=\"url\"> <meta itemprop=\"width\" content=\"244\"> <meta itemprop=\"height\" content=\"163\"> <img decoding=\"async\" class=\"\" data-attachment-id=\"120817\" data-orig-file=\"http:\/\/www.tvturk.com\/wp-content\/uploads\/2019\/04\/karabuksporda-adanaspor-maci-hazirliklari-tamamlandi_2e235ee.jpg\" data-orig-size=\"1000,666\" data-comments-opened=\"\" data-image-meta=\"{&quot;aperture&quot;:&quot;0&quot;,&quot;credit&quot;:&quot;IHA&quot;,&quot;camera&quot;:&quot;&quot;,&quot;caption&quot;:&quot;TEKN\\u0130K D\\u0130REKT\\u00d6R \\u0130LHAN \\u00d6ZER Y\\u00d6NET\\u0130M\\u0130NDE GER\\u00c7EKLE\\u015eEN ANTRENMANDA TAKIM ISINMA HAREKETLER\\u0130N\\u0130N ARDINDAN TAKT\\u0130K \\u00c7ALI\\u015eMASI YAPTI. (FAT\\u0130H \\u00dcNL\\u00dc\\\/KARAB\\u00dcK-\\u0130HA)&quot;,&quot;created_timestamp&quot;:&quot;0&quot;,&quot;copyright&quot;:&quot;\\u0130HLAS HABER AJANSI, www.iha.com.tr&quot;,&quot;focal_length&quot;:&quot;0&quot;,&quot;iso&quot;:&quot;0&quot;,&quot;shutter_speed&quot;:&quot;0&quot;,&quot;title&quot;:&quot;KARAB\\u00dcKSPOR\\u2019DA ADANASPOR MA\\u00c7I HAZIRLIKLARI TAMAMLANDI&quot;,&quot;orientation&quot;:&quot;0&quot;}\" data-image-title=\"Karab\u00fckspor\u2019da Adanaspor ma\u00e7\u0131 haz\u0131rl\u0131klar\u0131 tamamland\u0131\" data-image-description=\"&lt;p&gt;Karab\u00fckspor\u2019da Adanaspor ma\u00e7\u0131 haz\u0131rl\u0131klar\u0131 tamamland\u0131&lt;\/p&gt; \" data-medium-file=\"https:\/\/i0.wp.com\/www.tvturk.com\/wp-content\/uploads\/2019\/04\/karabuksporda-adanaspor-maci-hazirliklari-tamamlandi_2e235ee.jpg?fit=300%2C200\" data-large-file=\"https:\/\/i0.wp.com\/www.tvturk.com\/wp-content\/uploads\/2019\/04\/karabuksporda-adanaspor-maci-hazirliklari-tamamlandi_2e235ee.jpg?fit=1000%2C666\" src=\"https:\/\/i0.wp.com\/www.tvturk.com\/wp-content\/uploads\/2019\/04\/karabuksporda-adanaspor-maci-hazirliklari-tamamlandi_2e235ee.jpg?w=244&#038;h=163\" srcset=\"https:\/\/i0.wp.com\/www.tvturk.com\/wp-content\/uploads\/2019\/04\/karabuksporda-adanaspor-maci-hazirliklari-tamamlandi_2e235ee.jpg?w=1000 1000w, https:\/\/i0.wp.com\/www.tvturk.com\/wp-content\/uploads\/2019\/04\/karabuksporda-adanaspor-maci-hazirliklari-tamamlandi_2e235ee.jpg?resize=150%2C100 150w, https:\/\/i0.wp.com\/www.tvturk.com\/wp-content\/uploads\/2019\/04\/karabuksporda-adanaspor-maci-hazirliklari-tamamlandi_2e235ee.jpg?resize=300%2C200 300w, https:\/\/i0.wp.com\/www.tvturk.com\/wp-content\/uploads\/2019\/04\/karabuksporda-adanaspor-maci-hazirliklari-tamamlandi_2e235ee.jpg?resize=768%2C511 768w, https:\/\/i0.wp.com\/www.tvturk.com\/wp-content\/uploads\/2019\/04\/karabuksporda-adanaspor-maci-hazirliklari-tamamlandi_2e235ee.jpg?resize=170%2C113 170w, https:\/\/i0.wp.com\/www.tvturk.com\/wp-content\/uploads\/2019\/04\/karabuksporda-adanaspor-maci-hazirliklari-tamamlandi_2e235ee.jpg?resize=120%2C80 120w\" width=\"244\" height=\"163\" loading=\"lazy\" data-original-width=\"244\" data-original-height=\"163\" itemprop=\"http:\/\/schema.org\/image\" title=\"Karab\u00fckspor\u2019da Adanaspor ma\u00e7\u0131 haz\u0131rl\u0131klar\u0131 tamamland\u0131\" alt=\"Karab\u00fckspor\u2019da Adanaspor ma\u00e7\u0131 haz\u0131rl\u0131klar\u0131 tamamland\u0131\" style=\"width: 244px; height: 163px;\" \/> <\/a> <\/div> <\/div> <!-- close group --> <div class=\"gallery-group images-1\" style=\"width: 252px; height: 167px;\" data-original-width=\"252\" data-original-height=\"167\" > <div class=\"tiled-gallery-item tiled-gallery-item-small\" itemprop=\"associatedMedia\" itemscope itemtype=\"http:\/\/schema.org\/ImageObject\"> <a href=\"http:\/\/www.tvturk.com\/index.php\/karabuksporda-adanaspor-maci-hazirliklari-tamamlandi\/karabuksporda-adanaspor-maci-hazirliklari-tamamlandi-4\/\" border=\"0\" itemprop=\"url\"> <meta itemprop=\"width\" content=\"248\"> <meta itemprop=\"height\" content=\"163\"> <img decoding=\"async\" class=\"\" data-attachment-id=\"120818\" data-orig-file=\"http:\/\/www.tvturk.com\/wp-content\/uploads\/2019\/04\/karabuksporda-adanaspor-maci-hazirliklari-tamamlandi_aaed513.jpg\" data-orig-size=\"1000,656\" data-comments-opened=\"\" data-image-meta=\"{&quot;aperture&quot;:&quot;0&quot;,&quot;credit&quot;:&quot;IHA&quot;,&quot;camera&quot;:&quot;&quot;,&quot;caption&quot;:&quot;KIRMIZI-MAV\\u0130L\\u0130LER DE KART CEZALISI BULUNMAZKEN SAKATLIKLARI BULUNAN VE SON ANTRENMANDA YER ALMAYAN FAT\\u0130H TULTAK VE AL\\u0130 KEMAL YILMAZ ADANASPOR A.\\u015e MA\\u00c7INDA FORMA G\\u0130YEMEYECEK. (FAT\\u0130H \\u00dcNL\\u00dc\\\/KARAB\\u00dcK-\\u0130HA)&quot;,&quot;created_timestamp&quot;:&quot;0&quot;,&quot;copyright&quot;:&quot;\\u0130HLAS HABER AJANSI, www.iha.com.tr&quot;,&quot;focal_length&quot;:&quot;0&quot;,&quot;iso&quot;:&quot;0&quot;,&quot;shutter_speed&quot;:&quot;0&quot;,&quot;title&quot;:&quot;KARAB\\u00dcKSPOR\\u2019DA ADANASPOR MA\\u00c7I HAZIRLIKLARI TAMAMLANDI&quot;,&quot;orientation&quot;:&quot;0&quot;}\" data-image-title=\"Karab\u00fckspor\u2019da Adanaspor ma\u00e7\u0131 haz\u0131rl\u0131klar\u0131 tamamland\u0131\" data-image-description=\"&lt;p&gt;Karab\u00fckspor\u2019da Adanaspor ma\u00e7\u0131 haz\u0131rl\u0131klar\u0131 tamamland\u0131&lt;\/p&gt; \" data-medium-file=\"https:\/\/i0.wp.com\/www.tvturk.com\/wp-content\/uploads\/2019\/04\/karabuksporda-adanaspor-maci-hazirliklari-tamamlandi_aaed513.jpg?fit=300%2C197\" data-large-file=\"https:\/\/i0.wp.com\/www.tvturk.com\/wp-content\/uploads\/2019\/04\/karabuksporda-adanaspor-maci-hazirliklari-tamamlandi_aaed513.jpg?fit=1000%2C656\" src=\"https:\/\/i0.wp.com\/www.tvturk.com\/wp-content\/uploads\/2019\/04\/karabuksporda-adanaspor-maci-hazirliklari-tamamlandi_aaed513.jpg?w=248&#038;h=163\" srcset=\"https:\/\/i0.wp.com\/www.tvturk.com\/wp-content\/uploads\/2019\/04\/karabuksporda-adanaspor-maci-hazirliklari-tamamlandi_aaed513.jpg?w=1000 1000w, https:\/\/i0.wp.com\/www.tvturk.com\/wp-content\/uploads\/2019\/04\/karabuksporda-adanaspor-maci-hazirliklari-tamamlandi_aaed513.jpg?resize=150%2C98 150w, https:\/\/i0.wp.com\/www.tvturk.com\/wp-content\/uploads\/2019\/04\/karabuksporda-adanaspor-maci-hazirliklari-tamamlandi_aaed513.jpg?resize=300%2C197 300w, https:\/\/i0.wp.com\/www.tvturk.com\/wp-content\/uploads\/2019\/04\/karabuksporda-adanaspor-maci-hazirliklari-tamamlandi_aaed513.jpg?resize=768%2C504 768w, https:\/\/i0.wp.com\/www.tvturk.com\/wp-content\/uploads\/2019\/04\/karabuksporda-adanaspor-maci-hazirliklari-tamamlandi_aaed513.jpg?resize=170%2C113 170w, https:\/\/i0.wp.com\/www.tvturk.com\/wp-content\/uploads\/2019\/04\/karabuksporda-adanaspor-maci-hazirliklari-tamamlandi_aaed513.jpg?resize=120%2C80 120w\" width=\"248\" height=\"163\" loading=\"lazy\" data-original-width=\"248\" data-original-height=\"163\" itemprop=\"http:\/\/schema.org\/image\" title=\"Karab\u00fckspor\u2019da Adanaspor ma\u00e7\u0131 haz\u0131rl\u0131klar\u0131 tamamland\u0131\" alt=\"Karab\u00fckspor\u2019da Adanaspor ma\u00e7\u0131 haz\u0131rl\u0131klar\u0131 tamamland\u0131\" style=\"width: 248px; height: 163px;\" \/> <\/a> <\/div> <\/div> <!-- close group --> <\/div> <!-- close row --> <\/div><\/p>\n","protected":false},"excerpt":{"rendered":"<p>SPOR TOTO 1.L\u0130G EK\u0130PLER\u0130NDEN KARDEM\u0130R KARAB\u00dcKSPOR  SALI G\u00dcN\u00dc SAHASINDA OYNAYACA\u011eI ADANASPOR A.\u015e MA\u00c7ININ HAZIRLIKLARINI TAMAMLADI.<\/p>\n","protected":false},"author":1,"featured_media":120816,"comment_status":"closed","ping_status":"open","sticky":false,"template":"","format":"standard","meta":{"jetpack_post_was_ever_published":false,"_jetpack_newsletter_access":"","_jetpack_dont_email_post_to_subs":false,"_jetpack_newsletter_tier_id":0,"_jetpack_memberships_contains_paywalled_content":false,"_jetpack_memberships_contains_paid_content":false,"footnotes":"","jetpack_publicize_message":"","jetpack_publicize_feature_enabled":true,"jetpack_social_post_already_shared":true,"jetpack_social_options":{"image_generator_settings":{"template":"highway","default_image_id":0,"font":"","enabled":false},"version":2}},"categories":[657],"tags":[775,3026,11026,777,693],"class_list":["post-120815","post","type-post","status-publish","format-standard","has-post-thumbnail","hentry","category-spor","tag-adanaspor","tag-hazirliklari","tag-karabuksporda","tag-maci","tag-tamamlandi"],"jetpack_publicize_connections":[],"jetpack_featured_media_url":"https:\/\/i0.wp.com\/www.tvturk.com\/wp-content\/uploads\/2019\/04\/karabuksporda-adanaspor-maci-hazirliklari-tamamlandi_9bf27a3.jpg?fit=1000%2C701","jetpack_sharing_enabled":true,"jetpack_shortlink":"https:\/\/wp.me\/paKIfm-vqD","_links":{"self":[{"href":"http:\/\/www.tvturk.com\/index.php\/wp-json\/wp\/v2\/posts\/120815","targetHints":{"allow":["GET"]}}],"collection":[{"href":"http:\/\/www.tvturk.com\/index.php\/wp-json\/wp\/v2\/posts"}],"about":[{"href":"http:\/\/www.tvturk.com\/index.php\/wp-json\/wp\/v2\/types\/post"}],"author":[{"embeddable":true,"href":"http:\/\/www.tvturk.com\/index.php\/wp-json\/wp\/v2\/users\/1"}],"replies":[{"embeddable":true,"href":"http:\/\/www.tvturk.com\/index.php\/wp-json\/wp\/v2\/comments?post=120815"}],"version-history":[{"count":1,"href":"http:\/\/www.tvturk.com\/index.php\/wp-json\/wp\/v2\/posts\/120815\/revisions"}],"predecessor-version":[{"id":120819,"href":"http:\/\/www.tvturk.com\/index.php\/wp-json\/wp\/v2\/posts\/120815\/revisions\/120819"}],"wp:featuredmedia":[{"embeddable":true,"href":"http:\/\/www.tvturk.com\/index.php\/wp-json\/wp\/v2\/media\/120816"}],"wp:attachment":[{"href":"http:\/\/www.tvturk.com\/index.php\/wp-json\/wp\/v2\/media?parent=120815"}],"wp:term":[{"taxonomy":"category","embeddable":true,"href":"http:\/\/www.tvturk.com\/index.php\/wp-json\/wp\/v2\/categories?post=120815"},{"taxonomy":"post_tag","embeddable":true,"href":"http:\/\/www.tvturk.com\/index.php\/wp-json\/wp\/v2\/tags?post=120815"}],"curies":[{"name":"wp","href":"https:\/\/api.w.org\/{rel}","templated":true}]}}