{"id":120879,"date":"2019-04-01T13:51:31","date_gmt":"2019-04-01T10:51:31","guid":{"rendered":"http:\/\/www.tvturk.com\/index.php\/burak-yilmaz-iyi-ki-besiktasa-geri-gelmisim\/"},"modified":"2019-04-01T13:51:33","modified_gmt":"2019-04-01T10:51:33","slug":"burak-yilmaz-iyi-ki-besiktasa-geri-gelmisim","status":"publish","type":"post","link":"http:\/\/www.tvturk.com\/index.php\/burak-yilmaz-iyi-ki-besiktasa-geri-gelmisim\/","title":{"rendered":"Burak Y\u0131lmaz: &#8220;\u0130yi ki Be\u015fikta\u015f\u2019a geri gelmi\u015fim&#8221;"},"content":{"rendered":"<p>Be\u015fikta\u015f\u2019\u0131n golc\u00fc futbolcusu Burak Y\u0131lmaz, siyah-beyazl\u0131 tak\u0131ma geri d\u00f6nmek i\u00e7in \u00fczerine d\u00fc\u015fen her \u015feyi yapt\u0131\u011f\u0131n\u0131 belirterek &#8220;\u0130yi ki Be\u015fikta\u015f\u2019a geri gelmi\u015fim&#8221; dedi. \u015eenol G\u00fcne\u015f\u2019e de de\u011finen y\u0131ld\u0131z futbolcu, &#8220;\u015eenol G\u00fcne\u015f\u2019in hayat\u0131mdaki yeri tarif edilemez&#8221; diye konu\u015ftu.<\/p>\n<p>Be\u015fikta\u015f\u2019\u0131n y\u0131ld\u0131z futbolcusu Burak Y\u0131lmaz, Be\u015fikta\u015f Dergisi\u2019nin nisan ay\u0131 say\u0131s\u0131na \u00f6zel bir r\u00f6portaj verdi. Ge\u00e7mi\u015finde gen\u00e7lik ve tecr\u00fcbesizlik ile h\u0131zl\u0131 ve yanl\u0131\u015f kararlar ald\u0131\u011f\u0131 zamanlar oldu\u011funu s\u00f6yleyen Y\u0131lmaz, &#8220;K\u00fc\u00e7\u00fckken baz\u0131 \u015feylerin de\u011ferini anlam\u0131yor ve pire i\u00e7in yorgan yak\u0131yorsunuz. Onlar\u0131n zarar\u0131n\u0131 b\u00fcy\u00fcd\u00fck\u00e7e g\u00f6r\u00fcyorsunuz. \u00c7ok ke\u015fkelerim olmu\u015ftur yani. Hem benim i\u00e7in hem de bana g\u00fcvenip transfer eden insanlar i\u00e7in kolay de\u011fildi. Nedenlerine girmeyece\u011fim \u00e7\u00fcnk\u00fc asl\u0131nda herkes neyin ne oldu\u011funu biliyor ama ben bu transferi, \u00e7ok \u0131srarla istedim. \u00c7\u00fcnk\u00fc buras\u0131 oynamak istedi\u011fim bir yer ve buraya gelmek i\u00e7in yapmam gerekenlerin hepsini yapt\u0131m. Benim inanc\u0131ma g\u00f6re bir insan olmak istedi\u011fi yere varabilmesi i\u00e7in yapmas\u0131 gereken her \u015feyi yapmal\u0131d\u0131r ve ben Be\u015fikta\u015f\u2019ta oynamay\u0131 o kadar \u00e7ok istiyordum ki \u00fczerime d\u00fc\u015fen her \u015feyi yapt\u0131m. \u015e\u00fck\u00fcrler olsun, hepimiz do\u011fru karar\u0131 vermi\u015fiz ve iyi ki gelmi\u015fim&#8221; ifadelerini kulland\u0131.<\/p>\n<p>&#8220;Heyecan\u0131 her ma\u00e7ta hissediyorum&#8221;<\/p>\n<p>Be\u015fikta\u015f taraftar\u0131n\u0131n \u00f6n\u00fcne \u00e7\u0131kmadan \u00f6nce inan\u0131lmaz bir heyecan ya\u015fad\u0131\u011f\u0131n\u0131 s\u00f6yleyen Burak Y\u0131lmaz, &#8220;Hatta o gece uyuyamam\u0131\u015ft\u0131m ama bunu tarif edemiyorsun i\u015fte. Tatl\u0131 bir heyecan, hatta heyecandan ziyade bir futbolcunun hayat\u0131nda ya\u015fayabilece\u011fi en g\u00fczel duygulardan bir tanesi. Bunun haricinde ilk ma\u00e7\u0131ma \u00e7\u0131karken gelebilecek tepkileri de bildi\u011fim i\u00e7in hem heyecan hem de biraz korku vard\u0131. Bir de beni tan\u0131yanlar bask\u0131 alt\u0131nda daha iyi performans sergiledi\u011fimi biliyorlar. Bu sebeple o korku hissini \u00fczerimden \u00e7abuk att\u0131m. A\u00e7\u0131k\u00e7as\u0131 bu heyecan\u0131 sadece ilk ma\u00e7ta de\u011fil, Vodafone Park\u2019a \u00e7\u0131kt\u0131\u011f\u0131m her ma\u00e7ta hissediyorum. Be\u015fikta\u015f\u2019a ilk geldi\u011fim d\u00f6nemle, bu d\u00f6nemi k\u0131yaslad\u0131\u011f\u0131mda, kendim \u00f6zelinde s\u00f6ylersem art\u0131k daha tecr\u00fcbeliyim. Nerede ne yapaca\u011f\u0131m\u0131 daha iyi biliyorum. Duygular\u0131m\u0131 kontrol etme noktas\u0131nda daha ba\u015far\u0131l\u0131y\u0131m. Gen\u00e7li\u011fin verdi\u011fi sinir etkisi eskisi gibi de\u011fil, yine var ama onlar\u0131 bast\u0131rabilme yetene\u011fim de daha geli\u015fti. Be\u015fikta\u015f ise o d\u00f6nemden sonra \u00fc\u00e7 \u015fampiyonluk daha ya\u015fad\u0131. Daha da b\u00fcy\u00fcyor Be\u015fikta\u015f \u0130lk zaman\u0131mla k\u0131yaslad\u0131\u011f\u0131mda hedeflerini daha yukar\u0131lara koyan \u00e7ok g\u00fczel bir aile g\u00f6rd\u00fcm burada. Taraftar ise daha bilin\u00e7li, tak\u0131ma deste\u011fi ise yine eskisi gibi muazzam. K\u00f6t\u00fc oynad\u0131\u011f\u0131m\u0131z zamanlarda bile verdikleri deste\u011fi g\u00f6rebiliyorum. Bunun d\u0131\u015f\u0131nda Be\u015fikta\u015f, taraftar\u0131 oldu\u011fu her birey i\u00e7in bir a\u015fk, bunu g\u00f6rebiliyorsun, hissedebiliyorsun&#8221; diye konu\u015ftu.<\/p>\n<p>&#8220;\u015eu anda neye sahipsem \u015eenol G\u00fcne\u015f sayesindedir&#8221;<\/p>\n<p>Be\u015fikta\u015f Teknik Direkt\u00f6r\u00fc \u015eenol G\u00fcne\u015f\u2019in kendisi i\u00e7in \u00e7ok \u00f6nemli oldu\u011funu s\u00f6yleyen Burak Y\u0131lmaz, &#8220;\u015eenol G\u00fcne\u015f\u2019in benim hayat\u0131mdaki yeri tarif edilemez. Hi\u00e7 uzatmayaca\u011f\u0131m, \u015fu anda neye sahipsem onun sayesindedir. Allah ondan raz\u0131 olsun, benim i\u00e7in baba gibidir, \u00e7ok g\u00fczel bir insand\u0131r. Zaten en b\u00fcy\u00fck \u00f6zelli\u011fi sorunlu, bitti denilebilecek oyuncular\u0131n hepsini hayata d\u00f6nd\u00fcr\u00fcp, en y\u00fcksek performans\u0131 alabilmesidir. Asl\u0131nda b\u00fct\u00fcn bunlar\u0131 nas\u0131l yapt\u0131\u011f\u0131n\u0131 da kendisine sormak gerek. Eminim daha bir\u00e7ok Burak \u00e7\u0131kartacakt\u0131r. \u0130yi futbolcuydum, iyi oynuyordum ama i\u015fler bir t\u00fcrl\u00fc ray\u0131na oturmuyordu. Bir g\u00fcn babamla telefon konu\u015fmas\u0131 yapm\u0131\u015ft\u0131m, \u2019Olmazsa da olmaz, \u00fcz\u00fclme ama kaybetmi\u015f insanlar gibi kabu\u011funa \u00e7ekilmek sana yak\u0131\u015fmaz. Hakk\u0131m\u0131 da helal etmem\u2019 demi\u015fti. Bundan biraz daha sert bir konu\u015fmayd\u0131 a\u00e7\u0131k\u00e7as\u0131 ama sonras\u0131nda kendimi toparlad\u0131m ve buralara kadar tekrar gelebildim&#8221; dedi. Son olarak Be\u015fikta\u015f taraftar\u0131yla ilgili konu\u015fan golc\u00fc Milli y\u0131ld\u0131z, &#8220;Allah taraftarlar\u0131m\u0131z\u0131n hepsinden raz\u0131 olsun. Onlar\u0131n kar\u015f\u0131s\u0131na her \u00e7\u0131kt\u0131\u011f\u0131mda, mutluluk, gurur, heyecan gibi b\u00fct\u00fcn bu duygular\u0131 bir arada ya\u015f\u0131yorum. E\u011fer benim performans\u0131m y\u00fckseliyorsa y\u00fczde 70\u2019i onlar\u0131n sayesindedir. \u00c7\u00fcnk\u00fc onlar beni ba\u011f\u0131rlar\u0131na basmasa ve bu deste\u011fi hissetmeme sebep olmasalard\u0131 mevcut performans\u0131m\u0131 belki \u00fc\u00e7-d\u00f6rt hafta sonra yakalayabilirdim. Her \u015fey tamamen onlar\u0131n sayesinde Ben de onlar\u0131 mutlu etmek i\u00e7in, ma\u00e7tan sonra evlerine g\u00fcler y\u00fczle g\u00f6nderebilmek i\u00e7in, sahada her \u015feyimi veriyorum ve verece\u011fim&#8221; a\u00e7\u0131klamas\u0131n\u0131 yapt\u0131.<div class=\"tiled-gallery type-rectangular tiled-gallery-unresized\" data-original-width=\"500\" data-carousel-extra='null' itemscope itemtype=\"http:\/\/schema.org\/ImageGallery\" > <div class=\"gallery-row\" style=\"width: 500px; height: 237px;\" data-original-width=\"500\" data-original-height=\"237\" > <div class=\"gallery-group images-1\" style=\"width: 333px; height: 237px;\" data-original-width=\"333\" data-original-height=\"237\" > <div class=\"tiled-gallery-item tiled-gallery-item-large\" itemprop=\"associatedMedia\" itemscope itemtype=\"http:\/\/schema.org\/ImageObject\"> <a href=\"http:\/\/www.tvturk.com\/index.php\/burak-yilmaz-iyi-ki-besiktasa-geri-gelmisim\/burak-yilmaz-iyi-ki-besiktasa-geri-gelmisim-3\/\" border=\"0\" itemprop=\"url\"> <meta itemprop=\"width\" content=\"329\"> <meta itemprop=\"height\" content=\"233\"> <img decoding=\"async\" class=\"\" data-attachment-id=\"120881\" data-orig-file=\"http:\/\/www.tvturk.com\/wp-content\/uploads\/2019\/04\/burak-yilmaz-iyi-ki-besiktasa-geri-gelmisim_1460f7c.jpg\" data-orig-size=\"842,596\" data-comments-opened=\"\" data-image-meta=\"{&quot;aperture&quot;:&quot;0&quot;,&quot;credit&quot;:&quot;IHA&quot;,&quot;camera&quot;:&quot;&quot;,&quot;caption&quot;:&quot;BE\\u015e\\u0130KTA\\u015e\\u0027IN YILDIZ FUTBOLCUSU BURAK YILMAZ, BE\\u015e\\u0130KTA\\u015e DERG\\u0130S\\u0130\\u0027N\\u0130N N\\u0130SAN AYI SAYISINA \\u00d6ZEL B\\u0130R R\\u00d6PORTAJ VERD\\u0130. (\\u0130HA\\\/\\u0130STANBUL-BJK.COM.TR)&quot;,&quot;created_timestamp&quot;:&quot;1554155280&quot;,&quot;copyright&quot;:&quot;\\u0130HLAS HABER AJANSI, www.iha.com.tr&quot;,&quot;focal_length&quot;:&quot;0&quot;,&quot;iso&quot;:&quot;0&quot;,&quot;shutter_speed&quot;:&quot;0&quot;,&quot;title&quot;:&quot;BURAK YILMAZ: \\u0022\\u0130Y\\u0130 K\\u0130 BE\\u015e\\u0130KTA\\u015e\\u0027A GER\\u0130 GELM\\u0130\\u015e\\u0130M\\u0022 BE\\u015e\\u0130KTA\\u015e\\u0027IN GOLC\\u00dc FUTBOLCUSU BURAK YILMAZ: \\u0022\\u015eENOL G\\u00dcNE\\u015e\\u0027\\u0130N HAYATIMDAK\\u0130 YER\\u0130 TAR\\u0130F ED\\u0130LEMEZ\\u0022&quot;,&quot;orientation&quot;:&quot;1&quot;}\" data-image-title=\"Burak Y\u0131lmaz: &amp;#8220;\u0130yi ki Be\u015fikta\u015f\u2019a geri gelmi\u015fim&amp;#8221;\" data-image-description=\"&lt;p&gt;Burak Y\u0131lmaz: &amp;#8220;\u0130yi ki Be\u015fikta\u015f\u2019a geri gelmi\u015fim&amp;#8221;&lt;\/p&gt; \" data-medium-file=\"https:\/\/i0.wp.com\/www.tvturk.com\/wp-content\/uploads\/2019\/04\/burak-yilmaz-iyi-ki-besiktasa-geri-gelmisim_1460f7c.jpg?fit=300%2C212\" data-large-file=\"https:\/\/i0.wp.com\/www.tvturk.com\/wp-content\/uploads\/2019\/04\/burak-yilmaz-iyi-ki-besiktasa-geri-gelmisim_1460f7c.jpg?fit=842%2C596\" src=\"https:\/\/i0.wp.com\/www.tvturk.com\/wp-content\/uploads\/2019\/04\/burak-yilmaz-iyi-ki-besiktasa-geri-gelmisim_1460f7c.jpg?w=329&#038;h=233\" srcset=\"https:\/\/i0.wp.com\/www.tvturk.com\/wp-content\/uploads\/2019\/04\/burak-yilmaz-iyi-ki-besiktasa-geri-gelmisim_1460f7c.jpg?w=842 842w, https:\/\/i0.wp.com\/www.tvturk.com\/wp-content\/uploads\/2019\/04\/burak-yilmaz-iyi-ki-besiktasa-geri-gelmisim_1460f7c.jpg?resize=150%2C106 150w, https:\/\/i0.wp.com\/www.tvturk.com\/wp-content\/uploads\/2019\/04\/burak-yilmaz-iyi-ki-besiktasa-geri-gelmisim_1460f7c.jpg?resize=300%2C212 300w, https:\/\/i0.wp.com\/www.tvturk.com\/wp-content\/uploads\/2019\/04\/burak-yilmaz-iyi-ki-besiktasa-geri-gelmisim_1460f7c.jpg?resize=768%2C544 768w\" width=\"329\" height=\"233\" loading=\"lazy\" data-original-width=\"329\" data-original-height=\"233\" itemprop=\"http:\/\/schema.org\/image\" title=\"Burak Y\u0131lmaz: &quot;\u0130yi ki Be\u015fikta\u015f\u2019a geri gelmi\u015fim&quot;\" alt=\"Burak Y\u0131lmaz: &quot;\u0130yi ki Be\u015fikta\u015f\u2019a geri gelmi\u015fim&quot;\" style=\"width: 329px; height: 233px;\" \/> <\/a> <\/div> <\/div> <!-- close group --> <div class=\"gallery-group images-1\" style=\"width: 167px; height: 237px;\" data-original-width=\"167\" data-original-height=\"237\" > <div class=\"tiled-gallery-item tiled-gallery-item-small\" itemprop=\"associatedMedia\" itemscope itemtype=\"http:\/\/schema.org\/ImageObject\"> <a href=\"http:\/\/www.tvturk.com\/index.php\/burak-yilmaz-iyi-ki-besiktasa-geri-gelmisim\/burak-yilmaz-iyi-ki-besiktasa-geri-gelmisim-4\/\" border=\"0\" itemprop=\"url\"> <meta itemprop=\"width\" content=\"163\"> <meta itemprop=\"height\" content=\"233\"> <img decoding=\"async\" class=\"\" data-attachment-id=\"120882\" data-orig-file=\"http:\/\/www.tvturk.com\/wp-content\/uploads\/2019\/04\/burak-yilmaz-iyi-ki-besiktasa-geri-gelmisim_d4b96d8.jpg\" data-orig-size=\"595,850\" data-comments-opened=\"\" data-image-meta=\"{&quot;aperture&quot;:&quot;0&quot;,&quot;credit&quot;:&quot;IHA&quot;,&quot;camera&quot;:&quot;&quot;,&quot;caption&quot;:&quot;BE\\u015e\\u0130KTA\\u015e\\u0027IN YILDIZ FUTBOLCUSU BURAK YILMAZ, BE\\u015e\\u0130KTA\\u015e DERG\\u0130S\\u0130\\u0027N\\u0130N N\\u0130SAN AYI SAYISINA \\u00d6ZEL B\\u0130R R\\u00d6PORTAJ VERD\\u0130. (\\u0130HA\\\/\\u0130STANBUL-BJK.COM.TR)&quot;,&quot;created_timestamp&quot;:&quot;1554155280&quot;,&quot;copyright&quot;:&quot;\\u0130HLAS HABER AJANSI, www.iha.com.tr&quot;,&quot;focal_length&quot;:&quot;0&quot;,&quot;iso&quot;:&quot;0&quot;,&quot;shutter_speed&quot;:&quot;0&quot;,&quot;title&quot;:&quot;BURAK YILMAZ: \\u0022\\u0130Y\\u0130 K\\u0130 BE\\u015e\\u0130KTA\\u015e\\u0027A GER\\u0130 GELM\\u0130\\u015e\\u0130M\\u0022 BE\\u015e\\u0130KTA\\u015e\\u0027IN GOLC\\u00dc FUTBOLCUSU BURAK YILMAZ: \\u0022\\u015eENOL G\\u00dcNE\\u015e\\u0027\\u0130N HAYATIMDAK\\u0130 YER\\u0130 TAR\\u0130F ED\\u0130LEMEZ\\u0022&quot;,&quot;orientation&quot;:&quot;1&quot;}\" data-image-title=\"Burak Y\u0131lmaz: &amp;#8220;\u0130yi ki Be\u015fikta\u015f\u2019a geri gelmi\u015fim&amp;#8221;\" data-image-description=\"&lt;p&gt;Burak Y\u0131lmaz: &amp;#8220;\u0130yi ki Be\u015fikta\u015f\u2019a geri gelmi\u015fim&amp;#8221;&lt;\/p&gt; \" data-medium-file=\"https:\/\/i0.wp.com\/www.tvturk.com\/wp-content\/uploads\/2019\/04\/burak-yilmaz-iyi-ki-besiktasa-geri-gelmisim_d4b96d8.jpg?fit=210%2C300\" data-large-file=\"https:\/\/i0.wp.com\/www.tvturk.com\/wp-content\/uploads\/2019\/04\/burak-yilmaz-iyi-ki-besiktasa-geri-gelmisim_d4b96d8.jpg?fit=595%2C850\" src=\"https:\/\/i0.wp.com\/www.tvturk.com\/wp-content\/uploads\/2019\/04\/burak-yilmaz-iyi-ki-besiktasa-geri-gelmisim_d4b96d8.jpg?w=163&#038;h=233\" srcset=\"https:\/\/i0.wp.com\/www.tvturk.com\/wp-content\/uploads\/2019\/04\/burak-yilmaz-iyi-ki-besiktasa-geri-gelmisim_d4b96d8.jpg?w=595 595w, https:\/\/i0.wp.com\/www.tvturk.com\/wp-content\/uploads\/2019\/04\/burak-yilmaz-iyi-ki-besiktasa-geri-gelmisim_d4b96d8.jpg?resize=105%2C150 105w, https:\/\/i0.wp.com\/www.tvturk.com\/wp-content\/uploads\/2019\/04\/burak-yilmaz-iyi-ki-besiktasa-geri-gelmisim_d4b96d8.jpg?resize=210%2C300 210w\" width=\"163\" height=\"233\" loading=\"lazy\" data-original-width=\"163\" data-original-height=\"233\" itemprop=\"http:\/\/schema.org\/image\" title=\"Burak Y\u0131lmaz: &quot;\u0130yi ki Be\u015fikta\u015f\u2019a geri gelmi\u015fim&quot;\" alt=\"Burak Y\u0131lmaz: &quot;\u0130yi ki Be\u015fikta\u015f\u2019a geri gelmi\u015fim&quot;\" style=\"width: 163px; height: 233px;\" \/> <\/a> <\/div> <\/div> <!-- close group --> <\/div> <!-- close row --> <div class=\"gallery-row\" style=\"width: 500px; height: 1027px;\" data-original-width=\"500\" data-original-height=\"1027\" > <div class=\"gallery-group images-1\" style=\"width: 500px; height: 1027px;\" data-original-width=\"500\" data-original-height=\"1027\" > <div class=\"tiled-gallery-item tiled-gallery-item-large\" itemprop=\"associatedMedia\" itemscope itemtype=\"http:\/\/schema.org\/ImageObject\"> <a href=\"http:\/\/www.tvturk.com\/index.php\/burak-yilmaz-iyi-ki-besiktasa-geri-gelmisim\/burak-yilmaz-iyi-ki-besiktasa-geri-gelmisim-5\/\" border=\"0\" itemprop=\"url\"> <meta itemprop=\"width\" content=\"496\"> <meta itemprop=\"height\" content=\"1023\"> <img decoding=\"async\" class=\"\" data-attachment-id=\"120883\" data-orig-file=\"http:\/\/www.tvturk.com\/wp-content\/uploads\/2019\/04\/burak-yilmaz-iyi-ki-besiktasa-geri-gelmisim_68ce890.jpg\" data-orig-size=\"485,1000\" data-comments-opened=\"\" data-image-meta=\"{&quot;aperture&quot;:&quot;0&quot;,&quot;credit&quot;:&quot;IHA&quot;,&quot;camera&quot;:&quot;&quot;,&quot;caption&quot;:&quot;BE\\u015e\\u0130KTA\\u015e\\u0027IN YILDIZ FUTBOLCUSU BURAK YILMAZ, BE\\u015e\\u0130KTA\\u015e DERG\\u0130S\\u0130\\u0027N\\u0130N N\\u0130SAN AYI SAYISINA \\u00d6ZEL B\\u0130R R\\u00d6PORTAJ VERD\\u0130. (\\u0130HA\\\/\\u0130STANBUL-BJK.COM.TR)&quot;,&quot;created_timestamp&quot;:&quot;0&quot;,&quot;copyright&quot;:&quot;\\u0130HLAS HABER AJANSI, www.iha.com.tr&quot;,&quot;focal_length&quot;:&quot;0&quot;,&quot;iso&quot;:&quot;0&quot;,&quot;shutter_speed&quot;:&quot;0&quot;,&quot;title&quot;:&quot;BURAK YILMAZ: \\u0022\\u0130Y\\u0130 K\\u0130 BE\\u015e\\u0130KTA\\u015e\\u0027A GER\\u0130 GELM\\u0130\\u015e\\u0130M\\u0022 BE\\u015e\\u0130KTA\\u015e\\u0027IN GOLC\\u00dc FUTBOLCUSU BURAK YILMAZ: \\u0022\\u015eENOL G\\u00dcNE\\u015e\\u0027\\u0130N HAYATIMDAK\\u0130 YER\\u0130 TAR\\u0130F ED\\u0130LEMEZ\\u0022&quot;,&quot;orientation&quot;:&quot;0&quot;}\" data-image-title=\"Burak Y\u0131lmaz: &amp;#8220;\u0130yi ki Be\u015fikta\u015f\u2019a geri gelmi\u015fim&amp;#8221;\" data-image-description=\"&lt;p&gt;Burak Y\u0131lmaz: &amp;#8220;\u0130yi ki Be\u015fikta\u015f\u2019a geri gelmi\u015fim&amp;#8221;&lt;\/p&gt; \" data-medium-file=\"https:\/\/i0.wp.com\/www.tvturk.com\/wp-content\/uploads\/2019\/04\/burak-yilmaz-iyi-ki-besiktasa-geri-gelmisim_68ce890.jpg?fit=146%2C300\" data-large-file=\"https:\/\/i0.wp.com\/www.tvturk.com\/wp-content\/uploads\/2019\/04\/burak-yilmaz-iyi-ki-besiktasa-geri-gelmisim_68ce890.jpg?fit=485%2C1000\" src=\"https:\/\/i0.wp.com\/www.tvturk.com\/wp-content\/uploads\/2019\/04\/burak-yilmaz-iyi-ki-besiktasa-geri-gelmisim_68ce890.jpg?w=496&#038;h=1023\" srcset=\"https:\/\/i0.wp.com\/www.tvturk.com\/wp-content\/uploads\/2019\/04\/burak-yilmaz-iyi-ki-besiktasa-geri-gelmisim_68ce890.jpg?w=485 485w, https:\/\/i0.wp.com\/www.tvturk.com\/wp-content\/uploads\/2019\/04\/burak-yilmaz-iyi-ki-besiktasa-geri-gelmisim_68ce890.jpg?resize=73%2C150 73w, https:\/\/i0.wp.com\/www.tvturk.com\/wp-content\/uploads\/2019\/04\/burak-yilmaz-iyi-ki-besiktasa-geri-gelmisim_68ce890.jpg?resize=146%2C300 146w\" width=\"496\" height=\"1023\" loading=\"lazy\" data-original-width=\"496\" data-original-height=\"1023\" itemprop=\"http:\/\/schema.org\/image\" title=\"Burak Y\u0131lmaz: &quot;\u0130yi ki Be\u015fikta\u015f\u2019a geri gelmi\u015fim&quot;\" alt=\"Burak Y\u0131lmaz: &quot;\u0130yi ki Be\u015fikta\u015f\u2019a geri gelmi\u015fim&quot;\" style=\"width: 496px; height: 1023px;\" \/> <\/a> <\/div> <\/div> <!-- close group --> <\/div> <!-- close row --> <\/div><\/p>\n","protected":false},"excerpt":{"rendered":"<p>BE\u015e\u0130KTA\u015e&#8217;IN GOLC\u00dc FUTBOLCUSU BURAK YILMAZ, S\u0130YAH-BEYAZLI TAKIMA GER\u0130 D\u00d6NMEK \u0130\u00c7\u0130N \u00dcZER\u0130NE D\u00dc\u015eEN HER \u015eEY\u0130 YAPTI\u011eINI BEL\u0130RTEREK &#8220;\u0130Y\u0130 K\u0130 BE\u015e\u0130KTA\u015e&#8217;A GER\u0130 GELM\u0130\u015e\u0130M&#8221; DED\u0130. \u015eENOL G\u00dcNE\u015e&#8217;E DE DE\u011e\u0130NEN YILDIZ FUTBOLCU, &#8220;\u015eENOL G\u00dcNE\u015e&#8217;\u0130N HAYATIMDAK\u0130 YER\u0130 TAR\u0130F ED\u0130LEMEZ&#8221; D\u0130YE KONU\u015eTU.<\/p>\n","protected":false},"author":1,"featured_media":120880,"comment_status":"closed","ping_status":"open","sticky":false,"template":"","format":"standard","meta":{"jetpack_post_was_ever_published":false,"_jetpack_newsletter_access":"","_jetpack_dont_email_post_to_subs":false,"_jetpack_newsletter_tier_id":0,"_jetpack_memberships_contains_paywalled_content":false,"_jetpack_memberships_contains_paid_content":false,"footnotes":"","jetpack_publicize_message":"","jetpack_publicize_feature_enabled":true,"jetpack_social_post_already_shared":true,"jetpack_social_options":{"image_generator_settings":{"template":"highway","default_image_id":0,"font":"","enabled":false},"version":2}},"categories":[657],"tags":[12913,7932,29030,592,1552,4688],"class_list":["post-120879","post","type-post","status-publish","format-standard","has-post-thumbnail","hentry","category-spor","tag-besiktasa","tag-burak","tag-gelmisim","tag-geri","tag-iyi","tag-yilmaz"],"jetpack_publicize_connections":[],"jetpack_featured_media_url":"https:\/\/i0.wp.com\/www.tvturk.com\/wp-content\/uploads\/2019\/04\/burak-yilmaz-iyi-ki-besiktasa-geri-gelmisim_e040464.jpg?fit=850%2C567","jetpack_sharing_enabled":true,"jetpack_shortlink":"https:\/\/wp.me\/paKIfm-vrF","_links":{"self":[{"href":"http:\/\/www.tvturk.com\/index.php\/wp-json\/wp\/v2\/posts\/120879","targetHints":{"allow":["GET"]}}],"collection":[{"href":"http:\/\/www.tvturk.com\/index.php\/wp-json\/wp\/v2\/posts"}],"about":[{"href":"http:\/\/www.tvturk.com\/index.php\/wp-json\/wp\/v2\/types\/post"}],"author":[{"embeddable":true,"href":"http:\/\/www.tvturk.com\/index.php\/wp-json\/wp\/v2\/users\/1"}],"replies":[{"embeddable":true,"href":"http:\/\/www.tvturk.com\/index.php\/wp-json\/wp\/v2\/comments?post=120879"}],"version-history":[{"count":1,"href":"http:\/\/www.tvturk.com\/index.php\/wp-json\/wp\/v2\/posts\/120879\/revisions"}],"predecessor-version":[{"id":120884,"href":"http:\/\/www.tvturk.com\/index.php\/wp-json\/wp\/v2\/posts\/120879\/revisions\/120884"}],"wp:featuredmedia":[{"embeddable":true,"href":"http:\/\/www.tvturk.com\/index.php\/wp-json\/wp\/v2\/media\/120880"}],"wp:attachment":[{"href":"http:\/\/www.tvturk.com\/index.php\/wp-json\/wp\/v2\/media?parent=120879"}],"wp:term":[{"taxonomy":"category","embeddable":true,"href":"http:\/\/www.tvturk.com\/index.php\/wp-json\/wp\/v2\/categories?post=120879"},{"taxonomy":"post_tag","embeddable":true,"href":"http:\/\/www.tvturk.com\/index.php\/wp-json\/wp\/v2\/tags?post=120879"}],"curies":[{"name":"wp","href":"https:\/\/api.w.org\/{rel}","templated":true}]}}