{"id":120967,"date":"2019-04-01T15:41:40","date_gmt":"2019-04-01T12:41:40","guid":{"rendered":"http:\/\/www.tvturk.com\/index.php\/toyotanin-hayalimdeki-araba-resim-yarismasinin-sonuclari-belli-oldu\/"},"modified":"2019-04-01T15:41:46","modified_gmt":"2019-04-01T12:41:46","slug":"toyotanin-hayalimdeki-araba-resim-yarismasinin-sonuclari-belli-oldu","status":"publish","type":"post","link":"http:\/\/www.tvturk.com\/index.php\/toyotanin-hayalimdeki-araba-resim-yarismasinin-sonuclari-belli-oldu\/","title":{"rendered":"Toyota\u2019n\u0131n \u2018Hayalimdeki Araba Resim Yar\u0131\u015fmas\u0131\u2019n\u0131n sonu\u00e7lar\u0131 belli oldu"},"content":{"rendered":"<p>Toyota taraf\u0131ndan d\u00fczenlenen ve d\u00fcnyan\u0131n 5 k\u0131tas\u0131ndan binlerce \u00e7ocu\u011fun kat\u0131ld\u0131\u011f\u0131 uluslararas\u0131 \u2018Hayalimdeki Araba Resim Yar\u0131\u015fmas\u0131\u2019n\u0131n T\u00fcrkiye se\u00e7melerinde dereceye girenler belli oldu.<\/p>\n<p>Milli E\u011fitim Bakanl\u0131\u011f\u0131\u2019n\u0131n deste\u011fi ile 15 Aral\u0131k 2018-22 \u015eubat 2019 tarihleri aras\u0131nda d\u00fczenlenen ve T\u00fcrk \u00e7ocuklar\u0131n\u0131n alt\u0131nc\u0131 kez yer ald\u0131\u011f\u0131 yar\u0131\u015fmaya T\u00fcrkiye\u2019nin 46 ilinden 5 bin 73 \u00e7ocuk otomobillerin gelece\u011fini hayal ettikleri birbirinden ilgin\u00e7 resimlerle kat\u0131ld\u0131. J\u00fcri de\u011ferlendirmesi sonucunda 8 ya\u015f alt\u0131 kategorisinde \u0130zmir\u2019den Nilay Ulu\u00e7ay, 8-11 ya\u015f kategorisinde Konya\u2019dan Taylan \u00d6rs ve 12-15 ya\u015f kategorisinde de Sakarya\u2019dan Hande Kaya birincilik kazand\u0131. Dereceye girenler Tokyo\u2019da yap\u0131lacak d\u00fcnya yar\u0131\u015fmas\u0131nda T\u00fcrkiye\u2019yi temsil edecek.<\/p>\n<p>Hayalimdeki Araba Resim Yar\u0131\u015fmas\u0131 i\u00e7in gelen resim \u00e7al\u0131\u015fmalar\u0131ndan, kat\u0131l\u0131m ko\u015fullar\u0131na uygun olanlar, Prof. Dr. Ayd\u0131n Ayan Ba\u015fkanl\u0131\u011f\u0131\u2019nda, Prof. Dr. Zahit B\u00fcy\u00fcki\u015fliyen, Prof. Dr. G\u00fclveli Kaya, Do\u00e7. Dr. Burcu Ayan Ergen, Do\u00e7. Dr. Evren Karayel G\u00f6kkaya ve Dr. Ar\u015f. G\u00f6r. Mehmet G\u00f6ktepe\u2019den olu\u015fan j\u00fcri taraf\u0131ndan de\u011ferlendirildi.<\/p>\n<p>D\u00fcnya Yar\u0131\u015fmas\u0131 Japonya\u2019da<\/p>\n<p>Her 3 kategoride ilk 3 dereceyi kazanan toplam 9 finalistin eserlerinin T\u00fcrkiye ad\u0131na yar\u0131\u015faca\u011f\u0131 d\u00fcnya yar\u0131\u015fmas\u0131, 5 k\u0131tadan gelecek se\u00e7ilmi\u015f resimlerin kat\u0131l\u0131m\u0131yla Japonya\u2019da d\u00fczenlenecek. Yar\u0131\u015fma sonucunda birinci, ikinci, \u00fc\u00e7\u00fcnc\u00fc ve onur dereceleri belirlenirken, Bronz, G\u00fcm\u00fc\u015f, Alt\u0131n ve bunlar\u0131n aras\u0131ndan da Ba\u015fkan Toyoda \u00d6zel \u00d6d\u00fcl\u00fc kazanacaklar.<\/p>\n<p>T\u00fcrkiye Aya\u011f\u0131nda Kazananlar \u015f\u00f6yle:<\/p>\n<p>\u201cHayalimdeki Araba Resim Yar\u0131\u015fmas\u0131\u201d J\u00fcri de\u011ferlendirmesi sonucunda ya\u015f kategorilerinde s\u0131ralama \u015fu \u015fekilde olu\u015ftu:<\/p>\n<p>7 Ya\u015f Alt\u0131 Kategorisi:<\/p>\n<p>1. Nilay Ulu\u00e7ay (\u0130zmir)<\/p>\n<p>2. Merve Beg\u00fcm Ayval\u0131 (Amasya)<\/p>\n<p>3. Selin Ang\u0131 (Samsun)<\/p>\n<p>8-11 Ya\u015f Kategorisi:<\/p>\n<p>1. Taylan \u00d6rs (Konya)<\/p>\n<p>2. Elis Yaz\u0131c\u0131 (Samsun)<\/p>\n<p>3. Caner Tufan Atag\u00fcn (Samsun)<\/p>\n<p>12-15 Ya\u015f Kategorisi:<\/p>\n<p>1. Hande Kaya (Sakarya)<\/p>\n<p>2. \u00c7a\u011f\u0131n Akay Yaz\u0131c\u0131 (Samsun)<\/p>\n<p>3. Zeynep K\u00f6se (Ankara)<div class=\"tiled-gallery type-rectangular tiled-gallery-unresized\" data-original-width=\"500\" data-carousel-extra='null' itemscope itemtype=\"http:\/\/schema.org\/ImageGallery\" > <div class=\"gallery-row\" style=\"width: 500px; height: 234px;\" data-original-width=\"500\" data-original-height=\"234\" > <div class=\"gallery-group images-1\" style=\"width: 334px; height: 234px;\" data-original-width=\"334\" data-original-height=\"234\" > <div class=\"tiled-gallery-item tiled-gallery-item-large\" itemprop=\"associatedMedia\" itemscope itemtype=\"http:\/\/schema.org\/ImageObject\"> <a href=\"http:\/\/www.tvturk.com\/index.php\/toyotanin-hayalimdeki-araba-resim-yarismasinin-sonuclari-belli-oldu\/toyotanin-hayalimdeki-araba-resim-yarismasinin-sonuclari-belli-oldu-3\/\" border=\"0\" itemprop=\"url\"> <meta itemprop=\"width\" content=\"330\"> <meta itemprop=\"height\" content=\"230\"> <img decoding=\"async\" class=\"\" data-attachment-id=\"120969\" data-orig-file=\"http:\/\/www.tvturk.com\/wp-content\/uploads\/2019\/04\/toyotanin-hayalimdeki-araba-resim-yarismasinin-sonuclari-belli-oldu_c33c726.jpg\" data-orig-size=\"1000,699\" data-comments-opened=\"\" data-image-meta=\"{&quot;aperture&quot;:&quot;0&quot;,&quot;credit&quot;:&quot;IHA&quot;,&quot;camera&quot;:&quot;&quot;,&quot;caption&quot;:&quot;TOYOTA\\u2019NIN \\u2018HAYAL\\u0130MDEK\\u0130 ARABA RES\\u0130M YARI\\u015eMASI\\u2019NIN SONU\\u00c7LARI BELL\\u0130 OLDU 2_MERVE BEGUM AYVAL\\u0130_8 YAS VE ALT\\u0130 (\\u0130HA\\\/\\u0130STANBUL-\\u0130HA)&quot;,&quot;created_timestamp&quot;:&quot;0&quot;,&quot;copyright&quot;:&quot;\\u0130HLAS HABER AJANSI, www.iha.com.tr&quot;,&quot;focal_length&quot;:&quot;0&quot;,&quot;iso&quot;:&quot;0&quot;,&quot;shutter_speed&quot;:&quot;0&quot;,&quot;title&quot;:&quot;TOYOTA\\u2019NIN \\u2018HAYAL\\u0130MDEK\\u0130 ARABA RES\\u0130M YARI\\u015eMASI\\u2019NIN SONU\\u00c7LARI BELL\\u0130 OLDU&quot;,&quot;orientation&quot;:&quot;0&quot;}\" data-image-title=\"Toyota\u2019n\u0131n \u2018Hayalimdeki Araba Resim Yar\u0131\u015fmas\u0131\u2019n\u0131n sonu\u00e7lar\u0131 belli oldu\" data-image-description=\"&lt;p&gt;Toyota\u2019n\u0131n \u2018Hayalimdeki Araba Resim Yar\u0131\u015fmas\u0131\u2019n\u0131n sonu\u00e7lar\u0131 belli oldu&lt;\/p&gt; \" data-medium-file=\"https:\/\/i0.wp.com\/www.tvturk.com\/wp-content\/uploads\/2019\/04\/toyotanin-hayalimdeki-araba-resim-yarismasinin-sonuclari-belli-oldu_c33c726.jpg?fit=300%2C210\" data-large-file=\"https:\/\/i0.wp.com\/www.tvturk.com\/wp-content\/uploads\/2019\/04\/toyotanin-hayalimdeki-araba-resim-yarismasinin-sonuclari-belli-oldu_c33c726.jpg?fit=1000%2C699\" src=\"https:\/\/i0.wp.com\/www.tvturk.com\/wp-content\/uploads\/2019\/04\/toyotanin-hayalimdeki-araba-resim-yarismasinin-sonuclari-belli-oldu_c33c726.jpg?w=330&#038;h=230\" srcset=\"https:\/\/i0.wp.com\/www.tvturk.com\/wp-content\/uploads\/2019\/04\/toyotanin-hayalimdeki-araba-resim-yarismasinin-sonuclari-belli-oldu_c33c726.jpg?w=1000 1000w, https:\/\/i0.wp.com\/www.tvturk.com\/wp-content\/uploads\/2019\/04\/toyotanin-hayalimdeki-araba-resim-yarismasinin-sonuclari-belli-oldu_c33c726.jpg?resize=150%2C105 150w, https:\/\/i0.wp.com\/www.tvturk.com\/wp-content\/uploads\/2019\/04\/toyotanin-hayalimdeki-araba-resim-yarismasinin-sonuclari-belli-oldu_c33c726.jpg?resize=300%2C210 300w, https:\/\/i0.wp.com\/www.tvturk.com\/wp-content\/uploads\/2019\/04\/toyotanin-hayalimdeki-araba-resim-yarismasinin-sonuclari-belli-oldu_c33c726.jpg?resize=768%2C537 768w, https:\/\/i0.wp.com\/www.tvturk.com\/wp-content\/uploads\/2019\/04\/toyotanin-hayalimdeki-araba-resim-yarismasinin-sonuclari-belli-oldu_c33c726.jpg?resize=80%2C55 80w\" width=\"330\" height=\"230\" loading=\"lazy\" data-original-width=\"330\" data-original-height=\"230\" itemprop=\"http:\/\/schema.org\/image\" title=\"Toyota\u2019n\u0131n \u2018Hayalimdeki Araba Resim Yar\u0131\u015fmas\u0131\u2019n\u0131n sonu\u00e7lar\u0131 belli oldu\" alt=\"Toyota\u2019n\u0131n \u2018Hayalimdeki Araba Resim Yar\u0131\u015fmas\u0131\u2019n\u0131n sonu\u00e7lar\u0131 belli oldu\" style=\"width: 330px; height: 230px;\" \/> <\/a> <\/div> <\/div> <!-- close group --> <div class=\"gallery-group images-2\" style=\"width: 166px; height: 234px;\" data-original-width=\"166\" data-original-height=\"234\" > <div class=\"tiled-gallery-item tiled-gallery-item-small\" itemprop=\"associatedMedia\" itemscope itemtype=\"http:\/\/schema.org\/ImageObject\"> <a href=\"http:\/\/www.tvturk.com\/index.php\/toyotanin-hayalimdeki-araba-resim-yarismasinin-sonuclari-belli-oldu\/toyotanin-hayalimdeki-araba-resim-yarismasinin-sonuclari-belli-oldu-4\/\" border=\"0\" itemprop=\"url\"> <meta itemprop=\"width\" content=\"162\"> <meta itemprop=\"height\" content=\"112\"> <img decoding=\"async\" class=\"\" data-attachment-id=\"120970\" data-orig-file=\"http:\/\/www.tvturk.com\/wp-content\/uploads\/2019\/04\/toyotanin-hayalimdeki-araba-resim-yarismasinin-sonuclari-belli-oldu_67d2f8e.jpg\" data-orig-size=\"1000,689\" data-comments-opened=\"\" data-image-meta=\"{&quot;aperture&quot;:&quot;0&quot;,&quot;credit&quot;:&quot;IHA&quot;,&quot;camera&quot;:&quot;&quot;,&quot;caption&quot;:&quot;TOYOTA\\u2019NIN \\u2018HAYAL\\u0130MDEK\\u0130 ARABA RES\\u0130M YARI\\u015eMASI\\u2019NIN SONU\\u00c7LARI BELL\\u0130 OLDU 3_SEL\\u0130N ANG\\u0130_8 YAS VE ALT\\u0130 (\\u0130HA\\\/\\u0130STANBUL-\\u0130HA)&quot;,&quot;created_timestamp&quot;:&quot;0&quot;,&quot;copyright&quot;:&quot;\\u0130HLAS HABER AJANSI, www.iha.com.tr&quot;,&quot;focal_length&quot;:&quot;0&quot;,&quot;iso&quot;:&quot;0&quot;,&quot;shutter_speed&quot;:&quot;0&quot;,&quot;title&quot;:&quot;TOYOTA\\u2019NIN \\u2018HAYAL\\u0130MDEK\\u0130 ARABA RES\\u0130M YARI\\u015eMASI\\u2019NIN SONU\\u00c7LARI BELL\\u0130 OLDU&quot;,&quot;orientation&quot;:&quot;0&quot;}\" data-image-title=\"Toyota\u2019n\u0131n \u2018Hayalimdeki Araba Resim Yar\u0131\u015fmas\u0131\u2019n\u0131n sonu\u00e7lar\u0131 belli oldu\" data-image-description=\"&lt;p&gt;Toyota\u2019n\u0131n \u2018Hayalimdeki Araba Resim Yar\u0131\u015fmas\u0131\u2019n\u0131n sonu\u00e7lar\u0131 belli oldu&lt;\/p&gt; \" data-medium-file=\"https:\/\/i0.wp.com\/www.tvturk.com\/wp-content\/uploads\/2019\/04\/toyotanin-hayalimdeki-araba-resim-yarismasinin-sonuclari-belli-oldu_67d2f8e.jpg?fit=300%2C207\" data-large-file=\"https:\/\/i0.wp.com\/www.tvturk.com\/wp-content\/uploads\/2019\/04\/toyotanin-hayalimdeki-araba-resim-yarismasinin-sonuclari-belli-oldu_67d2f8e.jpg?fit=1000%2C689\" src=\"https:\/\/i0.wp.com\/www.tvturk.com\/wp-content\/uploads\/2019\/04\/toyotanin-hayalimdeki-araba-resim-yarismasinin-sonuclari-belli-oldu_67d2f8e.jpg?w=162&#038;h=112\" srcset=\"https:\/\/i0.wp.com\/www.tvturk.com\/wp-content\/uploads\/2019\/04\/toyotanin-hayalimdeki-araba-resim-yarismasinin-sonuclari-belli-oldu_67d2f8e.jpg?w=1000 1000w, https:\/\/i0.wp.com\/www.tvturk.com\/wp-content\/uploads\/2019\/04\/toyotanin-hayalimdeki-araba-resim-yarismasinin-sonuclari-belli-oldu_67d2f8e.jpg?resize=150%2C103 150w, https:\/\/i0.wp.com\/www.tvturk.com\/wp-content\/uploads\/2019\/04\/toyotanin-hayalimdeki-araba-resim-yarismasinin-sonuclari-belli-oldu_67d2f8e.jpg?resize=300%2C207 300w, https:\/\/i0.wp.com\/www.tvturk.com\/wp-content\/uploads\/2019\/04\/toyotanin-hayalimdeki-araba-resim-yarismasinin-sonuclari-belli-oldu_67d2f8e.jpg?resize=768%2C529 768w, https:\/\/i0.wp.com\/www.tvturk.com\/wp-content\/uploads\/2019\/04\/toyotanin-hayalimdeki-araba-resim-yarismasinin-sonuclari-belli-oldu_67d2f8e.jpg?resize=80%2C55 80w\" width=\"162\" height=\"112\" loading=\"lazy\" data-original-width=\"162\" data-original-height=\"112\" itemprop=\"http:\/\/schema.org\/image\" title=\"Toyota\u2019n\u0131n \u2018Hayalimdeki Araba Resim Yar\u0131\u015fmas\u0131\u2019n\u0131n sonu\u00e7lar\u0131 belli oldu\" alt=\"Toyota\u2019n\u0131n \u2018Hayalimdeki Araba Resim Yar\u0131\u015fmas\u0131\u2019n\u0131n sonu\u00e7lar\u0131 belli oldu\" style=\"width: 162px; height: 112px;\" \/> <\/a> <\/div> <div class=\"tiled-gallery-item tiled-gallery-item-small\" itemprop=\"associatedMedia\" itemscope itemtype=\"http:\/\/schema.org\/ImageObject\"> <a href=\"http:\/\/www.tvturk.com\/index.php\/toyotanin-hayalimdeki-araba-resim-yarismasinin-sonuclari-belli-oldu\/toyotanin-hayalimdeki-araba-resim-yarismasinin-sonuclari-belli-oldu-5\/\" border=\"0\" itemprop=\"url\"> <meta itemprop=\"width\" content=\"162\"> <meta itemprop=\"height\" content=\"114\"> <img decoding=\"async\" class=\"\" data-attachment-id=\"120971\" data-orig-file=\"http:\/\/www.tvturk.com\/wp-content\/uploads\/2019\/04\/toyotanin-hayalimdeki-araba-resim-yarismasinin-sonuclari-belli-oldu_453e28e.jpg\" data-orig-size=\"1000,707\" data-comments-opened=\"\" data-image-meta=\"{&quot;aperture&quot;:&quot;0&quot;,&quot;credit&quot;:&quot;IHA&quot;,&quot;camera&quot;:&quot;&quot;,&quot;caption&quot;:&quot;TOYOTA\\u2019NIN \\u2018HAYAL\\u0130MDEK\\u0130 ARABA RES\\u0130M YARI\\u015eMASI\\u2019NIN SONU\\u00c7LARI BELL\\u0130 OLDU 3_CANER TUFAN ATAGUN_8-11 YAS (\\u0130HA\\\/\\u0130STANBUL-\\u0130HA)&quot;,&quot;created_timestamp&quot;:&quot;0&quot;,&quot;copyright&quot;:&quot;\\u0130HLAS HABER AJANSI, www.iha.com.tr&quot;,&quot;focal_length&quot;:&quot;0&quot;,&quot;iso&quot;:&quot;0&quot;,&quot;shutter_speed&quot;:&quot;0&quot;,&quot;title&quot;:&quot;TOYOTA\\u2019NIN \\u2018HAYAL\\u0130MDEK\\u0130 ARABA RES\\u0130M YARI\\u015eMASI\\u2019NIN SONU\\u00c7LARI BELL\\u0130 OLDU&quot;,&quot;orientation&quot;:&quot;0&quot;}\" data-image-title=\"Toyota\u2019n\u0131n \u2018Hayalimdeki Araba Resim Yar\u0131\u015fmas\u0131\u2019n\u0131n sonu\u00e7lar\u0131 belli oldu\" data-image-description=\"&lt;p&gt;Toyota\u2019n\u0131n \u2018Hayalimdeki Araba Resim Yar\u0131\u015fmas\u0131\u2019n\u0131n sonu\u00e7lar\u0131 belli oldu&lt;\/p&gt; \" data-medium-file=\"https:\/\/i0.wp.com\/www.tvturk.com\/wp-content\/uploads\/2019\/04\/toyotanin-hayalimdeki-araba-resim-yarismasinin-sonuclari-belli-oldu_453e28e.jpg?fit=300%2C212\" data-large-file=\"https:\/\/i0.wp.com\/www.tvturk.com\/wp-content\/uploads\/2019\/04\/toyotanin-hayalimdeki-araba-resim-yarismasinin-sonuclari-belli-oldu_453e28e.jpg?fit=1000%2C707\" src=\"https:\/\/i0.wp.com\/www.tvturk.com\/wp-content\/uploads\/2019\/04\/toyotanin-hayalimdeki-araba-resim-yarismasinin-sonuclari-belli-oldu_453e28e.jpg?w=162&#038;h=114\" srcset=\"https:\/\/i0.wp.com\/www.tvturk.com\/wp-content\/uploads\/2019\/04\/toyotanin-hayalimdeki-araba-resim-yarismasinin-sonuclari-belli-oldu_453e28e.jpg?w=1000 1000w, https:\/\/i0.wp.com\/www.tvturk.com\/wp-content\/uploads\/2019\/04\/toyotanin-hayalimdeki-araba-resim-yarismasinin-sonuclari-belli-oldu_453e28e.jpg?resize=150%2C106 150w, https:\/\/i0.wp.com\/www.tvturk.com\/wp-content\/uploads\/2019\/04\/toyotanin-hayalimdeki-araba-resim-yarismasinin-sonuclari-belli-oldu_453e28e.jpg?resize=300%2C212 300w, https:\/\/i0.wp.com\/www.tvturk.com\/wp-content\/uploads\/2019\/04\/toyotanin-hayalimdeki-araba-resim-yarismasinin-sonuclari-belli-oldu_453e28e.jpg?resize=768%2C543 768w, https:\/\/i0.wp.com\/www.tvturk.com\/wp-content\/uploads\/2019\/04\/toyotanin-hayalimdeki-araba-resim-yarismasinin-sonuclari-belli-oldu_453e28e.jpg?resize=80%2C55 80w\" width=\"162\" height=\"114\" loading=\"lazy\" data-original-width=\"162\" data-original-height=\"114\" itemprop=\"http:\/\/schema.org\/image\" title=\"Toyota\u2019n\u0131n \u2018Hayalimdeki Araba Resim Yar\u0131\u015fmas\u0131\u2019n\u0131n sonu\u00e7lar\u0131 belli oldu\" alt=\"Toyota\u2019n\u0131n \u2018Hayalimdeki Araba Resim Yar\u0131\u015fmas\u0131\u2019n\u0131n sonu\u00e7lar\u0131 belli oldu\" style=\"width: 162px; height: 114px;\" \/> <\/a> <\/div> <\/div> <!-- close group --> <\/div> <!-- close row --> <div class=\"gallery-row\" style=\"width: 500px; height: 355px;\" data-original-width=\"500\" data-original-height=\"355\" > <div class=\"gallery-group images-2\" style=\"width: 248px; height: 355px;\" data-original-width=\"248\" data-original-height=\"355\" > <div class=\"tiled-gallery-item tiled-gallery-item-small\" itemprop=\"associatedMedia\" itemscope itemtype=\"http:\/\/schema.org\/ImageObject\"> <a href=\"http:\/\/www.tvturk.com\/index.php\/toyotanin-hayalimdeki-araba-resim-yarismasinin-sonuclari-belli-oldu\/toyotanin-hayalimdeki-araba-resim-yarismasinin-sonuclari-belli-oldu-6\/\" border=\"0\" itemprop=\"url\"> <meta itemprop=\"width\" content=\"244\"> <meta itemprop=\"height\" content=\"175\"> <img decoding=\"async\" class=\"\" data-attachment-id=\"120972\" data-orig-file=\"http:\/\/www.tvturk.com\/wp-content\/uploads\/2019\/04\/toyotanin-hayalimdeki-araba-resim-yarismasinin-sonuclari-belli-oldu_c8844ba.jpg\" data-orig-size=\"1000,717\" data-comments-opened=\"\" data-image-meta=\"{&quot;aperture&quot;:&quot;0&quot;,&quot;credit&quot;:&quot;IHA&quot;,&quot;camera&quot;:&quot;&quot;,&quot;caption&quot;:&quot;TOYOTA\\u2019NIN \\u2018HAYAL\\u0130MDEK\\u0130 ARABA RES\\u0130M YARI\\u015eMASI\\u2019NIN SONU\\u00c7LARI BELL\\u0130 OLDU 1_HANDE KAYA_12-15 YAS 1 (\\u0130HA\\\/\\u0130STANBUL-\\u0130HA)&quot;,&quot;created_timestamp&quot;:&quot;0&quot;,&quot;copyright&quot;:&quot;\\u0130HLAS HABER AJANSI, www.iha.com.tr&quot;,&quot;focal_length&quot;:&quot;0&quot;,&quot;iso&quot;:&quot;0&quot;,&quot;shutter_speed&quot;:&quot;0&quot;,&quot;title&quot;:&quot;TOYOTA\\u2019NIN \\u2018HAYAL\\u0130MDEK\\u0130 ARABA RES\\u0130M YARI\\u015eMASI\\u2019NIN SONU\\u00c7LARI BELL\\u0130 OLDU&quot;,&quot;orientation&quot;:&quot;0&quot;}\" data-image-title=\"Toyota\u2019n\u0131n \u2018Hayalimdeki Araba Resim Yar\u0131\u015fmas\u0131\u2019n\u0131n sonu\u00e7lar\u0131 belli oldu\" data-image-description=\"&lt;p&gt;Toyota\u2019n\u0131n \u2018Hayalimdeki Araba Resim Yar\u0131\u015fmas\u0131\u2019n\u0131n sonu\u00e7lar\u0131 belli oldu&lt;\/p&gt; \" data-medium-file=\"https:\/\/i0.wp.com\/www.tvturk.com\/wp-content\/uploads\/2019\/04\/toyotanin-hayalimdeki-araba-resim-yarismasinin-sonuclari-belli-oldu_c8844ba.jpg?fit=300%2C215\" data-large-file=\"https:\/\/i0.wp.com\/www.tvturk.com\/wp-content\/uploads\/2019\/04\/toyotanin-hayalimdeki-araba-resim-yarismasinin-sonuclari-belli-oldu_c8844ba.jpg?fit=1000%2C717\" src=\"https:\/\/i0.wp.com\/www.tvturk.com\/wp-content\/uploads\/2019\/04\/toyotanin-hayalimdeki-araba-resim-yarismasinin-sonuclari-belli-oldu_c8844ba.jpg?w=244&#038;h=175\" srcset=\"https:\/\/i0.wp.com\/www.tvturk.com\/wp-content\/uploads\/2019\/04\/toyotanin-hayalimdeki-araba-resim-yarismasinin-sonuclari-belli-oldu_c8844ba.jpg?w=1000 1000w, https:\/\/i0.wp.com\/www.tvturk.com\/wp-content\/uploads\/2019\/04\/toyotanin-hayalimdeki-araba-resim-yarismasinin-sonuclari-belli-oldu_c8844ba.jpg?resize=150%2C108 150w, https:\/\/i0.wp.com\/www.tvturk.com\/wp-content\/uploads\/2019\/04\/toyotanin-hayalimdeki-araba-resim-yarismasinin-sonuclari-belli-oldu_c8844ba.jpg?resize=300%2C215 300w, https:\/\/i0.wp.com\/www.tvturk.com\/wp-content\/uploads\/2019\/04\/toyotanin-hayalimdeki-araba-resim-yarismasinin-sonuclari-belli-oldu_c8844ba.jpg?resize=768%2C551 768w\" width=\"244\" height=\"175\" loading=\"lazy\" data-original-width=\"244\" data-original-height=\"175\" itemprop=\"http:\/\/schema.org\/image\" title=\"Toyota\u2019n\u0131n \u2018Hayalimdeki Araba Resim Yar\u0131\u015fmas\u0131\u2019n\u0131n sonu\u00e7lar\u0131 belli oldu\" alt=\"Toyota\u2019n\u0131n \u2018Hayalimdeki Araba Resim Yar\u0131\u015fmas\u0131\u2019n\u0131n sonu\u00e7lar\u0131 belli oldu\" style=\"width: 244px; height: 175px;\" \/> <\/a> <\/div> <div class=\"tiled-gallery-item tiled-gallery-item-small\" itemprop=\"associatedMedia\" itemscope itemtype=\"http:\/\/schema.org\/ImageObject\"> <a href=\"http:\/\/www.tvturk.com\/index.php\/toyotanin-hayalimdeki-araba-resim-yarismasinin-sonuclari-belli-oldu\/toyotanin-hayalimdeki-araba-resim-yarismasinin-sonuclari-belli-oldu-7\/\" border=\"0\" itemprop=\"url\"> <meta itemprop=\"width\" content=\"244\"> <meta itemprop=\"height\" content=\"172\"> <img decoding=\"async\" class=\"\" data-attachment-id=\"120973\" data-orig-file=\"http:\/\/www.tvturk.com\/wp-content\/uploads\/2019\/04\/toyotanin-hayalimdeki-araba-resim-yarismasinin-sonuclari-belli-oldu_e4c1d7c.jpg\" data-orig-size=\"1000,706\" data-comments-opened=\"\" data-image-meta=\"{&quot;aperture&quot;:&quot;0&quot;,&quot;credit&quot;:&quot;IHA&quot;,&quot;camera&quot;:&quot;&quot;,&quot;caption&quot;:&quot;TOYOTA\\u2019NIN \\u2018HAYAL\\u0130MDEK\\u0130 ARABA RES\\u0130M YARI\\u015eMASI\\u2019NIN SONU\\u00c7LARI BELL\\u0130 OLDU 3_ZEYNEP KOSE_12-15 YAS (\\u0130HA\\\/\\u0130STANBUL-\\u0130HA)&quot;,&quot;created_timestamp&quot;:&quot;0&quot;,&quot;copyright&quot;:&quot;\\u0130HLAS HABER AJANSI, www.iha.com.tr&quot;,&quot;focal_length&quot;:&quot;0&quot;,&quot;iso&quot;:&quot;0&quot;,&quot;shutter_speed&quot;:&quot;0&quot;,&quot;title&quot;:&quot;TOYOTA\\u2019NIN \\u2018HAYAL\\u0130MDEK\\u0130 ARABA RES\\u0130M YARI\\u015eMASI\\u2019NIN SONU\\u00c7LARI BELL\\u0130 OLDU&quot;,&quot;orientation&quot;:&quot;0&quot;}\" data-image-title=\"Toyota\u2019n\u0131n \u2018Hayalimdeki Araba Resim Yar\u0131\u015fmas\u0131\u2019n\u0131n sonu\u00e7lar\u0131 belli oldu\" data-image-description=\"&lt;p&gt;Toyota\u2019n\u0131n \u2018Hayalimdeki Araba Resim Yar\u0131\u015fmas\u0131\u2019n\u0131n sonu\u00e7lar\u0131 belli oldu&lt;\/p&gt; \" data-medium-file=\"https:\/\/i0.wp.com\/www.tvturk.com\/wp-content\/uploads\/2019\/04\/toyotanin-hayalimdeki-araba-resim-yarismasinin-sonuclari-belli-oldu_e4c1d7c.jpg?fit=300%2C212\" data-large-file=\"https:\/\/i0.wp.com\/www.tvturk.com\/wp-content\/uploads\/2019\/04\/toyotanin-hayalimdeki-araba-resim-yarismasinin-sonuclari-belli-oldu_e4c1d7c.jpg?fit=1000%2C706\" src=\"https:\/\/i0.wp.com\/www.tvturk.com\/wp-content\/uploads\/2019\/04\/toyotanin-hayalimdeki-araba-resim-yarismasinin-sonuclari-belli-oldu_e4c1d7c.jpg?w=244&#038;h=172\" srcset=\"https:\/\/i0.wp.com\/www.tvturk.com\/wp-content\/uploads\/2019\/04\/toyotanin-hayalimdeki-araba-resim-yarismasinin-sonuclari-belli-oldu_e4c1d7c.jpg?w=1000 1000w, https:\/\/i0.wp.com\/www.tvturk.com\/wp-content\/uploads\/2019\/04\/toyotanin-hayalimdeki-araba-resim-yarismasinin-sonuclari-belli-oldu_e4c1d7c.jpg?resize=150%2C106 150w, https:\/\/i0.wp.com\/www.tvturk.com\/wp-content\/uploads\/2019\/04\/toyotanin-hayalimdeki-araba-resim-yarismasinin-sonuclari-belli-oldu_e4c1d7c.jpg?resize=300%2C212 300w, https:\/\/i0.wp.com\/www.tvturk.com\/wp-content\/uploads\/2019\/04\/toyotanin-hayalimdeki-araba-resim-yarismasinin-sonuclari-belli-oldu_e4c1d7c.jpg?resize=768%2C542 768w, https:\/\/i0.wp.com\/www.tvturk.com\/wp-content\/uploads\/2019\/04\/toyotanin-hayalimdeki-araba-resim-yarismasinin-sonuclari-belli-oldu_e4c1d7c.jpg?resize=80%2C55 80w\" width=\"244\" height=\"172\" loading=\"lazy\" data-original-width=\"244\" data-original-height=\"172\" itemprop=\"http:\/\/schema.org\/image\" title=\"Toyota\u2019n\u0131n \u2018Hayalimdeki Araba Resim Yar\u0131\u015fmas\u0131\u2019n\u0131n sonu\u00e7lar\u0131 belli oldu\" alt=\"Toyota\u2019n\u0131n \u2018Hayalimdeki Araba Resim Yar\u0131\u015fmas\u0131\u2019n\u0131n sonu\u00e7lar\u0131 belli oldu\" style=\"width: 244px; height: 172px;\" \/> <\/a> <\/div> <\/div> <!-- close group --> <div class=\"gallery-group images-1\" style=\"width: 252px; height: 355px;\" data-original-width=\"252\" data-original-height=\"355\" > <div class=\"tiled-gallery-item tiled-gallery-item-small\" itemprop=\"associatedMedia\" itemscope itemtype=\"http:\/\/schema.org\/ImageObject\"> <a href=\"http:\/\/www.tvturk.com\/index.php\/toyotanin-hayalimdeki-araba-resim-yarismasinin-sonuclari-belli-oldu\/toyotanin-hayalimdeki-araba-resim-yarismasinin-sonuclari-belli-oldu-8\/\" border=\"0\" itemprop=\"url\"> <meta itemprop=\"width\" content=\"248\"> <meta itemprop=\"height\" content=\"351\"> <img decoding=\"async\" class=\"\" data-attachment-id=\"120974\" data-orig-file=\"http:\/\/www.tvturk.com\/wp-content\/uploads\/2019\/04\/toyotanin-hayalimdeki-araba-resim-yarismasinin-sonuclari-belli-oldu_a3dfb50.jpg\" data-orig-size=\"707,1000\" data-comments-opened=\"\" data-image-meta=\"{&quot;aperture&quot;:&quot;0&quot;,&quot;credit&quot;:&quot;IHA&quot;,&quot;camera&quot;:&quot;&quot;,&quot;caption&quot;:&quot;TOYOTA\\u2019NIN \\u2018HAYAL\\u0130MDEK\\u0130 ARABA RES\\u0130M YARI\\u015eMASI\\u2019NIN SONU\\u00c7LARI BELL\\u0130 OLDU 1_TAYLAN ORS_8-11 YAS (\\u0130HA\\\/\\u0130STANBUL-\\u0130HA)&quot;,&quot;created_timestamp&quot;:&quot;0&quot;,&quot;copyright&quot;:&quot;\\u0130HLAS HABER AJANSI, www.iha.com.tr&quot;,&quot;focal_length&quot;:&quot;0&quot;,&quot;iso&quot;:&quot;0&quot;,&quot;shutter_speed&quot;:&quot;0&quot;,&quot;title&quot;:&quot;TOYOTA\\u2019NIN \\u2018HAYAL\\u0130MDEK\\u0130 ARABA RES\\u0130M YARI\\u015eMASI\\u2019NIN SONU\\u00c7LARI BELL\\u0130 OLDU&quot;,&quot;orientation&quot;:&quot;0&quot;}\" data-image-title=\"Toyota\u2019n\u0131n \u2018Hayalimdeki Araba Resim Yar\u0131\u015fmas\u0131\u2019n\u0131n sonu\u00e7lar\u0131 belli oldu\" data-image-description=\"&lt;p&gt;Toyota\u2019n\u0131n \u2018Hayalimdeki Araba Resim Yar\u0131\u015fmas\u0131\u2019n\u0131n sonu\u00e7lar\u0131 belli oldu&lt;\/p&gt; \" data-medium-file=\"https:\/\/i0.wp.com\/www.tvturk.com\/wp-content\/uploads\/2019\/04\/toyotanin-hayalimdeki-araba-resim-yarismasinin-sonuclari-belli-oldu_a3dfb50.jpg?fit=212%2C300\" data-large-file=\"https:\/\/i0.wp.com\/www.tvturk.com\/wp-content\/uploads\/2019\/04\/toyotanin-hayalimdeki-araba-resim-yarismasinin-sonuclari-belli-oldu_a3dfb50.jpg?fit=707%2C1000\" src=\"https:\/\/i0.wp.com\/www.tvturk.com\/wp-content\/uploads\/2019\/04\/toyotanin-hayalimdeki-araba-resim-yarismasinin-sonuclari-belli-oldu_a3dfb50.jpg?w=248&#038;h=351\" srcset=\"https:\/\/i0.wp.com\/www.tvturk.com\/wp-content\/uploads\/2019\/04\/toyotanin-hayalimdeki-araba-resim-yarismasinin-sonuclari-belli-oldu_a3dfb50.jpg?w=707 707w, https:\/\/i0.wp.com\/www.tvturk.com\/wp-content\/uploads\/2019\/04\/toyotanin-hayalimdeki-araba-resim-yarismasinin-sonuclari-belli-oldu_a3dfb50.jpg?resize=106%2C150 106w, https:\/\/i0.wp.com\/www.tvturk.com\/wp-content\/uploads\/2019\/04\/toyotanin-hayalimdeki-araba-resim-yarismasinin-sonuclari-belli-oldu_a3dfb50.jpg?resize=212%2C300 212w\" width=\"248\" height=\"351\" loading=\"lazy\" data-original-width=\"248\" data-original-height=\"351\" itemprop=\"http:\/\/schema.org\/image\" title=\"Toyota\u2019n\u0131n \u2018Hayalimdeki Araba Resim Yar\u0131\u015fmas\u0131\u2019n\u0131n sonu\u00e7lar\u0131 belli oldu\" alt=\"Toyota\u2019n\u0131n \u2018Hayalimdeki Araba Resim Yar\u0131\u015fmas\u0131\u2019n\u0131n sonu\u00e7lar\u0131 belli oldu\" style=\"width: 248px; height: 351px;\" \/> <\/a> <\/div> <\/div> <!-- close group --> <\/div> <!-- close row --> <div class=\"gallery-row\" style=\"width: 500px; height: 345px;\" data-original-width=\"500\" data-original-height=\"345\" > <div class=\"gallery-group images-1\" style=\"width: 247px; height: 345px;\" data-original-width=\"247\" data-original-height=\"345\" > <div class=\"tiled-gallery-item tiled-gallery-item-small\" itemprop=\"associatedMedia\" itemscope itemtype=\"http:\/\/schema.org\/ImageObject\"> <a href=\"http:\/\/www.tvturk.com\/index.php\/toyotanin-hayalimdeki-araba-resim-yarismasinin-sonuclari-belli-oldu\/toyotanin-hayalimdeki-araba-resim-yarismasinin-sonuclari-belli-oldu-9\/\" border=\"0\" itemprop=\"url\"> <meta itemprop=\"width\" content=\"243\"> <meta itemprop=\"height\" content=\"341\"> <img decoding=\"async\" class=\"\" data-attachment-id=\"120975\" data-orig-file=\"http:\/\/www.tvturk.com\/wp-content\/uploads\/2019\/04\/toyotanin-hayalimdeki-araba-resim-yarismasinin-sonuclari-belli-oldu_3cd30b7.jpg\" data-orig-size=\"711,1000\" data-comments-opened=\"\" data-image-meta=\"{&quot;aperture&quot;:&quot;0&quot;,&quot;credit&quot;:&quot;IHA&quot;,&quot;camera&quot;:&quot;&quot;,&quot;caption&quot;:&quot;TOYOTA\\u2019NIN \\u2018HAYAL\\u0130MDEK\\u0130 ARABA RES\\u0130M YARI\\u015eMASI\\u2019NIN SONU\\u00c7LARI BELL\\u0130 OLDU 2_EL\\u0130S YAZ\\u0130C\\u0130_8-11 YAS (\\u0130HA\\\/\\u0130STANBUL-\\u0130HA)&quot;,&quot;created_timestamp&quot;:&quot;0&quot;,&quot;copyright&quot;:&quot;\\u0130HLAS HABER AJANSI, www.iha.com.tr&quot;,&quot;focal_length&quot;:&quot;0&quot;,&quot;iso&quot;:&quot;0&quot;,&quot;shutter_speed&quot;:&quot;0&quot;,&quot;title&quot;:&quot;TOYOTA\\u2019NIN \\u2018HAYAL\\u0130MDEK\\u0130 ARABA RES\\u0130M YARI\\u015eMASI\\u2019NIN SONU\\u00c7LARI BELL\\u0130 OLDU&quot;,&quot;orientation&quot;:&quot;0&quot;}\" data-image-title=\"Toyota\u2019n\u0131n \u2018Hayalimdeki Araba Resim Yar\u0131\u015fmas\u0131\u2019n\u0131n sonu\u00e7lar\u0131 belli oldu\" data-image-description=\"&lt;p&gt;Toyota\u2019n\u0131n \u2018Hayalimdeki Araba Resim Yar\u0131\u015fmas\u0131\u2019n\u0131n sonu\u00e7lar\u0131 belli oldu&lt;\/p&gt; \" data-medium-file=\"https:\/\/i0.wp.com\/www.tvturk.com\/wp-content\/uploads\/2019\/04\/toyotanin-hayalimdeki-araba-resim-yarismasinin-sonuclari-belli-oldu_3cd30b7.jpg?fit=213%2C300\" data-large-file=\"https:\/\/i0.wp.com\/www.tvturk.com\/wp-content\/uploads\/2019\/04\/toyotanin-hayalimdeki-araba-resim-yarismasinin-sonuclari-belli-oldu_3cd30b7.jpg?fit=711%2C1000\" src=\"https:\/\/i0.wp.com\/www.tvturk.com\/wp-content\/uploads\/2019\/04\/toyotanin-hayalimdeki-araba-resim-yarismasinin-sonuclari-belli-oldu_3cd30b7.jpg?w=243&#038;h=341\" srcset=\"https:\/\/i0.wp.com\/www.tvturk.com\/wp-content\/uploads\/2019\/04\/toyotanin-hayalimdeki-araba-resim-yarismasinin-sonuclari-belli-oldu_3cd30b7.jpg?w=711 711w, https:\/\/i0.wp.com\/www.tvturk.com\/wp-content\/uploads\/2019\/04\/toyotanin-hayalimdeki-araba-resim-yarismasinin-sonuclari-belli-oldu_3cd30b7.jpg?resize=107%2C150 107w, https:\/\/i0.wp.com\/www.tvturk.com\/wp-content\/uploads\/2019\/04\/toyotanin-hayalimdeki-araba-resim-yarismasinin-sonuclari-belli-oldu_3cd30b7.jpg?resize=213%2C300 213w\" width=\"243\" height=\"341\" loading=\"lazy\" data-original-width=\"243\" data-original-height=\"341\" itemprop=\"http:\/\/schema.org\/image\" title=\"Toyota\u2019n\u0131n \u2018Hayalimdeki Araba Resim Yar\u0131\u015fmas\u0131\u2019n\u0131n sonu\u00e7lar\u0131 belli oldu\" alt=\"Toyota\u2019n\u0131n \u2018Hayalimdeki Araba Resim Yar\u0131\u015fmas\u0131\u2019n\u0131n sonu\u00e7lar\u0131 belli oldu\" style=\"width: 243px; height: 341px;\" \/> <\/a> <\/div> <\/div> <!-- close group --> <div class=\"gallery-group images-1\" style=\"width: 253px; height: 345px;\" data-original-width=\"253\" data-original-height=\"345\" > <div class=\"tiled-gallery-item tiled-gallery-item-small\" itemprop=\"associatedMedia\" itemscope itemtype=\"http:\/\/schema.org\/ImageObject\"> <a href=\"http:\/\/www.tvturk.com\/index.php\/toyotanin-hayalimdeki-araba-resim-yarismasinin-sonuclari-belli-oldu\/toyotanin-hayalimdeki-araba-resim-yarismasinin-sonuclari-belli-oldu-10\/\" border=\"0\" itemprop=\"url\"> <meta itemprop=\"width\" content=\"249\"> <meta itemprop=\"height\" content=\"341\"> <img decoding=\"async\" class=\"\" data-attachment-id=\"120976\" data-orig-file=\"http:\/\/www.tvturk.com\/wp-content\/uploads\/2019\/04\/toyotanin-hayalimdeki-araba-resim-yarismasinin-sonuclari-belli-oldu_b6fb5fb.jpg\" data-orig-size=\"730,1000\" data-comments-opened=\"\" data-image-meta=\"{&quot;aperture&quot;:&quot;0&quot;,&quot;credit&quot;:&quot;IHA&quot;,&quot;camera&quot;:&quot;&quot;,&quot;caption&quot;:&quot;TOYOTA\\u2019NIN \\u2018HAYAL\\u0130MDEK\\u0130 ARABA RES\\u0130M YARI\\u015eMASI\\u2019NIN SONU\\u00c7LARI BELL\\u0130 OLDU 2_CAG\\u0130N AKAY YAZ\\u0130C\\u0130_12-15 YAS (\\u0130HA\\\/\\u0130STANBUL-\\u0130HA)&quot;,&quot;created_timestamp&quot;:&quot;0&quot;,&quot;copyright&quot;:&quot;\\u0130HLAS HABER AJANSI, www.iha.com.tr&quot;,&quot;focal_length&quot;:&quot;0&quot;,&quot;iso&quot;:&quot;0&quot;,&quot;shutter_speed&quot;:&quot;0&quot;,&quot;title&quot;:&quot;TOYOTA\\u2019NIN \\u2018HAYAL\\u0130MDEK\\u0130 ARABA RES\\u0130M YARI\\u015eMASI\\u2019NIN SONU\\u00c7LARI BELL\\u0130 OLDU&quot;,&quot;orientation&quot;:&quot;0&quot;}\" data-image-title=\"Toyota\u2019n\u0131n \u2018Hayalimdeki Araba Resim Yar\u0131\u015fmas\u0131\u2019n\u0131n sonu\u00e7lar\u0131 belli oldu\" data-image-description=\"&lt;p&gt;Toyota\u2019n\u0131n \u2018Hayalimdeki Araba Resim Yar\u0131\u015fmas\u0131\u2019n\u0131n sonu\u00e7lar\u0131 belli oldu&lt;\/p&gt; \" data-medium-file=\"https:\/\/i0.wp.com\/www.tvturk.com\/wp-content\/uploads\/2019\/04\/toyotanin-hayalimdeki-araba-resim-yarismasinin-sonuclari-belli-oldu_b6fb5fb.jpg?fit=219%2C300\" data-large-file=\"https:\/\/i0.wp.com\/www.tvturk.com\/wp-content\/uploads\/2019\/04\/toyotanin-hayalimdeki-araba-resim-yarismasinin-sonuclari-belli-oldu_b6fb5fb.jpg?fit=730%2C1000\" src=\"https:\/\/i0.wp.com\/www.tvturk.com\/wp-content\/uploads\/2019\/04\/toyotanin-hayalimdeki-araba-resim-yarismasinin-sonuclari-belli-oldu_b6fb5fb.jpg?w=249&#038;h=341\" srcset=\"https:\/\/i0.wp.com\/www.tvturk.com\/wp-content\/uploads\/2019\/04\/toyotanin-hayalimdeki-araba-resim-yarismasinin-sonuclari-belli-oldu_b6fb5fb.jpg?w=730 730w, https:\/\/i0.wp.com\/www.tvturk.com\/wp-content\/uploads\/2019\/04\/toyotanin-hayalimdeki-araba-resim-yarismasinin-sonuclari-belli-oldu_b6fb5fb.jpg?resize=110%2C150 110w, https:\/\/i0.wp.com\/www.tvturk.com\/wp-content\/uploads\/2019\/04\/toyotanin-hayalimdeki-araba-resim-yarismasinin-sonuclari-belli-oldu_b6fb5fb.jpg?resize=219%2C300 219w\" width=\"249\" height=\"341\" loading=\"lazy\" data-original-width=\"249\" data-original-height=\"341\" itemprop=\"http:\/\/schema.org\/image\" title=\"Toyota\u2019n\u0131n \u2018Hayalimdeki Araba Resim Yar\u0131\u015fmas\u0131\u2019n\u0131n sonu\u00e7lar\u0131 belli oldu\" alt=\"Toyota\u2019n\u0131n \u2018Hayalimdeki Araba Resim Yar\u0131\u015fmas\u0131\u2019n\u0131n sonu\u00e7lar\u0131 belli oldu\" style=\"width: 249px; height: 341px;\" \/> <\/a> <\/div> <\/div> <!-- close group --> <\/div> <!-- close row --> <\/div><\/p>\n","protected":false},"excerpt":{"rendered":"<p>TOYOTA\u2019NIN \u2018HAYAL\u0130MDEK\u0130 ARABA RES\u0130M YARI\u015eMASI\u2019NIN SONU\u00c7LARI BELL\u0130 OLDU 1_N\u0130LAY ULUCAY_8 YAS VE ALT\u0130<\/p>\n","protected":false},"author":1,"featured_media":120968,"comment_status":"closed","ping_status":"open","sticky":false,"template":"","format":"standard","meta":{"jetpack_post_was_ever_published":false,"_jetpack_newsletter_access":"","_jetpack_dont_email_post_to_subs":false,"_jetpack_newsletter_tier_id":0,"_jetpack_memberships_contains_paywalled_content":false,"_jetpack_memberships_contains_paid_content":false,"footnotes":"","jetpack_publicize_message":"","jetpack_publicize_feature_enabled":true,"jetpack_social_post_already_shared":true,"jetpack_social_options":{"image_generator_settings":{"template":"highway","default_image_id":0,"font":"","enabled":false},"version":2}},"categories":[656],"tags":[29049,1053,612,77,4857,5810,29048,6682],"class_list":["post-120967","post","type-post","status-publish","format-standard","has-post-thumbnail","hentry","category-kultur-sanat","tag-hayalimdeki","tag-araba","tag-belli","tag-oldu","tag-resim","tag-sonuclari","tag-toyotanin","tag-yarismasinin"],"jetpack_publicize_connections":[],"jetpack_featured_media_url":"https:\/\/i0.wp.com\/www.tvturk.com\/wp-content\/uploads\/2019\/04\/toyotanin-hayalimdeki-araba-resim-yarismasinin-sonuclari-belli-oldu_6372cfd.jpg?fit=1000%2C705","jetpack_sharing_enabled":true,"jetpack_shortlink":"https:\/\/wp.me\/paKIfm-vt5","_links":{"self":[{"href":"http:\/\/www.tvturk.com\/index.php\/wp-json\/wp\/v2\/posts\/120967","targetHints":{"allow":["GET"]}}],"collection":[{"href":"http:\/\/www.tvturk.com\/index.php\/wp-json\/wp\/v2\/posts"}],"about":[{"href":"http:\/\/www.tvturk.com\/index.php\/wp-json\/wp\/v2\/types\/post"}],"author":[{"embeddable":true,"href":"http:\/\/www.tvturk.com\/index.php\/wp-json\/wp\/v2\/users\/1"}],"replies":[{"embeddable":true,"href":"http:\/\/www.tvturk.com\/index.php\/wp-json\/wp\/v2\/comments?post=120967"}],"version-history":[{"count":1,"href":"http:\/\/www.tvturk.com\/index.php\/wp-json\/wp\/v2\/posts\/120967\/revisions"}],"predecessor-version":[{"id":120977,"href":"http:\/\/www.tvturk.com\/index.php\/wp-json\/wp\/v2\/posts\/120967\/revisions\/120977"}],"wp:featuredmedia":[{"embeddable":true,"href":"http:\/\/www.tvturk.com\/index.php\/wp-json\/wp\/v2\/media\/120968"}],"wp:attachment":[{"href":"http:\/\/www.tvturk.com\/index.php\/wp-json\/wp\/v2\/media?parent=120967"}],"wp:term":[{"taxonomy":"category","embeddable":true,"href":"http:\/\/www.tvturk.com\/index.php\/wp-json\/wp\/v2\/categories?post=120967"},{"taxonomy":"post_tag","embeddable":true,"href":"http:\/\/www.tvturk.com\/index.php\/wp-json\/wp\/v2\/tags?post=120967"}],"curies":[{"name":"wp","href":"https:\/\/api.w.org\/{rel}","templated":true}]}}