{"id":121092,"date":"2019-04-02T09:51:06","date_gmt":"2019-04-02T06:51:06","guid":{"rendered":"http:\/\/www.tvturk.com\/index.php\/istanbulda-mart-ayinin-zam-sampiyonu-lahana-oldu\/"},"modified":"2019-04-02T09:51:06","modified_gmt":"2019-04-02T06:51:06","slug":"istanbulda-mart-ayinin-zam-sampiyonu-lahana-oldu","status":"publish","type":"post","link":"http:\/\/www.tvturk.com\/index.php\/istanbulda-mart-ayinin-zam-sampiyonu-lahana-oldu\/","title":{"rendered":"\u0130stanbul\u2019da Mart ay\u0131n\u0131n zam \u015fampiyonu lahana oldu"},"content":{"rendered":"<p>\u0130stanbul\u2019da Mart ay\u0131n\u0131n zam \u015fampiyonu y\u00fczde 29.52 fiyat art\u0131\u015f\u0131yla lahana oldu.<\/p>\n<p>\u0130stanbul Ticaret Odas\u0131 (\u0130TO), piyasalar\u0131n \u015feffafl\u0131\u011f\u0131n\u0131 sa\u011flamak ve kamuoyunu bilgilendirmek amac\u0131yla, ge\u00e7en Mart ay\u0131nda \u0130stanbul\u2019da perakende fiyat\u0131 en fazla artan ve azalan \u00fcr\u00fcnleri, fiyatlar\u0131 ve de\u011fi\u015fim oranlar\u0131yla birlikte a\u00e7\u0131klad\u0131.<\/p>\n<p>\u0130TO\u2019nun \u0130stanbul \u00dccretliler Ge\u00e7inme \u0130ndeksi\u2019nde yer alan 242 \u00fcr\u00fcn\u00fcn 66\u2019s\u0131n\u0131n perakende fiyat\u0131 artarken, 52 \u00fcr\u00fcn\u00fcn fiyat\u0131 d\u00fc\u015ft\u00fc, 124 \u00fcr\u00fcn\u00fcn fiyat\u0131 ise de\u011fi\u015fmedi.<\/p>\n<p>Mart ay\u0131nda lahana fiyat\u0131 y\u00fczde 29.52 artt\u0131<\/p>\n<p>Mart ay\u0131nda g\u0131da harcamalar\u0131 ya\u015f kuru sebze ve meyve grubunda yer alan lahana y\u00fczde 29,52 ile fiyat\u0131 en fazla art\u0131\u015f g\u00f6steren \u00fcr\u00fcn oldu.<\/p>\n<p>Fiyat\u0131nda art\u0131\u015f ya\u015fanan di\u011fer \u00fcr\u00fcnler; g\u0131da harcamalar\u0131 ya\u015f kuru sebze ve meyve grubunda yer alan y\u00fczde 27,33 ile mandalina, y\u00fczde 20,70 ile sivri biber, y\u00fczde 18,25 ile patl\u0131can, ev e\u015fyas\u0131 harcamalar\u0131 grubundan y\u00fczde 17.85 ile \u00e7ar\u015faf ve 16.50 ile muz oldu.<\/p>\n<p>2019 Mart ay\u0131nda ye\u015fil so\u011fan y\u00fczde 23,84 ucuzlad\u0131<\/p>\n<p>2019 Mart ay\u0131nda g\u0131da harcamalar\u0131 ya\u015f kuru sebze ve meyve grubunda yer alan ye\u015fil so\u011fan y\u00fczde 23,84 gerileme g\u00f6stererek fiyat\u0131 en fazla azalan \u00fcr\u00fcn oldu. Fiyat\u0131nda azal\u0131\u015f izlenen di\u011fer \u00fcr\u00fcnler; y\u00fczde 22,92 ile maydanoz, y\u00fczde 16,77 ile \u0131spanak, y\u00fczde 15.93 ile bakla, y\u00fczde 11,74 ile domates ve y\u00fczde 9,09 ile ma\u00e7 giri\u015f bilet \u00fccreti oldu.<\/p>\n","protected":false},"excerpt":{"rendered":"<p>\u0130STANBUL\u2019DA MART AYININ ZAM \u015eAMP\u0130YONU LAHANA OLDU<\/p>\n","protected":false},"author":1,"featured_media":121093,"comment_status":"closed","ping_status":"open","sticky":false,"template":"","format":"standard","meta":{"jetpack_post_was_ever_published":false,"_jetpack_newsletter_access":"","_jetpack_dont_email_post_to_subs":false,"_jetpack_newsletter_tier_id":0,"_jetpack_memberships_contains_paywalled_content":false,"_jetpack_memberships_contains_paid_content":false,"footnotes":"","jetpack_publicize_message":"","jetpack_publicize_feature_enabled":true,"jetpack_social_post_already_shared":true,"jetpack_social_options":{"image_generator_settings":{"template":"highway","default_image_id":0,"font":"","enabled":false},"version":2}},"categories":[19],"tags":[7009,1268,9466,6710,77,2415,4652],"class_list":["post-121092","post","type-post","status-publish","format-standard","has-post-thumbnail","hentry","category-ekonomi","tag-ayinin","tag-istanbulda","tag-lahana","tag-mart","tag-oldu","tag-sampiyonu","tag-zam"],"jetpack_publicize_connections":[],"jetpack_featured_media_url":"https:\/\/i0.wp.com\/www.tvturk.com\/wp-content\/uploads\/2019\/04\/istanbulda-mart-ayinin-zam-sampiyonu-lahana-oldu_1843ad7.jpg?fit=826%2C1000","jetpack_sharing_enabled":true,"jetpack_shortlink":"https:\/\/wp.me\/paKIfm-vv6","_links":{"self":[{"href":"http:\/\/www.tvturk.com\/index.php\/wp-json\/wp\/v2\/posts\/121092","targetHints":{"allow":["GET"]}}],"collection":[{"href":"http:\/\/www.tvturk.com\/index.php\/wp-json\/wp\/v2\/posts"}],"about":[{"href":"http:\/\/www.tvturk.com\/index.php\/wp-json\/wp\/v2\/types\/post"}],"author":[{"embeddable":true,"href":"http:\/\/www.tvturk.com\/index.php\/wp-json\/wp\/v2\/users\/1"}],"replies":[{"embeddable":true,"href":"http:\/\/www.tvturk.com\/index.php\/wp-json\/wp\/v2\/comments?post=121092"}],"version-history":[{"count":0,"href":"http:\/\/www.tvturk.com\/index.php\/wp-json\/wp\/v2\/posts\/121092\/revisions"}],"wp:featuredmedia":[{"embeddable":true,"href":"http:\/\/www.tvturk.com\/index.php\/wp-json\/wp\/v2\/media\/121093"}],"wp:attachment":[{"href":"http:\/\/www.tvturk.com\/index.php\/wp-json\/wp\/v2\/media?parent=121092"}],"wp:term":[{"taxonomy":"category","embeddable":true,"href":"http:\/\/www.tvturk.com\/index.php\/wp-json\/wp\/v2\/categories?post=121092"},{"taxonomy":"post_tag","embeddable":true,"href":"http:\/\/www.tvturk.com\/index.php\/wp-json\/wp\/v2\/tags?post=121092"}],"curies":[{"name":"wp","href":"https:\/\/api.w.org\/{rel}","templated":true}]}}