{"id":121201,"date":"2019-04-02T10:51:13","date_gmt":"2019-04-02T07:51:13","guid":{"rendered":"http:\/\/www.tvturk.com\/index.php\/cubukun-belediye-baskani-cumhur-ittifakinin-adayi-baki-demirbas-oldu\/"},"modified":"2019-04-02T10:51:13","modified_gmt":"2019-04-02T07:51:13","slug":"cubukun-belediye-baskani-cumhur-ittifakinin-adayi-baki-demirbas-oldu","status":"publish","type":"post","link":"http:\/\/www.tvturk.com\/index.php\/cubukun-belediye-baskani-cumhur-ittifakinin-adayi-baki-demirbas-oldu\/","title":{"rendered":"\u00c7ubuk\u2019un Belediye Ba\u015fkan\u0131, Cumhur \u0130ttifak\u0131\u2019n\u0131n aday\u0131 Baki Demirba\u015f oldu"},"content":{"rendered":"<p>Cumhur \u0130ttifak\u0131\u2019n\u0131n \u00c7ubuk Belediye Ba\u015fkan aday\u0131 Baki Demirba\u015f, resmi olmayan sonu\u00e7lara g\u00f6re belediye ba\u015fkanl\u0131\u011f\u0131n\u0131 kazand\u0131\u011f\u0131n\u0131 a\u00e7\u0131klad\u0131.<\/p>\n<p>Oy tasnifi sonucunda, kesin olmayan sonu\u00e7lara g\u00f6re Baki Demirba\u015f belediye ba\u015fkan\u0131 oldu.<\/p>\n<p>\u00c7ubuk Belediye Ba\u015fkan\u0131 Baki Demirba\u015f yapt\u0131\u011f\u0131 a\u00e7\u0131klamada, 31 Mart Yerel Se\u00e7imlerin sonu\u00e7lar\u0131n\u0131 de\u011ferlendirdi. Se\u00e7im sonu\u00e7lar\u0131n\u0131n hay\u0131rl\u0131 olmas\u0131 temennisinde bulunan Demirba\u015f, \u00e7ok g\u00fczel bir se\u00e7im s\u00fcrecini daha geride b\u0131rakt\u0131klar\u0131n\u0131 ve \u00c7ubuklular\u0131n her zaman oldu\u011fu gibi yine AK Parti\u2019ye \u00e7ok yo\u011fun destek verdi\u011fini ifade etti.<\/p>\n<p>\u00c7ubuk\u2019a yak\u0131\u015f\u0131r bir se\u00e7im s\u00fcreci ya\u015fand\u0131\u011f\u0131n\u0131 belirten Demirba\u015f, &#8220;Kazanan in\u015fallah \u00c7ubuk olacakt\u0131r. \u0130n\u015fallah \u00f6n\u00fcm\u00fczdeki be\u015f y\u0131lda yeni bir ba\u015far\u0131 hikayesi yazmak i\u00e7in gece g\u00fcnd\u00fcz demeden \u00e7aba sarf edece\u011fiz&#8221; dedi.<\/p>\n<p>G\u00f6rev s\u00fcresi boyunca sadece partisinin de\u011fil t\u00fcm \u00c7ubuk\u2019un ba\u015fkan\u0131 olaca\u011f\u0131n\u0131 belirten Demirba\u015f, &#8220;Bu kadim \u015fehre hizmet etmek bize nasip oldu&#8221; diyerek il\u00e7esi i\u00e7in var g\u00fcc\u00fcyle \u00e7al\u0131\u015faca\u011f\u0131n\u0131 s\u00f6yledi.<\/p>\n<p>\u0130l\u00e7ede 35 bin 399 se\u00e7menin oyunu alarak b\u00fcy\u00fck bir farkla belediye ba\u015fkan\u0131 oldu\u011funu hat\u0131rlatan Demirba\u015f, kendisini destekleyen herkese te\u015fekk\u00fcr ederek, \u201cArt\u0131k yar\u0131\u015f noktaland\u0131\u011f\u0131na g\u00f6re, bundan sonra \u00c7ubuk i\u00e7in \u00e7al\u0131\u015fma vaktidir. Ne kadar \u015f\u00fckretsek, ne kadar \u00c7ubuk\u2019a hizmet etsek az. 84 mahallemizin tamam\u0131n\u0131 kampanya d\u00f6neminde ziyaret ettik. \u00c7ubuk\u2019a yak\u0131\u015f\u0131r bir se\u00e7im kampanyas\u0131 y\u00fcr\u00fctt\u00fck. T\u00fcm adaylara te\u015fekk\u00fcr ediyorum. Kazanan \u00c7ubuk olmu\u015ftur. Kazanan, \u00c7ubuk\u2019un gen\u00e7li\u011fi, han\u0131mlar\u0131 ve \u00e7ocuklar\u0131 olmu\u015ftur. \u015eimdi haydi Bismillah diyerek t\u00fcm hem\u015fehrilerimize hizmet etme zaman\u0131d\u0131r. Bize oy versin vermesin herkese kap\u0131m\u0131z ve g\u00f6nl\u00fcm\u00fcz a\u00e7\u0131k. \u00c7ubuklular Cumhur \u0130ttifak\u0131\u2019na, Cumhurba\u015fkan\u0131m\u0131za \u00e7ok y\u00fcksek bir destek verdi. Cumhurba\u015fkan\u0131m\u0131za bize bu g\u00f6revi tevdi etti\u011fi i\u00e7in te\u015fekk\u00fcr ediyorum. T\u00fcm \u00c7ubuklulara bu kadar b\u00fcy\u00fck bir destek verdikleri i\u00e7in \u015f\u00fckranlar\u0131m\u0131 sunuyorum. Se\u00e7im \u00e7al\u0131\u015fmas\u0131 boyunca desteklerini esirgemeyen milletvekillerimize, il\u00e7e te\u015fkilat\u0131m\u0131za ve MHP\u2019nin de\u011ferli il\u00e7e y\u00f6neticileri \u015fahs\u0131nda t\u00fcm te\u015fkilat mensuplar\u0131na te\u015fekk\u00fcr ediyorum. Te\u015fkilat\u0131m\u0131zla birlikte in\u015fallah il ve genel merkezimin de deste\u011fi ile \u00c7ubuk\u2019umuza g\u00fczel hizmetler yapaca\u011f\u0131z. \u0130l\u00e7e halk\u0131m\u0131z\u0131n beklentileri do\u011frultusunda haz\u0131rlad\u0131\u011f\u0131m\u0131z ve yeni haz\u0131rlayaca\u011f\u0131m\u0131z projelerimizi el birli\u011fiyle hayata ge\u00e7irme gayretinde olaca\u011f\u0131z&#8221; diye konu\u015ftu.<\/p>\n","protected":false},"excerpt":{"rendered":"<p>CUMHUR \u0130TT\u0130FAKI VE AK PART\u0130 \u00c7UBUK BELED\u0130YE BA\u015eKAN ADAYI BAK\u0130 DEM\u0130RBA\u015e, RESM\u0130 OLMAYAN SONU\u00c7LARA G\u00d6RE BELED\u0130YE BA\u015eKANLI\u011eINI KAZANDI\u011eINI A\u00c7IKLADI<\/p>\n","protected":false},"author":1,"featured_media":121202,"comment_status":"closed","ping_status":"open","sticky":false,"template":"","format":"standard","meta":{"jetpack_post_was_ever_published":false,"_jetpack_newsletter_access":"","_jetpack_dont_email_post_to_subs":false,"_jetpack_newsletter_tier_id":0,"_jetpack_memberships_contains_paywalled_content":false,"_jetpack_memberships_contains_paid_content":false,"footnotes":"","jetpack_publicize_message":"","jetpack_publicize_feature_enabled":true,"jetpack_social_post_already_shared":true,"jetpack_social_options":{"image_generator_settings":{"template":"highway","default_image_id":0,"font":"","enabled":false},"version":2}},"categories":[1],"tags":[135,29087,216,134,29086,364,29088,3263,77],"class_list":["post-121201","post","type-post","status-publish","format-standard","has-post-thumbnail","hentry","category-genel","tag-adayi","tag-baki","tag-baskani","tag-belediye","tag-cubukun","tag-cumhur","tag-demirbas","tag-ittifakinin","tag-oldu"],"jetpack_publicize_connections":[],"jetpack_featured_media_url":"https:\/\/i0.wp.com\/www.tvturk.com\/wp-content\/uploads\/2019\/04\/cubukun-belediye-baskani-cumhur-ittifakinin-adayi-baki-demirbas-oldu_09073ed.jpg?fit=960%2C538","jetpack_sharing_enabled":true,"jetpack_shortlink":"https:\/\/wp.me\/paKIfm-vwR","_links":{"self":[{"href":"http:\/\/www.tvturk.com\/index.php\/wp-json\/wp\/v2\/posts\/121201","targetHints":{"allow":["GET"]}}],"collection":[{"href":"http:\/\/www.tvturk.com\/index.php\/wp-json\/wp\/v2\/posts"}],"about":[{"href":"http:\/\/www.tvturk.com\/index.php\/wp-json\/wp\/v2\/types\/post"}],"author":[{"embeddable":true,"href":"http:\/\/www.tvturk.com\/index.php\/wp-json\/wp\/v2\/users\/1"}],"replies":[{"embeddable":true,"href":"http:\/\/www.tvturk.com\/index.php\/wp-json\/wp\/v2\/comments?post=121201"}],"version-history":[{"count":0,"href":"http:\/\/www.tvturk.com\/index.php\/wp-json\/wp\/v2\/posts\/121201\/revisions"}],"wp:featuredmedia":[{"embeddable":true,"href":"http:\/\/www.tvturk.com\/index.php\/wp-json\/wp\/v2\/media\/121202"}],"wp:attachment":[{"href":"http:\/\/www.tvturk.com\/index.php\/wp-json\/wp\/v2\/media?parent=121201"}],"wp:term":[{"taxonomy":"category","embeddable":true,"href":"http:\/\/www.tvturk.com\/index.php\/wp-json\/wp\/v2\/categories?post=121201"},{"taxonomy":"post_tag","embeddable":true,"href":"http:\/\/www.tvturk.com\/index.php\/wp-json\/wp\/v2\/tags?post=121201"}],"curies":[{"name":"wp","href":"https:\/\/api.w.org\/{rel}","templated":true}]}}