{"id":121284,"date":"2019-04-02T12:04:06","date_gmt":"2019-04-02T09:04:06","guid":{"rendered":"http:\/\/www.tvturk.com\/index.php\/anadolu-aydinlar-ocagi-genel-baskani-prof-dr-oztek-azerbaycan-turklerinin-acilarini-paylasiyoruz\/"},"modified":"2019-04-02T12:04:06","modified_gmt":"2019-04-02T09:04:06","slug":"anadolu-aydinlar-ocagi-genel-baskani-prof-dr-oztek-azerbaycan-turklerinin-acilarini-paylasiyoruz","status":"publish","type":"post","link":"http:\/\/www.tvturk.com\/index.php\/anadolu-aydinlar-ocagi-genel-baskani-prof-dr-oztek-azerbaycan-turklerinin-acilarini-paylasiyoruz\/","title":{"rendered":"Anadolu Ayd\u0131nlar Oca\u011f\u0131 Genel Ba\u015fkan\u0131 Prof. Dr. \u00d6ztek: \u201cAzerbaycan T\u00fcrklerinin ac\u0131lar\u0131n\u0131 payla\u015f\u0131yoruz\u201d"},"content":{"rendered":"<p>Anadolu Ayd\u0131nlar Oca\u011f\u0131 Genel Ba\u015fkan\u0131 Prof. Dr. \u0130brahim \u00d6ztek, \u201c31 Mart, Azerbaycan T\u00fcrk\u00fcne soyk\u0131r\u0131m g\u00fcn\u00fcd\u00fcr. Ac\u0131lar\u0131n\u0131 millet\u00e7e payla\u015f\u0131yoruz\u201d dedi.<\/p>\n<p>Prof. Dr. \u0130brahim \u00d6ztek, 31 Mart 1918\u2019de Ermeniler taraf\u0131ndan Bak\u00fc\u2019de ger\u00e7ekle\u015ftirilen soyk\u0131r\u0131m\u0131n y\u0131ld\u00f6n\u00fcm\u00fcnde a\u00e7\u0131klamalarda bulundu. 1918\u2019in mart, nisan aylar\u0131nda Rus deste\u011findeki Ermeniler\u2019in Azerbaycan\u2019da soyk\u0131r\u0131m giri\u015fiminde bulunduklar\u0131n\u0131 belirten \u00d6ztek, \u201cErmeni silahl\u0131 g\u00fc\u00e7leri 31 Mart 1918 g\u00fcn\u00fc yaln\u0131z Bak\u00fc \u015fehrinde bir g\u00fcnde 17 bin soyda\u015f\u0131m\u0131z\u0131 kur\u015funa dizmi\u015ftir. Silahs\u0131z ve korumas\u0131z Azerbaycan halk\u0131na kar\u015f\u0131 giri\u015filen bu toplu katliam, modern ve \u00e7a\u011fda\u015f ge\u00e7inen d\u00fcnya devletlerinin mazlum milletlere hayat hakk\u0131 tan\u0131mad\u0131\u011f\u0131 Birinci D\u00fcnya Sava\u015f\u0131n\u0131n son aylar\u0131nda ya\u015fanm\u0131\u015ft\u0131r. Azerbaycanl\u0131 karde\u015flerimizin 31 Mart 1918 soyk\u0131r\u0131m g\u00fcn\u00fc h\u00fcz\u00fcn, elem ve ac\u0131lar\u0131n\u0131 millet\u00e7e y\u00fcrekten payla\u015f\u0131yoruz. Ayn\u0131 y\u0131l katledilen Azerbaycanl\u0131 say\u0131s\u0131 k\u0131rk bini ge\u00e7mi\u015ftir. Bu soyk\u0131r\u0131m, Nuri Pa\u015fa\u2019n\u0131n Kafkas \u0130slam Ordusu harekat\u0131na kadar s\u00fcrm\u00fc\u015ft\u00fcr. Umum lider Haydar Aliyev 26 Mart 1998 g\u00fcn\u00fc parlamentoda ald\u0131\u011f\u0131 bir kararla bu soyk\u0131r\u0131m\u0131 d\u00fcnyaya ilan etmi\u015ftir\u201d diye konu\u015ftu.<\/p>\n<p>\u201cAmerikan yetkilileri ger\u00e7e\u011fi a\u00e7\u0131klamal\u0131d\u0131r\u201d<\/p>\n<p>Ermenilerin soyk\u0131r\u0131m giri\u015fimlerinin Azerbaycan\u2019la s\u0131n\u0131rl\u0131 kalmad\u0131\u011f\u0131n\u0131 vurgulayan \u00d6ztek, \u201c\u00d6nce Rus sonra \u0130ngiliz ve Frans\u0131zlar\u0131n deste\u011fi ile 1990 ba\u015f\u0131ndan kurtulu\u015f sava\u015f\u0131m\u0131z g\u00fcnlerine kadar ba\u015fta Do\u011fu Anadolu b\u00f6lgesi olmak \u00fczere yurdumuzun her k\u00f6\u015fesinde yap\u0131lm\u0131\u015ft\u0131r. O kadar ileri gitmi\u015flerdir ki, 1905 y\u0131l\u0131nda \u0130stanbul\u2019da, yani o g\u00fcn\u00fcn payitaht\u0131nda Sultan Abd\u00fclhamid\u2019e suikast dahi d\u00fczenlemi\u015flerdir.<\/p>\n<p>Amerikan ar\u015fivlerini inceleyen, Amerika Ba\u015fkan\u0131 Reagan\u2019\u0131n hukuk dan\u0131\u015fman\u0131 Bruce Fein, Stanfort Shaw, Guenter Lewy, Michael Gunter, Edward Erickson ve Justin McCarthy gibi bilim adamlar\u0131 ve tarih\u00e7ilerin ortaya koyduklar\u0131 belgelere g\u00f6re Ermenilerin katletti\u011fi M\u00fcsl\u00fcman T\u00fcrk\u00fcn say\u0131s\u0131 iki milyondur. Bu ger\u00e7e\u011fi Amerikan yetkilileri a\u00e7\u0131klamal\u0131d\u0131r\u201d \u015feklinde konu\u015ftu.<\/p>\n<p>\u201cBu hainleri s\u0131n\u0131rlar\u0131m\u0131zdan i\u00e7eri sokmayal\u0131m\u201d<\/p>\n<p>Prof. Dr. \u00d6ztek, \u201cNisan ay\u0131na giriyoruz. 10 Nisan g\u00fcn\u00fc Ermeni, Rum ve \u0130\u015fgal kuvvetleri i\u015fbirlik\u00e7ilerinin gayretleri ile Beyaz\u0131t meydan\u0131nda idam edilen Bo\u011fazl\u0131yan Kaymakam\u0131 Kemal Bey\u2019in hazin hikayesi y\u00fcreklerimizi da\u011flarken, 24 Nisan\u0131 s\u00f6zde Ermeni soyk\u0131r\u0131m\u0131 ilan edenlerin T\u00fcrkiye\u2019de, \u0130stanbul\u2019da yapt\u0131klar\u0131 eylemler ise ho\u015fg\u00f6r\u00fc s\u0131n\u0131rlar\u0131n\u0131 a\u015fmaktad\u0131r. 2006 y\u0131l\u0131nda Selanik\u2019te a\u00e7\u0131lan s\u00f6zde Pontus soyk\u0131r\u0131m\u0131 an\u0131t\u0131n\u0131 protesto i\u00e7in giden T\u00fcrk parlamenterlerini Yunan yetkililer; buraya huzuru bozmaya m\u0131 geldiniz diyerek, i\u00e7eri sokmam\u0131\u015flard\u0131r. Fakat 24 Nisan g\u00fcn\u00fc Ermenistan, Fransa ve Amerika\u2019dan bir tak\u0131m insanlar huzurumuzu bozmak i\u00e7in \u0130stanbul\u2019a gelecekler. Taksim\u2019de, Beyo\u011flu\u2019nda, Haydarpa\u015fa\u2019da ve baz\u0131 otellerde toplanarak, mumlar dikecekler, resimler ve afi\u015fler sergileyecekler, T\u00fcrkler bize soyk\u0131r\u0131m uygulad\u0131, bir bu\u00e7uk milyon Ermeni\u2019yi \u00f6ld\u00fcrd\u00fc diyecekler, ceddimize k\u00fcf\u00fcr edecekler ve kollar\u0131n\u0131 sallaya sallaya geldikleri gibi gidecekler. Yetkililerimizden istirham ediyorum, l\u00fctfen ama\u00e7lar\u0131 ve kimlikleri belli bu hainleri s\u0131n\u0131rlar\u0131m\u0131zdan i\u00e7eri sokmayal\u0131m\u201d a\u00e7\u0131klamas\u0131n\u0131 yapt\u0131.<\/p>\n","protected":false},"excerpt":{"rendered":"<p>ANADOLU AYDINLAR OCA\u011eI GENEL BA\u015eKANI PROF. DR. \u0130BRAH\u0130M \u00d6ZTEK, \u201c31 MART, AZERBAYCAN T\u00dcRK\u00dcNE SOYKIRIM G\u00dcN\u00dcD\u00dcR. ACILARINI M\u0130LLET\u00c7E PAYLA\u015eIYORUZ\u201d DED\u0130.<\/p>\n","protected":false},"author":1,"featured_media":121285,"comment_status":"closed","ping_status":"open","sticky":false,"template":"","format":"standard","meta":{"jetpack_post_was_ever_published":false,"_jetpack_newsletter_access":"","_jetpack_dont_email_post_to_subs":false,"_jetpack_newsletter_tier_id":0,"_jetpack_memberships_contains_paywalled_content":false,"_jetpack_memberships_contains_paid_content":false,"footnotes":"","jetpack_publicize_message":"","jetpack_publicize_feature_enabled":true,"jetpack_social_post_already_shared":true,"jetpack_social_options":{"image_generator_settings":{"template":"highway","default_image_id":0,"font":"","enabled":false},"version":2}},"categories":[1],"tags":[29112,1223,29110,5512,216,279,869,5642,14909,29113,2750,29111],"class_list":["post-121284","post","type-post","status-publish","format-standard","has-post-thumbnail","hentry","category-genel","tag-acilarini","tag-anadolu","tag-aydinlar","tag-azerbaycan","tag-baskani","tag-dr","tag-genel","tag-ocagi","tag-oztek","tag-paylasiyoruz","tag-prof","tag-turklerinin"],"jetpack_publicize_connections":[],"jetpack_featured_media_url":"https:\/\/i0.wp.com\/www.tvturk.com\/wp-content\/uploads\/2019\/04\/anadolu-aydinlar-ocagi-genel-baskani-prof-dr-oztek-azerbaycan-turklerinin-acilarini-paylasiyoruz_ed9fc22.jpg?fit=1000%2C750","jetpack_sharing_enabled":true,"jetpack_shortlink":"https:\/\/wp.me\/paKIfm-vyc","_links":{"self":[{"href":"http:\/\/www.tvturk.com\/index.php\/wp-json\/wp\/v2\/posts\/121284","targetHints":{"allow":["GET"]}}],"collection":[{"href":"http:\/\/www.tvturk.com\/index.php\/wp-json\/wp\/v2\/posts"}],"about":[{"href":"http:\/\/www.tvturk.com\/index.php\/wp-json\/wp\/v2\/types\/post"}],"author":[{"embeddable":true,"href":"http:\/\/www.tvturk.com\/index.php\/wp-json\/wp\/v2\/users\/1"}],"replies":[{"embeddable":true,"href":"http:\/\/www.tvturk.com\/index.php\/wp-json\/wp\/v2\/comments?post=121284"}],"version-history":[{"count":0,"href":"http:\/\/www.tvturk.com\/index.php\/wp-json\/wp\/v2\/posts\/121284\/revisions"}],"wp:featuredmedia":[{"embeddable":true,"href":"http:\/\/www.tvturk.com\/index.php\/wp-json\/wp\/v2\/media\/121285"}],"wp:attachment":[{"href":"http:\/\/www.tvturk.com\/index.php\/wp-json\/wp\/v2\/media?parent=121284"}],"wp:term":[{"taxonomy":"category","embeddable":true,"href":"http:\/\/www.tvturk.com\/index.php\/wp-json\/wp\/v2\/categories?post=121284"},{"taxonomy":"post_tag","embeddable":true,"href":"http:\/\/www.tvturk.com\/index.php\/wp-json\/wp\/v2\/tags?post=121284"}],"curies":[{"name":"wp","href":"https:\/\/api.w.org\/{rel}","templated":true}]}}