{"id":12135,"date":"2019-02-08T13:09:58","date_gmt":"2019-02-08T10:09:58","guid":{"rendered":"http:\/\/www.tvturk.com\/index.php\/gokselin-yeni-sarkisi-bu-da-gececek-cikti\/"},"modified":"2019-02-08T13:09:59","modified_gmt":"2019-02-08T10:09:59","slug":"gokselin-yeni-sarkisi-bu-da-gececek-cikti","status":"publish","type":"post","link":"http:\/\/www.tvturk.com\/index.php\/gokselin-yeni-sarkisi-bu-da-gececek-cikti\/","title":{"rendered":"G\u00f6ksel\u2019in yeni \u015fark\u0131s\u0131: \u2019Bu Da Ge\u00e7ecek\u2019 \u00e7\u0131kt\u0131"},"content":{"rendered":"<p>G\u00f6ksel, s\u0131cak melodisi ve umut veren s\u00f6zleriyle dikkat \u00e7eken \u2019Bu Da Ge\u00e7ecek\u2019 isimli yeni \u015fark\u0131s\u0131n\u0131 hayranlar\u0131yla bulu\u015fturdu. 8 \u015eubat itibariyle (bug\u00fcn) Avrupa M\u00fczik markas\u0131yla t\u00fcm dijital platformlarda yerini ald\u0131.<\/p>\n<p>Ba\u015far\u0131l\u0131 sanat\u00e7\u0131 G\u00f6ksel, s\u0131cak melodisi ve umut veren s\u00f6zleriyle dikkat \u00e7eken \u2019Bu Da Ge\u00e7ecek\u2019 isimli yeni \u015fark\u0131s\u0131n\u0131 hayranlar\u0131yla bulu\u015fturdu. Etkileyici s\u00f6zleri ve g\u00fc\u00e7l\u00fc bestesi ile G\u00f6ksel klasikleri aras\u0131na girecek olan \u015fark\u0131n\u0131n s\u00f6z ve m\u00fczi\u011fi G\u00f6ksel ile Mabel Matiz\u2019e, d\u00fczenlemesi de Alper Erin\u00e7\u2019e ait.<\/p>\n<p>Y\u00f6netmenli\u011fini Murat Onbul\u2019un, g\u00f6r\u00fcnt\u00fc y\u00f6netmenli\u011fini Veli Kuzlu\u2019nun \u00fcstlendi\u011fi klipte G\u00f6ksel, izleyenlerini umuda, sevgiye, ne\u015feye davet ediyor. Klip farkl\u0131 nesilleri bir araya getirirken, herkesi kucaklayan bir aile hissi olu\u015fturuyor.<\/p>\n<p>G\u00f6ksel\u2019in farkl\u0131 stiliyle dikkat \u00e7eken kost\u00fcmlerinin tasar\u0131m\u0131 \u00d6zlem Kaya\u2019ya, stil dan\u0131\u015fmanl\u0131\u011f\u0131 An\u0131l Can\u2019a ait. Projenin foto\u011fraflar\u0131 ve kapak foto\u011fraf\u0131 Gizem G\u00fcnkal imzas\u0131 ta\u015f\u0131yor. G\u00f6ksel\u2019in yeni \u015fark\u0131s\u0131 \u2019\u2019Bu Da Ge\u00e7ecek\u2019\u2019, 8 \u015eubat tarihinde Avrupa M\u00fczik markas\u0131yla t\u00fcm dijital platformlarda yerini ald\u0131.<div class=\"tiled-gallery type-rectangular tiled-gallery-unresized\" data-original-width=\"500\" data-carousel-extra='null' itemscope itemtype=\"http:\/\/schema.org\/ImageGallery\" > <div class=\"gallery-row\" style=\"width: 500px; height: 500px;\" data-original-width=\"500\" data-original-height=\"500\" > <div class=\"gallery-group images-1\" style=\"width: 500px; height: 500px;\" data-original-width=\"500\" data-original-height=\"500\" > <div class=\"tiled-gallery-item tiled-gallery-item-large\" itemprop=\"associatedMedia\" itemscope itemtype=\"http:\/\/schema.org\/ImageObject\"> <a href=\"http:\/\/www.tvturk.com\/index.php\/gokselin-yeni-sarkisi-bu-da-gececek-cikti\/gokselin-yeni-sarkisi-bu-da-gececek-cikti-3\/\" border=\"0\" itemprop=\"url\"> <meta itemprop=\"width\" content=\"496\"> <meta itemprop=\"height\" content=\"496\"> <img decoding=\"async\" class=\"\" data-attachment-id=\"12137\" data-orig-file=\"http:\/\/www.tvturk.com\/wp-content\/uploads\/2019\/02\/gokselin-yeni-sarkisi-bu-da-gececek-cikti_2513d5f.jpg\" data-orig-size=\"1000,1000\" data-comments-opened=\"\" data-image-meta=\"{&quot;aperture&quot;:&quot;0&quot;,&quot;credit&quot;:&quot;IHA&quot;,&quot;camera&quot;:&quot;&quot;,&quot;caption&quot;:&quot;G\\u00d6KSEL\\u0027\\u0130N YEN\\u0130 \\u015eARKISI \\u0027BU DA GE\\u00c7ECEK\\u0027 \\u00c7IKTI. (\\u0130HA\\\/\\u0130STANBUL-\\u0130HA)&quot;,&quot;created_timestamp&quot;:&quot;0&quot;,&quot;copyright&quot;:&quot;\\u0130HLAS HABER AJANSI, www.iha.com.tr&quot;,&quot;focal_length&quot;:&quot;0&quot;,&quot;iso&quot;:&quot;0&quot;,&quot;shutter_speed&quot;:&quot;0&quot;,&quot;title&quot;:&quot;G\\u00d6KSEL\\u0027\\u0130N YEN\\u0130 \\u015eARKISI: \\u0027BU DA GE\\u00c7ECEK\\u0027 \\u00c7IKTI&quot;,&quot;orientation&quot;:&quot;0&quot;}\" data-image-title=\"G\u00f6ksel\u2019in yeni \u015fark\u0131s\u0131: \u2019Bu Da Ge\u00e7ecek\u2019 \u00e7\u0131kt\u0131\" data-image-description=\"&lt;p&gt;G\u00f6ksel\u2019in yeni \u015fark\u0131s\u0131: \u2019Bu Da Ge\u00e7ecek\u2019 \u00e7\u0131kt\u0131&lt;\/p&gt; \" data-medium-file=\"https:\/\/i0.wp.com\/www.tvturk.com\/wp-content\/uploads\/2019\/02\/gokselin-yeni-sarkisi-bu-da-gececek-cikti_2513d5f.jpg?fit=300%2C300\" data-large-file=\"https:\/\/i0.wp.com\/www.tvturk.com\/wp-content\/uploads\/2019\/02\/gokselin-yeni-sarkisi-bu-da-gececek-cikti_2513d5f.jpg?fit=1000%2C1000\" src=\"https:\/\/i0.wp.com\/www.tvturk.com\/wp-content\/uploads\/2019\/02\/gokselin-yeni-sarkisi-bu-da-gececek-cikti_2513d5f.jpg?w=496&#038;h=496&#038;crop=1\" srcset=\"https:\/\/i0.wp.com\/www.tvturk.com\/wp-content\/uploads\/2019\/02\/gokselin-yeni-sarkisi-bu-da-gececek-cikti_2513d5f.jpg?w=1000 1000w, https:\/\/i0.wp.com\/www.tvturk.com\/wp-content\/uploads\/2019\/02\/gokselin-yeni-sarkisi-bu-da-gececek-cikti_2513d5f.jpg?resize=150%2C150 150w, https:\/\/i0.wp.com\/www.tvturk.com\/wp-content\/uploads\/2019\/02\/gokselin-yeni-sarkisi-bu-da-gececek-cikti_2513d5f.jpg?resize=300%2C300 300w, https:\/\/i0.wp.com\/www.tvturk.com\/wp-content\/uploads\/2019\/02\/gokselin-yeni-sarkisi-bu-da-gececek-cikti_2513d5f.jpg?resize=768%2C768 768w\" width=\"496\" height=\"496\" loading=\"lazy\" data-original-width=\"496\" data-original-height=\"496\" itemprop=\"http:\/\/schema.org\/image\" title=\"G\u00f6ksel\u2019in yeni \u015fark\u0131s\u0131: \u2019Bu Da Ge\u00e7ecek\u2019 \u00e7\u0131kt\u0131\" alt=\"G\u00f6ksel\u2019in yeni \u015fark\u0131s\u0131: \u2019Bu Da Ge\u00e7ecek\u2019 \u00e7\u0131kt\u0131\" style=\"width: 496px; height: 496px;\" \/> <\/a> <\/div> <\/div> <!-- close group --> <\/div> <!-- close row --> <\/div><\/p>\n","protected":false},"excerpt":{"rendered":"<p>G\u00d6KSEL&#8217;\u0130N YEN\u0130 \u015eARKISI &#8216;BU DA GE\u00c7ECEK&#8217; \u00c7IKTI.<\/p>\n","protected":false},"author":1,"featured_media":12136,"comment_status":"closed","ping_status":"open","sticky":false,"template":"","format":"standard","meta":{"jetpack_post_was_ever_published":false,"_jetpack_newsletter_access":"","_jetpack_dont_email_post_to_subs":false,"_jetpack_newsletter_tier_id":0,"_jetpack_memberships_contains_paywalled_content":false,"_jetpack_memberships_contains_paid_content":false,"footnotes":"","jetpack_publicize_message":"","jetpack_publicize_feature_enabled":true,"jetpack_social_post_already_shared":false,"jetpack_social_options":{"image_generator_settings":{"template":"highway","default_image_id":0,"font":"","enabled":false},"version":2}},"categories":[656],"tags":[986,1202,4177,6208,6209,87],"class_list":["post-12135","post","type-post","status-publish","format-standard","has-post-thumbnail","hentry","category-kultur-sanat","tag-bu","tag-cikti","tag-gececek","tag-gokselin","tag-sarkisi","tag-yeni"],"jetpack_publicize_connections":[],"jetpack_featured_media_url":"https:\/\/i0.wp.com\/www.tvturk.com\/wp-content\/uploads\/2019\/02\/gokselin-yeni-sarkisi-bu-da-gececek-cikti_074f5b3.jpg?fit=666%2C1000","jetpack_sharing_enabled":true,"jetpack_shortlink":"https:\/\/wp.me\/paKIfm-39J","_links":{"self":[{"href":"http:\/\/www.tvturk.com\/index.php\/wp-json\/wp\/v2\/posts\/12135","targetHints":{"allow":["GET"]}}],"collection":[{"href":"http:\/\/www.tvturk.com\/index.php\/wp-json\/wp\/v2\/posts"}],"about":[{"href":"http:\/\/www.tvturk.com\/index.php\/wp-json\/wp\/v2\/types\/post"}],"author":[{"embeddable":true,"href":"http:\/\/www.tvturk.com\/index.php\/wp-json\/wp\/v2\/users\/1"}],"replies":[{"embeddable":true,"href":"http:\/\/www.tvturk.com\/index.php\/wp-json\/wp\/v2\/comments?post=12135"}],"version-history":[{"count":1,"href":"http:\/\/www.tvturk.com\/index.php\/wp-json\/wp\/v2\/posts\/12135\/revisions"}],"predecessor-version":[{"id":12138,"href":"http:\/\/www.tvturk.com\/index.php\/wp-json\/wp\/v2\/posts\/12135\/revisions\/12138"}],"wp:featuredmedia":[{"embeddable":true,"href":"http:\/\/www.tvturk.com\/index.php\/wp-json\/wp\/v2\/media\/12136"}],"wp:attachment":[{"href":"http:\/\/www.tvturk.com\/index.php\/wp-json\/wp\/v2\/media?parent=12135"}],"wp:term":[{"taxonomy":"category","embeddable":true,"href":"http:\/\/www.tvturk.com\/index.php\/wp-json\/wp\/v2\/categories?post=12135"},{"taxonomy":"post_tag","embeddable":true,"href":"http:\/\/www.tvturk.com\/index.php\/wp-json\/wp\/v2\/tags?post=12135"}],"curies":[{"name":"wp","href":"https:\/\/api.w.org\/{rel}","templated":true}]}}