{"id":12146,"date":"2019-02-08T13:12:51","date_gmt":"2019-02-08T10:12:51","guid":{"rendered":"http:\/\/www.tvturk.com\/index.php\/otomobilin-carptigi-cakal-istanbula-gonderildi\/"},"modified":"2019-02-08T13:12:53","modified_gmt":"2019-02-08T10:12:53","slug":"otomobilin-carptigi-cakal-istanbula-gonderildi","status":"publish","type":"post","link":"http:\/\/www.tvturk.com\/index.php\/otomobilin-carptigi-cakal-istanbula-gonderildi\/","title":{"rendered":"Otomobilin \u00e7arpt\u0131\u011f\u0131 \u00e7akal \u0130stanbul\u2019a g\u00f6nderildi"},"content":{"rendered":"<p>K\u0131rklareli\u2019de bir otomobilin \u00e7arpt\u0131\u011f\u0131 \u00e7akal tedavi edilmek \u00fczere \u0130stanbul\u2019a g\u00f6nderildi.<\/p>\n<p>K\u0131rklareli\u2019de araba \u00e7arpmas\u0131 sonucu yaralanan \u00e7akal\u0131 g\u00f6ren duyarl\u0131 vatanda\u015flar K\u0131rklareli Do\u011fa Koruma ve Milli Parklar \u015eube M\u00fcd\u00fcrl\u00fc\u011f\u00fcne haber verdi. Bunun \u00fczerine harekete ge\u00e7en K\u0131rklareli Do\u011fa Koruma ve Milli Parklar \u015eube M\u00fcd\u00fcrl\u00fc\u011f\u00fc ekipleri araban\u0131n \u00e7arpt\u0131\u011f\u0131 \u00e7akal\u0131 yakalayarak koruma alt\u0131na ald\u0131. \u00c7akal tedavisinin yap\u0131lmas\u0131 amac\u0131yla \u0130stanbul \u00dcniversitesi Veterinerlik Fak\u00fcltesine g\u00f6nderildi.<\/p>\n<p>Otomobilin \u00e7arpt\u0131\u011f\u0131 \u00e7akal\u0131n, tedavisinin ard\u0131ndan tekrar do\u011faya sal\u0131naca\u011f\u0131 bildirildi.<div class=\"tiled-gallery type-rectangular tiled-gallery-unresized\" data-original-width=\"500\" data-carousel-extra='null' itemscope itemtype=\"http:\/\/schema.org\/ImageGallery\" > <div class=\"gallery-row\" style=\"width: 500px; height: 332px;\" data-original-width=\"500\" data-original-height=\"332\" > <div class=\"gallery-group images-1\" style=\"width: 250px; height: 332px;\" data-original-width=\"250\" data-original-height=\"332\" > <div class=\"tiled-gallery-item tiled-gallery-item-small\" itemprop=\"associatedMedia\" itemscope itemtype=\"http:\/\/schema.org\/ImageObject\"> <a href=\"http:\/\/www.tvturk.com\/index.php\/otomobilin-carptigi-cakal-istanbula-gonderildi\/otomobilin-carptigi-cakal-istanbula-gonderildi-3\/\" border=\"0\" itemprop=\"url\"> <meta itemprop=\"width\" content=\"246\"> <meta itemprop=\"height\" content=\"328\"> <img decoding=\"async\" class=\"\" data-attachment-id=\"12148\" data-orig-file=\"http:\/\/www.tvturk.com\/wp-content\/uploads\/2019\/02\/otomobilin-carptigi-cakal-istanbula-gonderildi_9be8974.jpg\" data-orig-size=\"720,960\" data-comments-opened=\"\" data-image-meta=\"{&quot;aperture&quot;:&quot;0&quot;,&quot;credit&quot;:&quot;IHA&quot;,&quot;camera&quot;:&quot;&quot;,&quot;caption&quot;:&quot;KIRKLAREL\\u0130\\u2019DE ARABA \\u00c7ARPMASI SONUCU YARALANAN \\u00c7AKALI (CAN\\u0130S AUREUS) G\\u00d6REN DUYARLI VATANDA\\u015eLAR TARAFINDAN KIRKLAREL\\u0130 DO\\u011eA KORUMA VE M\\u0130LL\\u0130 PARKLAR \\u015eUBE M\\u00dcD\\u00dcRL\\u00dc\\u011e\\u00dcNE HABER VER\\u0130LD\\u0130. \\u00c7AKAL TEDAV\\u0130S\\u0130N\\u0130N YAPILMASI AMACIYLA \\u0130STANBUL \\u00dcN\\u0130VERS\\u0130TES\\u0130 VETER\\u0130NERL\\u0130K FAK\\u00dcLTES\\u0130NE G\\u00d6NDER\\u0130LD\\u0130. (HAL\\u0130L DA\\u011e\\\/KIRKLAREL\\u0130-\\u0130HA)&quot;,&quot;created_timestamp&quot;:&quot;0&quot;,&quot;copyright&quot;:&quot;\\u0130HLAS HABER AJANSI, www.iha.com.tr&quot;,&quot;focal_length&quot;:&quot;0&quot;,&quot;iso&quot;:&quot;0&quot;,&quot;shutter_speed&quot;:&quot;0&quot;,&quot;title&quot;:&quot;OTOMOB\\u0130L\\u0130N \\u00c7ARPTI\\u011eI \\u00c7AKAL \\u0130STANBUL\\u2019A G\\u00d6NDER\\u0130LD\\u0130&quot;,&quot;orientation&quot;:&quot;0&quot;}\" data-image-title=\"Otomobilin \u00e7arpt\u0131\u011f\u0131 \u00e7akal \u0130stanbul\u2019a g\u00f6nderildi\" data-image-description=\"&lt;p&gt;Otomobilin \u00e7arpt\u0131\u011f\u0131 \u00e7akal \u0130stanbul\u2019a g\u00f6nderildi&lt;\/p&gt; \" data-medium-file=\"https:\/\/i0.wp.com\/www.tvturk.com\/wp-content\/uploads\/2019\/02\/otomobilin-carptigi-cakal-istanbula-gonderildi_9be8974.jpg?fit=225%2C300\" data-large-file=\"https:\/\/i0.wp.com\/www.tvturk.com\/wp-content\/uploads\/2019\/02\/otomobilin-carptigi-cakal-istanbula-gonderildi_9be8974.jpg?fit=720%2C960\" src=\"https:\/\/i0.wp.com\/www.tvturk.com\/wp-content\/uploads\/2019\/02\/otomobilin-carptigi-cakal-istanbula-gonderildi_9be8974.jpg?w=246&#038;h=328\" srcset=\"https:\/\/i0.wp.com\/www.tvturk.com\/wp-content\/uploads\/2019\/02\/otomobilin-carptigi-cakal-istanbula-gonderildi_9be8974.jpg?w=720 720w, https:\/\/i0.wp.com\/www.tvturk.com\/wp-content\/uploads\/2019\/02\/otomobilin-carptigi-cakal-istanbula-gonderildi_9be8974.jpg?resize=113%2C150 113w, https:\/\/i0.wp.com\/www.tvturk.com\/wp-content\/uploads\/2019\/02\/otomobilin-carptigi-cakal-istanbula-gonderildi_9be8974.jpg?resize=225%2C300 225w\" width=\"246\" height=\"328\" loading=\"lazy\" data-original-width=\"246\" data-original-height=\"328\" itemprop=\"http:\/\/schema.org\/image\" title=\"Otomobilin \u00e7arpt\u0131\u011f\u0131 \u00e7akal \u0130stanbul\u2019a g\u00f6nderildi\" alt=\"Otomobilin \u00e7arpt\u0131\u011f\u0131 \u00e7akal \u0130stanbul\u2019a g\u00f6nderildi\" style=\"width: 246px; height: 328px;\" \/> <\/a> <\/div> <\/div> <!-- close group --> <div class=\"gallery-group images-1\" style=\"width: 250px; height: 332px;\" data-original-width=\"250\" data-original-height=\"332\" > <div class=\"tiled-gallery-item tiled-gallery-item-small\" itemprop=\"associatedMedia\" itemscope itemtype=\"http:\/\/schema.org\/ImageObject\"> <a href=\"http:\/\/www.tvturk.com\/index.php\/otomobilin-carptigi-cakal-istanbula-gonderildi\/otomobilin-carptigi-cakal-istanbula-gonderildi-4\/\" border=\"0\" itemprop=\"url\"> <meta itemprop=\"width\" content=\"246\"> <meta itemprop=\"height\" content=\"328\"> <img decoding=\"async\" class=\"\" data-attachment-id=\"12149\" data-orig-file=\"http:\/\/www.tvturk.com\/wp-content\/uploads\/2019\/02\/otomobilin-carptigi-cakal-istanbula-gonderildi_023a778.jpg\" data-orig-size=\"720,960\" data-comments-opened=\"\" data-image-meta=\"{&quot;aperture&quot;:&quot;0&quot;,&quot;credit&quot;:&quot;IHA&quot;,&quot;camera&quot;:&quot;&quot;,&quot;caption&quot;:&quot;OTOMOB\\u0130L\\u0130N \\u00c7ARPTI\\u011eI \\u00c7AKALIN, TEDAV\\u0130S\\u0130N\\u0130N ARDINDAN TEKRAR DO\\u011eAYA SALINACA\\u011eI B\\u0130LD\\u0130R\\u0130LD\\u0130. (HAL\\u0130L DA\\u011e\\\/KIRKLAREL\\u0130-\\u0130HA)&quot;,&quot;created_timestamp&quot;:&quot;0&quot;,&quot;copyright&quot;:&quot;\\u0130HLAS HABER AJANSI, www.iha.com.tr&quot;,&quot;focal_length&quot;:&quot;0&quot;,&quot;iso&quot;:&quot;0&quot;,&quot;shutter_speed&quot;:&quot;0&quot;,&quot;title&quot;:&quot;OTOMOB\\u0130L\\u0130N \\u00c7ARPTI\\u011eI \\u00c7AKAL \\u0130STANBUL\\u2019A G\\u00d6NDER\\u0130LD\\u0130&quot;,&quot;orientation&quot;:&quot;0&quot;}\" data-image-title=\"Otomobilin \u00e7arpt\u0131\u011f\u0131 \u00e7akal \u0130stanbul\u2019a g\u00f6nderildi\" data-image-description=\"&lt;p&gt;Otomobilin \u00e7arpt\u0131\u011f\u0131 \u00e7akal \u0130stanbul\u2019a g\u00f6nderildi&lt;\/p&gt; \" data-medium-file=\"https:\/\/i0.wp.com\/www.tvturk.com\/wp-content\/uploads\/2019\/02\/otomobilin-carptigi-cakal-istanbula-gonderildi_023a778.jpg?fit=225%2C300\" data-large-file=\"https:\/\/i0.wp.com\/www.tvturk.com\/wp-content\/uploads\/2019\/02\/otomobilin-carptigi-cakal-istanbula-gonderildi_023a778.jpg?fit=720%2C960\" src=\"https:\/\/i0.wp.com\/www.tvturk.com\/wp-content\/uploads\/2019\/02\/otomobilin-carptigi-cakal-istanbula-gonderildi_023a778.jpg?w=246&#038;h=328\" srcset=\"https:\/\/i0.wp.com\/www.tvturk.com\/wp-content\/uploads\/2019\/02\/otomobilin-carptigi-cakal-istanbula-gonderildi_023a778.jpg?w=720 720w, https:\/\/i0.wp.com\/www.tvturk.com\/wp-content\/uploads\/2019\/02\/otomobilin-carptigi-cakal-istanbula-gonderildi_023a778.jpg?resize=113%2C150 113w, https:\/\/i0.wp.com\/www.tvturk.com\/wp-content\/uploads\/2019\/02\/otomobilin-carptigi-cakal-istanbula-gonderildi_023a778.jpg?resize=225%2C300 225w\" width=\"246\" height=\"328\" loading=\"lazy\" data-original-width=\"246\" data-original-height=\"328\" itemprop=\"http:\/\/schema.org\/image\" title=\"Otomobilin \u00e7arpt\u0131\u011f\u0131 \u00e7akal \u0130stanbul\u2019a g\u00f6nderildi\" alt=\"Otomobilin \u00e7arpt\u0131\u011f\u0131 \u00e7akal \u0130stanbul\u2019a g\u00f6nderildi\" style=\"width: 246px; height: 328px;\" \/> <\/a> <\/div> <\/div> <!-- close group --> <\/div> <!-- close row --> <\/div><\/p>\n","protected":false},"excerpt":{"rendered":"<p>KIRKLAREL\u0130\u2019DE ARABA \u00c7ARPMASI SONUCU YARALANAN \u00c7AKALI G\u00d6REN DUYARLI VATANDA\u015eLAR KIRKLAREL\u0130 DO\u011eA KORUMA VE M\u0130LL\u0130 PARKLAR \u015eUBE M\u00dcD\u00dcRL\u00dc\u011e\u00dcNE HABER VERD\u0130. \u00c7AKAL TEDAV\u0130S\u0130N\u0130N YAPILMASI AMACIYLA \u0130STANBUL \u00dcN\u0130VERS\u0130TES\u0130 VETER\u0130NERL\u0130K FAK\u00dcLTES\u0130NE G\u00d6NDER\u0130LD\u0130.<\/p>\n","protected":false},"author":1,"featured_media":12147,"comment_status":"closed","ping_status":"open","sticky":false,"template":"","format":"standard","meta":{"jetpack_post_was_ever_published":false,"_jetpack_newsletter_access":"","_jetpack_dont_email_post_to_subs":false,"_jetpack_newsletter_tier_id":0,"_jetpack_memberships_contains_paywalled_content":false,"_jetpack_memberships_contains_paid_content":false,"footnotes":"","jetpack_publicize_message":"","jetpack_publicize_feature_enabled":true,"jetpack_social_post_already_shared":false,"jetpack_social_options":{"image_generator_settings":{"template":"highway","default_image_id":0,"font":"","enabled":false},"version":2}},"categories":[655],"tags":[6213,3516,2949,2174,3515],"class_list":["post-12146","post","type-post","status-publish","format-standard","has-post-thumbnail","hentry","category-son-dakika","tag-cakal","tag-carptigi","tag-gonderildi","tag-istanbula","tag-otomobilin"],"jetpack_publicize_connections":[],"jetpack_featured_media_url":"https:\/\/i0.wp.com\/www.tvturk.com\/wp-content\/uploads\/2019\/02\/otomobilin-carptigi-cakal-istanbula-gonderildi_3825e8f.jpg?fit=927%2C960","jetpack_sharing_enabled":true,"jetpack_shortlink":"https:\/\/wp.me\/paKIfm-39U","_links":{"self":[{"href":"http:\/\/www.tvturk.com\/index.php\/wp-json\/wp\/v2\/posts\/12146","targetHints":{"allow":["GET"]}}],"collection":[{"href":"http:\/\/www.tvturk.com\/index.php\/wp-json\/wp\/v2\/posts"}],"about":[{"href":"http:\/\/www.tvturk.com\/index.php\/wp-json\/wp\/v2\/types\/post"}],"author":[{"embeddable":true,"href":"http:\/\/www.tvturk.com\/index.php\/wp-json\/wp\/v2\/users\/1"}],"replies":[{"embeddable":true,"href":"http:\/\/www.tvturk.com\/index.php\/wp-json\/wp\/v2\/comments?post=12146"}],"version-history":[{"count":1,"href":"http:\/\/www.tvturk.com\/index.php\/wp-json\/wp\/v2\/posts\/12146\/revisions"}],"predecessor-version":[{"id":12150,"href":"http:\/\/www.tvturk.com\/index.php\/wp-json\/wp\/v2\/posts\/12146\/revisions\/12150"}],"wp:featuredmedia":[{"embeddable":true,"href":"http:\/\/www.tvturk.com\/index.php\/wp-json\/wp\/v2\/media\/12147"}],"wp:attachment":[{"href":"http:\/\/www.tvturk.com\/index.php\/wp-json\/wp\/v2\/media?parent=12146"}],"wp:term":[{"taxonomy":"category","embeddable":true,"href":"http:\/\/www.tvturk.com\/index.php\/wp-json\/wp\/v2\/categories?post=12146"},{"taxonomy":"post_tag","embeddable":true,"href":"http:\/\/www.tvturk.com\/index.php\/wp-json\/wp\/v2\/tags?post=12146"}],"curies":[{"name":"wp","href":"https:\/\/api.w.org\/{rel}","templated":true}]}}