{"id":121463,"date":"2019-04-02T13:57:07","date_gmt":"2019-04-02T10:57:07","guid":{"rendered":"http:\/\/www.tvturk.com\/index.php\/bosna-hersek-basbakani-zvizdic-fetih-muzesini-ziyaret-etti\/"},"modified":"2019-04-02T13:57:10","modified_gmt":"2019-04-02T10:57:10","slug":"bosna-hersek-basbakani-zvizdic-fetih-muzesini-ziyaret-etti","status":"publish","type":"post","link":"http:\/\/www.tvturk.com\/index.php\/bosna-hersek-basbakani-zvizdic-fetih-muzesini-ziyaret-etti\/","title":{"rendered":"Bosna Hersek Ba\u015fbakan\u0131 Zvizdi\u00e7 Fetih M\u00fczesi\u2019ni ziyaret etti"},"content":{"rendered":"<p>Bursa\u2019y\u0131 ziyarete gelen Bosna Hersek Ba\u015fbakan\u0131 (Bakanlar Kurulu Ba\u015fkan\u0131) Denis Zvizdi\u00e7, Panorama 1326 Bursa Fetih M\u00fczesi\u2019ni gezdi. Zvizdi\u00e7, Fetih M\u00fczesi\u2019ni b\u00fcy\u00fcleyici bir eser olarak nitelendirdi.<\/p>\n<p>Osmangazi Belediye Ba\u015fkan\u0131 Mustafa D\u00fcndar, Bosna Hersek Ba\u015fbakan\u0131 Denis Zvizdi\u00e7\u2019i Panorama 1326 Bursa Fetih M\u00fczesi\u2019nde a\u011f\u0131rlad\u0131. Fetih M\u00fczesi giri\u015finde kar\u015f\u0131lad\u0131\u011f\u0131 Zvizdi\u00e7\u2019e m\u00fcze hakk\u0131nda bilgiler veren Ba\u015fkan D\u00fcndar,  Fetih M\u00fczesi\u2019nin d\u00fcnyan\u0131n en b\u00fcy\u00fck tam panoramik m\u00fczesi oldu\u011funu s\u00f6yledi. 42 metre a\u00e7\u0131kl\u0131\u011f\u0131yla d\u00fcnyan\u0131n en b\u00fcy\u00fck kubbesinin de yine Fetih M\u00fczesi\u2019ne ait oldu\u011funu ifade eden Ba\u015fkan D\u00fcndar, \u201cFetih M\u00fczesi, i\u00e7 i\u00e7e ge\u00e7mi\u015f iki ayr\u0131 bina olarak in\u015fa edildi. Kubbe k\u0131sm\u0131 6 ayak \u00fczerine oturtuldu. Bunlar, Bursa\u2019da metfun 6 padi\u015fah\u0131 temsil ediyor. Kubbenin alt\u0131ndaki amfi sahne ayn\u0131 zamanda 1000 ki\u015filik g\u00f6steri merkezi olarak kullan\u0131l\u0131yor\u201d dedi.<\/p>\n<p>M\u00fczedeki \u0130znik \u00e7inileri hakk\u0131nda da Zvizdi\u00e7\u2019e bilgiler veren Ba\u015fkan D\u00fcndar, daha sonra Bosna Hersek Bakanlar Kurulu Ba\u015fkan\u0131n\u0131 Osmanl\u0131 d\u00f6neminin \u00f6nemli olaylar\u0131n\u0131n resmedildi\u011fi kronolojik sergi salonunu gezdirdi.<\/p>\n<p>Denis Zvizdi\u00e7 de Bursa\u2019n\u0131n fethinin panoramik resim ile tasvir edildi\u011fi m\u00fczenin kubbe b\u00f6l\u00fcm\u00fcne \u00e7\u0131kt\u0131\u011f\u0131nda ise b\u00fcy\u00fck hayranl\u0131k ve \u015fa\u015fk\u0131nl\u0131k ya\u015fad\u0131. Tam panoramik olmas\u0131ndan dolay\u0131 kubbeye \u00e7\u0131kt\u0131\u011f\u0131nda bir s\u00fcre \u015fa\u015fk\u0131nl\u0131k ya\u015fayan Zvizdi\u00e7, panoramik resimde yer alan 10 bin fig\u00fcr\u00fcn aras\u0131nda adeta kayboldu. Bursa\u2019n\u0131n 23 y\u0131l s\u00fcren ku\u015fatma sonunda kan d\u00f6k\u00fclmeden el de\u011fi\u015ftirdi\u011fi tarihi bulu\u015fma g\u00fcn\u00fcn\u00fc tasvir eden panoramik resmi dikkatlice inceleyen Zvizdi\u00e7, 693 y\u0131l \u00f6ncesinin Bursa\u2019s\u0131na \u015fahitlik etti.<\/p>\n<p>Panorama 1326 Bursa\u2019y\u0131 \u00e7ok be\u011fendi\u011fini ifade eden Zvizdi\u00e7, \u201cMisafirperverli\u011fi i\u00e7in hem kendim hem de Bosna Hersek halk\u0131 ad\u0131na T\u00fcrk halk\u0131na \u00e7ok te\u015fekk\u00fcr ediyorum.  En son 6 y\u0131l \u00f6nce Bursa\u2019ya gelmi\u015ftim. \u015eimdi geldi\u011fimde g\u00f6r\u00fcyorum ki, Bursa \u00e7ok geli\u015fmi\u015f. Bu geli\u015fmi\u015flik asl\u0131nda t\u00fcm T\u00fcrkiye\u2019nin geli\u015fmi\u015fli\u011finin bir yans\u0131mas\u0131d\u0131r. Ben bu geli\u015fmi\u015fli\u011fi kente sa\u011flayan t\u00fcm belediye ba\u015fkanlar\u0131n\u0131 tebrik ediyorum dedi. Panorama 1326 Bursa Fetih M\u00fczesi hakk\u0131nda da d\u00fc\u015f\u00fcncelerini ifade eden Zvizdi\u00e7, \u201cHarika bir eser olmu\u015f. Bu eser adeta tarih dersi niteli\u011fi ta\u015f\u0131yor. B\u00f6yle g\u00fczel bir eseri gezme f\u0131rsat\u0131 buldu\u011fum i\u00e7in \u00e7ok mutluyum. Bir millet gelece\u011finin ayd\u0131nl\u0131k olmas\u0131n\u0131 istiyorsa tarihini bilmelidir. Fetih M\u00fczesi, insanlara ge\u00e7mi\u015fini \u00f6\u011freten \u00e7ok \u00f6nemli bir eser olmu\u015f. Ba\u015fta Osmangazi Belediye Ba\u015fkan\u0131 Mustafa D\u00fcndar olmak \u00fczere eme\u011fi ge\u00e7en herkesi tebrik ederim\u201d diye konu\u015ftu.<\/p>\n<p>Ba\u015fkan D\u00fcndar, ziyaretin an\u0131s\u0131na Zvizdi\u00e7\u2019e Osman Gazi\u2019nin tahta oturu\u015funu simgeleyen bir biblo hediye etti.<div class=\"tiled-gallery type-rectangular tiled-gallery-unresized\" data-original-width=\"500\" data-carousel-extra='null' itemscope itemtype=\"http:\/\/schema.org\/ImageGallery\" > <div class=\"gallery-row\" style=\"width: 500px; height: 235px;\" data-original-width=\"500\" data-original-height=\"235\" > <div class=\"gallery-group images-1\" style=\"width: 351px; height: 235px;\" data-original-width=\"351\" data-original-height=\"235\" > <div class=\"tiled-gallery-item tiled-gallery-item-large\" itemprop=\"associatedMedia\" itemscope itemtype=\"http:\/\/schema.org\/ImageObject\"> <a href=\"http:\/\/www.tvturk.com\/index.php\/bosna-hersek-basbakani-zvizdic-fetih-muzesini-ziyaret-etti\/bosna-hersek-basbakani-zvizdic-fetih-muzesini-ziyaret-etti-3\/\" border=\"0\" itemprop=\"url\"> <meta itemprop=\"width\" content=\"347\"> <meta itemprop=\"height\" content=\"231\"> <img decoding=\"async\" class=\"\" data-attachment-id=\"121465\" data-orig-file=\"http:\/\/www.tvturk.com\/wp-content\/uploads\/2019\/04\/bosna-hersek-basbakani-zvizdic-fetih-muzesini-ziyaret-etti_33fdea3.jpg\" data-orig-size=\"1000,666\" data-comments-opened=\"\" data-image-meta=\"{&quot;aperture&quot;:&quot;0&quot;,&quot;credit&quot;:&quot;IHA&quot;,&quot;camera&quot;:&quot;&quot;,&quot;caption&quot;:&quot;BURSA\\u2019YI Z\\u0130YARETE GELEN BOSNA HERSEK BA\\u015eBAKANI (BAKANLAR KURULU BA\\u015eKANI) DEN\\u0130S ZV\\u0130ZD\\u0130\\u00c7, PANORAMA 1326 BURSA FET\\u0130H M\\u00dcZES\\u0130\\u2019N\\u0130 GEZD\\u0130. (\\u0130HA\\\/BURSA-\\u0130HA)&quot;,&quot;created_timestamp&quot;:&quot;0&quot;,&quot;copyright&quot;:&quot;\\u0130HLAS HABER AJANSI, www.iha.com.tr&quot;,&quot;focal_length&quot;:&quot;0&quot;,&quot;iso&quot;:&quot;0&quot;,&quot;shutter_speed&quot;:&quot;0&quot;,&quot;title&quot;:&quot;BOSNA HERSEK BA\\u015eBAKANI ZV\\u0130ZD\\u0130\\u00c7 FET\\u0130H M\\u00dcZES\\u0130\\u2019N\\u0130 Z\\u0130YARET ETT\\u0130&quot;,&quot;orientation&quot;:&quot;0&quot;}\" data-image-title=\"Bosna Hersek Ba\u015fbakan\u0131 Zvizdi\u00e7 Fetih M\u00fczesi\u2019ni ziyaret etti\" data-image-description=\"&lt;p&gt;Bosna Hersek Ba\u015fbakan\u0131 Zvizdi\u00e7 Fetih M\u00fczesi\u2019ni ziyaret etti&lt;\/p&gt; \" data-medium-file=\"https:\/\/i0.wp.com\/www.tvturk.com\/wp-content\/uploads\/2019\/04\/bosna-hersek-basbakani-zvizdic-fetih-muzesini-ziyaret-etti_33fdea3.jpg?fit=300%2C200\" data-large-file=\"https:\/\/i0.wp.com\/www.tvturk.com\/wp-content\/uploads\/2019\/04\/bosna-hersek-basbakani-zvizdic-fetih-muzesini-ziyaret-etti_33fdea3.jpg?fit=1000%2C666\" src=\"https:\/\/i0.wp.com\/www.tvturk.com\/wp-content\/uploads\/2019\/04\/bosna-hersek-basbakani-zvizdic-fetih-muzesini-ziyaret-etti_33fdea3.jpg?w=347&#038;h=231\" srcset=\"https:\/\/i0.wp.com\/www.tvturk.com\/wp-content\/uploads\/2019\/04\/bosna-hersek-basbakani-zvizdic-fetih-muzesini-ziyaret-etti_33fdea3.jpg?w=1000 1000w, https:\/\/i0.wp.com\/www.tvturk.com\/wp-content\/uploads\/2019\/04\/bosna-hersek-basbakani-zvizdic-fetih-muzesini-ziyaret-etti_33fdea3.jpg?resize=150%2C100 150w, https:\/\/i0.wp.com\/www.tvturk.com\/wp-content\/uploads\/2019\/04\/bosna-hersek-basbakani-zvizdic-fetih-muzesini-ziyaret-etti_33fdea3.jpg?resize=300%2C200 300w, https:\/\/i0.wp.com\/www.tvturk.com\/wp-content\/uploads\/2019\/04\/bosna-hersek-basbakani-zvizdic-fetih-muzesini-ziyaret-etti_33fdea3.jpg?resize=768%2C511 768w, https:\/\/i0.wp.com\/www.tvturk.com\/wp-content\/uploads\/2019\/04\/bosna-hersek-basbakani-zvizdic-fetih-muzesini-ziyaret-etti_33fdea3.jpg?resize=170%2C113 170w, https:\/\/i0.wp.com\/www.tvturk.com\/wp-content\/uploads\/2019\/04\/bosna-hersek-basbakani-zvizdic-fetih-muzesini-ziyaret-etti_33fdea3.jpg?resize=120%2C80 120w\" width=\"347\" height=\"231\" loading=\"lazy\" data-original-width=\"347\" data-original-height=\"231\" itemprop=\"http:\/\/schema.org\/image\" title=\"Bosna Hersek Ba\u015fbakan\u0131 Zvizdi\u00e7 Fetih M\u00fczesi\u2019ni ziyaret etti\" alt=\"Bosna Hersek Ba\u015fbakan\u0131 Zvizdi\u00e7 Fetih M\u00fczesi\u2019ni ziyaret etti\" style=\"width: 347px; height: 231px;\" \/> <\/a> <\/div> <\/div> <!-- close group --> <div class=\"gallery-group images-2\" style=\"width: 149px; height: 235px;\" data-original-width=\"149\" data-original-height=\"235\" > <div class=\"tiled-gallery-item tiled-gallery-item-small\" itemprop=\"associatedMedia\" itemscope itemtype=\"http:\/\/schema.org\/ImageObject\"> <a href=\"http:\/\/www.tvturk.com\/index.php\/bosna-hersek-basbakani-zvizdic-fetih-muzesini-ziyaret-etti\/bosna-hersek-basbakani-zvizdic-fetih-muzesini-ziyaret-etti-4\/\" border=\"0\" itemprop=\"url\"> <meta itemprop=\"width\" content=\"145\"> <meta itemprop=\"height\" content=\"123\"> <img decoding=\"async\" class=\"\" data-attachment-id=\"121466\" data-orig-file=\"http:\/\/www.tvturk.com\/wp-content\/uploads\/2019\/04\/bosna-hersek-basbakani-zvizdic-fetih-muzesini-ziyaret-etti_3727917.jpg\" data-orig-size=\"1000,845\" data-comments-opened=\"\" data-image-meta=\"{&quot;aperture&quot;:&quot;0&quot;,&quot;credit&quot;:&quot;IHA&quot;,&quot;camera&quot;:&quot;&quot;,&quot;caption&quot;:&quot;BURSA\\u2019YI Z\\u0130YARETE GELEN BOSNA HERSEK BA\\u015eBAKANI (BAKANLAR KURULU BA\\u015eKANI) DEN\\u0130S ZV\\u0130ZD\\u0130\\u00c7, PANORAMA 1326 BURSA FET\\u0130H M\\u00dcZES\\u0130\\u2019N\\u0130 GEZD\\u0130. (\\u0130HA\\\/BURSA-\\u0130HA)&quot;,&quot;created_timestamp&quot;:&quot;0&quot;,&quot;copyright&quot;:&quot;\\u0130HLAS HABER AJANSI, www.iha.com.tr&quot;,&quot;focal_length&quot;:&quot;0&quot;,&quot;iso&quot;:&quot;0&quot;,&quot;shutter_speed&quot;:&quot;0&quot;,&quot;title&quot;:&quot;BOSNA HERSEK BA\\u015eBAKANI ZV\\u0130ZD\\u0130\\u00c7 FET\\u0130H M\\u00dcZES\\u0130\\u2019N\\u0130 Z\\u0130YARET ETT\\u0130&quot;,&quot;orientation&quot;:&quot;0&quot;}\" data-image-title=\"Bosna Hersek Ba\u015fbakan\u0131 Zvizdi\u00e7 Fetih M\u00fczesi\u2019ni ziyaret etti\" data-image-description=\"&lt;p&gt;Bosna Hersek Ba\u015fbakan\u0131 Zvizdi\u00e7 Fetih M\u00fczesi\u2019ni ziyaret etti&lt;\/p&gt; \" data-medium-file=\"https:\/\/i0.wp.com\/www.tvturk.com\/wp-content\/uploads\/2019\/04\/bosna-hersek-basbakani-zvizdic-fetih-muzesini-ziyaret-etti_3727917.jpg?fit=300%2C254\" data-large-file=\"https:\/\/i0.wp.com\/www.tvturk.com\/wp-content\/uploads\/2019\/04\/bosna-hersek-basbakani-zvizdic-fetih-muzesini-ziyaret-etti_3727917.jpg?fit=1000%2C845\" src=\"https:\/\/i0.wp.com\/www.tvturk.com\/wp-content\/uploads\/2019\/04\/bosna-hersek-basbakani-zvizdic-fetih-muzesini-ziyaret-etti_3727917.jpg?w=145&#038;h=123\" srcset=\"https:\/\/i0.wp.com\/www.tvturk.com\/wp-content\/uploads\/2019\/04\/bosna-hersek-basbakani-zvizdic-fetih-muzesini-ziyaret-etti_3727917.jpg?w=1000 1000w, https:\/\/i0.wp.com\/www.tvturk.com\/wp-content\/uploads\/2019\/04\/bosna-hersek-basbakani-zvizdic-fetih-muzesini-ziyaret-etti_3727917.jpg?resize=150%2C127 150w, https:\/\/i0.wp.com\/www.tvturk.com\/wp-content\/uploads\/2019\/04\/bosna-hersek-basbakani-zvizdic-fetih-muzesini-ziyaret-etti_3727917.jpg?resize=300%2C254 300w, https:\/\/i0.wp.com\/www.tvturk.com\/wp-content\/uploads\/2019\/04\/bosna-hersek-basbakani-zvizdic-fetih-muzesini-ziyaret-etti_3727917.jpg?resize=768%2C649 768w\" width=\"145\" height=\"123\" loading=\"lazy\" data-original-width=\"145\" data-original-height=\"123\" itemprop=\"http:\/\/schema.org\/image\" title=\"Bosna Hersek Ba\u015fbakan\u0131 Zvizdi\u00e7 Fetih M\u00fczesi\u2019ni ziyaret etti\" alt=\"Bosna Hersek Ba\u015fbakan\u0131 Zvizdi\u00e7 Fetih M\u00fczesi\u2019ni ziyaret etti\" style=\"width: 145px; height: 123px;\" \/> <\/a> <\/div> <div class=\"tiled-gallery-item tiled-gallery-item-small\" itemprop=\"associatedMedia\" itemscope itemtype=\"http:\/\/schema.org\/ImageObject\"> <a href=\"http:\/\/www.tvturk.com\/index.php\/bosna-hersek-basbakani-zvizdic-fetih-muzesini-ziyaret-etti\/bosna-hersek-basbakani-zvizdic-fetih-muzesini-ziyaret-etti-5\/\" border=\"0\" itemprop=\"url\"> <meta itemprop=\"width\" content=\"145\"> <meta itemprop=\"height\" content=\"104\"> <img decoding=\"async\" class=\"\" data-attachment-id=\"121467\" data-orig-file=\"http:\/\/www.tvturk.com\/wp-content\/uploads\/2019\/04\/bosna-hersek-basbakani-zvizdic-fetih-muzesini-ziyaret-etti_1a67330.jpg\" data-orig-size=\"1000,714\" data-comments-opened=\"\" data-image-meta=\"{&quot;aperture&quot;:&quot;0&quot;,&quot;credit&quot;:&quot;IHA&quot;,&quot;camera&quot;:&quot;&quot;,&quot;caption&quot;:&quot;BURSA\\u2019YI Z\\u0130YARETE GELEN BOSNA HERSEK BA\\u015eBAKANI (BAKANLAR KURULU BA\\u015eKANI) DEN\\u0130S ZV\\u0130ZD\\u0130\\u00c7, PANORAMA 1326 BURSA FET\\u0130H M\\u00dcZES\\u0130\\u2019N\\u0130 GEZD\\u0130. (\\u0130HA\\\/BURSA-\\u0130HA)&quot;,&quot;created_timestamp&quot;:&quot;0&quot;,&quot;copyright&quot;:&quot;\\u0130HLAS HABER AJANSI, www.iha.com.tr&quot;,&quot;focal_length&quot;:&quot;0&quot;,&quot;iso&quot;:&quot;0&quot;,&quot;shutter_speed&quot;:&quot;0&quot;,&quot;title&quot;:&quot;BOSNA HERSEK BA\\u015eBAKANI ZV\\u0130ZD\\u0130\\u00c7 FET\\u0130H M\\u00dcZES\\u0130\\u2019N\\u0130 Z\\u0130YARET ETT\\u0130&quot;,&quot;orientation&quot;:&quot;0&quot;}\" data-image-title=\"Bosna Hersek Ba\u015fbakan\u0131 Zvizdi\u00e7 Fetih M\u00fczesi\u2019ni ziyaret etti\" data-image-description=\"&lt;p&gt;Bosna Hersek Ba\u015fbakan\u0131 Zvizdi\u00e7 Fetih M\u00fczesi\u2019ni ziyaret etti&lt;\/p&gt; \" data-medium-file=\"https:\/\/i0.wp.com\/www.tvturk.com\/wp-content\/uploads\/2019\/04\/bosna-hersek-basbakani-zvizdic-fetih-muzesini-ziyaret-etti_1a67330.jpg?fit=300%2C214\" data-large-file=\"https:\/\/i0.wp.com\/www.tvturk.com\/wp-content\/uploads\/2019\/04\/bosna-hersek-basbakani-zvizdic-fetih-muzesini-ziyaret-etti_1a67330.jpg?fit=1000%2C714\" src=\"https:\/\/i0.wp.com\/www.tvturk.com\/wp-content\/uploads\/2019\/04\/bosna-hersek-basbakani-zvizdic-fetih-muzesini-ziyaret-etti_1a67330.jpg?w=145&#038;h=104\" srcset=\"https:\/\/i0.wp.com\/www.tvturk.com\/wp-content\/uploads\/2019\/04\/bosna-hersek-basbakani-zvizdic-fetih-muzesini-ziyaret-etti_1a67330.jpg?w=1000 1000w, https:\/\/i0.wp.com\/www.tvturk.com\/wp-content\/uploads\/2019\/04\/bosna-hersek-basbakani-zvizdic-fetih-muzesini-ziyaret-etti_1a67330.jpg?resize=150%2C107 150w, https:\/\/i0.wp.com\/www.tvturk.com\/wp-content\/uploads\/2019\/04\/bosna-hersek-basbakani-zvizdic-fetih-muzesini-ziyaret-etti_1a67330.jpg?resize=300%2C214 300w, https:\/\/i0.wp.com\/www.tvturk.com\/wp-content\/uploads\/2019\/04\/bosna-hersek-basbakani-zvizdic-fetih-muzesini-ziyaret-etti_1a67330.jpg?resize=768%2C548 768w\" width=\"145\" height=\"104\" loading=\"lazy\" data-original-width=\"145\" data-original-height=\"104\" itemprop=\"http:\/\/schema.org\/image\" title=\"Bosna Hersek Ba\u015fbakan\u0131 Zvizdi\u00e7 Fetih M\u00fczesi\u2019ni ziyaret etti\" alt=\"Bosna Hersek Ba\u015fbakan\u0131 Zvizdi\u00e7 Fetih M\u00fczesi\u2019ni ziyaret etti\" style=\"width: 145px; height: 104px;\" \/> <\/a> <\/div> <\/div> <!-- close group --> <\/div> <!-- close row --> <div class=\"gallery-row\" style=\"width: 500px; height: 334px;\" data-original-width=\"500\" data-original-height=\"334\" > <div class=\"gallery-group images-1\" style=\"width: 500px; height: 334px;\" data-original-width=\"500\" data-original-height=\"334\" > <div class=\"tiled-gallery-item tiled-gallery-item-large\" itemprop=\"associatedMedia\" itemscope itemtype=\"http:\/\/schema.org\/ImageObject\"> <a href=\"http:\/\/www.tvturk.com\/index.php\/bosna-hersek-basbakani-zvizdic-fetih-muzesini-ziyaret-etti\/bosna-hersek-basbakani-zvizdic-fetih-muzesini-ziyaret-etti-6\/\" border=\"0\" itemprop=\"url\"> <meta itemprop=\"width\" content=\"496\"> <meta itemprop=\"height\" content=\"330\"> <img decoding=\"async\" class=\"\" data-attachment-id=\"121468\" data-orig-file=\"http:\/\/www.tvturk.com\/wp-content\/uploads\/2019\/04\/bosna-hersek-basbakani-zvizdic-fetih-muzesini-ziyaret-etti_97a100a.jpg\" data-orig-size=\"1000,666\" data-comments-opened=\"\" data-image-meta=\"{&quot;aperture&quot;:&quot;0&quot;,&quot;credit&quot;:&quot;IHA&quot;,&quot;camera&quot;:&quot;&quot;,&quot;caption&quot;:&quot;BURSA\\u2019YI Z\\u0130YARETE GELEN BOSNA HERSEK BA\\u015eBAKANI (BAKANLAR KURULU BA\\u015eKANI) DEN\\u0130S ZV\\u0130ZD\\u0130\\u00c7, PANORAMA 1326 BURSA FET\\u0130H M\\u00dcZES\\u0130\\u2019N\\u0130 GEZD\\u0130. (\\u0130HA\\\/BURSA-\\u0130HA)&quot;,&quot;created_timestamp&quot;:&quot;0&quot;,&quot;copyright&quot;:&quot;\\u0130HLAS HABER AJANSI, www.iha.com.tr&quot;,&quot;focal_length&quot;:&quot;0&quot;,&quot;iso&quot;:&quot;0&quot;,&quot;shutter_speed&quot;:&quot;0&quot;,&quot;title&quot;:&quot;BOSNA HERSEK BA\\u015eBAKANI ZV\\u0130ZD\\u0130\\u00c7 FET\\u0130H M\\u00dcZES\\u0130\\u2019N\\u0130 Z\\u0130YARET ETT\\u0130&quot;,&quot;orientation&quot;:&quot;0&quot;}\" data-image-title=\"Bosna Hersek Ba\u015fbakan\u0131 Zvizdi\u00e7 Fetih M\u00fczesi\u2019ni ziyaret etti\" data-image-description=\"&lt;p&gt;Bosna Hersek Ba\u015fbakan\u0131 Zvizdi\u00e7 Fetih M\u00fczesi\u2019ni ziyaret etti&lt;\/p&gt; \" data-medium-file=\"https:\/\/i0.wp.com\/www.tvturk.com\/wp-content\/uploads\/2019\/04\/bosna-hersek-basbakani-zvizdic-fetih-muzesini-ziyaret-etti_97a100a.jpg?fit=300%2C200\" data-large-file=\"https:\/\/i0.wp.com\/www.tvturk.com\/wp-content\/uploads\/2019\/04\/bosna-hersek-basbakani-zvizdic-fetih-muzesini-ziyaret-etti_97a100a.jpg?fit=1000%2C666\" src=\"https:\/\/i0.wp.com\/www.tvturk.com\/wp-content\/uploads\/2019\/04\/bosna-hersek-basbakani-zvizdic-fetih-muzesini-ziyaret-etti_97a100a.jpg?w=496&#038;h=330\" srcset=\"https:\/\/i0.wp.com\/www.tvturk.com\/wp-content\/uploads\/2019\/04\/bosna-hersek-basbakani-zvizdic-fetih-muzesini-ziyaret-etti_97a100a.jpg?w=1000 1000w, https:\/\/i0.wp.com\/www.tvturk.com\/wp-content\/uploads\/2019\/04\/bosna-hersek-basbakani-zvizdic-fetih-muzesini-ziyaret-etti_97a100a.jpg?resize=150%2C100 150w, https:\/\/i0.wp.com\/www.tvturk.com\/wp-content\/uploads\/2019\/04\/bosna-hersek-basbakani-zvizdic-fetih-muzesini-ziyaret-etti_97a100a.jpg?resize=300%2C200 300w, https:\/\/i0.wp.com\/www.tvturk.com\/wp-content\/uploads\/2019\/04\/bosna-hersek-basbakani-zvizdic-fetih-muzesini-ziyaret-etti_97a100a.jpg?resize=768%2C511 768w, https:\/\/i0.wp.com\/www.tvturk.com\/wp-content\/uploads\/2019\/04\/bosna-hersek-basbakani-zvizdic-fetih-muzesini-ziyaret-etti_97a100a.jpg?resize=170%2C113 170w, https:\/\/i0.wp.com\/www.tvturk.com\/wp-content\/uploads\/2019\/04\/bosna-hersek-basbakani-zvizdic-fetih-muzesini-ziyaret-etti_97a100a.jpg?resize=120%2C80 120w\" width=\"496\" height=\"330\" loading=\"lazy\" data-original-width=\"496\" data-original-height=\"330\" itemprop=\"http:\/\/schema.org\/image\" title=\"Bosna Hersek Ba\u015fbakan\u0131 Zvizdi\u00e7 Fetih M\u00fczesi\u2019ni ziyaret etti\" alt=\"Bosna Hersek Ba\u015fbakan\u0131 Zvizdi\u00e7 Fetih M\u00fczesi\u2019ni ziyaret etti\" style=\"width: 496px; height: 330px;\" \/> <\/a> <\/div> <\/div> <!-- close group --> <\/div> <!-- close row --> <\/div><\/p>\n","protected":false},"excerpt":{"rendered":"<p>BURSA\u2019YI Z\u0130YARETE GELEN BOSNA HERSEK BA\u015eBAKANI (BAKANLAR KURULU BA\u015eKANI) DEN\u0130S ZV\u0130ZD\u0130\u00c7, PANORAMA 1326 BURSA FET\u0130H M\u00dcZES\u0130\u2019N\u0130 GEZD\u0130.<\/p>\n","protected":false},"author":1,"featured_media":121464,"comment_status":"closed","ping_status":"open","sticky":false,"template":"","format":"standard","meta":{"jetpack_post_was_ever_published":false,"_jetpack_newsletter_access":"","_jetpack_dont_email_post_to_subs":false,"_jetpack_newsletter_tier_id":0,"_jetpack_memberships_contains_paywalled_content":false,"_jetpack_memberships_contains_paid_content":false,"footnotes":"","jetpack_publicize_message":"","jetpack_publicize_feature_enabled":true,"jetpack_social_post_already_shared":true,"jetpack_social_options":{"image_generator_settings":{"template":"highway","default_image_id":0,"font":"","enabled":false},"version":2}},"categories":[1],"tags":[651,26638,207,12420,14209,8353,150,29141],"class_list":["post-121463","post","type-post","status-publish","format-standard","has-post-thumbnail","hentry","category-genel","tag-basbakani","tag-bosna","tag-etti","tag-fetih","tag-hersek","tag-muzesini","tag-ziyaret","tag-zvizdic"],"jetpack_publicize_connections":[],"jetpack_featured_media_url":"https:\/\/i0.wp.com\/www.tvturk.com\/wp-content\/uploads\/2019\/04\/bosna-hersek-basbakani-zvizdic-fetih-muzesini-ziyaret-etti_28955b8.jpg?fit=1000%2C717","jetpack_sharing_enabled":true,"jetpack_shortlink":"https:\/\/wp.me\/paKIfm-vB5","_links":{"self":[{"href":"http:\/\/www.tvturk.com\/index.php\/wp-json\/wp\/v2\/posts\/121463","targetHints":{"allow":["GET"]}}],"collection":[{"href":"http:\/\/www.tvturk.com\/index.php\/wp-json\/wp\/v2\/posts"}],"about":[{"href":"http:\/\/www.tvturk.com\/index.php\/wp-json\/wp\/v2\/types\/post"}],"author":[{"embeddable":true,"href":"http:\/\/www.tvturk.com\/index.php\/wp-json\/wp\/v2\/users\/1"}],"replies":[{"embeddable":true,"href":"http:\/\/www.tvturk.com\/index.php\/wp-json\/wp\/v2\/comments?post=121463"}],"version-history":[{"count":1,"href":"http:\/\/www.tvturk.com\/index.php\/wp-json\/wp\/v2\/posts\/121463\/revisions"}],"predecessor-version":[{"id":121469,"href":"http:\/\/www.tvturk.com\/index.php\/wp-json\/wp\/v2\/posts\/121463\/revisions\/121469"}],"wp:featuredmedia":[{"embeddable":true,"href":"http:\/\/www.tvturk.com\/index.php\/wp-json\/wp\/v2\/media\/121464"}],"wp:attachment":[{"href":"http:\/\/www.tvturk.com\/index.php\/wp-json\/wp\/v2\/media?parent=121463"}],"wp:term":[{"taxonomy":"category","embeddable":true,"href":"http:\/\/www.tvturk.com\/index.php\/wp-json\/wp\/v2\/categories?post=121463"},{"taxonomy":"post_tag","embeddable":true,"href":"http:\/\/www.tvturk.com\/index.php\/wp-json\/wp\/v2\/tags?post=121463"}],"curies":[{"name":"wp","href":"https:\/\/api.w.org\/{rel}","templated":true}]}}