{"id":121515,"date":"2019-04-02T14:06:28","date_gmt":"2019-04-02T11:06:28","guid":{"rendered":"http:\/\/www.tvturk.com\/index.php\/uluslararasi-gazeteciler-kayak-sampiyonasi-fransada-yapildi\/"},"modified":"2019-04-02T14:06:30","modified_gmt":"2019-04-02T11:06:30","slug":"uluslararasi-gazeteciler-kayak-sampiyonasi-fransada-yapildi","status":"publish","type":"post","link":"http:\/\/www.tvturk.com\/index.php\/uluslararasi-gazeteciler-kayak-sampiyonasi-fransada-yapildi\/","title":{"rendered":"Uluslararas\u0131 Gazeteciler Kayak \u015eampiyonas\u0131 Fransa\u2019da yap\u0131ld\u0131"},"content":{"rendered":"<p>Uluslararas\u0131 Gazeteciler Kayak Kul\u00fcb\u00fc\u2019n\u00fcn (SC\u0130J) bu y\u0131l y\u00f6netiminde bo\u015falan 2 ba\u015fkan yard\u0131mc\u0131l\u0131\u011f\u0131 g\u00f6revinden birine T\u00fcrk ekibi \u00fcyesi serbest gazeteci Gamze D\u00fc\u015fmez se\u00e7ildi.<\/p>\n<p>T\u00fcrkiye\u2019nin de 2010\u2019dan bu yana \u00fcyesi oldu\u011fu Uluslararas\u0131 Gazeteciler Kayak Kul\u00fcb\u00fc\u2019n\u00fcn (SC\u0130J) bu y\u0131l y\u00f6netiminde bo\u015falan 2 ba\u015fkan yard\u0131mc\u0131l\u0131\u011f\u0131 g\u00f6revinden birine T\u00fcrk ekibi \u00fcyesi serbest gazeteci Gamze D\u00fc\u015fmez se\u00e7ildi.<\/p>\n<p>Kul\u00fcb\u00fcn bu y\u0131lki 66\u2019nc\u0131 genel kurulu Fransa\u2019n\u0131n Savoie b\u00f6lgesinde yer alan Val d\u2019Arly kayak merkezinde yap\u0131ld\u0131. Bel\u00e7ika\u2019n\u0131n ev sahipli\u011findeki toplant\u0131ya 29 \u00fclkeden toplam 130 gazeteci kat\u0131ld\u0131.<\/p>\n<p>45\u2019den fazla \u00fclkeden 2000\u2019i a\u015fk\u0131n \u00fcyesi bulunan uluslar aras\u0131 kul\u00fcb\u00fcn ge\u00e7en hafta yap\u0131lan se\u00e7imlerinde D\u00fc\u015fmez, Romen rakibi kar\u015f\u0131s\u0131nda 4\u2019e kar\u015f\u0131 23 oyla ba\u015fkan yard\u0131mc\u0131s\u0131 se\u00e7ildi. Di\u011fer ba\u015fkan yard\u0131mc\u0131s\u0131 Almanya DPA haber ajans\u0131ndan Ulli Br\u00fcnger oldu. T\u00fcrkiye, \u00fcyeli\u011finin ikinci y\u0131l\u0131nda kul\u00fcb\u00fcn y\u0131ll\u0131k ola\u011fan toplant\u0131s\u0131na Erzurum\u2019da ev sahipli\u011fi yapt\u0131. Bu toplant\u0131ya 40\u2019a yak\u0131n \u00fclkeden 180\u2019i a\u015fk\u0131n gazeteci kat\u0131ld\u0131.<\/p>\n<p>Val d\u2019Arly\u2019deki toplant\u0131 \u00e7er\u00e7evesinde bir de \u2019yalan haberler\u2019 konulu seminer d\u00fczenlendi. Gazeteciler ayr\u0131ca biri B\u00fcy\u00fck Slalom, di\u011feri kayakl\u0131 ko\u015fu olmak \u00fczere iki dalda yar\u0131\u015ft\u0131. \u0130ddial\u0131 ge\u00e7en yar\u0131\u015flara T\u00fcrk ekibi olarak H\u00fcrriyet\u2019ten Zeynep Bilgehan, Serkan Ocak, H\u00fcrriyet Daily News\u2019tan Bar\u00e7\u0131n Yinan\u00e7, Aylin \u00d6ney Tan ve serbest gazeteci Gamze D\u00fc\u015fmez kat\u0131ld\u0131. T\u00fcrk ekibi zorlu ge\u00e7en yar\u0131\u015flarda dereceye giremedi ama ba\u015far\u0131yla iki parkuru da tamamlad\u0131.<\/p>\n<p>Uluslararas\u0131 bu kul\u00fcp, 1955 y\u0131l\u0131nda so\u011fuk sava\u015f d\u00f6neminde kurulmu\u015f ve d\u00f6nemin ideolojik iki \u00fclkesinin egemenli\u011findeki bat\u0131 ve do\u011fu bloku \u00fclkelerini kayak sporu sayesinde bir araya getiren tek gazeteciler \u00f6rg\u00fct\u00fcd\u00fcr.<div class=\"tiled-gallery type-rectangular tiled-gallery-unresized\" data-original-width=\"500\" data-carousel-extra='null' itemscope itemtype=\"http:\/\/schema.org\/ImageGallery\" > <div class=\"gallery-row\" style=\"width: 500px; height: 592px;\" data-original-width=\"500\" data-original-height=\"592\" > <div class=\"gallery-group images-1\" style=\"width: 500px; height: 592px;\" data-original-width=\"500\" data-original-height=\"592\" > <div class=\"tiled-gallery-item tiled-gallery-item-large\" itemprop=\"associatedMedia\" itemscope itemtype=\"http:\/\/schema.org\/ImageObject\"> <a href=\"http:\/\/www.tvturk.com\/index.php\/uluslararasi-gazeteciler-kayak-sampiyonasi-fransada-yapildi\/uluslararasi-gazeteciler-kayak-sampiyonasi-fransada-yapildi-3\/\" border=\"0\" itemprop=\"url\"> <meta itemprop=\"width\" content=\"496\"> <meta itemprop=\"height\" content=\"588\"> <img decoding=\"async\" class=\"\" data-attachment-id=\"121517\" data-orig-file=\"http:\/\/www.tvturk.com\/wp-content\/uploads\/2019\/04\/uluslararasi-gazeteciler-kayak-sampiyonasi-fransada-yapildi_d5317a3.jpg\" data-orig-size=\"844,1000\" data-comments-opened=\"\" data-image-meta=\"{&quot;aperture&quot;:&quot;0&quot;,&quot;credit&quot;:&quot;IHA&quot;,&quot;camera&quot;:&quot;&quot;,&quot;caption&quot;:&quot;GAZETEC\\u0130LER AYRICA B\\u0130R\\u0130 B\\u00dcY\\u00dcK SLALOM, D\\u0130\\u011eER\\u0130 KAYAKLI KO\\u015eU OLMAK \\u00dcZERE \\u0130K\\u0130 DALDA YARI\\u015eTI (\\u0130HA\\\/\\u0130STANBUL-\\u0130HA)&quot;,&quot;created_timestamp&quot;:&quot;0&quot;,&quot;copyright&quot;:&quot;\\u0130HLAS HABER AJANSI, www.iha.com.tr&quot;,&quot;focal_length&quot;:&quot;0&quot;,&quot;iso&quot;:&quot;0&quot;,&quot;shutter_speed&quot;:&quot;0&quot;,&quot;title&quot;:&quot;ULUSLARARASI GAZETEC\\u0130LER KAYAK \\u015eAMP\\u0130YONASI FRANSA\\u2019DA YAPILDI T\\u00dcRK \\u00dcYE ULUSLARARASI KUL\\u00dcB\\u00dcN BA\\u015eKAN YARDIMCISI SE\\u00c7\\u0130LD\\u0130&quot;,&quot;orientation&quot;:&quot;0&quot;}\" data-image-title=\"Uluslararas\u0131 Gazeteciler Kayak \u015eampiyonas\u0131 Fransa\u2019da yap\u0131ld\u0131\" data-image-description=\"&lt;p&gt;Uluslararas\u0131 Gazeteciler Kayak \u015eampiyonas\u0131 Fransa\u2019da yap\u0131ld\u0131&lt;\/p&gt; \" data-medium-file=\"https:\/\/i0.wp.com\/www.tvturk.com\/wp-content\/uploads\/2019\/04\/uluslararasi-gazeteciler-kayak-sampiyonasi-fransada-yapildi_d5317a3.jpg?fit=253%2C300\" data-large-file=\"https:\/\/i0.wp.com\/www.tvturk.com\/wp-content\/uploads\/2019\/04\/uluslararasi-gazeteciler-kayak-sampiyonasi-fransada-yapildi_d5317a3.jpg?fit=844%2C1000\" src=\"https:\/\/i0.wp.com\/www.tvturk.com\/wp-content\/uploads\/2019\/04\/uluslararasi-gazeteciler-kayak-sampiyonasi-fransada-yapildi_d5317a3.jpg?w=496&#038;h=588\" srcset=\"https:\/\/i0.wp.com\/www.tvturk.com\/wp-content\/uploads\/2019\/04\/uluslararasi-gazeteciler-kayak-sampiyonasi-fransada-yapildi_d5317a3.jpg?w=844 844w, https:\/\/i0.wp.com\/www.tvturk.com\/wp-content\/uploads\/2019\/04\/uluslararasi-gazeteciler-kayak-sampiyonasi-fransada-yapildi_d5317a3.jpg?resize=127%2C150 127w, https:\/\/i0.wp.com\/www.tvturk.com\/wp-content\/uploads\/2019\/04\/uluslararasi-gazeteciler-kayak-sampiyonasi-fransada-yapildi_d5317a3.jpg?resize=253%2C300 253w, https:\/\/i0.wp.com\/www.tvturk.com\/wp-content\/uploads\/2019\/04\/uluslararasi-gazeteciler-kayak-sampiyonasi-fransada-yapildi_d5317a3.jpg?resize=768%2C910 768w\" width=\"496\" height=\"588\" loading=\"lazy\" data-original-width=\"496\" data-original-height=\"588\" itemprop=\"http:\/\/schema.org\/image\" title=\"Uluslararas\u0131 Gazeteciler Kayak \u015eampiyonas\u0131 Fransa\u2019da yap\u0131ld\u0131\" alt=\"Uluslararas\u0131 Gazeteciler Kayak \u015eampiyonas\u0131 Fransa\u2019da yap\u0131ld\u0131\" style=\"width: 496px; height: 588px;\" \/> <\/a> <\/div> <\/div> <!-- close group --> <\/div> <!-- close row --> <\/div><\/p>\n","protected":false},"excerpt":{"rendered":"<p>GAZETEC\u0130LER AYRICA B\u0130R\u0130 B\u00dcY\u00dcK SLALOM, D\u0130\u011eER\u0130 KAYAKLI KO\u015eU OLMAK \u00dcZERE \u0130K\u0130 DALDA YARI\u015eTI<\/p>\n","protected":false},"author":1,"featured_media":121516,"comment_status":"closed","ping_status":"open","sticky":false,"template":"","format":"standard","meta":{"jetpack_post_was_ever_published":false,"_jetpack_newsletter_access":"","_jetpack_dont_email_post_to_subs":false,"_jetpack_newsletter_tier_id":0,"_jetpack_memberships_contains_paywalled_content":false,"_jetpack_memberships_contains_paid_content":false,"footnotes":"","jetpack_publicize_message":"","jetpack_publicize_feature_enabled":true,"jetpack_social_post_already_shared":true,"jetpack_social_options":{"image_generator_settings":{"template":"highway","default_image_id":0,"font":"","enabled":false},"version":2}},"categories":[657],"tags":[4839,901,11780,728,395,117],"class_list":["post-121515","post","type-post","status-publish","format-standard","has-post-thumbnail","hentry","category-spor","tag-uluslararasi","tag-fransada","tag-gazeteciler","tag-kayak","tag-sampiyonasi","tag-yapildi"],"jetpack_publicize_connections":[],"jetpack_featured_media_url":"https:\/\/i0.wp.com\/www.tvturk.com\/wp-content\/uploads\/2019\/04\/uluslararasi-gazeteciler-kayak-sampiyonasi-fransada-yapildi_61594b1.jpg?fit=939%2C764","jetpack_sharing_enabled":true,"jetpack_shortlink":"https:\/\/wp.me\/paKIfm-vBV","_links":{"self":[{"href":"http:\/\/www.tvturk.com\/index.php\/wp-json\/wp\/v2\/posts\/121515","targetHints":{"allow":["GET"]}}],"collection":[{"href":"http:\/\/www.tvturk.com\/index.php\/wp-json\/wp\/v2\/posts"}],"about":[{"href":"http:\/\/www.tvturk.com\/index.php\/wp-json\/wp\/v2\/types\/post"}],"author":[{"embeddable":true,"href":"http:\/\/www.tvturk.com\/index.php\/wp-json\/wp\/v2\/users\/1"}],"replies":[{"embeddable":true,"href":"http:\/\/www.tvturk.com\/index.php\/wp-json\/wp\/v2\/comments?post=121515"}],"version-history":[{"count":1,"href":"http:\/\/www.tvturk.com\/index.php\/wp-json\/wp\/v2\/posts\/121515\/revisions"}],"predecessor-version":[{"id":121518,"href":"http:\/\/www.tvturk.com\/index.php\/wp-json\/wp\/v2\/posts\/121515\/revisions\/121518"}],"wp:featuredmedia":[{"embeddable":true,"href":"http:\/\/www.tvturk.com\/index.php\/wp-json\/wp\/v2\/media\/121516"}],"wp:attachment":[{"href":"http:\/\/www.tvturk.com\/index.php\/wp-json\/wp\/v2\/media?parent=121515"}],"wp:term":[{"taxonomy":"category","embeddable":true,"href":"http:\/\/www.tvturk.com\/index.php\/wp-json\/wp\/v2\/categories?post=121515"},{"taxonomy":"post_tag","embeddable":true,"href":"http:\/\/www.tvturk.com\/index.php\/wp-json\/wp\/v2\/tags?post=121515"}],"curies":[{"name":"wp","href":"https:\/\/api.w.org\/{rel}","templated":true}]}}