{"id":121773,"date":"2019-04-02T16:20:58","date_gmt":"2019-04-02T13:20:58","guid":{"rendered":"http:\/\/www.tvturk.com\/index.php\/ab-brexit-basmuzakerecisi-barnier-anlasmasiz-cikis-her-gecen-gun-daha-muhtemel-hale-geliyor\/"},"modified":"2019-04-02T16:20:59","modified_gmt":"2019-04-02T13:20:59","slug":"ab-brexit-basmuzakerecisi-barnier-anlasmasiz-cikis-her-gecen-gun-daha-muhtemel-hale-geliyor","status":"publish","type":"post","link":"http:\/\/www.tvturk.com\/index.php\/ab-brexit-basmuzakerecisi-barnier-anlasmasiz-cikis-her-gecen-gun-daha-muhtemel-hale-geliyor\/","title":{"rendered":"AB Brexit Ba\u015fm\u00fczakerecisi Barnier: &#8220;Anla\u015fmas\u0131z \u00e7\u0131k\u0131\u015f her ge\u00e7en g\u00fcn daha muhtemel hale geliyor&#8221;"},"content":{"rendered":"<p>\u0130ngiliz milletvekillerinin \u0130ngiltere Ba\u015fbakan\u0131 Theresa May h\u00fck\u00fcmetinin sundu\u011fu t\u00fcm Brexit alternatiflerini reddetmesi \u00fczerine a\u00e7\u0131klamalarda bulunan Avrupa Birli\u011fi (AB) Brexit Ba\u015fm\u00fczakerecisi Michel Barnier, anla\u015fmas\u0131z bir \u00e7\u0131k\u0131\u015f\u0131n her ge\u00e7en g\u00fcn daha da m\u00fcmk\u00fcn hale geldi\u011fine i\u015faret etti.<\/p>\n<p>D\u00fcn \u0130ngiliz milletvekillerinin Ba\u015fbakan Theresa May h\u00fck\u00fcmetinin sundu\u011fu t\u00fcm Brexit alternatiflerini reddetmesi \u00fczerine a\u00e7\u0131klamalarda bulunan Avrupa Birli\u011fi Ba\u015fm\u00fczakerecisi Michel Barnier, anla\u015fmas\u0131z bir \u00e7\u0131k\u0131\u015f\u0131n her ge\u00e7en g\u00fcn daha muhtemel hale geldi\u011fini ifade ederek tehlikeyi i\u015faret etti. B\u00f6yle bir durumu hi\u00e7bir zaman arzulamad\u0131\u011f\u0131n\u0131 aktaran Barnier, olas\u0131 bir anla\u015fmas\u0131z \u00e7\u0131k\u0131\u015f kar\u015f\u0131s\u0131nda t\u00fcm AB \u00fcyelerinin haz\u0131r oldu\u011funu, Birle\u015fik Krall\u0131\u011f\u0131n e\u011fer d\u00fczenli bir \u015fekilde AB\u2019den ayr\u0131lma niyeti varsa kendileri i\u00e7in tek ge\u00e7erli anla\u015fman\u0131n 25 Kas\u0131m 2018\u2019de yap\u0131lan anla\u015fma oldu\u011funu bilmeleri gerekti\u011fine dikkat \u00e7ekti.<\/p>\n<p>\u201cSiyasi bedeli olur\u2019<\/p>\n<p>\u0130ngiliz milletvekillerinin 25 Kas\u0131m uzla\u015f\u0131 s\u00f6zle\u015fmesini reddetmesi durumunda, 12 Nisan\u2019da anla\u015fmas\u0131z bir \u00e7\u0131k\u0131\u015f olaca\u011f\u0131n\u0131 hat\u0131rlatan Barnier, Avrupal\u0131 \u015firketlerin anla\u015fmas\u0131z bir \u00e7\u0131k\u0131\u015f\u0131n tehlikeleri hakk\u0131nda kendilerini uyard\u0131\u011f\u0131n\u0131 ve b\u00f6yle bir durumun AB i\u00e7in b\u00fcy\u00fck riskler ta\u015f\u0131yaca\u011f\u0131n\u0131 ve siyasi bedelinin olaca\u011f\u0131n\u0131 ifade etti.<\/p>\n<p>\u2019Sabr\u0131m\u0131z t\u00fckeniyor\u2019<\/p>\n<p>K\u00f6rd\u00fc\u011f\u00fcme d\u00f6nen Brexit\u2019e ili\u015fkin a\u00e7\u0131klama yapan Avrupa Birli\u011fi Komisyonu Ba\u015fkan\u0131 Jean Claude-Juncker ise \u201cAvrupa Birli\u011fi, Brexit konusunda \u00e7ok sab\u0131rl\u0131 davrand\u0131 ancak sabr\u0131m\u0131z t\u00fckeniyor\u201d dedi. \u0130ngiltere ile bir uzla\u015f\u0131ya var\u0131lmas\u0131n\u0131 istediklerini ifade eden Juncker, \u201cBug\u00fcne kadar \u0130ngiltere Parlamentosunun neye hay\u0131r dedi\u011fini \u00e7ok iyi anl\u0131yoruz. Ancak parlamentonun neye evet diyece\u011fini bilmiyoruz\u201d ifadelerini kulland\u0131.<div class=\"tiled-gallery type-rectangular tiled-gallery-unresized\" data-original-width=\"500\" data-carousel-extra='null' itemscope itemtype=\"http:\/\/schema.org\/ImageGallery\" > <div class=\"gallery-row\" style=\"width: 500px; height: 349px;\" data-original-width=\"500\" data-original-height=\"349\" > <div class=\"gallery-group images-1\" style=\"width: 500px; height: 349px;\" data-original-width=\"500\" data-original-height=\"349\" > <div class=\"tiled-gallery-item tiled-gallery-item-large\" itemprop=\"associatedMedia\" itemscope itemtype=\"http:\/\/schema.org\/ImageObject\"> <a href=\"http:\/\/www.tvturk.com\/index.php\/ab-brexit-basmuzakerecisi-barnier-anlasmasiz-cikis-her-gecen-gun-daha-muhtemel-hale-geliyor\/ab-brexit-basmuzakerecisi-barnier-anlasmasiz-cikis-her-gecen-gun-daha-muhtemel-hale-geliyor-3\/\" border=\"0\" itemprop=\"url\"> <meta itemprop=\"width\" content=\"496\"> <meta itemprop=\"height\" content=\"345\"> <img decoding=\"async\" class=\"\" data-attachment-id=\"121775\" data-orig-file=\"http:\/\/www.tvturk.com\/wp-content\/uploads\/2019\/04\/ab-brexit-basmuzakerecisi-barnier-anlasmasiz-cikis-her-gecen-gun-daha-muhtemel-hale-geliyor_a64be66.jpg\" data-orig-size=\"1000,696\" data-comments-opened=\"\" data-image-meta=\"{&quot;aperture&quot;:&quot;0&quot;,&quot;credit&quot;:&quot;IHA&quot;,&quot;camera&quot;:&quot;&quot;,&quot;caption&quot;:&quot;\\u0130NG\\u0130L\\u0130Z M\\u0130LLETVEK\\u0130LLER\\u0130N\\u0130N \\u0130NG\\u0130LTERE BA\\u015eBAKANI THERESA MAY H\\u00dcK\\u00dcMET\\u0130N\\u0130N SUNDU\\u011eU T\\u00dcM BREX\\u0130T ALTERNAT\\u0130FLER\\u0130N\\u0130 REDDETMES\\u0130 \\u00dcZER\\u0130NE A\\u00c7IKLAMALARDA BULUNAN AVRUPA B\\u0130RL\\u0130\\u011e\\u0130 (AB) BREX\\u0130T BA\\u015eM\\u00dcZAKEREC\\u0130S\\u0130 M\\u0130CHEL BARN\\u0130ER, ANLA\\u015eMASIZ B\\u0130R \\u00c7IKI\\u015eIN HER GE\\u00c7EN G\\u00dcN DAHA DA M\\u00dcMK\\u00dcN HALE GELD\\u0130\\u011e\\u0130NE \\u0130\\u015eARET ETT\\u0130. (EFTAL G\\u00d6\\u00c7ER\\\/BR\\u00dcKSEL-\\u0130HA)&quot;,&quot;created_timestamp&quot;:&quot;0&quot;,&quot;copyright&quot;:&quot;\\u0130HLAS HABER AJANSI, www.iha.com.tr&quot;,&quot;focal_length&quot;:&quot;0&quot;,&quot;iso&quot;:&quot;0&quot;,&quot;shutter_speed&quot;:&quot;0&quot;,&quot;title&quot;:&quot;AB BREX\\u0130T BA\\u015eM\\u00dcZAKEREC\\u0130S\\u0130 BARN\\u0130ER: \\u0022ANLA\\u015eMASIZ \\u00c7IKI\\u015e HER GE\\u00c7EN G\\u00dcN DAHA MUHTEMEL HALE GEL\\u0130YOR\\u0022&quot;,&quot;orientation&quot;:&quot;0&quot;}\" data-image-title=\"AB Brexit Ba\u015fm\u00fczakerecisi Barnier: &amp;#8220;Anla\u015fmas\u0131z \u00e7\u0131k\u0131\u015f her ge\u00e7en g\u00fcn daha muhtemel hale geliyor&amp;#8221;\" data-image-description=\"&lt;p&gt;AB Brexit Ba\u015fm\u00fczakerecisi Barnier: &amp;#8220;Anla\u015fmas\u0131z \u00e7\u0131k\u0131\u015f her ge\u00e7en g\u00fcn daha muhtemel hale geliyor&amp;#8221;&lt;\/p&gt; \" data-medium-file=\"https:\/\/i0.wp.com\/www.tvturk.com\/wp-content\/uploads\/2019\/04\/ab-brexit-basmuzakerecisi-barnier-anlasmasiz-cikis-her-gecen-gun-daha-muhtemel-hale-geliyor_a64be66.jpg?fit=300%2C209\" data-large-file=\"https:\/\/i0.wp.com\/www.tvturk.com\/wp-content\/uploads\/2019\/04\/ab-brexit-basmuzakerecisi-barnier-anlasmasiz-cikis-her-gecen-gun-daha-muhtemel-hale-geliyor_a64be66.jpg?fit=1000%2C696\" src=\"https:\/\/i0.wp.com\/www.tvturk.com\/wp-content\/uploads\/2019\/04\/ab-brexit-basmuzakerecisi-barnier-anlasmasiz-cikis-her-gecen-gun-daha-muhtemel-hale-geliyor_a64be66.jpg?w=496&#038;h=345\" srcset=\"https:\/\/i0.wp.com\/www.tvturk.com\/wp-content\/uploads\/2019\/04\/ab-brexit-basmuzakerecisi-barnier-anlasmasiz-cikis-her-gecen-gun-daha-muhtemel-hale-geliyor_a64be66.jpg?w=1000 1000w, https:\/\/i0.wp.com\/www.tvturk.com\/wp-content\/uploads\/2019\/04\/ab-brexit-basmuzakerecisi-barnier-anlasmasiz-cikis-her-gecen-gun-daha-muhtemel-hale-geliyor_a64be66.jpg?resize=150%2C104 150w, https:\/\/i0.wp.com\/www.tvturk.com\/wp-content\/uploads\/2019\/04\/ab-brexit-basmuzakerecisi-barnier-anlasmasiz-cikis-her-gecen-gun-daha-muhtemel-hale-geliyor_a64be66.jpg?resize=300%2C209 300w, https:\/\/i0.wp.com\/www.tvturk.com\/wp-content\/uploads\/2019\/04\/ab-brexit-basmuzakerecisi-barnier-anlasmasiz-cikis-her-gecen-gun-daha-muhtemel-hale-geliyor_a64be66.jpg?resize=768%2C535 768w, https:\/\/i0.wp.com\/www.tvturk.com\/wp-content\/uploads\/2019\/04\/ab-brexit-basmuzakerecisi-barnier-anlasmasiz-cikis-her-gecen-gun-daha-muhtemel-hale-geliyor_a64be66.jpg?resize=80%2C55 80w\" width=\"496\" height=\"345\" loading=\"lazy\" data-original-width=\"496\" data-original-height=\"345\" itemprop=\"http:\/\/schema.org\/image\" title=\"AB Brexit Ba\u015fm\u00fczakerecisi Barnier: &quot;Anla\u015fmas\u0131z \u00e7\u0131k\u0131\u015f her ge\u00e7en g\u00fcn daha muhtemel hale geliyor&quot;\" alt=\"AB Brexit Ba\u015fm\u00fczakerecisi Barnier: &quot;Anla\u015fmas\u0131z \u00e7\u0131k\u0131\u015f her ge\u00e7en g\u00fcn daha muhtemel hale geliyor&quot;\" style=\"width: 496px; height: 345px;\" \/> <\/a> <\/div> <\/div> <!-- close group --> <\/div> <!-- close row --> <\/div><\/p>\n","protected":false},"excerpt":{"rendered":"<p>\u0130NG\u0130L\u0130Z M\u0130LLETVEK\u0130LLER\u0130N\u0130N \u0130NG\u0130LTERE BA\u015eBAKANI THERESA MAY H\u00dcK\u00dcMET\u0130N\u0130N SUNDU\u011eU T\u00dcM BREX\u0130T ALTERNAT\u0130FLER\u0130N\u0130 REDDETMES\u0130 \u00dcZER\u0130NE A\u00c7IKLAMALARDA BULUNAN AVRUPA B\u0130RL\u0130\u011e\u0130 (AB) BREX\u0130T BA\u015eM\u00dcZAKEREC\u0130S\u0130 M\u0130CHEL BARN\u0130ER, ANLA\u015eMASIZ B\u0130R \u00c7IKI\u015eIN HER GE\u00c7EN G\u00dcN DAHA DA M\u00dcMK\u00dcN HALE GELD\u0130\u011e\u0130NE \u0130\u015eARET ETT\u0130.<\/p>\n","protected":false},"author":1,"featured_media":121774,"comment_status":"closed","ping_status":"open","sticky":false,"template":"","format":"standard","meta":{"jetpack_post_was_ever_published":false,"_jetpack_newsletter_access":"","_jetpack_dont_email_post_to_subs":false,"_jetpack_newsletter_tier_id":0,"_jetpack_memberships_contains_paywalled_content":false,"_jetpack_memberships_contains_paid_content":false,"footnotes":"","jetpack_publicize_message":"","jetpack_publicize_feature_enabled":true,"jetpack_social_post_already_shared":true,"jetpack_social_options":{"image_generator_settings":{"template":"highway","default_image_id":0,"font":"","enabled":false},"version":2}},"categories":[10],"tags":[29176,840,29175,29174,1876,1018,3436,3927,2579,1355,73,29177],"class_list":["post-121773","post","type-post","status-publish","format-standard","has-post-thumbnail","hentry","category-dunya","tag-anlasmasiz","tag-brexit","tag-barnier","tag-basmuzakerecisi","tag-cikis","tag-daha","tag-gecen","tag-geliyor","tag-gun","tag-hale","tag-her","tag-muhtemel"],"jetpack_publicize_connections":[],"jetpack_featured_media_url":"https:\/\/i0.wp.com\/www.tvturk.com\/wp-content\/uploads\/2019\/04\/ab-brexit-basmuzakerecisi-barnier-anlasmasiz-cikis-her-gecen-gun-daha-muhtemel-hale-geliyor_6ee4c65.jpg?fit=1000%2C668","jetpack_sharing_enabled":true,"jetpack_shortlink":"https:\/\/wp.me\/paKIfm-vG5","_links":{"self":[{"href":"http:\/\/www.tvturk.com\/index.php\/wp-json\/wp\/v2\/posts\/121773","targetHints":{"allow":["GET"]}}],"collection":[{"href":"http:\/\/www.tvturk.com\/index.php\/wp-json\/wp\/v2\/posts"}],"about":[{"href":"http:\/\/www.tvturk.com\/index.php\/wp-json\/wp\/v2\/types\/post"}],"author":[{"embeddable":true,"href":"http:\/\/www.tvturk.com\/index.php\/wp-json\/wp\/v2\/users\/1"}],"replies":[{"embeddable":true,"href":"http:\/\/www.tvturk.com\/index.php\/wp-json\/wp\/v2\/comments?post=121773"}],"version-history":[{"count":1,"href":"http:\/\/www.tvturk.com\/index.php\/wp-json\/wp\/v2\/posts\/121773\/revisions"}],"predecessor-version":[{"id":121776,"href":"http:\/\/www.tvturk.com\/index.php\/wp-json\/wp\/v2\/posts\/121773\/revisions\/121776"}],"wp:featuredmedia":[{"embeddable":true,"href":"http:\/\/www.tvturk.com\/index.php\/wp-json\/wp\/v2\/media\/121774"}],"wp:attachment":[{"href":"http:\/\/www.tvturk.com\/index.php\/wp-json\/wp\/v2\/media?parent=121773"}],"wp:term":[{"taxonomy":"category","embeddable":true,"href":"http:\/\/www.tvturk.com\/index.php\/wp-json\/wp\/v2\/categories?post=121773"},{"taxonomy":"post_tag","embeddable":true,"href":"http:\/\/www.tvturk.com\/index.php\/wp-json\/wp\/v2\/tags?post=121773"}],"curies":[{"name":"wp","href":"https:\/\/api.w.org\/{rel}","templated":true}]}}