{"id":121836,"date":"2019-04-02T16:57:38","date_gmt":"2019-04-02T13:57:38","guid":{"rendered":"http:\/\/www.tvturk.com\/index.php\/yerel-sanatlar-sergisi-cumhurbaskani-mustafa-akinci-tarafindan-acildi\/"},"modified":"2019-04-02T16:57:38","modified_gmt":"2019-04-02T13:57:38","slug":"yerel-sanatlar-sergisi-cumhurbaskani-mustafa-akinci-tarafindan-acildi","status":"publish","type":"post","link":"http:\/\/www.tvturk.com\/index.php\/yerel-sanatlar-sergisi-cumhurbaskani-mustafa-akinci-tarafindan-acildi\/","title":{"rendered":"\u2018Yerel Sanatlar\u2019 sergisi, Cumhurba\u015fkan\u0131 Mustafa Ak\u0131nc\u0131 taraf\u0131ndan a\u00e7\u0131ld\u0131"},"content":{"rendered":"<p>Yak\u0131n Do\u011fu \u00dcniversitesi \u0130leti\u015fim Fak\u00fcltesi \u00f6\u011fretim g\u00f6revlisi, foto\u011fraf ve resim sanat\u00e7\u0131s\u0131 Gazi Y\u00fcksel\u2019in 100 eserden olu\u015fan \u2018Yerel Sanatlar\u2019 ba\u015fl\u0131kl\u0131 ki\u015fisel foto\u011fraf sergisi, Cumhurba\u015fkan\u0131 Mustafa Ak\u0131nc\u0131 taraf\u0131ndan a\u00e7\u0131ld\u0131.<\/p>\n<p>Yak\u0131n Do\u011fu \u00dcniversitesi Bas\u0131n ve Halkla \u0130li\u015fkiler M\u00fcd\u00fcrl\u00fc\u011f\u00fc\u2019nden verilen bilgiye g\u00f6re, Yak\u0131n Do\u011fu Ortaokulu Sergi Salonu\u2019nda ger\u00e7ekle\u015ftirilen \u2018Yerel Sanatlar\u2019 adl\u0131 foto\u011fraf sergisinin a\u00e7\u0131l\u0131\u015f\u0131na, Cumhurba\u015fkan\u0131 Mustafa Ak\u0131nc\u0131, Yak\u0131n Do\u011fu \u00dcniversitesi Kurucu Rekt\u00f6r\u00fc Dr. Suat \u0130rfan G\u00fcnsel, Milletvekili Hasan Ta\u00e7oy, Merkez Kaymakam\u0131 Ahmet Arslan, M\u00fctevelli Heyeti Ba\u015fkan\u0131 Do\u00e7. Dr. \u0130rfan Suat G\u00fcnsel, rekt\u00f6r yard\u0131mc\u0131lar\u0131, dekanlar, \u00f6\u011fretim elemanlar\u0131, sanat\u00e7\u0131lar ve misafirler kat\u0131ld\u0131.<\/p>\n<p>K\u0131br\u0131s\u2019\u0131n do\u011fas\u0131 ve olaylar\u0131n do\u011fay\u0131 nas\u0131l etkiledi\u011fi sergileniyor<\/p>\n<p>Sergiyi muhte\u015fem g\u00f6rsellerden olu\u015fan bir \u00e7al\u0131\u015fma olarak niteleyen Prof. Dr. Fahrettin Sad\u0131ko\u011flu, sanat\u00e7\u0131n\u0131n Yerel Sanatlar ismini sergide metaforik anlamda kulland\u0131\u011f\u0131n\u0131 ifade ederek, sergilenen eserlerin K\u0131br\u0131s do\u011fas\u0131n\u0131 ve K\u0131br\u0131s do\u011fas\u0131ndaki olaylar\u0131n do\u011fay\u0131 nas\u0131l etkiledi\u011fini g\u00f6sterdi\u011fini s\u00f6yledi.<\/p>\n<p>E\u011fitim, sa\u011fl\u0131k, k\u00fclt\u00fcr ve sanat\u0131n toplumun ve \u00fclkelerin geli\u015fmesinde b\u00fcy\u00fck \u00f6nemi ile anlam\u0131 oldu\u011funu s\u00f6yleyen Sad\u0131ko\u011flu, e\u011fitim sayesinde toplumun ekonomi, sosyal k\u00fclt\u00fcrel ve siyasi yap\u0131s\u0131n\u0131n geli\u015fti\u011fine vurgu yapan Sad\u0131ko\u011flu, \u201cSekiz ay \u00f6nce temelleri at\u0131lan, 6 katl\u0131 ve 20 bin metrekare alan\u0131 olan K\u0131br\u0131s Modern Sanat M\u00fczesi\u2019nin \u00fc\u00e7\u00fcnc\u00fc kat\u0131 in\u015fa ediliyor. D\u00fcnyadan, \u00f6zellikle T\u00fcrk dili konu\u015fan ressamlar\u0131n eserleri koleksiyona dahil edilmi\u015ftir. Bu eserler \u015fu anda ikinci m\u00fczemiz olan K\u0131br\u0131s Sanat Merkezi\u2019nde sergileniyor. Sadece eserlerin sergilendi\u011fi bir m\u00fcze de\u011fil e\u011fitimsel ve ara\u015ft\u0131rma bak\u0131m\u0131ndan da gelecekte \u00f6nem ta\u015f\u0131yan bir m\u00fcze olacakt\u0131r. D\u00fcnya \u00e7apl\u0131 eserlerin Kuzey K\u0131br\u0131s T\u00fcrk Cumhuriyeti\u2019nde yap\u0131lmas\u0131 vatanseverli\u011fin bir \u00f6rne\u011fidir\u201d dedi.<\/p>\n<p>M\u00fcze koleksiyonunda olan eserlerin ve gelecek olan eserlerin uluslararas\u0131 platformda da de\u011ferlendirmek i\u00e7in \u00fcniversite y\u00f6netiminin \u2018Alasya\u2019 isimli bir \u00f6d\u00fcl verilmesini kararla\u015ft\u0131rd\u0131\u011f\u0131n\u0131 a\u00e7\u0131klayan Sad\u0131ko\u011flu, Alasya \u00d6d\u00fcl\u00fc \u00e7er\u00e7evesinde sanat\u0131n farkl\u0131 alanlar\u0131nda \u00f6d\u00fcller tahsis edilece\u011fini s\u00f6ylerken, k\u00fclt\u00fcrel ve sanatsal \u00e7al\u0131\u015fmalarla da K\u0131br\u0131s T\u00fcrk\u00fc\u2019n\u00fcn ad\u0131n\u0131n uluslararas\u0131 platformda duyuruldu\u011funu ifade ederek s\u00f6zlerini noktalad\u0131.<\/p>\n<p>Cumhurba\u015fkan\u0131 Ak\u0131nc\u0131: Sanata ve K\u00fclt\u00fcre De\u011fer Veren Yak\u0131n Do\u011fu \u00dcniversitesinde Bulunmak Mutluluk Verici\u201d<\/p>\n<p>Cumhurba\u015fkan\u0131 Mustafa Ak\u0131nc\u0131 da, k\u00fclt\u00fcre, sanata de\u011fer ve emek vererek yat\u0131r\u0131m yapan Yak\u0131n Do\u011fu \u00dcniversitesinde bulunmaktan mutluluk duydu\u011funu ifade ederek sanat eserleri ile k\u00fclt\u00fcr varl\u0131klar\u0131n\u0131n yap\u0131lmas\u0131na tan\u0131kl\u0131k edildi\u011fini s\u00f6yledi.<\/p>\n<p>\u00c7e\u015fitli vesilelerle bir\u00e7ok kez \u00fcniversitede bulundu\u011funu dile getiren Cumhurba\u015fkan\u0131 Mustafa Ak\u0131nc\u0131, Ba\u015fbakan yard\u0131mc\u0131s\u0131 iken 1999 y\u0131l\u0131nda kamp\u00fcs i\u00e7erisinde a\u00e7\u0131l\u0131\u015f\u0131 yap\u0131lan Atat\u00fcrk K\u00fclt\u00fcr ve Kongre Merkezi\u2019nin b\u00fcy\u00fck bir s\u0131\u00e7rama noktas\u0131 olaca\u011f\u0131n\u0131 Suat G\u00fcnsel ile payla\u015ft\u0131\u011f\u0131n\u0131 ve bug\u00fcn bir\u00e7ok etkinli\u011fe ev sahipli\u011fi yapt\u0131\u011f\u0131n\u0131 g\u00f6rmenin mutluluk verici oldu\u011funu belirtti. Cumhurba\u015fkan\u0131 Ak\u0131nc\u0131, \u201cHer y\u0131l Eyl\u00fcl ay\u0131nda tiyatro festivaline ev sahipli\u011fi yap\u0131yor. Kongre, konferanslar yan\u0131nda bilimsel, siyasal her t\u00fcrl\u00fc etkinli\u011fe ev sahipli\u011fi yap\u0131yor. Kamp\u00fcste \u015fu anda 9 tane farkl\u0131 serginin a\u00e7\u0131k olmas\u0131 gurur verici, K\u0131br\u0131s Modern Sanat M\u00fczesi bir medeniyet i\u015faretidir\u201d diye konu\u015ftu.<\/p>\n<p>Sanat\u00e7\u0131n\u0131n toplumuna \u0131\u015f\u0131k tutan, uyaran ve y\u00f6n vermeye \u00e7al\u0131\u015fan bir kimlik oldu\u011funa inand\u0131\u011f\u0131n\u0131 belirten Cumhurba\u015fkan\u0131 Ak\u0131nc\u0131, Gazi Y\u00fcksel\u2019in de \u00e7al\u0131\u015fmas\u0131nda do\u011fan\u0131n g\u00fczelliklerini g\u00f6sterirken, onu koruman\u0131n ve uyumlu bir \u015fekilde ilerlemenin, s\u00fcrd\u00fcrebilir bir kavram \u00e7er\u00e7evesinde geli\u015fmenin \u00f6nemli oldu\u011funu da anlamam\u0131za yard\u0131mc\u0131 olaca\u011f\u0131n\u0131 ifade etti.<\/p>\n<p>\u201cDo\u011faya yap\u0131lacak m\u00fcdahaleler uyumlu ve dengeli olmal\u0131\u201d<\/p>\n<p>Gazi Y\u00fcksel\u2019in eserlerinde do\u011fan\u0131n kendisinin bir sanat eseri oldu\u011funu g\u00f6sterdi\u011fini dile getiren Cumhurba\u015fkan\u0131 Ak\u0131nc\u0131, do\u011fan\u0131n sanat eseri olarak olu\u015fturuldu\u011funu, do\u011fan\u0131n g\u00fczellikleri, dengesi, do\u011fada var olan g\u00fczelliklerin bilince \u00e7\u0131kar\u0131lmaya \u00e7al\u0131\u015f\u0131ld\u0131\u011f\u0131 bir \u00e7al\u0131\u015fma oldu\u011funu s\u00f6yledi.<\/p>\n<p>Do\u011fan\u0131n \u00f6nemli bir dengesi oldu\u011funa dikkat \u00e7eken Ak\u0131nc\u0131, do\u011faya yap\u0131lacak m\u00fcdahalelerin do\u011fayla uyumlu, planl\u0131 ve dengeli olmas\u0131 gerekti\u011fine vurgu yapt\u0131. \u201cE\u011fer do\u011fa \u015fa\u015farsa o zaman ba\u015f\u0131m\u0131za b\u00fcy\u00fck felaketler gelir\u201d diyen Ak\u0131nc\u0131, \u201cOzon tabakas\u0131n\u0131 karbonmonoksitlerle kar h\u0131rs\u0131 ve daha \u00e7ok kazanma arzusuyla delerseniz, do\u011fada denge olu\u015fturan buzullar erir, sular y\u00fckselir, sel ve \u00e7evre felaketleri insano\u011flunun kar\u015f\u0131s\u0131na \u00e7\u0131kar\u201d diye konu\u015ftu.<\/p>\n<p>\u00dclkemizde ya\u015fanan sel felaketlerine de de\u011finen Cumhurba\u015fkan\u0131 Mustafa Ak\u0131nc\u0131, nedenleri \u00fczerinde durarak tekrar\u0131n\u0131n nas\u0131l \u00f6nlenebilece\u011finin \u00f6nemli oldu\u011funu belirtti. Ak\u0131nc\u0131, \u201cDaha \u00e7ok kazan\u00e7 elde etme h\u0131rs\u0131 ile derelerin \u00f6n\u00fcn\u00fc t\u0131kayarak ya\u011fan ya\u011fmurlar\u0131n kendi yolunda akmas\u0131na m\u00fcsaade etmiyoruz. Do\u011fa da bizi cezaland\u0131r\u0131yor. Do\u011fan\u0131n g\u00fczelliklerinin bilincinde olmak g\u00fczelliklerinin fark\u0131na varmak ve yapaca\u011f\u0131m\u0131z her i\u015flemde onunla uyumlu bir \u015fekilde ad\u0131mlar atmak gerekiyor\u201d ifadelerini kulland\u0131.<\/p>\n<p>S\u00f6zlerinin sonunda planlaman\u0131n \u00f6nemine de vurgu yapan Ak\u0131nc\u0131, imar, fiziki, ekonomi, turizm, e\u011fitim ve sa\u011fl\u0131kta at\u0131lacak her t\u00fcrl\u00fc ad\u0131mda bilimsel veri planlan\u0131n esas al\u0131nmas\u0131n\u0131 gerekti\u011fini, bunu yapan toplumlar\u0131n ba\u015far\u0131ya ula\u015ft\u0131\u011f\u0131n\u0131 kaydetti.<\/p>\n<p>\u0130bn-i Heysem \u00f6d\u00fcl\u00fc takdim edildi<\/p>\n<p>Konu\u015fmalar\u0131n ard\u0131ndan Cumhurba\u015fkan\u0131 Mutafa Ak\u0131nc\u0131 ile M\u00fctevelli Heyeti Ba\u015fkan\u0131 Do\u00e7. Dr. \u0130rfan Suat G\u00fcnsel taraf\u0131ndan Foto\u011fraf ve Resim Sanat\u00e7\u0131s\u0131 Gazi Y\u00fcksel\u2019e Yak\u0131n Do\u011fu \u00dcniversitesi m\u00fczelerinde eserleri sergilenen sanat\u00e7\u0131lara verilen Alasya \u00f6d\u00fclleri kapsam\u0131ndaki foto\u011fraf\u00e7\u0131l\u0131k ustalar\u0131 \u00f6d\u00fcl\u00fc \u201c\u0130bn-i Heysem\u201d \u00f6d\u00fcl\u00fc takdim edildi.<\/p>\n<p>\u201cDo\u011fa insan\u0131n yapt\u0131klar\u0131n\u0131 sar\u0131p sarmalayarak, kendine g\u00f6re \u015fekillendirerek ona da kendi imzas\u0131n\u0131 at\u0131yor\u201d<\/p>\n<p>\u00d6d\u00fcl takdimi s\u0131ras\u0131nda duygular\u0131n\u0131 dile getiren Gazi Y\u00fcksel, \u201cOptik Bilimin kurcusu \u0130bn-i Heysem ad\u0131na verilen \u00f6d\u00fclden dolay\u0131 heyecan\u0131m artt\u0131. Bu \u00f6d\u00fcl\u00fc d\u00fc\u015f\u00fcnenlere minnettar\u0131m. Do\u011fayla ba\u015f ba\u015fa kald\u0131\u011f\u0131m\u0131zda do\u011fan\u0131n insana ra\u011fmen ona kendi imzas\u0131n\u0131 att\u0131\u011f\u0131n\u0131, bir farkl\u0131l\u0131k getirdi\u011fini fark ediyoruz. Bunu g\u00f6rebilmek i\u00e7in de boy hizas\u0131ndan yere bakmak yeterli oluyor. Do\u011fa kendi enstr\u00fcmanlar\u0131n\u0131 kullanarak insan\u0131n yapt\u0131klar\u0131n\u0131 kendine g\u00f6re \u015fekillendiriyor. Sergideki \u00e7al\u0131\u015fmalar, do\u011fayla ba\u015f ba\u015fa kald\u0131\u011f\u0131mda do\u011fan\u0131n ayaklar\u0131m\u0131n alt\u0131na serdi\u011fi g\u00f6r\u00fcn\u00fcmlerin foto\u011frafik tan\u0131mlar\u0131n\u0131 i\u00e7ermektedir\u201d \u015feklinde konu\u015ftu.<\/p>\n<p>Sergi Gezildi<\/p>\n<p>\u00d6d\u00fcl takdiminin ard\u0131ndan sergi kurdelesi kesilerek sergi gezildi. Gazi Y\u00fcksel\u2019in do\u011fada objektifine yans\u0131yan ve ar\u015fivinden \u00f6zenle se\u00e7ilen karelerden olu\u015fan sergi, iki hafta boyunca hafta i\u00e7i 10.00-12.00 saatleri aras\u0131nda kadar sanatseverlerin be\u011fenisine sunulacak.<\/p>\n","protected":false},"excerpt":{"rendered":"<p>\u2018YEREL SANATLAR\u2019 SERG\u0130S\u0130, CUMHURBA\u015eKANI MUSTAFA AKINCI TARAFINDAN A\u00c7ILDI<\/p>\n","protected":false},"author":1,"featured_media":121837,"comment_status":"closed","ping_status":"open","sticky":false,"template":"","format":"standard","meta":{"jetpack_post_was_ever_published":false,"_jetpack_newsletter_access":"","_jetpack_dont_email_post_to_subs":false,"_jetpack_newsletter_tier_id":0,"_jetpack_memberships_contains_paywalled_content":false,"_jetpack_memberships_contains_paid_content":false,"footnotes":"","jetpack_publicize_message":"","jetpack_publicize_feature_enabled":true,"jetpack_social_post_already_shared":true,"jetpack_social_options":{"image_generator_settings":{"template":"highway","default_image_id":0,"font":"","enabled":false},"version":2}},"categories":[656],"tags":[15793,288,503,159,6786,1335,765,4815],"class_list":["post-121836","post","type-post","status-publish","format-standard","has-post-thumbnail","hentry","category-kultur-sanat","tag-akinci","tag-acildi","tag-cumhurbaskani","tag-mustafa","tag-sanatlar","tag-sergisi","tag-tarafindan","tag-yerel"],"jetpack_publicize_connections":[],"jetpack_featured_media_url":"https:\/\/i0.wp.com\/www.tvturk.com\/wp-content\/uploads\/2019\/04\/yerel-sanatlar-sergisi-cumhurbaskani-mustafa-akinci-tarafindan-acildi_59ad045.jpg?fit=1000%2C781","jetpack_sharing_enabled":true,"jetpack_shortlink":"https:\/\/wp.me\/paKIfm-vH6","_links":{"self":[{"href":"http:\/\/www.tvturk.com\/index.php\/wp-json\/wp\/v2\/posts\/121836","targetHints":{"allow":["GET"]}}],"collection":[{"href":"http:\/\/www.tvturk.com\/index.php\/wp-json\/wp\/v2\/posts"}],"about":[{"href":"http:\/\/www.tvturk.com\/index.php\/wp-json\/wp\/v2\/types\/post"}],"author":[{"embeddable":true,"href":"http:\/\/www.tvturk.com\/index.php\/wp-json\/wp\/v2\/users\/1"}],"replies":[{"embeddable":true,"href":"http:\/\/www.tvturk.com\/index.php\/wp-json\/wp\/v2\/comments?post=121836"}],"version-history":[{"count":0,"href":"http:\/\/www.tvturk.com\/index.php\/wp-json\/wp\/v2\/posts\/121836\/revisions"}],"wp:featuredmedia":[{"embeddable":true,"href":"http:\/\/www.tvturk.com\/index.php\/wp-json\/wp\/v2\/media\/121837"}],"wp:attachment":[{"href":"http:\/\/www.tvturk.com\/index.php\/wp-json\/wp\/v2\/media?parent=121836"}],"wp:term":[{"taxonomy":"category","embeddable":true,"href":"http:\/\/www.tvturk.com\/index.php\/wp-json\/wp\/v2\/categories?post=121836"},{"taxonomy":"post_tag","embeddable":true,"href":"http:\/\/www.tvturk.com\/index.php\/wp-json\/wp\/v2\/tags?post=121836"}],"curies":[{"name":"wp","href":"https:\/\/api.w.org\/{rel}","templated":true}]}}