{"id":12188,"date":"2019-02-08T13:21:59","date_gmt":"2019-02-08T10:21:59","guid":{"rendered":"http:\/\/www.tvturk.com\/index.php\/adana-demirsporda-istanbulspor-maci-hazirliklari-suruyor\/"},"modified":"2019-02-08T13:22:02","modified_gmt":"2019-02-08T10:22:02","slug":"adana-demirsporda-istanbulspor-maci-hazirliklari-suruyor","status":"publish","type":"post","link":"http:\/\/www.tvturk.com\/index.php\/adana-demirsporda-istanbulspor-maci-hazirliklari-suruyor\/","title":{"rendered":"Adana Demirspor\u2019da, \u0130stanbulspor ma\u00e7\u0131 haz\u0131rl\u0131klar\u0131 s\u00fcr\u00fcyor"},"content":{"rendered":"<p>Adana Demirspor, Spor Toto 1. Lig\u2019in 21. haftas\u0131nda deplasmanda \u0130stanbulspor ile oynayaca\u011f\u0131 ma\u00e7\u0131n haz\u0131rl\u0131klar\u0131n\u0131 Ayta\u00e7 Durak Tesisleri\u2019nde yapt\u0131\u011f\u0131 antrenmanla s\u00fcrd\u00fcrd\u00fc.<\/p>\n<p>Teknik Direkt\u00f6r \u00dcmit \u00d6zat y\u00f6netimindeki antrenman saat 10.30\u2019da salonda yap\u0131lan egzersiz hareketleriyle ba\u015flad\u0131. Koordinasyon hareketlerinin ard\u0131ndan 2 gruba ayr\u0131lan oyuncular, 5\u2019e 2 top kapma ve pas \u00e7al\u0131\u015fmas\u0131 yapt\u0131. \u0130stanbulspor ma\u00e7\u0131n\u0131n taktik antrenman\u0131yla devam eden antrenman, tam sahada yap\u0131lan \u00e7ift kale ma\u00e7la sona erdi. Antrenmana sakatl\u0131\u011f\u0131 bulunan Emre U\u011fur Uru\u00e7 kat\u0131lmad\u0131.<\/p>\n<p>Adana Demirspor\u2019da antrenman sonras\u0131 23 ya\u015f\u0131na giren Erdal \u00d6zt\u00fcrk\u2019\u00fcn do\u011fum g\u00fcn\u00fc kutlamas\u0131 Brezilya usul\u00fc yap\u0131ld\u0131.<\/p>\n<p>Adana Demirspor, yar\u0131n yapaca\u011f\u0131 antrenman ile \u0130stanbulspor ma\u00e7\u0131 haz\u0131rl\u0131klar\u0131n\u0131 tamamlayacak.<\/p>\n<p>\u0130stanbulspor ile 10 \u015eubat Pazar g\u00fcn\u00fc deplasmanda kar\u015f\u0131la\u015facak olan mavi-lacivertliler, bu ma\u00e7 i\u00e7in 9 \u015eubat Cumartesi g\u00fcn\u00fc 16.55 u\u00e7a\u011f\u0131yla \u0130stanbul\u2019a hareket edecek.<div class=\"tiled-gallery type-rectangular tiled-gallery-unresized\" data-original-width=\"500\" data-carousel-extra='null' itemscope itemtype=\"http:\/\/schema.org\/ImageGallery\" > <div class=\"gallery-row\" style=\"width: 500px; height: 224px;\" data-original-width=\"500\" data-original-height=\"224\" > <div class=\"gallery-group images-1\" style=\"width: 334px; height: 224px;\" data-original-width=\"334\" data-original-height=\"224\" > <div class=\"tiled-gallery-item tiled-gallery-item-large\" itemprop=\"associatedMedia\" itemscope itemtype=\"http:\/\/schema.org\/ImageObject\"> <a href=\"http:\/\/www.tvturk.com\/index.php\/adana-demirsporda-istanbulspor-maci-hazirliklari-suruyor\/adana-demirsporda-istanbulspor-maci-hazirliklari-suruyor-3\/\" border=\"0\" itemprop=\"url\"> <meta itemprop=\"width\" content=\"330\"> <meta itemprop=\"height\" content=\"220\"> <img decoding=\"async\" class=\"\" data-attachment-id=\"12190\" data-orig-file=\"http:\/\/www.tvturk.com\/wp-content\/uploads\/2019\/02\/adana-demirsporda-istanbulspor-maci-hazirliklari-suruyor_07a948f.jpg\" data-orig-size=\"1000,666\" data-comments-opened=\"\" data-image-meta=\"{&quot;aperture&quot;:&quot;0&quot;,&quot;credit&quot;:&quot;IHA&quot;,&quot;camera&quot;:&quot;&quot;,&quot;caption&quot;:&quot;ADANA DEM\\u0130RSPOR, SPOR TOTO 1. L\\u0130G\\u0027\\u0130N 21. HAFTASINDA DEPLASMANDA \\u0130STANBULSPOR \\u0130LE OYNAYACA\\u011eI MA\\u00c7IN HAZIRLIKLARINI AYTA\\u00c7 DURAK TES\\u0130SLER\\u0130\\u2019NDE YAPTI\\u011eI ANTRENMANLA S\\u00dcRD\\u00dcRD\\u00dc. (\\u0130HA\\\/ADANA-\\u0130HA)&quot;,&quot;created_timestamp&quot;:&quot;0&quot;,&quot;copyright&quot;:&quot;\\u0130HLAS HABER AJANSI, www.iha.com.tr&quot;,&quot;focal_length&quot;:&quot;0&quot;,&quot;iso&quot;:&quot;0&quot;,&quot;shutter_speed&quot;:&quot;0&quot;,&quot;title&quot;:&quot;ADANA DEM\\u0130RSPOR\\u2019DA, \\u0130STANBULSPOR MA\\u00c7I HAZIRLIKLARI S\\u00dcR\\u00dcYOR&quot;,&quot;orientation&quot;:&quot;0&quot;}\" data-image-title=\"Adana Demirspor\u2019da, \u0130stanbulspor ma\u00e7\u0131 haz\u0131rl\u0131klar\u0131 s\u00fcr\u00fcyor\" data-image-description=\"&lt;p&gt;Adana Demirspor\u2019da, \u0130stanbulspor ma\u00e7\u0131 haz\u0131rl\u0131klar\u0131 s\u00fcr\u00fcyor&lt;\/p&gt; \" data-medium-file=\"https:\/\/i0.wp.com\/www.tvturk.com\/wp-content\/uploads\/2019\/02\/adana-demirsporda-istanbulspor-maci-hazirliklari-suruyor_07a948f.jpg?fit=300%2C200\" data-large-file=\"https:\/\/i0.wp.com\/www.tvturk.com\/wp-content\/uploads\/2019\/02\/adana-demirsporda-istanbulspor-maci-hazirliklari-suruyor_07a948f.jpg?fit=1000%2C666\" src=\"https:\/\/i0.wp.com\/www.tvturk.com\/wp-content\/uploads\/2019\/02\/adana-demirsporda-istanbulspor-maci-hazirliklari-suruyor_07a948f.jpg?w=330&#038;h=220\" srcset=\"https:\/\/i0.wp.com\/www.tvturk.com\/wp-content\/uploads\/2019\/02\/adana-demirsporda-istanbulspor-maci-hazirliklari-suruyor_07a948f.jpg?w=1000 1000w, https:\/\/i0.wp.com\/www.tvturk.com\/wp-content\/uploads\/2019\/02\/adana-demirsporda-istanbulspor-maci-hazirliklari-suruyor_07a948f.jpg?resize=150%2C100 150w, https:\/\/i0.wp.com\/www.tvturk.com\/wp-content\/uploads\/2019\/02\/adana-demirsporda-istanbulspor-maci-hazirliklari-suruyor_07a948f.jpg?resize=300%2C200 300w, https:\/\/i0.wp.com\/www.tvturk.com\/wp-content\/uploads\/2019\/02\/adana-demirsporda-istanbulspor-maci-hazirliklari-suruyor_07a948f.jpg?resize=768%2C511 768w, https:\/\/i0.wp.com\/www.tvturk.com\/wp-content\/uploads\/2019\/02\/adana-demirsporda-istanbulspor-maci-hazirliklari-suruyor_07a948f.jpg?resize=170%2C113 170w, https:\/\/i0.wp.com\/www.tvturk.com\/wp-content\/uploads\/2019\/02\/adana-demirsporda-istanbulspor-maci-hazirliklari-suruyor_07a948f.jpg?resize=120%2C80 120w\" width=\"330\" height=\"220\" loading=\"lazy\" data-original-width=\"330\" data-original-height=\"220\" itemprop=\"http:\/\/schema.org\/image\" title=\"Adana Demirspor\u2019da, \u0130stanbulspor ma\u00e7\u0131 haz\u0131rl\u0131klar\u0131 s\u00fcr\u00fcyor\" alt=\"Adana Demirspor\u2019da, \u0130stanbulspor ma\u00e7\u0131 haz\u0131rl\u0131klar\u0131 s\u00fcr\u00fcyor\" style=\"width: 330px; height: 220px;\" \/> <\/a> <\/div> <\/div> <!-- close group --> <div class=\"gallery-group images-2\" style=\"width: 166px; height: 224px;\" data-original-width=\"166\" data-original-height=\"224\" > <div class=\"tiled-gallery-item tiled-gallery-item-small\" itemprop=\"associatedMedia\" itemscope itemtype=\"http:\/\/schema.org\/ImageObject\"> <a href=\"http:\/\/www.tvturk.com\/index.php\/adana-demirsporda-istanbulspor-maci-hazirliklari-suruyor\/adana-demirsporda-istanbulspor-maci-hazirliklari-suruyor-4\/\" border=\"0\" itemprop=\"url\"> <meta itemprop=\"width\" content=\"162\"> <meta itemprop=\"height\" content=\"108\"> <img decoding=\"async\" class=\"\" data-attachment-id=\"12191\" data-orig-file=\"http:\/\/www.tvturk.com\/wp-content\/uploads\/2019\/02\/adana-demirsporda-istanbulspor-maci-hazirliklari-suruyor_928fa4d.jpg\" data-orig-size=\"1000,666\" data-comments-opened=\"\" data-image-meta=\"{&quot;aperture&quot;:&quot;0&quot;,&quot;credit&quot;:&quot;IHA&quot;,&quot;camera&quot;:&quot;&quot;,&quot;caption&quot;:&quot;ADANA DEM\\u0130RSPOR, SPOR TOTO 1. L\\u0130G\\u0027\\u0130N 21. HAFTASINDA DEPLASMANDA \\u0130STANBULSPOR \\u0130LE OYNAYACA\\u011eI MA\\u00c7IN HAZIRLIKLARINI AYTA\\u00c7 DURAK TES\\u0130SLER\\u0130\\u2019NDE YAPTI\\u011eI ANTRENMANLA S\\u00dcRD\\u00dcRD\\u00dc. (\\u0130HA\\\/ADANA-\\u0130HA)&quot;,&quot;created_timestamp&quot;:&quot;0&quot;,&quot;copyright&quot;:&quot;\\u0130HLAS HABER AJANSI, www.iha.com.tr&quot;,&quot;focal_length&quot;:&quot;0&quot;,&quot;iso&quot;:&quot;0&quot;,&quot;shutter_speed&quot;:&quot;0&quot;,&quot;title&quot;:&quot;ADANA DEM\\u0130RSPOR\\u2019DA, \\u0130STANBULSPOR MA\\u00c7I HAZIRLIKLARI S\\u00dcR\\u00dcYOR&quot;,&quot;orientation&quot;:&quot;0&quot;}\" data-image-title=\"Adana Demirspor\u2019da, \u0130stanbulspor ma\u00e7\u0131 haz\u0131rl\u0131klar\u0131 s\u00fcr\u00fcyor\" data-image-description=\"&lt;p&gt;Adana Demirspor\u2019da, \u0130stanbulspor ma\u00e7\u0131 haz\u0131rl\u0131klar\u0131 s\u00fcr\u00fcyor&lt;\/p&gt; \" data-medium-file=\"https:\/\/i0.wp.com\/www.tvturk.com\/wp-content\/uploads\/2019\/02\/adana-demirsporda-istanbulspor-maci-hazirliklari-suruyor_928fa4d.jpg?fit=300%2C200\" data-large-file=\"https:\/\/i0.wp.com\/www.tvturk.com\/wp-content\/uploads\/2019\/02\/adana-demirsporda-istanbulspor-maci-hazirliklari-suruyor_928fa4d.jpg?fit=1000%2C666\" src=\"https:\/\/i0.wp.com\/www.tvturk.com\/wp-content\/uploads\/2019\/02\/adana-demirsporda-istanbulspor-maci-hazirliklari-suruyor_928fa4d.jpg?w=162&#038;h=108\" srcset=\"https:\/\/i0.wp.com\/www.tvturk.com\/wp-content\/uploads\/2019\/02\/adana-demirsporda-istanbulspor-maci-hazirliklari-suruyor_928fa4d.jpg?w=1000 1000w, https:\/\/i0.wp.com\/www.tvturk.com\/wp-content\/uploads\/2019\/02\/adana-demirsporda-istanbulspor-maci-hazirliklari-suruyor_928fa4d.jpg?resize=150%2C100 150w, https:\/\/i0.wp.com\/www.tvturk.com\/wp-content\/uploads\/2019\/02\/adana-demirsporda-istanbulspor-maci-hazirliklari-suruyor_928fa4d.jpg?resize=300%2C200 300w, https:\/\/i0.wp.com\/www.tvturk.com\/wp-content\/uploads\/2019\/02\/adana-demirsporda-istanbulspor-maci-hazirliklari-suruyor_928fa4d.jpg?resize=768%2C511 768w, https:\/\/i0.wp.com\/www.tvturk.com\/wp-content\/uploads\/2019\/02\/adana-demirsporda-istanbulspor-maci-hazirliklari-suruyor_928fa4d.jpg?resize=170%2C113 170w, https:\/\/i0.wp.com\/www.tvturk.com\/wp-content\/uploads\/2019\/02\/adana-demirsporda-istanbulspor-maci-hazirliklari-suruyor_928fa4d.jpg?resize=120%2C80 120w\" width=\"162\" height=\"108\" loading=\"lazy\" data-original-width=\"162\" data-original-height=\"108\" itemprop=\"http:\/\/schema.org\/image\" title=\"Adana Demirspor\u2019da, \u0130stanbulspor ma\u00e7\u0131 haz\u0131rl\u0131klar\u0131 s\u00fcr\u00fcyor\" alt=\"Adana Demirspor\u2019da, \u0130stanbulspor ma\u00e7\u0131 haz\u0131rl\u0131klar\u0131 s\u00fcr\u00fcyor\" style=\"width: 162px; height: 108px;\" \/> <\/a> <\/div> <div class=\"tiled-gallery-item tiled-gallery-item-small\" itemprop=\"associatedMedia\" itemscope itemtype=\"http:\/\/schema.org\/ImageObject\"> <a href=\"http:\/\/www.tvturk.com\/index.php\/adana-demirsporda-istanbulspor-maci-hazirliklari-suruyor\/adana-demirsporda-istanbulspor-maci-hazirliklari-suruyor-5\/\" border=\"0\" itemprop=\"url\"> <meta itemprop=\"width\" content=\"162\"> <meta itemprop=\"height\" content=\"108\"> <img decoding=\"async\" class=\"\" data-attachment-id=\"12192\" data-orig-file=\"http:\/\/www.tvturk.com\/wp-content\/uploads\/2019\/02\/adana-demirsporda-istanbulspor-maci-hazirliklari-suruyor_8b9a538.jpg\" data-orig-size=\"1000,666\" data-comments-opened=\"\" data-image-meta=\"{&quot;aperture&quot;:&quot;0&quot;,&quot;credit&quot;:&quot;IHA&quot;,&quot;camera&quot;:&quot;&quot;,&quot;caption&quot;:&quot;ADANA DEM\\u0130RSPOR, DEPLASMANDA \\u0130STANBULSPOR \\u0130LE OYNAYACA\\u011eI L\\u0130G MA\\u00c7ININ HAZIRLIKLARINI TEKN\\u0130K D\\u0130REKT\\u00d6R \\u00dcM\\u0130T \\u00d6ZAT Y\\u00d6NET\\u0130M\\u0130NDE YAPTI\\u011eI ANTRENMANLA S\\u00dcRD\\u00dcRD\\u00dc. (\\u0130HA\\\/ADANA-\\u0130HA)&quot;,&quot;created_timestamp&quot;:&quot;0&quot;,&quot;copyright&quot;:&quot;\\u0130HLAS HABER AJANSI, www.iha.com.tr&quot;,&quot;focal_length&quot;:&quot;0&quot;,&quot;iso&quot;:&quot;0&quot;,&quot;shutter_speed&quot;:&quot;0&quot;,&quot;title&quot;:&quot;ADANA DEM\\u0130RSPOR\\u2019DA, \\u0130STANBULSPOR MA\\u00c7I HAZIRLIKLARI S\\u00dcR\\u00dcYOR&quot;,&quot;orientation&quot;:&quot;0&quot;}\" data-image-title=\"Adana Demirspor\u2019da, \u0130stanbulspor ma\u00e7\u0131 haz\u0131rl\u0131klar\u0131 s\u00fcr\u00fcyor\" data-image-description=\"&lt;p&gt;Adana Demirspor\u2019da, \u0130stanbulspor ma\u00e7\u0131 haz\u0131rl\u0131klar\u0131 s\u00fcr\u00fcyor&lt;\/p&gt; \" data-medium-file=\"https:\/\/i0.wp.com\/www.tvturk.com\/wp-content\/uploads\/2019\/02\/adana-demirsporda-istanbulspor-maci-hazirliklari-suruyor_8b9a538.jpg?fit=300%2C200\" data-large-file=\"https:\/\/i0.wp.com\/www.tvturk.com\/wp-content\/uploads\/2019\/02\/adana-demirsporda-istanbulspor-maci-hazirliklari-suruyor_8b9a538.jpg?fit=1000%2C666\" src=\"https:\/\/i0.wp.com\/www.tvturk.com\/wp-content\/uploads\/2019\/02\/adana-demirsporda-istanbulspor-maci-hazirliklari-suruyor_8b9a538.jpg?w=162&#038;h=108\" srcset=\"https:\/\/i0.wp.com\/www.tvturk.com\/wp-content\/uploads\/2019\/02\/adana-demirsporda-istanbulspor-maci-hazirliklari-suruyor_8b9a538.jpg?w=1000 1000w, https:\/\/i0.wp.com\/www.tvturk.com\/wp-content\/uploads\/2019\/02\/adana-demirsporda-istanbulspor-maci-hazirliklari-suruyor_8b9a538.jpg?resize=150%2C100 150w, https:\/\/i0.wp.com\/www.tvturk.com\/wp-content\/uploads\/2019\/02\/adana-demirsporda-istanbulspor-maci-hazirliklari-suruyor_8b9a538.jpg?resize=300%2C200 300w, https:\/\/i0.wp.com\/www.tvturk.com\/wp-content\/uploads\/2019\/02\/adana-demirsporda-istanbulspor-maci-hazirliklari-suruyor_8b9a538.jpg?resize=768%2C511 768w, https:\/\/i0.wp.com\/www.tvturk.com\/wp-content\/uploads\/2019\/02\/adana-demirsporda-istanbulspor-maci-hazirliklari-suruyor_8b9a538.jpg?resize=170%2C113 170w, https:\/\/i0.wp.com\/www.tvturk.com\/wp-content\/uploads\/2019\/02\/adana-demirsporda-istanbulspor-maci-hazirliklari-suruyor_8b9a538.jpg?resize=120%2C80 120w\" width=\"162\" height=\"108\" loading=\"lazy\" data-original-width=\"162\" data-original-height=\"108\" itemprop=\"http:\/\/schema.org\/image\" title=\"Adana Demirspor\u2019da, \u0130stanbulspor ma\u00e7\u0131 haz\u0131rl\u0131klar\u0131 s\u00fcr\u00fcyor\" alt=\"Adana Demirspor\u2019da, \u0130stanbulspor ma\u00e7\u0131 haz\u0131rl\u0131klar\u0131 s\u00fcr\u00fcyor\" style=\"width: 162px; height: 108px;\" \/> <\/a> <\/div> <\/div> <!-- close group --> <\/div> <!-- close row --> <\/div><\/p>\n","protected":false},"excerpt":{"rendered":"<p>ADANA DEM\u0130RSPOR\u2019DA, 23 YA\u015eINA G\u0130REN ERDAL \u00d6ZT\u00dcRK\u2019\u00dcN DO\u011eUM G\u00dcN\u00dc KUTLAMASI BREZ\u0130LYA USUL\u00dc YAPILDI.<\/p>\n","protected":false},"author":1,"featured_media":12189,"comment_status":"closed","ping_status":"open","sticky":false,"template":"","format":"standard","meta":{"jetpack_post_was_ever_published":false,"_jetpack_newsletter_access":"","_jetpack_dont_email_post_to_subs":false,"_jetpack_newsletter_tier_id":0,"_jetpack_memberships_contains_paywalled_content":false,"_jetpack_memberships_contains_paid_content":false,"footnotes":"","jetpack_publicize_message":"","jetpack_publicize_feature_enabled":true,"jetpack_social_post_already_shared":false,"jetpack_social_options":{"image_generator_settings":{"template":"highway","default_image_id":0,"font":"","enabled":false},"version":2}},"categories":[657],"tags":[2080,6241,3026,6242,777,1836],"class_list":["post-12188","post","type-post","status-publish","format-standard","has-post-thumbnail","hentry","category-spor","tag-adana","tag-demirsporda","tag-hazirliklari","tag-istanbulspor","tag-maci","tag-suruyor"],"jetpack_publicize_connections":[],"jetpack_featured_media_url":"https:\/\/i0.wp.com\/www.tvturk.com\/wp-content\/uploads\/2019\/02\/adana-demirsporda-istanbulspor-maci-hazirliklari-suruyor_aedab9b.jpg?fit=1000%2C666","jetpack_sharing_enabled":true,"jetpack_shortlink":"https:\/\/wp.me\/paKIfm-3aA","_links":{"self":[{"href":"http:\/\/www.tvturk.com\/index.php\/wp-json\/wp\/v2\/posts\/12188","targetHints":{"allow":["GET"]}}],"collection":[{"href":"http:\/\/www.tvturk.com\/index.php\/wp-json\/wp\/v2\/posts"}],"about":[{"href":"http:\/\/www.tvturk.com\/index.php\/wp-json\/wp\/v2\/types\/post"}],"author":[{"embeddable":true,"href":"http:\/\/www.tvturk.com\/index.php\/wp-json\/wp\/v2\/users\/1"}],"replies":[{"embeddable":true,"href":"http:\/\/www.tvturk.com\/index.php\/wp-json\/wp\/v2\/comments?post=12188"}],"version-history":[{"count":1,"href":"http:\/\/www.tvturk.com\/index.php\/wp-json\/wp\/v2\/posts\/12188\/revisions"}],"predecessor-version":[{"id":12193,"href":"http:\/\/www.tvturk.com\/index.php\/wp-json\/wp\/v2\/posts\/12188\/revisions\/12193"}],"wp:featuredmedia":[{"embeddable":true,"href":"http:\/\/www.tvturk.com\/index.php\/wp-json\/wp\/v2\/media\/12189"}],"wp:attachment":[{"href":"http:\/\/www.tvturk.com\/index.php\/wp-json\/wp\/v2\/media?parent=12188"}],"wp:term":[{"taxonomy":"category","embeddable":true,"href":"http:\/\/www.tvturk.com\/index.php\/wp-json\/wp\/v2\/categories?post=12188"},{"taxonomy":"post_tag","embeddable":true,"href":"http:\/\/www.tvturk.com\/index.php\/wp-json\/wp\/v2\/tags?post=12188"}],"curies":[{"name":"wp","href":"https:\/\/api.w.org\/{rel}","templated":true}]}}