{"id":122176,"date":"2019-04-02T22:13:51","date_gmt":"2019-04-02T19:13:51","guid":{"rendered":"http:\/\/www.tvturk.com\/index.php\/cezayir-cumhurbaskani-buteflika-istifa-etti\/"},"modified":"2019-04-02T22:13:51","modified_gmt":"2019-04-02T19:13:51","slug":"cezayir-cumhurbaskani-buteflika-istifa-etti","status":"publish","type":"post","link":"http:\/\/www.tvturk.com\/index.php\/cezayir-cumhurbaskani-buteflika-istifa-etti\/","title":{"rendered":"Cezayir Cumhurba\u015fkan\u0131 Buteflika istifa etti"},"content":{"rendered":"<p>Cezayir Cumhurba\u015fkan\u0131 Abdulaziz Buteflika, uzun zamand\u0131r devam eden protestolar\u0131n ve ordunun \u00e7a\u011fr\u0131s\u0131n\u0131n ard\u0131ndan resmen istifa etti\u011fini a\u00e7\u0131klad\u0131.<\/p>\n<p>Cezayir Cumhurba\u015fkan\u0131 Abdulaziz Buteflika ordunun g\u00f6revi b\u0131rakma \u00e7a\u011fr\u0131s\u0131n\u0131n ard\u0131ndan istifa etti\u011fini a\u00e7\u0131klad\u0131. Cezayir medyas\u0131, Buteflika\u2019n\u0131n Anayasa Konseyi\u2019ne istifas\u0131n\u0131 verdi\u011fini bildirdi.<\/p>\n<p>Cezayir Cumhurba\u015fkan\u0131 Buteflika\u2019n\u0131n cumhurba\u015fkanl\u0131\u011f\u0131 i\u00e7in 5. kez aday oldu\u011funu a\u00e7\u0131klamas\u0131n\u0131n ard\u0131ndan \u00fclkede protestolar patlak vermi\u015fti. Protestolar\u0131n ard\u0131ndan Buteflika, 18 Nisan\u2019da yap\u0131lacak cumhurba\u015fkanl\u0131\u011f\u0131 se\u00e7imlerinin ertelendi\u011fini ve 5. d\u00f6nem i\u00e7in aday olmayaca\u011f\u0131n\u0131 a\u00e7\u0131klam\u0131\u015ft\u0131. Cezayirliler, 82 ya\u015f\u0131ndaki Cumhurba\u015fkan\u0131 Buteflika\u2019n\u0131n sa\u011fl\u0131k sorunlar\u0131 ve ya\u015f\u0131 nedeniyle \u00fclkeyi iyi y\u00f6netemedi\u011fini belirterek adayl\u0131\u011f\u0131n\u0131 protesto etmi\u015fti.<\/p>\n","protected":false},"excerpt":{"rendered":"<p>CEZAY\u0130R CUMHURBA\u015eKANI ABDULAZ\u0130Z BUTEFL\u0130KA, UZUN ZAMANDIR DEVAM EDEN PROTESTOLARIN VE ORDUNUN \u00c7A\u011eRISININ ARDINDAN RESMEN \u0130ST\u0130FA ETT\u0130\u011e\u0130N\u0130 A\u00c7IKLADI.<\/p>\n","protected":false},"author":1,"featured_media":122177,"comment_status":"closed","ping_status":"open","sticky":false,"template":"","format":"standard","meta":{"jetpack_post_was_ever_published":false,"_jetpack_newsletter_access":"","_jetpack_dont_email_post_to_subs":false,"_jetpack_newsletter_tier_id":0,"_jetpack_memberships_contains_paywalled_content":false,"_jetpack_memberships_contains_paid_content":false,"footnotes":"","jetpack_publicize_message":"","jetpack_publicize_feature_enabled":true,"jetpack_social_post_already_shared":true,"jetpack_social_options":{"image_generator_settings":{"template":"highway","default_image_id":0,"font":"","enabled":false},"version":2}},"categories":[10],"tags":[28725,10077,503,207,31],"class_list":["post-122176","post","type-post","status-publish","format-standard","has-post-thumbnail","hentry","category-dunya","tag-buteflika","tag-cezayir","tag-cumhurbaskani","tag-etti","tag-istifa"],"jetpack_publicize_connections":[],"jetpack_featured_media_url":"https:\/\/i0.wp.com\/www.tvturk.com\/wp-content\/uploads\/2019\/04\/cezayir-cumhurbaskani-buteflika-istifa-etti_15416f7.jpg?fit=1000%2C668","jetpack_sharing_enabled":true,"jetpack_shortlink":"https:\/\/wp.me\/paKIfm-vMA","_links":{"self":[{"href":"http:\/\/www.tvturk.com\/index.php\/wp-json\/wp\/v2\/posts\/122176","targetHints":{"allow":["GET"]}}],"collection":[{"href":"http:\/\/www.tvturk.com\/index.php\/wp-json\/wp\/v2\/posts"}],"about":[{"href":"http:\/\/www.tvturk.com\/index.php\/wp-json\/wp\/v2\/types\/post"}],"author":[{"embeddable":true,"href":"http:\/\/www.tvturk.com\/index.php\/wp-json\/wp\/v2\/users\/1"}],"replies":[{"embeddable":true,"href":"http:\/\/www.tvturk.com\/index.php\/wp-json\/wp\/v2\/comments?post=122176"}],"version-history":[{"count":0,"href":"http:\/\/www.tvturk.com\/index.php\/wp-json\/wp\/v2\/posts\/122176\/revisions"}],"wp:featuredmedia":[{"embeddable":true,"href":"http:\/\/www.tvturk.com\/index.php\/wp-json\/wp\/v2\/media\/122177"}],"wp:attachment":[{"href":"http:\/\/www.tvturk.com\/index.php\/wp-json\/wp\/v2\/media?parent=122176"}],"wp:term":[{"taxonomy":"category","embeddable":true,"href":"http:\/\/www.tvturk.com\/index.php\/wp-json\/wp\/v2\/categories?post=122176"},{"taxonomy":"post_tag","embeddable":true,"href":"http:\/\/www.tvturk.com\/index.php\/wp-json\/wp\/v2\/tags?post=122176"}],"curies":[{"name":"wp","href":"https:\/\/api.w.org\/{rel}","templated":true}]}}