{"id":122180,"date":"2019-04-02T22:38:07","date_gmt":"2019-04-02T19:38:07","guid":{"rendered":"http:\/\/www.tvturk.com\/index.php\/kirikkaleliler-mirac-kandilinde-camilere-akin-etti\/"},"modified":"2019-04-02T22:38:12","modified_gmt":"2019-04-02T19:38:12","slug":"kirikkaleliler-mirac-kandilinde-camilere-akin-etti","status":"publish","type":"post","link":"http:\/\/www.tvturk.com\/index.php\/kirikkaleliler-mirac-kandilinde-camilere-akin-etti\/","title":{"rendered":"K\u0131r\u0131kkaleliler Mira\u00e7 Kandili\u2019nde camilere ak\u0131n etti"},"content":{"rendered":"<p>K\u0131r\u0131kkale\u2019de vatanda\u015flar Mira\u00e7 Kandili dolay\u0131s\u0131yla Nur Camisi\u2019ne ak\u0131n etti.<\/p>\n<p>K\u0131r\u0131kkale\u2019de Mira\u00e7 Kandili dolay\u0131s\u0131yla Nur Camisi\u2019nde d\u00fczenlenen programda namaz k\u0131l\u0131p dua eden vatanda\u015flar, okunan Kur\u2019an-\u0131 Kerim, Mevlid-i \u015eerif ve ilahiler ile kandilin manevi atmosferini ya\u015fad\u0131. 11 ya\u015f\u0131ndaki Zeynep Uysal, \u201cBu ak\u015fam \u00e7ok g\u00fczel bir g\u00fcn. Her g\u00fcn dua edip, Peygamberimizi anmam\u0131z gerekiyor, Allah\u2019\u0131 anmam\u0131z gerekiyor. \u00c7ok g\u00fczel bir g\u00fcn. Ben de herkese dua ettim. S\u00fcnnet i\u015fledim. Oru\u00e7 tutamad\u0131m ama namaz k\u0131ld\u0131m. Namaz k\u0131larken Allah\u2019\u0131n yan\u0131nda gibi hissettim. \u00c7ok g\u00fczel hissettim\u201d dedi.<\/p>\n<p>Dualar\u0131n\u0131n \u00fcmmeti M\u00fcsl\u00fcmanlar i\u00e7in oldu\u011funu belirten Meral Mirze, \u201cKarde\u015flerimiz i\u00e7in dua ettik. Allah\u2019\u0131m hepsine hay\u0131rl\u0131 \u00f6m\u00fcrler, hay\u0131rl\u0131 i\u015fler nasip etsin. Hastalar\u0131m\u0131za \u015fifalar versin, askerlerimizi korusun. \u0130ki asker o\u011flum var. Onlar\u0131 korusun y\u00fcce Rabb\u2019im hepsini korusun. \u00d6yle dua ettik bug\u00fcn\u201d diye konu\u015ftu.<\/p>\n<p>Burak G\u00f6ken ise, \u201cBu gece ailemle birlikte camiye geldik, namaz\u0131m\u0131z\u0131 k\u0131ld\u0131k, dua ettik. Peygamber efendimizin bug\u00fcn Mira\u00e7\u2019a y\u00fckseldi\u011fi g\u00fcn, \u00f6nemli bir g\u00fcn. O y\u00fczden camiye geldik, duam\u0131z\u0131 ettik\u201d dedi.<div class=\"tiled-gallery type-rectangular tiled-gallery-unresized\" data-original-width=\"500\" data-carousel-extra='null' itemscope itemtype=\"http:\/\/schema.org\/ImageGallery\" > <div class=\"gallery-row\" style=\"width: 500px; height: 147px;\" data-original-width=\"500\" data-original-height=\"147\" > <div class=\"gallery-group images-1\" style=\"width: 258px; height: 147px;\" data-original-width=\"258\" data-original-height=\"147\" > <div class=\"tiled-gallery-item tiled-gallery-item-large\" itemprop=\"associatedMedia\" itemscope itemtype=\"http:\/\/schema.org\/ImageObject\"> <a href=\"http:\/\/www.tvturk.com\/index.php\/kirikkaleliler-mirac-kandilinde-camilere-akin-etti\/kirikkaleliler-mirac-kandilinde-camilere-akin-etti-3\/\" border=\"0\" itemprop=\"url\"> <meta itemprop=\"width\" content=\"254\"> <meta itemprop=\"height\" content=\"143\"> <img decoding=\"async\" class=\"\" data-attachment-id=\"122182\" data-orig-file=\"http:\/\/www.tvturk.com\/wp-content\/uploads\/2019\/04\/kirikkaleliler-mirac-kandilinde-camilere-akin-etti_211fd4b.jpg\" data-orig-size=\"1000,562\" data-comments-opened=\"\" data-image-meta=\"{&quot;aperture&quot;:&quot;0&quot;,&quot;credit&quot;:&quot;IHA&quot;,&quot;camera&quot;:&quot;&quot;,&quot;caption&quot;:&quot;KIRIKKALE\\u2019DE VATANDA\\u015eLAR M\\u0130RA\\u00c7 KAND\\u0130L\\u0130 DOLAYISIYLA NUR CAM\\u0130S\\u0130NE AKIN ETT\\u0130. HAZRET\\u0130 MUHAMMED\\u0027\\u0130N ALLAH\\u0027IN HUZURUNA Y\\u00dcKSELD\\u0130\\u011e\\u0130 GECE OLARAK KABUL ED\\u0130LEN M\\u0130RA\\u00c7 KAND\\u0130L\\u0130 DOLAYISIYLA KIRIKKALE\\u2019DE CAM\\u0130LERDE PROGRAMLAR D\\u00dcZENLEND\\u0130. (HASAN AY\\\/KIRIKKALE-\\u0130HA)&quot;,&quot;created_timestamp&quot;:&quot;0&quot;,&quot;copyright&quot;:&quot;\\u0130HLAS HABER AJANSI, www.iha.com.tr&quot;,&quot;focal_length&quot;:&quot;0&quot;,&quot;iso&quot;:&quot;0&quot;,&quot;shutter_speed&quot;:&quot;0&quot;,&quot;title&quot;:&quot;KIRIKKALEL\\u0130LER M\\u0130RA\\u00c7 KAND\\u0130L\\u0130\\u2019NDE CAM\\u0130LERE AKIN ETT\\u0130&quot;,&quot;orientation&quot;:&quot;0&quot;}\" data-image-title=\"K\u0131r\u0131kkaleliler Mira\u00e7 Kandili\u2019nde camilere ak\u0131n etti\" data-image-description=\"&lt;p&gt;K\u0131r\u0131kkaleliler Mira\u00e7 Kandili\u2019nde camilere ak\u0131n etti&lt;\/p&gt; \" data-medium-file=\"https:\/\/i0.wp.com\/www.tvturk.com\/wp-content\/uploads\/2019\/04\/kirikkaleliler-mirac-kandilinde-camilere-akin-etti_211fd4b.jpg?fit=300%2C169\" data-large-file=\"https:\/\/i0.wp.com\/www.tvturk.com\/wp-content\/uploads\/2019\/04\/kirikkaleliler-mirac-kandilinde-camilere-akin-etti_211fd4b.jpg?fit=1000%2C562\" src=\"https:\/\/i0.wp.com\/www.tvturk.com\/wp-content\/uploads\/2019\/04\/kirikkaleliler-mirac-kandilinde-camilere-akin-etti_211fd4b.jpg?w=254&#038;h=143\" srcset=\"https:\/\/i0.wp.com\/www.tvturk.com\/wp-content\/uploads\/2019\/04\/kirikkaleliler-mirac-kandilinde-camilere-akin-etti_211fd4b.jpg?w=1000 1000w, https:\/\/i0.wp.com\/www.tvturk.com\/wp-content\/uploads\/2019\/04\/kirikkaleliler-mirac-kandilinde-camilere-akin-etti_211fd4b.jpg?resize=150%2C84 150w, https:\/\/i0.wp.com\/www.tvturk.com\/wp-content\/uploads\/2019\/04\/kirikkaleliler-mirac-kandilinde-camilere-akin-etti_211fd4b.jpg?resize=300%2C169 300w, https:\/\/i0.wp.com\/www.tvturk.com\/wp-content\/uploads\/2019\/04\/kirikkaleliler-mirac-kandilinde-camilere-akin-etti_211fd4b.jpg?resize=768%2C432 768w, https:\/\/i0.wp.com\/www.tvturk.com\/wp-content\/uploads\/2019\/04\/kirikkaleliler-mirac-kandilinde-camilere-akin-etti_211fd4b.jpg?resize=200%2C113 200w\" width=\"254\" height=\"143\" loading=\"lazy\" data-original-width=\"254\" data-original-height=\"143\" itemprop=\"http:\/\/schema.org\/image\" title=\"K\u0131r\u0131kkaleliler Mira\u00e7 Kandili\u2019nde camilere ak\u0131n etti\" alt=\"K\u0131r\u0131kkaleliler Mira\u00e7 Kandili\u2019nde camilere ak\u0131n etti\" style=\"width: 254px; height: 143px;\" \/> <\/a> <\/div> <\/div> <!-- close group --> <div class=\"gallery-group images-1\" style=\"width: 242px; height: 147px;\" data-original-width=\"242\" data-original-height=\"147\" > <div class=\"tiled-gallery-item tiled-gallery-item-small\" itemprop=\"associatedMedia\" itemscope itemtype=\"http:\/\/schema.org\/ImageObject\"> <a href=\"http:\/\/www.tvturk.com\/index.php\/kirikkaleliler-mirac-kandilinde-camilere-akin-etti\/kirikkaleliler-mirac-kandilinde-camilere-akin-etti-4\/\" border=\"0\" itemprop=\"url\"> <meta itemprop=\"width\" content=\"238\"> <meta itemprop=\"height\" content=\"143\"> <img decoding=\"async\" class=\"\" data-attachment-id=\"122183\" data-orig-file=\"http:\/\/www.tvturk.com\/wp-content\/uploads\/2019\/04\/kirikkaleliler-mirac-kandilinde-camilere-akin-etti_5079354.jpg\" data-orig-size=\"1000,601\" data-comments-opened=\"\" data-image-meta=\"{&quot;aperture&quot;:&quot;0&quot;,&quot;credit&quot;:&quot;IHA&quot;,&quot;camera&quot;:&quot;&quot;,&quot;caption&quot;:&quot;KIRIKKALE\\u2019DE VATANDA\\u015eLAR M\\u0130RA\\u00c7 KAND\\u0130L\\u0130 DOLAYISIYLA NUR CAM\\u0130S\\u0130NE AKIN ETT\\u0130. HAZRET\\u0130 MUHAMMED\\u0027\\u0130N ALLAH\\u0027IN HUZURUNA Y\\u00dcKSELD\\u0130\\u011e\\u0130 GECE OLARAK KABUL ED\\u0130LEN M\\u0130RA\\u00c7 KAND\\u0130L\\u0130 DOLAYISIYLA KIRIKKALE\\u2019DE CAM\\u0130LERDE PROGRAMLAR D\\u00dcZENLEND\\u0130. (\\u0130L M\\u00dcFT\\u00dcS\\u00dc \\u015eAH\\u0130N YILDIRIM DUA EDERKEN.) (HASAN AY\\\/KIRIKKALE-\\u0130HA)&quot;,&quot;created_timestamp&quot;:&quot;0&quot;,&quot;copyright&quot;:&quot;\\u0130HLAS HABER AJANSI, www.iha.com.tr&quot;,&quot;focal_length&quot;:&quot;0&quot;,&quot;iso&quot;:&quot;0&quot;,&quot;shutter_speed&quot;:&quot;0&quot;,&quot;title&quot;:&quot;KIRIKKALEL\\u0130LER M\\u0130RA\\u00c7 KAND\\u0130L\\u0130\\u2019NDE CAM\\u0130LERE AKIN ETT\\u0130&quot;,&quot;orientation&quot;:&quot;0&quot;}\" data-image-title=\"K\u0131r\u0131kkaleliler Mira\u00e7 Kandili\u2019nde camilere ak\u0131n etti\" data-image-description=\"&lt;p&gt;K\u0131r\u0131kkaleliler Mira\u00e7 Kandili\u2019nde camilere ak\u0131n etti&lt;\/p&gt; \" data-medium-file=\"https:\/\/i0.wp.com\/www.tvturk.com\/wp-content\/uploads\/2019\/04\/kirikkaleliler-mirac-kandilinde-camilere-akin-etti_5079354.jpg?fit=300%2C180\" data-large-file=\"https:\/\/i0.wp.com\/www.tvturk.com\/wp-content\/uploads\/2019\/04\/kirikkaleliler-mirac-kandilinde-camilere-akin-etti_5079354.jpg?fit=1000%2C601\" src=\"https:\/\/i0.wp.com\/www.tvturk.com\/wp-content\/uploads\/2019\/04\/kirikkaleliler-mirac-kandilinde-camilere-akin-etti_5079354.jpg?w=238&#038;h=143\" srcset=\"https:\/\/i0.wp.com\/www.tvturk.com\/wp-content\/uploads\/2019\/04\/kirikkaleliler-mirac-kandilinde-camilere-akin-etti_5079354.jpg?w=1000 1000w, https:\/\/i0.wp.com\/www.tvturk.com\/wp-content\/uploads\/2019\/04\/kirikkaleliler-mirac-kandilinde-camilere-akin-etti_5079354.jpg?resize=150%2C90 150w, https:\/\/i0.wp.com\/www.tvturk.com\/wp-content\/uploads\/2019\/04\/kirikkaleliler-mirac-kandilinde-camilere-akin-etti_5079354.jpg?resize=300%2C180 300w, https:\/\/i0.wp.com\/www.tvturk.com\/wp-content\/uploads\/2019\/04\/kirikkaleliler-mirac-kandilinde-camilere-akin-etti_5079354.jpg?resize=768%2C462 768w, https:\/\/i0.wp.com\/www.tvturk.com\/wp-content\/uploads\/2019\/04\/kirikkaleliler-mirac-kandilinde-camilere-akin-etti_5079354.jpg?resize=187%2C113 187w\" width=\"238\" height=\"143\" loading=\"lazy\" data-original-width=\"238\" data-original-height=\"143\" itemprop=\"http:\/\/schema.org\/image\" title=\"K\u0131r\u0131kkaleliler Mira\u00e7 Kandili\u2019nde camilere ak\u0131n etti\" alt=\"K\u0131r\u0131kkaleliler Mira\u00e7 Kandili\u2019nde camilere ak\u0131n etti\" style=\"width: 238px; height: 143px;\" \/> <\/a> <\/div> <\/div> <!-- close group --> <\/div> <!-- close row --> <div class=\"gallery-row\" style=\"width: 500px; height: 82px;\" data-original-width=\"500\" data-original-height=\"82\" > <div class=\"gallery-group images-1\" style=\"width: 131px; height: 82px;\" data-original-width=\"131\" data-original-height=\"82\" > <div class=\"tiled-gallery-item tiled-gallery-item-small\" itemprop=\"associatedMedia\" itemscope itemtype=\"http:\/\/schema.org\/ImageObject\"> <a href=\"http:\/\/www.tvturk.com\/index.php\/kirikkaleliler-mirac-kandilinde-camilere-akin-etti\/kirikkaleliler-mirac-kandilinde-camilere-akin-etti-5\/\" border=\"0\" itemprop=\"url\"> <meta itemprop=\"width\" content=\"127\"> <meta itemprop=\"height\" content=\"78\"> <img decoding=\"async\" class=\"\" data-attachment-id=\"122184\" data-orig-file=\"http:\/\/www.tvturk.com\/wp-content\/uploads\/2019\/04\/kirikkaleliler-mirac-kandilinde-camilere-akin-etti_093c0ee.jpg\" data-orig-size=\"1000,619\" data-comments-opened=\"\" data-image-meta=\"{&quot;aperture&quot;:&quot;0&quot;,&quot;credit&quot;:&quot;IHA&quot;,&quot;camera&quot;:&quot;&quot;,&quot;caption&quot;:&quot;KIRIKKALE\\u2019DE VATANDA\\u015eLAR M\\u0130RA\\u00c7 KAND\\u0130L\\u0130 DOLAYISIYLA NUR CAM\\u0130S\\u0130NE AKIN ETT\\u0130. HAZRET\\u0130 MUHAMMED\\u0027\\u0130N ALLAH\\u0027IN HUZURUNA Y\\u00dcKSELD\\u0130\\u011e\\u0130 GECE OLARAK KABUL ED\\u0130LEN M\\u0130RA\\u00c7 KAND\\u0130L\\u0130 DOLAYISIYLA KIRIKKALE\\u2019DE CAM\\u0130LERDE PROGRAMLAR D\\u00dcZENLEND\\u0130. (HASAN AY\\\/KIRIKKALE-\\u0130HA)&quot;,&quot;created_timestamp&quot;:&quot;0&quot;,&quot;copyright&quot;:&quot;\\u0130HLAS HABER AJANSI, www.iha.com.tr&quot;,&quot;focal_length&quot;:&quot;0&quot;,&quot;iso&quot;:&quot;0&quot;,&quot;shutter_speed&quot;:&quot;0&quot;,&quot;title&quot;:&quot;KIRIKKALEL\\u0130LER M\\u0130RA\\u00c7 KAND\\u0130L\\u0130\\u2019NDE CAM\\u0130LERE AKIN ETT\\u0130&quot;,&quot;orientation&quot;:&quot;0&quot;}\" data-image-title=\"K\u0131r\u0131kkaleliler Mira\u00e7 Kandili\u2019nde camilere ak\u0131n etti\" data-image-description=\"&lt;p&gt;K\u0131r\u0131kkaleliler Mira\u00e7 Kandili\u2019nde camilere ak\u0131n etti&lt;\/p&gt; \" data-medium-file=\"https:\/\/i0.wp.com\/www.tvturk.com\/wp-content\/uploads\/2019\/04\/kirikkaleliler-mirac-kandilinde-camilere-akin-etti_093c0ee.jpg?fit=300%2C186\" data-large-file=\"https:\/\/i0.wp.com\/www.tvturk.com\/wp-content\/uploads\/2019\/04\/kirikkaleliler-mirac-kandilinde-camilere-akin-etti_093c0ee.jpg?fit=1000%2C619\" src=\"https:\/\/i0.wp.com\/www.tvturk.com\/wp-content\/uploads\/2019\/04\/kirikkaleliler-mirac-kandilinde-camilere-akin-etti_093c0ee.jpg?w=127&#038;h=78\" srcset=\"https:\/\/i0.wp.com\/www.tvturk.com\/wp-content\/uploads\/2019\/04\/kirikkaleliler-mirac-kandilinde-camilere-akin-etti_093c0ee.jpg?w=1000 1000w, https:\/\/i0.wp.com\/www.tvturk.com\/wp-content\/uploads\/2019\/04\/kirikkaleliler-mirac-kandilinde-camilere-akin-etti_093c0ee.jpg?resize=150%2C93 150w, https:\/\/i0.wp.com\/www.tvturk.com\/wp-content\/uploads\/2019\/04\/kirikkaleliler-mirac-kandilinde-camilere-akin-etti_093c0ee.jpg?resize=300%2C186 300w, https:\/\/i0.wp.com\/www.tvturk.com\/wp-content\/uploads\/2019\/04\/kirikkaleliler-mirac-kandilinde-camilere-akin-etti_093c0ee.jpg?resize=768%2C475 768w, https:\/\/i0.wp.com\/www.tvturk.com\/wp-content\/uploads\/2019\/04\/kirikkaleliler-mirac-kandilinde-camilere-akin-etti_093c0ee.jpg?resize=243%2C150 243w, https:\/\/i0.wp.com\/www.tvturk.com\/wp-content\/uploads\/2019\/04\/kirikkaleliler-mirac-kandilinde-camilere-akin-etti_093c0ee.jpg?resize=187%2C113 187w\" width=\"127\" height=\"78\" loading=\"lazy\" data-original-width=\"127\" data-original-height=\"78\" itemprop=\"http:\/\/schema.org\/image\" title=\"K\u0131r\u0131kkaleliler Mira\u00e7 Kandili\u2019nde camilere ak\u0131n etti\" alt=\"K\u0131r\u0131kkaleliler Mira\u00e7 Kandili\u2019nde camilere ak\u0131n etti\" style=\"width: 127px; height: 78px;\" \/> <\/a> <\/div> <\/div> <!-- close group --> <div class=\"gallery-group images-1\" style=\"width: 120px; height: 82px;\" data-original-width=\"120\" data-original-height=\"82\" > <div class=\"tiled-gallery-item tiled-gallery-item-small\" itemprop=\"associatedMedia\" itemscope itemtype=\"http:\/\/schema.org\/ImageObject\"> <a href=\"http:\/\/www.tvturk.com\/index.php\/kirikkaleliler-mirac-kandilinde-camilere-akin-etti\/kirikkaleliler-mirac-kandilinde-camilere-akin-etti-6\/\" border=\"0\" itemprop=\"url\"> <meta itemprop=\"width\" content=\"116\"> <meta itemprop=\"height\" content=\"78\"> <img decoding=\"async\" class=\"\" data-attachment-id=\"122185\" data-orig-file=\"http:\/\/www.tvturk.com\/wp-content\/uploads\/2019\/04\/kirikkaleliler-mirac-kandilinde-camilere-akin-etti_3db355e.jpg\" data-orig-size=\"1000,674\" data-comments-opened=\"\" data-image-meta=\"{&quot;aperture&quot;:&quot;0&quot;,&quot;credit&quot;:&quot;IHA&quot;,&quot;camera&quot;:&quot;&quot;,&quot;caption&quot;:&quot;BURAK G\\u00d6KEN, \\u201cBU GECE A\\u0130LEMLE B\\u0130RL\\u0130KTE CAM\\u0130YE GELD\\u0130K, NAMAZIMIZI KILDIK, DUA ETT\\u0130K.\\u201d DED\\u0130. (HASAN AY\\\/KIRIKKALE-\\u0130HA)&quot;,&quot;created_timestamp&quot;:&quot;0&quot;,&quot;copyright&quot;:&quot;\\u0130HLAS HABER AJANSI, www.iha.com.tr&quot;,&quot;focal_length&quot;:&quot;0&quot;,&quot;iso&quot;:&quot;0&quot;,&quot;shutter_speed&quot;:&quot;0&quot;,&quot;title&quot;:&quot;KIRIKKALEL\\u0130LER M\\u0130RA\\u00c7 KAND\\u0130L\\u0130\\u2019NDE CAM\\u0130LERE AKIN ETT\\u0130&quot;,&quot;orientation&quot;:&quot;0&quot;}\" data-image-title=\"K\u0131r\u0131kkaleliler Mira\u00e7 Kandili\u2019nde camilere ak\u0131n etti\" data-image-description=\"&lt;p&gt;K\u0131r\u0131kkaleliler Mira\u00e7 Kandili\u2019nde camilere ak\u0131n etti&lt;\/p&gt; \" data-medium-file=\"https:\/\/i0.wp.com\/www.tvturk.com\/wp-content\/uploads\/2019\/04\/kirikkaleliler-mirac-kandilinde-camilere-akin-etti_3db355e.jpg?fit=300%2C202\" data-large-file=\"https:\/\/i0.wp.com\/www.tvturk.com\/wp-content\/uploads\/2019\/04\/kirikkaleliler-mirac-kandilinde-camilere-akin-etti_3db355e.jpg?fit=1000%2C674\" src=\"https:\/\/i0.wp.com\/www.tvturk.com\/wp-content\/uploads\/2019\/04\/kirikkaleliler-mirac-kandilinde-camilere-akin-etti_3db355e.jpg?w=116&#038;h=78\" srcset=\"https:\/\/i0.wp.com\/www.tvturk.com\/wp-content\/uploads\/2019\/04\/kirikkaleliler-mirac-kandilinde-camilere-akin-etti_3db355e.jpg?w=1000 1000w, https:\/\/i0.wp.com\/www.tvturk.com\/wp-content\/uploads\/2019\/04\/kirikkaleliler-mirac-kandilinde-camilere-akin-etti_3db355e.jpg?resize=150%2C101 150w, https:\/\/i0.wp.com\/www.tvturk.com\/wp-content\/uploads\/2019\/04\/kirikkaleliler-mirac-kandilinde-camilere-akin-etti_3db355e.jpg?resize=300%2C200 300w, https:\/\/i0.wp.com\/www.tvturk.com\/wp-content\/uploads\/2019\/04\/kirikkaleliler-mirac-kandilinde-camilere-akin-etti_3db355e.jpg?resize=768%2C518 768w, https:\/\/i0.wp.com\/www.tvturk.com\/wp-content\/uploads\/2019\/04\/kirikkaleliler-mirac-kandilinde-camilere-akin-etti_3db355e.jpg?resize=170%2C113 170w, https:\/\/i0.wp.com\/www.tvturk.com\/wp-content\/uploads\/2019\/04\/kirikkaleliler-mirac-kandilinde-camilere-akin-etti_3db355e.jpg?resize=120%2C80 120w, https:\/\/i0.wp.com\/www.tvturk.com\/wp-content\/uploads\/2019\/04\/kirikkaleliler-mirac-kandilinde-camilere-akin-etti_3db355e.jpg?resize=80%2C55 80w\" width=\"116\" height=\"78\" loading=\"lazy\" data-original-width=\"116\" data-original-height=\"78\" itemprop=\"http:\/\/schema.org\/image\" title=\"K\u0131r\u0131kkaleliler Mira\u00e7 Kandili\u2019nde camilere ak\u0131n etti\" alt=\"K\u0131r\u0131kkaleliler Mira\u00e7 Kandili\u2019nde camilere ak\u0131n etti\" style=\"width: 116px; height: 78px;\" \/> <\/a> <\/div> <\/div> <!-- close group --> <div class=\"gallery-group images-1\" style=\"width: 129px; height: 82px;\" data-original-width=\"129\" data-original-height=\"82\" > <div class=\"tiled-gallery-item tiled-gallery-item-small\" itemprop=\"associatedMedia\" itemscope itemtype=\"http:\/\/schema.org\/ImageObject\"> <a href=\"http:\/\/www.tvturk.com\/index.php\/kirikkaleliler-mirac-kandilinde-camilere-akin-etti\/kirikkaleliler-mirac-kandilinde-camilere-akin-etti-7\/\" border=\"0\" itemprop=\"url\"> <meta itemprop=\"width\" content=\"125\"> <meta itemprop=\"height\" content=\"78\"> <img decoding=\"async\" class=\"\" data-attachment-id=\"122186\" data-orig-file=\"http:\/\/www.tvturk.com\/wp-content\/uploads\/2019\/04\/kirikkaleliler-mirac-kandilinde-camilere-akin-etti_1915a81.jpg\" data-orig-size=\"1000,628\" data-comments-opened=\"\" data-image-meta=\"{&quot;aperture&quot;:&quot;0&quot;,&quot;credit&quot;:&quot;IHA&quot;,&quot;camera&quot;:&quot;&quot;,&quot;caption&quot;:&quot;DUALARININ \\u00dcMMET\\u0130 M\\u00dcSL\\u00dcMANLAR \\u0130\\u00c7\\u0130N OLDU\\u011eUNU BEL\\u0130RTEN MERAL M\\u0130RZE, \\u201cKARDE\\u015eLER\\u0130M\\u0130Z \\u0130\\u00c7\\u0130N DUA ETT\\u0130K.\\u201d DED\\u0130. (HASAN AY\\\/KIRIKKALE-\\u0130HA)&quot;,&quot;created_timestamp&quot;:&quot;0&quot;,&quot;copyright&quot;:&quot;\\u0130HLAS HABER AJANSI, www.iha.com.tr&quot;,&quot;focal_length&quot;:&quot;0&quot;,&quot;iso&quot;:&quot;0&quot;,&quot;shutter_speed&quot;:&quot;0&quot;,&quot;title&quot;:&quot;KIRIKKALEL\\u0130LER M\\u0130RA\\u00c7 KAND\\u0130L\\u0130\\u2019NDE CAM\\u0130LERE AKIN ETT\\u0130&quot;,&quot;orientation&quot;:&quot;0&quot;}\" data-image-title=\"K\u0131r\u0131kkaleliler Mira\u00e7 Kandili\u2019nde camilere ak\u0131n etti\" data-image-description=\"&lt;p&gt;K\u0131r\u0131kkaleliler Mira\u00e7 Kandili\u2019nde camilere ak\u0131n etti&lt;\/p&gt; \" data-medium-file=\"https:\/\/i0.wp.com\/www.tvturk.com\/wp-content\/uploads\/2019\/04\/kirikkaleliler-mirac-kandilinde-camilere-akin-etti_1915a81.jpg?fit=300%2C188\" data-large-file=\"https:\/\/i0.wp.com\/www.tvturk.com\/wp-content\/uploads\/2019\/04\/kirikkaleliler-mirac-kandilinde-camilere-akin-etti_1915a81.jpg?fit=1000%2C628\" src=\"https:\/\/i0.wp.com\/www.tvturk.com\/wp-content\/uploads\/2019\/04\/kirikkaleliler-mirac-kandilinde-camilere-akin-etti_1915a81.jpg?w=125&#038;h=78\" srcset=\"https:\/\/i0.wp.com\/www.tvturk.com\/wp-content\/uploads\/2019\/04\/kirikkaleliler-mirac-kandilinde-camilere-akin-etti_1915a81.jpg?w=1000 1000w, https:\/\/i0.wp.com\/www.tvturk.com\/wp-content\/uploads\/2019\/04\/kirikkaleliler-mirac-kandilinde-camilere-akin-etti_1915a81.jpg?resize=150%2C94 150w, https:\/\/i0.wp.com\/www.tvturk.com\/wp-content\/uploads\/2019\/04\/kirikkaleliler-mirac-kandilinde-camilere-akin-etti_1915a81.jpg?resize=300%2C188 300w, https:\/\/i0.wp.com\/www.tvturk.com\/wp-content\/uploads\/2019\/04\/kirikkaleliler-mirac-kandilinde-camilere-akin-etti_1915a81.jpg?resize=768%2C482 768w, https:\/\/i0.wp.com\/www.tvturk.com\/wp-content\/uploads\/2019\/04\/kirikkaleliler-mirac-kandilinde-camilere-akin-etti_1915a81.jpg?resize=243%2C150 243w, https:\/\/i0.wp.com\/www.tvturk.com\/wp-content\/uploads\/2019\/04\/kirikkaleliler-mirac-kandilinde-camilere-akin-etti_1915a81.jpg?resize=460%2C290 460w\" width=\"125\" height=\"78\" loading=\"lazy\" data-original-width=\"125\" data-original-height=\"78\" itemprop=\"http:\/\/schema.org\/image\" title=\"K\u0131r\u0131kkaleliler Mira\u00e7 Kandili\u2019nde camilere ak\u0131n etti\" alt=\"K\u0131r\u0131kkaleliler Mira\u00e7 Kandili\u2019nde camilere ak\u0131n etti\" style=\"width: 125px; height: 78px;\" \/> <\/a> <\/div> <\/div> <!-- close group --> <div class=\"gallery-group images-1\" style=\"width: 120px; height: 82px;\" data-original-width=\"120\" data-original-height=\"82\" > <div class=\"tiled-gallery-item tiled-gallery-item-small\" itemprop=\"associatedMedia\" itemscope itemtype=\"http:\/\/schema.org\/ImageObject\"> <a href=\"http:\/\/www.tvturk.com\/index.php\/kirikkaleliler-mirac-kandilinde-camilere-akin-etti\/kirikkaleliler-mirac-kandilinde-camilere-akin-etti-8\/\" border=\"0\" itemprop=\"url\"> <meta itemprop=\"width\" content=\"116\"> <meta itemprop=\"height\" content=\"78\"> <img decoding=\"async\" class=\"\" data-attachment-id=\"122187\" data-orig-file=\"http:\/\/www.tvturk.com\/wp-content\/uploads\/2019\/04\/kirikkaleliler-mirac-kandilinde-camilere-akin-etti_340d84f.jpg\" data-orig-size=\"1000,678\" data-comments-opened=\"\" data-image-meta=\"{&quot;aperture&quot;:&quot;0&quot;,&quot;credit&quot;:&quot;IHA&quot;,&quot;camera&quot;:&quot;&quot;,&quot;caption&quot;:&quot;KIRIKKALE\\u2019DE VATANDA\\u015eLAR M\\u0130RA\\u00c7 KAND\\u0130L\\u0130 DOLAYISIYLA NUR CAM\\u0130S\\u0130NE AKIN ETT\\u0130. HAZRET\\u0130 MUHAMMED\\u0027\\u0130N ALLAH\\u0027IN HUZURUNA Y\\u00dcKSELD\\u0130\\u011e\\u0130 GECE OLARAK KABUL ED\\u0130LEN M\\u0130RA\\u00c7 KAND\\u0130L\\u0130 DOLAYISIYLA KIRIKKALE\\u2019DE CAM\\u0130LERDE PROGRAMLAR D\\u00dcZENLEND\\u0130. (HASAN AY\\\/KIRIKKALE-\\u0130HA)&quot;,&quot;created_timestamp&quot;:&quot;0&quot;,&quot;copyright&quot;:&quot;\\u0130HLAS HABER AJANSI, www.iha.com.tr&quot;,&quot;focal_length&quot;:&quot;0&quot;,&quot;iso&quot;:&quot;0&quot;,&quot;shutter_speed&quot;:&quot;0&quot;,&quot;title&quot;:&quot;KIRIKKALEL\\u0130LER M\\u0130RA\\u00c7 KAND\\u0130L\\u0130\\u2019NDE CAM\\u0130LERE AKIN ETT\\u0130&quot;,&quot;orientation&quot;:&quot;0&quot;}\" data-image-title=\"K\u0131r\u0131kkaleliler Mira\u00e7 Kandili\u2019nde camilere ak\u0131n etti\" data-image-description=\"&lt;p&gt;K\u0131r\u0131kkaleliler Mira\u00e7 Kandili\u2019nde camilere ak\u0131n etti&lt;\/p&gt; \" data-medium-file=\"https:\/\/i0.wp.com\/www.tvturk.com\/wp-content\/uploads\/2019\/04\/kirikkaleliler-mirac-kandilinde-camilere-akin-etti_340d84f.jpg?fit=300%2C203\" data-large-file=\"https:\/\/i0.wp.com\/www.tvturk.com\/wp-content\/uploads\/2019\/04\/kirikkaleliler-mirac-kandilinde-camilere-akin-etti_340d84f.jpg?fit=1000%2C678\" src=\"https:\/\/i0.wp.com\/www.tvturk.com\/wp-content\/uploads\/2019\/04\/kirikkaleliler-mirac-kandilinde-camilere-akin-etti_340d84f.jpg?w=116&#038;h=78\" srcset=\"https:\/\/i0.wp.com\/www.tvturk.com\/wp-content\/uploads\/2019\/04\/kirikkaleliler-mirac-kandilinde-camilere-akin-etti_340d84f.jpg?w=1000 1000w, https:\/\/i0.wp.com\/www.tvturk.com\/wp-content\/uploads\/2019\/04\/kirikkaleliler-mirac-kandilinde-camilere-akin-etti_340d84f.jpg?resize=150%2C102 150w, https:\/\/i0.wp.com\/www.tvturk.com\/wp-content\/uploads\/2019\/04\/kirikkaleliler-mirac-kandilinde-camilere-akin-etti_340d84f.jpg?resize=300%2C200 300w, https:\/\/i0.wp.com\/www.tvturk.com\/wp-content\/uploads\/2019\/04\/kirikkaleliler-mirac-kandilinde-camilere-akin-etti_340d84f.jpg?resize=768%2C521 768w, https:\/\/i0.wp.com\/www.tvturk.com\/wp-content\/uploads\/2019\/04\/kirikkaleliler-mirac-kandilinde-camilere-akin-etti_340d84f.jpg?resize=170%2C113 170w, https:\/\/i0.wp.com\/www.tvturk.com\/wp-content\/uploads\/2019\/04\/kirikkaleliler-mirac-kandilinde-camilere-akin-etti_340d84f.jpg?resize=120%2C80 120w, https:\/\/i0.wp.com\/www.tvturk.com\/wp-content\/uploads\/2019\/04\/kirikkaleliler-mirac-kandilinde-camilere-akin-etti_340d84f.jpg?resize=80%2C55 80w\" width=\"116\" height=\"78\" loading=\"lazy\" data-original-width=\"116\" data-original-height=\"78\" itemprop=\"http:\/\/schema.org\/image\" title=\"K\u0131r\u0131kkaleliler Mira\u00e7 Kandili\u2019nde camilere ak\u0131n etti\" alt=\"K\u0131r\u0131kkaleliler Mira\u00e7 Kandili\u2019nde camilere ak\u0131n etti\" style=\"width: 116px; height: 78px;\" \/> <\/a> <\/div> <\/div> <!-- close group --> <\/div> <!-- close row --> <\/div><\/p>\n","protected":false},"excerpt":{"rendered":"<p>KIRIKKALE\u2019DE VATANDA\u015eLAR M\u0130RA\u00c7 KAND\u0130L\u0130 DOLAYISIYLA NUR CAM\u0130S\u0130NE AKIN ETT\u0130. HAZRET\u0130 MUHAMMED&#8217;\u0130N ALLAH&#8217;IN HUZURUNA Y\u00dcKSELD\u0130\u011e\u0130 GECE OLARAK KABUL ED\u0130LEN M\u0130RA\u00c7 KAND\u0130L\u0130 DOLAYISIYLA KIRIKKALE\u2019DE CAM\u0130LERDE PROGRAMLAR D\u00dcZENLEND\u0130.<\/p>\n","protected":false},"author":1,"featured_media":122181,"comment_status":"closed","ping_status":"open","sticky":false,"template":"","format":"standard","meta":{"jetpack_post_was_ever_published":false,"_jetpack_newsletter_access":"","_jetpack_dont_email_post_to_subs":false,"_jetpack_newsletter_tier_id":0,"_jetpack_memberships_contains_paywalled_content":false,"_jetpack_memberships_contains_paid_content":false,"footnotes":"","jetpack_publicize_message":"","jetpack_publicize_feature_enabled":true,"jetpack_social_post_already_shared":true,"jetpack_social_options":{"image_generator_settings":{"template":"highway","default_image_id":0,"font":"","enabled":false},"version":2}},"categories":[1],"tags":[328,121,207,22222,29225,29022],"class_list":["post-122180","post","type-post","status-publish","format-standard","has-post-thumbnail","hentry","category-genel","tag-akin","tag-camilere","tag-etti","tag-kandilinde","tag-kirikkaleliler","tag-mirac"],"jetpack_publicize_connections":[],"jetpack_featured_media_url":"https:\/\/i0.wp.com\/www.tvturk.com\/wp-content\/uploads\/2019\/04\/kirikkaleliler-mirac-kandilinde-camilere-akin-etti_6702c95.jpg?fit=1000%2C557","jetpack_sharing_enabled":true,"jetpack_shortlink":"https:\/\/wp.me\/paKIfm-vME","_links":{"self":[{"href":"http:\/\/www.tvturk.com\/index.php\/wp-json\/wp\/v2\/posts\/122180","targetHints":{"allow":["GET"]}}],"collection":[{"href":"http:\/\/www.tvturk.com\/index.php\/wp-json\/wp\/v2\/posts"}],"about":[{"href":"http:\/\/www.tvturk.com\/index.php\/wp-json\/wp\/v2\/types\/post"}],"author":[{"embeddable":true,"href":"http:\/\/www.tvturk.com\/index.php\/wp-json\/wp\/v2\/users\/1"}],"replies":[{"embeddable":true,"href":"http:\/\/www.tvturk.com\/index.php\/wp-json\/wp\/v2\/comments?post=122180"}],"version-history":[{"count":1,"href":"http:\/\/www.tvturk.com\/index.php\/wp-json\/wp\/v2\/posts\/122180\/revisions"}],"predecessor-version":[{"id":122188,"href":"http:\/\/www.tvturk.com\/index.php\/wp-json\/wp\/v2\/posts\/122180\/revisions\/122188"}],"wp:featuredmedia":[{"embeddable":true,"href":"http:\/\/www.tvturk.com\/index.php\/wp-json\/wp\/v2\/media\/122181"}],"wp:attachment":[{"href":"http:\/\/www.tvturk.com\/index.php\/wp-json\/wp\/v2\/media?parent=122180"}],"wp:term":[{"taxonomy":"category","embeddable":true,"href":"http:\/\/www.tvturk.com\/index.php\/wp-json\/wp\/v2\/categories?post=122180"},{"taxonomy":"post_tag","embeddable":true,"href":"http:\/\/www.tvturk.com\/index.php\/wp-json\/wp\/v2\/tags?post=122180"}],"curies":[{"name":"wp","href":"https:\/\/api.w.org\/{rel}","templated":true}]}}