{"id":122189,"date":"2019-04-02T23:11:01","date_gmt":"2019-04-02T20:11:01","guid":{"rendered":"http:\/\/www.tvturk.com\/index.php\/bakan-cavusoglu-new-yorkta-turkevi-binasini-ziyaret-etti\/"},"modified":"2019-04-02T23:11:03","modified_gmt":"2019-04-02T20:11:03","slug":"bakan-cavusoglu-new-yorkta-turkevi-binasini-ziyaret-etti","status":"publish","type":"post","link":"http:\/\/www.tvturk.com\/index.php\/bakan-cavusoglu-new-yorkta-turkevi-binasini-ziyaret-etti\/","title":{"rendered":"Bakan \u00c7avu\u015fo\u011flu New York\u2019ta T\u00fcrkevi binas\u0131n\u0131 ziyaret etti"},"content":{"rendered":"<p>D\u0131\u015fi\u015fleri Bakan\u0131 Mevl\u00fct \u00c7avu\u015fo\u011flu, yap\u0131m\u0131 devam eden T\u00fcrkevi binas\u0131n\u0131n New York\u2019ta g\u00f6r\u00fclmesi gereken an\u0131tsal mimari yap\u0131lar aras\u0131na girece\u011fini s\u00f6yledi.<\/p>\n<p>D\u0131\u015fi\u015fleri Bakan\u0131 Mevl\u00fct \u00c7avu\u015fo\u011flu, New York\u2019ta yap\u0131m\u0131 devam eden T\u00fcrkevi binas\u0131n\u0131n in\u015faat\u0131nda son beton kovas\u0131n\u0131n binan\u0131n son kat\u0131 olan 35. kata \u00e7\u0131kar\u0131lmas\u0131 dolay\u0131s\u0131yla d\u00fczenlenen sembolik t\u00f6rene kat\u0131ld\u0131. \u00c7avu\u015fo\u011flu t\u00f6rende yapt\u0131\u011f\u0131 konu\u015fmada, \u201cNew York T\u00fcrkevi binas\u0131 bakanl\u0131\u011f\u0131m\u0131z\u0131n tarihi boyunca yurt d\u0131\u015f\u0131nda ger\u00e7ekle\u015ftirdi\u011fi en b\u00fcy\u00fck in\u015faat projesidir. Bu bina aziz milletimizin ve g\u00fc\u00e7l\u00fc devletimizin gurur abidesi olarak New York \u015fehrinin kalbinde y\u00fckselmektedir. Bu proje, Cumhurba\u015fkan\u0131 Recep Tayyip Erdo\u011fan\u2019\u0131n g\u00fc\u00e7l\u00fc iradeleri ve himayeleri ile T\u00fcrk ve Amerikal\u0131 i\u015f\u00e7i, mimar ve m\u00fchendislerden olu\u015fan nitelikli bir ekibin ortak \u00e7al\u0131\u015fmas\u0131n\u0131n \u00fcr\u00fcn\u00fcd\u00fcr. New York T\u00fcrkevi uluslararas\u0131 siyasetin \u015fekillendi\u011fi ve k\u00fcresel yollar\u0131n kesi\u015fti\u011fi bu \u015fehre zenginlik katacakt\u0131r&#8221; dedi.<\/p>\n<p>New York\u2019un \u00e7ekim merkezi haline gelecek bu binan\u0131n New York \u015fehrindeki simge binalar\u0131ndan biri olaca\u011f\u0131n\u0131 ifade eden \u00c7avu\u015fo\u011flu, &#8220;T\u00fcrkevi, geleneksel T\u00fcrk mimarisinden esinlenen \u00e7izgileriyle Manhattan manzaras\u0131na da ilave de\u011fer katacak ve New York\u2019ta g\u00f6r\u00fclmesi gereken an\u0131tsal mimari yap\u0131lar aras\u0131na girecektir. New Yorklular, Birle\u015fmi\u015f Milletler toplant\u0131lar\u0131na kat\u0131lan heyetlerin mensuplar\u0131 y\u00fcksek d\u00fczeyli devlet yetkilileri ve d\u00fcnyan\u0131n d\u00f6rt bir yan\u0131ndan New York\u2019a gelen bu \u00f6zg\u00fcn eserin ard\u0131ndaki hikayeyi \u00f6\u011frenmek isteyeceklerdir. Bu hikayenin temelinde milletimizin ve devletimizin g\u00fcc\u00fc, say\u0131n cumhurba\u015fkan\u0131m\u0131z\u0131n vizyonu ve h\u00fck\u00fcmetimizin kararl\u0131l\u0131\u011f\u0131 vard\u0131r&#8221; diye konu\u015ftu.<\/p>\n<p>Yeni T\u00fcrkevi\u2019nin T\u00fcrkiye\u2019nin y\u00fcrekten benimsedi\u011fi ve kararl\u0131l\u0131kla uygulad\u0131\u011f\u0131 giri\u015fimci ve insani d\u0131\u015f politikas\u0131n\u0131n bir tezah\u00fcr\u00fc olaca\u011f\u0131n\u0131 belirten \u00c7avu\u015fo\u011flu, &#8220;T\u00fcrk d\u0131\u015f politikas\u0131 uluslararas\u0131 i\u015fbirli\u011finin ortak menfaatler ve de\u011ferler temelinde g\u00fc\u00e7lendirilmesini ama\u00e7lamaktad\u0131r. Birle\u015fmi\u015f Milletler Genel Merkezinin tam kar\u015f\u0131s\u0131nda y\u00fckselen bu bina \u00fclkemizin uluslararas\u0131 arenada daima savundu\u011fu de\u011ferler sisteminin de bir simgesi olacakt\u0131r&#8221; ifadelerini kulland\u0131.<div class=\"tiled-gallery type-rectangular tiled-gallery-unresized\" data-original-width=\"500\" data-carousel-extra='null' itemscope itemtype=\"http:\/\/schema.org\/ImageGallery\" > <div class=\"gallery-row\" style=\"width: 500px; height: 228px;\" data-original-width=\"500\" data-original-height=\"228\" > <div class=\"gallery-group images-1\" style=\"width: 347px; height: 228px;\" data-original-width=\"347\" data-original-height=\"228\" > <div class=\"tiled-gallery-item tiled-gallery-item-large\" itemprop=\"associatedMedia\" itemscope itemtype=\"http:\/\/schema.org\/ImageObject\"> <a href=\"http:\/\/www.tvturk.com\/index.php\/bakan-cavusoglu-new-yorkta-turkevi-binasini-ziyaret-etti\/bakan-cavusoglu-new-yorkta-turkevi-binasini-ziyaret-etti-3\/\" border=\"0\" itemprop=\"url\"> <meta itemprop=\"width\" content=\"343\"> <meta itemprop=\"height\" content=\"224\"> <img decoding=\"async\" class=\"\" data-attachment-id=\"122191\" data-orig-file=\"http:\/\/www.tvturk.com\/wp-content\/uploads\/2019\/04\/bakan-cavusoglu-new-yorkta-turkevi-binasini-ziyaret-etti_d209cbc.jpg\" data-orig-size=\"1000,652\" data-comments-opened=\"\" data-image-meta=\"{&quot;aperture&quot;:&quot;0&quot;,&quot;credit&quot;:&quot;IHA&quot;,&quot;camera&quot;:&quot;&quot;,&quot;caption&quot;:&quot;DI\\u015e\\u0130\\u015eLER\\u0130 BAKANI MEVL\\u00dcT \\u00c7AVU\\u015eO\\u011eLU, NEW YORK\\u0027TA YAPIMI DEVAM EDEN T\\u00dcRKEV\\u0130 B\\u0130NASININ \\u0130N\\u015eAATINDA SON BETON KOVASININ B\\u0130NANIN SON KATI OLAN 35. KATA \\u00c7IKARILMASI DOLAYISIYLA D\\u00dcZENLENEN SEMBOL\\u0130K T\\u00d6RENE KATILDI. (\\u0130HA\\\/NEW YORK-\\u0130HA)&quot;,&quot;created_timestamp&quot;:&quot;0&quot;,&quot;copyright&quot;:&quot;\\u0130HLAS HABER AJANSI, www.iha.com.tr&quot;,&quot;focal_length&quot;:&quot;0&quot;,&quot;iso&quot;:&quot;0&quot;,&quot;shutter_speed&quot;:&quot;0&quot;,&quot;title&quot;:&quot;BAKAN \\u00c7AVU\\u015eO\\u011eLU NEW YORK\\u2019TA T\\u00dcRKEV\\u0130 B\\u0130NASINI Z\\u0130YARET ETT\\u0130 DI\\u015e\\u0130\\u015eLER\\u0130 BAKANI MEVL\\u00dcT \\u00c7AVU\\u015eO\\u011eLU: \\u201cT\\u00dcRKEV\\u0130 NEW YORK\\u0027TA G\\u00d6R\\u00dcLMES\\u0130 GEREKEN ANITSAL M\\u0130MAR\\u0130 YAPILAR ARASINA G\\u0130RECEKT\\u0130R\\u201d&quot;,&quot;orientation&quot;:&quot;0&quot;}\" data-image-title=\"Bakan \u00c7avu\u015fo\u011flu New York\u2019ta T\u00fcrkevi binas\u0131n\u0131 ziyaret etti\" data-image-description=\"&lt;p&gt;Bakan \u00c7avu\u015fo\u011flu New York\u2019ta T\u00fcrkevi binas\u0131n\u0131 ziyaret etti&lt;\/p&gt; \" data-medium-file=\"https:\/\/i0.wp.com\/www.tvturk.com\/wp-content\/uploads\/2019\/04\/bakan-cavusoglu-new-yorkta-turkevi-binasini-ziyaret-etti_d209cbc.jpg?fit=300%2C196\" data-large-file=\"https:\/\/i0.wp.com\/www.tvturk.com\/wp-content\/uploads\/2019\/04\/bakan-cavusoglu-new-yorkta-turkevi-binasini-ziyaret-etti_d209cbc.jpg?fit=1000%2C652\" src=\"https:\/\/i0.wp.com\/www.tvturk.com\/wp-content\/uploads\/2019\/04\/bakan-cavusoglu-new-yorkta-turkevi-binasini-ziyaret-etti_d209cbc.jpg?w=343&#038;h=224\" srcset=\"https:\/\/i0.wp.com\/www.tvturk.com\/wp-content\/uploads\/2019\/04\/bakan-cavusoglu-new-yorkta-turkevi-binasini-ziyaret-etti_d209cbc.jpg?w=1000 1000w, https:\/\/i0.wp.com\/www.tvturk.com\/wp-content\/uploads\/2019\/04\/bakan-cavusoglu-new-yorkta-turkevi-binasini-ziyaret-etti_d209cbc.jpg?resize=150%2C98 150w, https:\/\/i0.wp.com\/www.tvturk.com\/wp-content\/uploads\/2019\/04\/bakan-cavusoglu-new-yorkta-turkevi-binasini-ziyaret-etti_d209cbc.jpg?resize=300%2C196 300w, https:\/\/i0.wp.com\/www.tvturk.com\/wp-content\/uploads\/2019\/04\/bakan-cavusoglu-new-yorkta-turkevi-binasini-ziyaret-etti_d209cbc.jpg?resize=768%2C501 768w\" width=\"343\" height=\"224\" loading=\"lazy\" data-original-width=\"343\" data-original-height=\"224\" itemprop=\"http:\/\/schema.org\/image\" title=\"Bakan \u00c7avu\u015fo\u011flu New York\u2019ta T\u00fcrkevi binas\u0131n\u0131 ziyaret etti\" alt=\"Bakan \u00c7avu\u015fo\u011flu New York\u2019ta T\u00fcrkevi binas\u0131n\u0131 ziyaret etti\" style=\"width: 343px; height: 224px;\" \/> <\/a> <\/div> <\/div> <!-- close group --> <div class=\"gallery-group images-1\" style=\"width: 153px; height: 228px;\" data-original-width=\"153\" data-original-height=\"228\" > <div class=\"tiled-gallery-item tiled-gallery-item-small\" itemprop=\"associatedMedia\" itemscope itemtype=\"http:\/\/schema.org\/ImageObject\"> <a href=\"http:\/\/www.tvturk.com\/index.php\/bakan-cavusoglu-new-yorkta-turkevi-binasini-ziyaret-etti\/bakan-cavusoglu-new-yorkta-turkevi-binasini-ziyaret-etti-4\/\" border=\"0\" itemprop=\"url\"> <meta itemprop=\"width\" content=\"149\"> <meta itemprop=\"height\" content=\"224\"> <img decoding=\"async\" class=\"\" data-attachment-id=\"122192\" data-orig-file=\"http:\/\/www.tvturk.com\/wp-content\/uploads\/2019\/04\/bakan-cavusoglu-new-yorkta-turkevi-binasini-ziyaret-etti_7062e9a.jpg\" data-orig-size=\"666,1000\" data-comments-opened=\"\" data-image-meta=\"{&quot;aperture&quot;:&quot;0&quot;,&quot;credit&quot;:&quot;IHA&quot;,&quot;camera&quot;:&quot;&quot;,&quot;caption&quot;:&quot;DI\\u015e\\u0130\\u015eLER\\u0130 BAKANI MEVL\\u00dcT \\u00c7AVU\\u015eO\\u011eLU, NEW YORK\\u0027TA YAPIMI DEVAM EDEN T\\u00dcRKEV\\u0130 B\\u0130NASININ \\u0130N\\u015eAATINDA SON BETON KOVASININ B\\u0130NANIN SON KATI OLAN 35. KATA \\u00c7IKARILMASI DOLAYISIYLA D\\u00dcZENLENEN SEMBOL\\u0130K T\\u00d6RENE KATILDI. (\\u0130HA\\\/NEW YORK-\\u0130HA)&quot;,&quot;created_timestamp&quot;:&quot;0&quot;,&quot;copyright&quot;:&quot;\\u0130HLAS HABER AJANSI, www.iha.com.tr&quot;,&quot;focal_length&quot;:&quot;0&quot;,&quot;iso&quot;:&quot;0&quot;,&quot;shutter_speed&quot;:&quot;0&quot;,&quot;title&quot;:&quot;BAKAN \\u00c7AVU\\u015eO\\u011eLU NEW YORK\\u2019TA T\\u00dcRKEV\\u0130 B\\u0130NASINI Z\\u0130YARET ETT\\u0130 DI\\u015e\\u0130\\u015eLER\\u0130 BAKANI MEVL\\u00dcT \\u00c7AVU\\u015eO\\u011eLU: \\u201cT\\u00dcRKEV\\u0130 NEW YORK\\u0027TA G\\u00d6R\\u00dcLMES\\u0130 GEREKEN ANITSAL M\\u0130MAR\\u0130 YAPILAR ARASINA G\\u0130RECEKT\\u0130R\\u201d&quot;,&quot;orientation&quot;:&quot;0&quot;}\" data-image-title=\"Bakan \u00c7avu\u015fo\u011flu New York\u2019ta T\u00fcrkevi binas\u0131n\u0131 ziyaret etti\" data-image-description=\"&lt;p&gt;Bakan \u00c7avu\u015fo\u011flu New York\u2019ta T\u00fcrkevi binas\u0131n\u0131 ziyaret etti&lt;\/p&gt; \" data-medium-file=\"https:\/\/i0.wp.com\/www.tvturk.com\/wp-content\/uploads\/2019\/04\/bakan-cavusoglu-new-yorkta-turkevi-binasini-ziyaret-etti_7062e9a.jpg?fit=200%2C300\" data-large-file=\"https:\/\/i0.wp.com\/www.tvturk.com\/wp-content\/uploads\/2019\/04\/bakan-cavusoglu-new-yorkta-turkevi-binasini-ziyaret-etti_7062e9a.jpg?fit=666%2C1000\" src=\"https:\/\/i0.wp.com\/www.tvturk.com\/wp-content\/uploads\/2019\/04\/bakan-cavusoglu-new-yorkta-turkevi-binasini-ziyaret-etti_7062e9a.jpg?w=149&#038;h=224\" srcset=\"https:\/\/i0.wp.com\/www.tvturk.com\/wp-content\/uploads\/2019\/04\/bakan-cavusoglu-new-yorkta-turkevi-binasini-ziyaret-etti_7062e9a.jpg?w=666 666w, https:\/\/i0.wp.com\/www.tvturk.com\/wp-content\/uploads\/2019\/04\/bakan-cavusoglu-new-yorkta-turkevi-binasini-ziyaret-etti_7062e9a.jpg?resize=100%2C150 100w, https:\/\/i0.wp.com\/www.tvturk.com\/wp-content\/uploads\/2019\/04\/bakan-cavusoglu-new-yorkta-turkevi-binasini-ziyaret-etti_7062e9a.jpg?resize=200%2C300 200w\" width=\"149\" height=\"224\" loading=\"lazy\" data-original-width=\"149\" data-original-height=\"224\" itemprop=\"http:\/\/schema.org\/image\" title=\"Bakan \u00c7avu\u015fo\u011flu New York\u2019ta T\u00fcrkevi binas\u0131n\u0131 ziyaret etti\" alt=\"Bakan \u00c7avu\u015fo\u011flu New York\u2019ta T\u00fcrkevi binas\u0131n\u0131 ziyaret etti\" style=\"width: 149px; height: 224px;\" \/> <\/a> <\/div> <\/div> <!-- close group --> <\/div> <!-- close row --> <div class=\"gallery-row\" style=\"width: 500px; height: 843px;\" data-original-width=\"500\" data-original-height=\"843\" > <div class=\"gallery-group images-1\" style=\"width: 500px; height: 843px;\" data-original-width=\"500\" data-original-height=\"843\" > <div class=\"tiled-gallery-item tiled-gallery-item-large\" itemprop=\"associatedMedia\" itemscope itemtype=\"http:\/\/schema.org\/ImageObject\"> <a href=\"http:\/\/www.tvturk.com\/index.php\/bakan-cavusoglu-new-yorkta-turkevi-binasini-ziyaret-etti\/bakan-cavusoglu-new-yorkta-turkevi-binasini-ziyaret-etti-5\/\" border=\"0\" itemprop=\"url\"> <meta itemprop=\"width\" content=\"496\"> <meta itemprop=\"height\" content=\"839\"> <img decoding=\"async\" class=\"\" data-attachment-id=\"122193\" data-orig-file=\"http:\/\/www.tvturk.com\/wp-content\/uploads\/2019\/04\/bakan-cavusoglu-new-yorkta-turkevi-binasini-ziyaret-etti_7f58b7e.jpg\" data-orig-size=\"591,1000\" data-comments-opened=\"\" data-image-meta=\"{&quot;aperture&quot;:&quot;0&quot;,&quot;credit&quot;:&quot;IHA&quot;,&quot;camera&quot;:&quot;&quot;,&quot;caption&quot;:&quot;DI\\u015e\\u0130\\u015eLER\\u0130 BAKANI MEVL\\u00dcT \\u00c7AVU\\u015eO\\u011eLU, NEW YORK\\u0027TA YAPIMI DEVAM EDEN T\\u00dcRKEV\\u0130 B\\u0130NASININ \\u0130N\\u015eAATINDA SON BETON KOVASININ B\\u0130NANIN SON KATI OLAN 35. KATA \\u00c7IKARILMASI DOLAYISIYLA D\\u00dcZENLENEN SEMBOL\\u0130K T\\u00d6RENE KATILDI. (\\u0130HA\\\/NEW YORK-\\u0130HA)&quot;,&quot;created_timestamp&quot;:&quot;0&quot;,&quot;copyright&quot;:&quot;\\u0130HLAS HABER AJANSI, www.iha.com.tr&quot;,&quot;focal_length&quot;:&quot;0&quot;,&quot;iso&quot;:&quot;0&quot;,&quot;shutter_speed&quot;:&quot;0&quot;,&quot;title&quot;:&quot;BAKAN \\u00c7AVU\\u015eO\\u011eLU NEW YORK\\u2019TA T\\u00dcRKEV\\u0130 B\\u0130NASINI Z\\u0130YARET ETT\\u0130 DI\\u015e\\u0130\\u015eLER\\u0130 BAKANI MEVL\\u00dcT \\u00c7AVU\\u015eO\\u011eLU: \\u201cT\\u00dcRKEV\\u0130 NEW YORK\\u0027TA G\\u00d6R\\u00dcLMES\\u0130 GEREKEN ANITSAL M\\u0130MAR\\u0130 YAPILAR ARASINA G\\u0130RECEKT\\u0130R\\u201d&quot;,&quot;orientation&quot;:&quot;0&quot;}\" data-image-title=\"Bakan \u00c7avu\u015fo\u011flu New York\u2019ta T\u00fcrkevi binas\u0131n\u0131 ziyaret etti\" data-image-description=\"&lt;p&gt;Bakan \u00c7avu\u015fo\u011flu New York\u2019ta T\u00fcrkevi binas\u0131n\u0131 ziyaret etti&lt;\/p&gt; \" data-medium-file=\"https:\/\/i0.wp.com\/www.tvturk.com\/wp-content\/uploads\/2019\/04\/bakan-cavusoglu-new-yorkta-turkevi-binasini-ziyaret-etti_7f58b7e.jpg?fit=177%2C300\" data-large-file=\"https:\/\/i0.wp.com\/www.tvturk.com\/wp-content\/uploads\/2019\/04\/bakan-cavusoglu-new-yorkta-turkevi-binasini-ziyaret-etti_7f58b7e.jpg?fit=591%2C1000\" src=\"https:\/\/i0.wp.com\/www.tvturk.com\/wp-content\/uploads\/2019\/04\/bakan-cavusoglu-new-yorkta-turkevi-binasini-ziyaret-etti_7f58b7e.jpg?w=496&#038;h=839\" srcset=\"https:\/\/i0.wp.com\/www.tvturk.com\/wp-content\/uploads\/2019\/04\/bakan-cavusoglu-new-yorkta-turkevi-binasini-ziyaret-etti_7f58b7e.jpg?w=591 591w, https:\/\/i0.wp.com\/www.tvturk.com\/wp-content\/uploads\/2019\/04\/bakan-cavusoglu-new-yorkta-turkevi-binasini-ziyaret-etti_7f58b7e.jpg?resize=89%2C150 89w, https:\/\/i0.wp.com\/www.tvturk.com\/wp-content\/uploads\/2019\/04\/bakan-cavusoglu-new-yorkta-turkevi-binasini-ziyaret-etti_7f58b7e.jpg?resize=177%2C300 177w\" width=\"496\" height=\"839\" loading=\"lazy\" data-original-width=\"496\" data-original-height=\"839\" itemprop=\"http:\/\/schema.org\/image\" title=\"Bakan \u00c7avu\u015fo\u011flu New York\u2019ta T\u00fcrkevi binas\u0131n\u0131 ziyaret etti\" alt=\"Bakan \u00c7avu\u015fo\u011flu New York\u2019ta T\u00fcrkevi binas\u0131n\u0131 ziyaret etti\" style=\"width: 496px; height: 839px;\" \/> <\/a> <\/div> <\/div> <!-- close group --> <\/div> <!-- close row --> <\/div><\/p>\n","protected":false},"excerpt":{"rendered":"<p>DI\u015e\u0130\u015eLER\u0130 BAKANI MEVL\u00dcT \u00c7AVU\u015eO\u011eLU, NEW YORK&#8217;TA YAPIMI DEVAM EDEN T\u00dcRKEV\u0130 B\u0130NASININ \u0130N\u015eAATINDA SON BETON KOVASININ B\u0130NANIN SON KATI OLAN 35. KATA \u00c7IKARILMASI DOLAYISIYLA D\u00dcZENLENEN SEMBOL\u0130K T\u00d6RENE KATILDI.<\/p>\n","protected":false},"author":1,"featured_media":122190,"comment_status":"closed","ping_status":"open","sticky":false,"template":"","format":"standard","meta":{"jetpack_post_was_ever_published":false,"_jetpack_newsletter_access":"","_jetpack_dont_email_post_to_subs":false,"_jetpack_newsletter_tier_id":0,"_jetpack_memberships_contains_paywalled_content":false,"_jetpack_memberships_contains_paid_content":false,"footnotes":"","jetpack_publicize_message":"","jetpack_publicize_feature_enabled":true,"jetpack_social_post_already_shared":true,"jetpack_social_options":{"image_generator_settings":{"template":"highway","default_image_id":0,"font":"","enabled":false},"version":2}},"categories":[10],"tags":[742,19035,1499,207,9848,29226,19468,150],"class_list":["post-122189","post","type-post","status-publish","format-standard","has-post-thumbnail","hentry","category-dunya","tag-bakan","tag-binasini","tag-cavusoglu","tag-etti","tag-new","tag-turkevi","tag-yorkta","tag-ziyaret"],"jetpack_publicize_connections":[],"jetpack_featured_media_url":"https:\/\/i0.wp.com\/www.tvturk.com\/wp-content\/uploads\/2019\/04\/bakan-cavusoglu-new-yorkta-turkevi-binasini-ziyaret-etti_d7e04a4.jpg?fit=1000%2C616","jetpack_sharing_enabled":true,"jetpack_shortlink":"https:\/\/wp.me\/paKIfm-vMN","_links":{"self":[{"href":"http:\/\/www.tvturk.com\/index.php\/wp-json\/wp\/v2\/posts\/122189","targetHints":{"allow":["GET"]}}],"collection":[{"href":"http:\/\/www.tvturk.com\/index.php\/wp-json\/wp\/v2\/posts"}],"about":[{"href":"http:\/\/www.tvturk.com\/index.php\/wp-json\/wp\/v2\/types\/post"}],"author":[{"embeddable":true,"href":"http:\/\/www.tvturk.com\/index.php\/wp-json\/wp\/v2\/users\/1"}],"replies":[{"embeddable":true,"href":"http:\/\/www.tvturk.com\/index.php\/wp-json\/wp\/v2\/comments?post=122189"}],"version-history":[{"count":1,"href":"http:\/\/www.tvturk.com\/index.php\/wp-json\/wp\/v2\/posts\/122189\/revisions"}],"predecessor-version":[{"id":122194,"href":"http:\/\/www.tvturk.com\/index.php\/wp-json\/wp\/v2\/posts\/122189\/revisions\/122194"}],"wp:featuredmedia":[{"embeddable":true,"href":"http:\/\/www.tvturk.com\/index.php\/wp-json\/wp\/v2\/media\/122190"}],"wp:attachment":[{"href":"http:\/\/www.tvturk.com\/index.php\/wp-json\/wp\/v2\/media?parent=122189"}],"wp:term":[{"taxonomy":"category","embeddable":true,"href":"http:\/\/www.tvturk.com\/index.php\/wp-json\/wp\/v2\/categories?post=122189"},{"taxonomy":"post_tag","embeddable":true,"href":"http:\/\/www.tvturk.com\/index.php\/wp-json\/wp\/v2\/tags?post=122189"}],"curies":[{"name":"wp","href":"https:\/\/api.w.org\/{rel}","templated":true}]}}