{"id":122522,"date":"2019-04-03T11:16:33","date_gmt":"2019-04-03T08:16:33","guid":{"rendered":"http:\/\/www.tvturk.com\/index.php\/dunya-eskrim-sampiyonasi-6-nisanda-polonyada-yapilacak\/"},"modified":"2019-04-03T11:16:38","modified_gmt":"2019-04-03T08:16:38","slug":"dunya-eskrim-sampiyonasi-6-nisanda-polonyada-yapilacak","status":"publish","type":"post","link":"http:\/\/www.tvturk.com\/index.php\/dunya-eskrim-sampiyonasi-6-nisanda-polonyada-yapilacak\/","title":{"rendered":"D\u00fcnya Eskrim \u015eampiyonas\u0131 6 Nisan\u2019da Polonya\u2019da yap\u0131lacak"},"content":{"rendered":"<p>Polonya\u2019n\u0131n Torun kentinde 6-14 Nisan tarihlerinde ger\u00e7ekle\u015ftirilecek Gen\u00e7ler ve Y\u0131ld\u0131zlar D\u00fcnya Eskrim \u015eampiyonas\u0131\u2019nda k\u0131l\u0131\u00e7, fl\u00f6re ve epe bran\u015flar\u0131nda 19 milli eskrimci madalya i\u00e7in ter d\u00f6kecek.<\/p>\n<p>Ge\u00e7ti\u011fimiz \u015fubat ay\u0131nda \u0130talya ev sahipli\u011finde d\u00fczenlenen Y\u0131ld\u0131zlar-Gen\u00e7ler Avrupa \u015eampiyonas\u0131\u2019nda T\u00fcrkiye\u2019ye Avrupa \u015fampiyonlu\u011fu ya\u015fatan milli eskrimciler, Torun\u2019daki D\u00fcnya Eskrim \u015eampiyonas\u0131 yolunda yeni hedefe kilitlendi. Avrupa\u2019da Nisanur Erbil\u2019in \u2018Y\u0131ld\u0131zlar Kad\u0131n K\u0131l\u0131\u00e7\u2019 kategorisinde T\u00fcrkiye\u2019ye kazand\u0131rd\u0131\u011f\u0131 alt\u0131n madalya ile ilk hedefini ger\u00e7ekle\u015ftiren eskrimciler, bu ba\u015far\u0131n\u0131n verdi\u011fi motivasyonla \u015fimdi de g\u00f6z\u00fcn\u00fc d\u00fcnya \u015fampiyonlu\u011funa dikti. Sporcular Polonya\u2019da tamamlad\u0131klar\u0131 haz\u0131rl\u0131k kamplar\u0131n\u0131n ard\u0131ndan k\u0131l\u0131\u00e7, fl\u00f6re ve epe bran\u015flar\u0131nda Torun\u2019da madalya m\u00fccadelesi verecek. D\u00fcnya Eskrim \u015eampiyonas\u0131\u2019na s\u0131k\u0131 bir motivasyon ve inan\u00e7la haz\u0131rlanan milli eskrimciler, Avrupa\u2019da elde etti\u011fi ba\u015far\u0131y\u0131 D\u00fcnya \u015eampiyonas\u0131\u2019nda da s\u00fcrd\u00fcrmeye kararl\u0131.<\/p>\n<p>Var\u015fova ve Gdansk\u2019ta yap\u0131lan kamplarla; teknik, taktik ve psikolojik motivasyon e\u011fitimlerini antren\u00f6rleri Valeriy Shturbabin, Martin Rumenov Kamadzhiev, Rumen Marinov Kamadzhiev ve Yusuf Barsbu\u011fa \u00f6nderli\u011finde tamamlayan milli sporcular, yo\u011fun bir tempoda tamamlad\u0131klar\u0131 kamp s\u00fcrecinin ard\u0131ndan m\u00fccadelelerini verecek. Milli Tak\u0131m kafilesinde k\u0131l\u0131\u00e7 bran\u015f\u0131nda 4\u2019\u00fc kad\u0131n toplam 9; fl\u00f6rede 3\u2019\u00fc kad\u0131n toplam 6; epede ise 2\u2019si kad\u0131n toplam 4 sporcumuz yer al\u0131yor.<\/p>\n<p>&#8220;Avrupa\u2019da hedef tuttu, \u015fimdi s\u0131ra d\u00fcnyada&#8221;<\/p>\n<p>Konuya ili\u015fkin a\u00e7\u0131klamada bulunan T\u00fcrkiye Eskrim Federasyonu (TEF) Ba\u015fkan\u0131 Prof. Dr. Murat Atal\u0131, Avrupa Eskrim \u015eampiyonas\u0131\u2019nda oldu\u011fu gibi d\u00fcnyada da eskrimcilerin g\u00fcc\u00fcn\u00fc g\u00f6sterece\u011fine inanc\u0131n\u0131n tam oldu\u011funu belirtti. Atal\u0131, \u201cSporcular\u0131m\u0131za g\u00fcveniyoruz. Haz\u0131rl\u0131k kamplar\u0131nda uygulad\u0131klar\u0131 disiplinli programlar\u0131n yan\u0131 s\u0131ra ba\u015farma azmi ve inan\u00e7lar\u0131 da tam. Motivasyonlar\u0131n\u0131 en \u00fcst seviyede tutmak i\u00e7in kendi \u00e7abalar\u0131n\u0131n yan\u0131 s\u0131ra biz de her zaman onlara destek olmaya \u00f6zen g\u00f6steriyoruz. K\u0131sa vadede ilk hedefimiz Avrupa\u2019dan alt\u0131nla d\u00f6nmekti, bunu ba\u015fard\u0131k. Eskrimde T\u00fcrkiye\u2019nin varl\u0131\u011f\u0131n\u0131 Avrupa\u2019da \u00fc\u00e7 y\u0131l \u00fcst \u00fcste kazand\u0131\u011f\u0131m\u0131z \u015fampiyonlukla g\u00f6sterdik, D\u00fcnya \u015eampiyonas\u0131\u2019ndan da madalyayla d\u00f6nmememiz i\u00e7in hi\u00e7bir neden g\u00f6remiyoruz. Avrupa\u2019dan sonra, \u015fimdi de s\u0131ra d\u00fcnyada. Sporcular\u0131m\u0131za ba\u015far\u0131lar diliyoruz\u201d diye konu\u015ftu.<\/p>\n<p>Organizasyonda m\u00fccadele edecek sporcular\u0131m\u0131z\u0131n program\u0131 \u015f\u00f6yle:<\/p>\n<p>6 Nisan Cumartesi &#8211; Gen\u00e7 Kad\u0131n\/Erkekler K\u0131l\u0131\u00e7 kategorisi<\/p>\n<p>Aylin \u00c7ak\u0131r (2018 Gen\u00e7ler Avrupa 3\u2019nc\u00fcs\u00fc)<\/p>\n<p>Nisanur Erbil (2019 Y\u0131ld\u0131zlar Avrupa \u015fampiyonu)<\/p>\n<p>Deniz Selin \u00dcnl\u00fcda\u011f (2018 Y\u0131ld\u0131zlar Avrupa \u015fampiyonu)<\/p>\n<p>Muhammed Anas\u0131z<\/p>\n<p>Umut Kaya<\/p>\n<p>7 Nisan Pazar &#8211; Y\u0131ld\u0131z Kad\u0131n\/Erkekler K\u0131l\u0131\u00e7 kategorisi<\/p>\n<p>Nisanur Erbil<\/p>\n<p>Tu\u011f\u00e7e Rana Kaya<\/p>\n<p>Emirhan \u00c7iftci<\/p>\n<p>Bilgehan \u015eahlan<\/p>\n<p>Ahmet Turgut Taflan<\/p>\n<p>8 Nisan Pazartesi &#8211; Gen\u00e7 Kad\u0131n\/Erkekler K\u0131l\u0131\u00e7 Tak\u0131m kategorisi<\/p>\n<p>Aylin \u00c7ak\u0131r<\/p>\n<p>Nisanur Erbil<\/p>\n<p>Deniz Selin \u00dcnl\u00fcda\u011f<\/p>\n<p>9 Nisan Sal\u0131 &#8211; Gen\u00e7 Erkekler Fl\u00f6re kategorisi<\/p>\n<p>Poyraz Tuncer<\/p>\n<p>10 Nisan \u00c7ar\u015famba &#8211; Y\u0131ld\u0131z Kad\u0131n\/Erkek Fl\u00f6re kategorisi<\/p>\n<p>Nazl\u0131 Ceren Alio\u011flu<\/p>\n<p>Alisa \u0130sbir<\/p>\n<p>Melike Ta\u015fdelen<\/p>\n<p>Alp Ey\u00fcpo\u011flu<\/p>\n<p>Utku \u00d6zyal\u00e7\u0131n<\/p>\n<p>Poyraz Tuncer<\/p>\n<p>12 Nisan Cuma &#8211; Gen\u00e7 Kad\u0131n\/Erkekler Epe kategorisi<\/p>\n<p>Beyza Halvac\u0131ay<\/p>\n<p>Doruk \u00c7ika<\/p>\n<p>Hilmi Taha Ekenler<\/p>\n<p>13 Nisan Cumartesi &#8211; Y\u0131ld\u0131z Kad\u0131n Epe kategorisi<\/p>\n<p>Emine \u0130pek Ayd\u0131n<div class=\"tiled-gallery type-rectangular tiled-gallery-unresized\" data-original-width=\"500\" data-carousel-extra='null' itemscope itemtype=\"http:\/\/schema.org\/ImageGallery\" > <div class=\"gallery-row\" style=\"width: 500px; height: 419px;\" data-original-width=\"500\" data-original-height=\"419\" > <div class=\"gallery-group images-3\" style=\"width: 185px; height: 419px;\" data-original-width=\"185\" data-original-height=\"419\" > <div class=\"tiled-gallery-item tiled-gallery-item-small\" itemprop=\"associatedMedia\" itemscope itemtype=\"http:\/\/schema.org\/ImageObject\"> <a href=\"http:\/\/www.tvturk.com\/index.php\/dunya-eskrim-sampiyonasi-6-nisanda-polonyada-yapilacak\/dunya-eskrim-sampiyonasi-6-nisanda-polonyada-yapilacak-3\/\" border=\"0\" itemprop=\"url\"> <meta itemprop=\"width\" content=\"181\"> <meta itemprop=\"height\" content=\"136\"> <img decoding=\"async\" class=\"\" data-attachment-id=\"122524\" data-orig-file=\"http:\/\/www.tvturk.com\/wp-content\/uploads\/2019\/04\/dunya-eskrim-sampiyonasi-6-nisanda-polonyada-yapilacak_9e10ebd.jpg\" data-orig-size=\"1000,750\" data-comments-opened=\"\" data-image-meta=\"{&quot;aperture&quot;:&quot;0&quot;,&quot;credit&quot;:&quot;IHA&quot;,&quot;camera&quot;:&quot;&quot;,&quot;caption&quot;:&quot;POLONYA\\u2019NIN TORUN KENT\\u0130NDE 6-14 N\\u0130SAN TAR\\u0130HLER\\u0130NDE GER\\u00c7EKLE\\u015eT\\u0130R\\u0130LECEK GEN\\u00c7LER VE YILDIZLAR D\\u00dcNYA ESKR\\u0130M \\u015eAMP\\u0130YONASI\\u2019NDA KILI\\u00c7, FL\\u00d6RE VE EPE BRAN\\u015eLARINDA 19 M\\u0130LL\\u0130 ESKR\\u0130MC\\u0130 MADALYA \\u0130\\u00c7\\u0130N TER D\\u00d6KECEK. (\\u0130HA\\\/\\u0130STANBUL-\\u0130HA)&quot;,&quot;created_timestamp&quot;:&quot;0&quot;,&quot;copyright&quot;:&quot;\\u0130HLAS HABER AJANSI, www.iha.com.tr&quot;,&quot;focal_length&quot;:&quot;0&quot;,&quot;iso&quot;:&quot;0&quot;,&quot;shutter_speed&quot;:&quot;0&quot;,&quot;title&quot;:&quot;D\\u00dcNYA ESKR\\u0130M \\u015eAMP\\u0130YONASI 6 N\\u0130SAN\\u0027DA POLONYA\\u0027DA YAPILACAK&quot;,&quot;orientation&quot;:&quot;0&quot;}\" data-image-title=\"D\u00fcnya Eskrim \u015eampiyonas\u0131 6 Nisan\u2019da Polonya\u2019da yap\u0131lacak\" data-image-description=\"&lt;p&gt;D\u00fcnya Eskrim \u015eampiyonas\u0131 6 Nisan\u2019da Polonya\u2019da yap\u0131lacak&lt;\/p&gt; \" data-medium-file=\"https:\/\/i0.wp.com\/www.tvturk.com\/wp-content\/uploads\/2019\/04\/dunya-eskrim-sampiyonasi-6-nisanda-polonyada-yapilacak_9e10ebd.jpg?fit=300%2C225\" data-large-file=\"https:\/\/i0.wp.com\/www.tvturk.com\/wp-content\/uploads\/2019\/04\/dunya-eskrim-sampiyonasi-6-nisanda-polonyada-yapilacak_9e10ebd.jpg?fit=1000%2C750\" src=\"https:\/\/i0.wp.com\/www.tvturk.com\/wp-content\/uploads\/2019\/04\/dunya-eskrim-sampiyonasi-6-nisanda-polonyada-yapilacak_9e10ebd.jpg?w=181&#038;h=136\" srcset=\"https:\/\/i0.wp.com\/www.tvturk.com\/wp-content\/uploads\/2019\/04\/dunya-eskrim-sampiyonasi-6-nisanda-polonyada-yapilacak_9e10ebd.jpg?w=1000 1000w, https:\/\/i0.wp.com\/www.tvturk.com\/wp-content\/uploads\/2019\/04\/dunya-eskrim-sampiyonasi-6-nisanda-polonyada-yapilacak_9e10ebd.jpg?resize=150%2C113 150w, https:\/\/i0.wp.com\/www.tvturk.com\/wp-content\/uploads\/2019\/04\/dunya-eskrim-sampiyonasi-6-nisanda-polonyada-yapilacak_9e10ebd.jpg?resize=300%2C225 300w, https:\/\/i0.wp.com\/www.tvturk.com\/wp-content\/uploads\/2019\/04\/dunya-eskrim-sampiyonasi-6-nisanda-polonyada-yapilacak_9e10ebd.jpg?resize=768%2C576 768w\" width=\"181\" height=\"136\" loading=\"lazy\" data-original-width=\"181\" data-original-height=\"136\" itemprop=\"http:\/\/schema.org\/image\" title=\"D\u00fcnya Eskrim \u015eampiyonas\u0131 6 Nisan\u2019da Polonya\u2019da yap\u0131lacak\" alt=\"D\u00fcnya Eskrim \u015eampiyonas\u0131 6 Nisan\u2019da Polonya\u2019da yap\u0131lacak\" style=\"width: 181px; height: 136px;\" \/> <\/a> <\/div> <div class=\"tiled-gallery-item tiled-gallery-item-small\" itemprop=\"associatedMedia\" itemscope itemtype=\"http:\/\/schema.org\/ImageObject\"> <a href=\"http:\/\/www.tvturk.com\/index.php\/dunya-eskrim-sampiyonasi-6-nisanda-polonyada-yapilacak\/dunya-eskrim-sampiyonasi-6-nisanda-polonyada-yapilacak-4\/\" border=\"0\" itemprop=\"url\"> <meta itemprop=\"width\" content=\"181\"> <meta itemprop=\"height\" content=\"136\"> <img decoding=\"async\" class=\"\" data-attachment-id=\"122525\" data-orig-file=\"http:\/\/www.tvturk.com\/wp-content\/uploads\/2019\/04\/dunya-eskrim-sampiyonasi-6-nisanda-polonyada-yapilacak_d4aa004.jpg\" data-orig-size=\"1000,750\" data-comments-opened=\"\" data-image-meta=\"{&quot;aperture&quot;:&quot;0&quot;,&quot;credit&quot;:&quot;IHA&quot;,&quot;camera&quot;:&quot;&quot;,&quot;caption&quot;:&quot;POLONYA\\u2019NIN TORUN KENT\\u0130NDE 6-14 N\\u0130SAN TAR\\u0130HLER\\u0130NDE GER\\u00c7EKLE\\u015eT\\u0130R\\u0130LECEK GEN\\u00c7LER VE YILDIZLAR D\\u00dcNYA ESKR\\u0130M \\u015eAMP\\u0130YONASI\\u2019NDA KILI\\u00c7, FL\\u00d6RE VE EPE BRAN\\u015eLARINDA 19 M\\u0130LL\\u0130 ESKR\\u0130MC\\u0130 MADALYA \\u0130\\u00c7\\u0130N TER D\\u00d6KECEK. (\\u0130HA\\\/\\u0130STANBUL-\\u0130HA)&quot;,&quot;created_timestamp&quot;:&quot;0&quot;,&quot;copyright&quot;:&quot;\\u0130HLAS HABER AJANSI, www.iha.com.tr&quot;,&quot;focal_length&quot;:&quot;0&quot;,&quot;iso&quot;:&quot;0&quot;,&quot;shutter_speed&quot;:&quot;0&quot;,&quot;title&quot;:&quot;D\\u00dcNYA ESKR\\u0130M \\u015eAMP\\u0130YONASI 6 N\\u0130SAN\\u0027DA POLONYA\\u0027DA YAPILACAK&quot;,&quot;orientation&quot;:&quot;0&quot;}\" data-image-title=\"D\u00fcnya Eskrim \u015eampiyonas\u0131 6 Nisan\u2019da Polonya\u2019da yap\u0131lacak\" data-image-description=\"&lt;p&gt;D\u00fcnya Eskrim \u015eampiyonas\u0131 6 Nisan\u2019da Polonya\u2019da yap\u0131lacak&lt;\/p&gt; \" data-medium-file=\"https:\/\/i0.wp.com\/www.tvturk.com\/wp-content\/uploads\/2019\/04\/dunya-eskrim-sampiyonasi-6-nisanda-polonyada-yapilacak_d4aa004.jpg?fit=300%2C225\" data-large-file=\"https:\/\/i0.wp.com\/www.tvturk.com\/wp-content\/uploads\/2019\/04\/dunya-eskrim-sampiyonasi-6-nisanda-polonyada-yapilacak_d4aa004.jpg?fit=1000%2C750\" src=\"https:\/\/i0.wp.com\/www.tvturk.com\/wp-content\/uploads\/2019\/04\/dunya-eskrim-sampiyonasi-6-nisanda-polonyada-yapilacak_d4aa004.jpg?w=181&#038;h=136\" srcset=\"https:\/\/i0.wp.com\/www.tvturk.com\/wp-content\/uploads\/2019\/04\/dunya-eskrim-sampiyonasi-6-nisanda-polonyada-yapilacak_d4aa004.jpg?w=1000 1000w, https:\/\/i0.wp.com\/www.tvturk.com\/wp-content\/uploads\/2019\/04\/dunya-eskrim-sampiyonasi-6-nisanda-polonyada-yapilacak_d4aa004.jpg?resize=150%2C113 150w, https:\/\/i0.wp.com\/www.tvturk.com\/wp-content\/uploads\/2019\/04\/dunya-eskrim-sampiyonasi-6-nisanda-polonyada-yapilacak_d4aa004.jpg?resize=300%2C225 300w, https:\/\/i0.wp.com\/www.tvturk.com\/wp-content\/uploads\/2019\/04\/dunya-eskrim-sampiyonasi-6-nisanda-polonyada-yapilacak_d4aa004.jpg?resize=768%2C576 768w\" width=\"181\" height=\"136\" loading=\"lazy\" data-original-width=\"181\" data-original-height=\"136\" itemprop=\"http:\/\/schema.org\/image\" title=\"D\u00fcnya Eskrim \u015eampiyonas\u0131 6 Nisan\u2019da Polonya\u2019da yap\u0131lacak\" alt=\"D\u00fcnya Eskrim \u015eampiyonas\u0131 6 Nisan\u2019da Polonya\u2019da yap\u0131lacak\" style=\"width: 181px; height: 136px;\" \/> <\/a> <\/div> <div class=\"tiled-gallery-item tiled-gallery-item-small\" itemprop=\"associatedMedia\" itemscope itemtype=\"http:\/\/schema.org\/ImageObject\"> <a href=\"http:\/\/www.tvturk.com\/index.php\/dunya-eskrim-sampiyonasi-6-nisanda-polonyada-yapilacak\/dunya-eskrim-sampiyonasi-6-nisanda-polonyada-yapilacak-5\/\" border=\"0\" itemprop=\"url\"> <meta itemprop=\"width\" content=\"181\"> <meta itemprop=\"height\" content=\"135\"> <img decoding=\"async\" class=\"\" data-attachment-id=\"122526\" data-orig-file=\"http:\/\/www.tvturk.com\/wp-content\/uploads\/2019\/04\/dunya-eskrim-sampiyonasi-6-nisanda-polonyada-yapilacak_05fc8db.jpg\" data-orig-size=\"1000,750\" data-comments-opened=\"\" data-image-meta=\"{&quot;aperture&quot;:&quot;0&quot;,&quot;credit&quot;:&quot;IHA&quot;,&quot;camera&quot;:&quot;&quot;,&quot;caption&quot;:&quot;POLONYA\\u2019NIN TORUN KENT\\u0130NDE 6-14 N\\u0130SAN TAR\\u0130HLER\\u0130NDE GER\\u00c7EKLE\\u015eT\\u0130R\\u0130LECEK GEN\\u00c7LER VE YILDIZLAR D\\u00dcNYA ESKR\\u0130M \\u015eAMP\\u0130YONASI\\u2019NDA KILI\\u00c7, FL\\u00d6RE VE EPE BRAN\\u015eLARINDA 19 M\\u0130LL\\u0130 ESKR\\u0130MC\\u0130 MADALYA \\u0130\\u00c7\\u0130N TER D\\u00d6KECEK. (\\u0130HA\\\/\\u0130STANBUL-\\u0130HA)&quot;,&quot;created_timestamp&quot;:&quot;0&quot;,&quot;copyright&quot;:&quot;\\u0130HLAS HABER AJANSI, www.iha.com.tr&quot;,&quot;focal_length&quot;:&quot;0&quot;,&quot;iso&quot;:&quot;0&quot;,&quot;shutter_speed&quot;:&quot;0&quot;,&quot;title&quot;:&quot;D\\u00dcNYA ESKR\\u0130M \\u015eAMP\\u0130YONASI 6 N\\u0130SAN\\u0027DA POLONYA\\u0027DA YAPILACAK&quot;,&quot;orientation&quot;:&quot;0&quot;}\" data-image-title=\"D\u00fcnya Eskrim \u015eampiyonas\u0131 6 Nisan\u2019da Polonya\u2019da yap\u0131lacak\" data-image-description=\"&lt;p&gt;D\u00fcnya Eskrim \u015eampiyonas\u0131 6 Nisan\u2019da Polonya\u2019da yap\u0131lacak&lt;\/p&gt; \" data-medium-file=\"https:\/\/i0.wp.com\/www.tvturk.com\/wp-content\/uploads\/2019\/04\/dunya-eskrim-sampiyonasi-6-nisanda-polonyada-yapilacak_05fc8db.jpg?fit=300%2C225\" data-large-file=\"https:\/\/i0.wp.com\/www.tvturk.com\/wp-content\/uploads\/2019\/04\/dunya-eskrim-sampiyonasi-6-nisanda-polonyada-yapilacak_05fc8db.jpg?fit=1000%2C750\" src=\"https:\/\/i0.wp.com\/www.tvturk.com\/wp-content\/uploads\/2019\/04\/dunya-eskrim-sampiyonasi-6-nisanda-polonyada-yapilacak_05fc8db.jpg?w=181&#038;h=135\" srcset=\"https:\/\/i0.wp.com\/www.tvturk.com\/wp-content\/uploads\/2019\/04\/dunya-eskrim-sampiyonasi-6-nisanda-polonyada-yapilacak_05fc8db.jpg?w=1000 1000w, https:\/\/i0.wp.com\/www.tvturk.com\/wp-content\/uploads\/2019\/04\/dunya-eskrim-sampiyonasi-6-nisanda-polonyada-yapilacak_05fc8db.jpg?resize=150%2C113 150w, https:\/\/i0.wp.com\/www.tvturk.com\/wp-content\/uploads\/2019\/04\/dunya-eskrim-sampiyonasi-6-nisanda-polonyada-yapilacak_05fc8db.jpg?resize=300%2C225 300w, https:\/\/i0.wp.com\/www.tvturk.com\/wp-content\/uploads\/2019\/04\/dunya-eskrim-sampiyonasi-6-nisanda-polonyada-yapilacak_05fc8db.jpg?resize=768%2C576 768w\" width=\"181\" height=\"135\" loading=\"lazy\" data-original-width=\"181\" data-original-height=\"135\" itemprop=\"http:\/\/schema.org\/image\" title=\"D\u00fcnya Eskrim \u015eampiyonas\u0131 6 Nisan\u2019da Polonya\u2019da yap\u0131lacak\" alt=\"D\u00fcnya Eskrim \u015eampiyonas\u0131 6 Nisan\u2019da Polonya\u2019da yap\u0131lacak\" style=\"width: 181px; height: 135px;\" \/> <\/a> <\/div> <\/div> <!-- close group --> <div class=\"gallery-group images-1\" style=\"width: 315px; height: 419px;\" data-original-width=\"315\" data-original-height=\"419\" > <div class=\"tiled-gallery-item tiled-gallery-item-large\" itemprop=\"associatedMedia\" itemscope itemtype=\"http:\/\/schema.org\/ImageObject\"> <a href=\"http:\/\/www.tvturk.com\/index.php\/dunya-eskrim-sampiyonasi-6-nisanda-polonyada-yapilacak\/dunya-eskrim-sampiyonasi-6-nisanda-polonyada-yapilacak-6\/\" border=\"0\" itemprop=\"url\"> <meta itemprop=\"width\" content=\"311\"> <meta itemprop=\"height\" content=\"415\"> <img decoding=\"async\" class=\"\" data-attachment-id=\"122527\" data-orig-file=\"http:\/\/www.tvturk.com\/wp-content\/uploads\/2019\/04\/dunya-eskrim-sampiyonasi-6-nisanda-polonyada-yapilacak_01f834f.jpg\" data-orig-size=\"750,1000\" data-comments-opened=\"\" data-image-meta=\"{&quot;aperture&quot;:&quot;0&quot;,&quot;credit&quot;:&quot;IHA&quot;,&quot;camera&quot;:&quot;&quot;,&quot;caption&quot;:&quot;POLONYA\\u2019NIN TORUN KENT\\u0130NDE 6-14 N\\u0130SAN TAR\\u0130HLER\\u0130NDE GER\\u00c7EKLE\\u015eT\\u0130R\\u0130LECEK GEN\\u00c7LER VE YILDIZLAR D\\u00dcNYA ESKR\\u0130M \\u015eAMP\\u0130YONASI\\u2019NDA KILI\\u00c7, FL\\u00d6RE VE EPE BRAN\\u015eLARINDA 19 M\\u0130LL\\u0130 ESKR\\u0130MC\\u0130 MADALYA \\u0130\\u00c7\\u0130N TER D\\u00d6KECEK. (\\u0130HA\\\/\\u0130STANBUL-\\u0130HA)&quot;,&quot;created_timestamp&quot;:&quot;0&quot;,&quot;copyright&quot;:&quot;\\u0130HLAS HABER AJANSI, www.iha.com.tr&quot;,&quot;focal_length&quot;:&quot;0&quot;,&quot;iso&quot;:&quot;0&quot;,&quot;shutter_speed&quot;:&quot;0&quot;,&quot;title&quot;:&quot;D\\u00dcNYA ESKR\\u0130M \\u015eAMP\\u0130YONASI 6 N\\u0130SAN\\u0027DA POLONYA\\u0027DA YAPILACAK&quot;,&quot;orientation&quot;:&quot;0&quot;}\" data-image-title=\"D\u00fcnya Eskrim \u015eampiyonas\u0131 6 Nisan\u2019da Polonya\u2019da yap\u0131lacak\" data-image-description=\"&lt;p&gt;D\u00fcnya Eskrim \u015eampiyonas\u0131 6 Nisan\u2019da Polonya\u2019da yap\u0131lacak&lt;\/p&gt; \" data-medium-file=\"https:\/\/i0.wp.com\/www.tvturk.com\/wp-content\/uploads\/2019\/04\/dunya-eskrim-sampiyonasi-6-nisanda-polonyada-yapilacak_01f834f.jpg?fit=225%2C300\" data-large-file=\"https:\/\/i0.wp.com\/www.tvturk.com\/wp-content\/uploads\/2019\/04\/dunya-eskrim-sampiyonasi-6-nisanda-polonyada-yapilacak_01f834f.jpg?fit=750%2C1000\" src=\"https:\/\/i0.wp.com\/www.tvturk.com\/wp-content\/uploads\/2019\/04\/dunya-eskrim-sampiyonasi-6-nisanda-polonyada-yapilacak_01f834f.jpg?w=311&#038;h=415\" srcset=\"https:\/\/i0.wp.com\/www.tvturk.com\/wp-content\/uploads\/2019\/04\/dunya-eskrim-sampiyonasi-6-nisanda-polonyada-yapilacak_01f834f.jpg?w=750 750w, https:\/\/i0.wp.com\/www.tvturk.com\/wp-content\/uploads\/2019\/04\/dunya-eskrim-sampiyonasi-6-nisanda-polonyada-yapilacak_01f834f.jpg?resize=113%2C150 113w, https:\/\/i0.wp.com\/www.tvturk.com\/wp-content\/uploads\/2019\/04\/dunya-eskrim-sampiyonasi-6-nisanda-polonyada-yapilacak_01f834f.jpg?resize=225%2C300 225w\" width=\"311\" height=\"415\" loading=\"lazy\" data-original-width=\"311\" data-original-height=\"415\" itemprop=\"http:\/\/schema.org\/image\" title=\"D\u00fcnya Eskrim \u015eampiyonas\u0131 6 Nisan\u2019da Polonya\u2019da yap\u0131lacak\" alt=\"D\u00fcnya Eskrim \u015eampiyonas\u0131 6 Nisan\u2019da Polonya\u2019da yap\u0131lacak\" style=\"width: 311px; height: 415px;\" \/> <\/a> <\/div> <\/div> <!-- close group --> <\/div> <!-- close row --> <div class=\"gallery-row\" style=\"width: 500px; height: 332px;\" data-original-width=\"500\" data-original-height=\"332\" > <div class=\"gallery-group images-1\" style=\"width: 250px; height: 332px;\" data-original-width=\"250\" data-original-height=\"332\" > <div class=\"tiled-gallery-item tiled-gallery-item-small\" itemprop=\"associatedMedia\" itemscope itemtype=\"http:\/\/schema.org\/ImageObject\"> <a href=\"http:\/\/www.tvturk.com\/index.php\/dunya-eskrim-sampiyonasi-6-nisanda-polonyada-yapilacak\/dunya-eskrim-sampiyonasi-6-nisanda-polonyada-yapilacak-7\/\" border=\"0\" itemprop=\"url\"> <meta itemprop=\"width\" content=\"246\"> <meta itemprop=\"height\" content=\"328\"> <img decoding=\"async\" class=\"\" data-attachment-id=\"122528\" data-orig-file=\"http:\/\/www.tvturk.com\/wp-content\/uploads\/2019\/04\/dunya-eskrim-sampiyonasi-6-nisanda-polonyada-yapilacak_c87e4b5.jpg\" data-orig-size=\"750,1000\" data-comments-opened=\"\" data-image-meta=\"{&quot;aperture&quot;:&quot;0&quot;,&quot;credit&quot;:&quot;IHA&quot;,&quot;camera&quot;:&quot;&quot;,&quot;caption&quot;:&quot;POLONYA\\u2019NIN TORUN KENT\\u0130NDE 6-14 N\\u0130SAN TAR\\u0130HLER\\u0130NDE GER\\u00c7EKLE\\u015eT\\u0130R\\u0130LECEK GEN\\u00c7LER VE YILDIZLAR D\\u00dcNYA ESKR\\u0130M \\u015eAMP\\u0130YONASI\\u2019NDA KILI\\u00c7, FL\\u00d6RE VE EPE BRAN\\u015eLARINDA 19 M\\u0130LL\\u0130 ESKR\\u0130MC\\u0130 MADALYA \\u0130\\u00c7\\u0130N TER D\\u00d6KECEK. (\\u0130HA\\\/\\u0130STANBUL-\\u0130HA)&quot;,&quot;created_timestamp&quot;:&quot;0&quot;,&quot;copyright&quot;:&quot;\\u0130HLAS HABER AJANSI, www.iha.com.tr&quot;,&quot;focal_length&quot;:&quot;0&quot;,&quot;iso&quot;:&quot;0&quot;,&quot;shutter_speed&quot;:&quot;0&quot;,&quot;title&quot;:&quot;D\\u00dcNYA ESKR\\u0130M \\u015eAMP\\u0130YONASI 6 N\\u0130SAN\\u0027DA POLONYA\\u0027DA YAPILACAK&quot;,&quot;orientation&quot;:&quot;0&quot;}\" data-image-title=\"D\u00fcnya Eskrim \u015eampiyonas\u0131 6 Nisan\u2019da Polonya\u2019da yap\u0131lacak\" data-image-description=\"&lt;p&gt;D\u00fcnya Eskrim \u015eampiyonas\u0131 6 Nisan\u2019da Polonya\u2019da yap\u0131lacak&lt;\/p&gt; \" data-medium-file=\"https:\/\/i0.wp.com\/www.tvturk.com\/wp-content\/uploads\/2019\/04\/dunya-eskrim-sampiyonasi-6-nisanda-polonyada-yapilacak_c87e4b5.jpg?fit=225%2C300\" data-large-file=\"https:\/\/i0.wp.com\/www.tvturk.com\/wp-content\/uploads\/2019\/04\/dunya-eskrim-sampiyonasi-6-nisanda-polonyada-yapilacak_c87e4b5.jpg?fit=750%2C1000\" src=\"https:\/\/i0.wp.com\/www.tvturk.com\/wp-content\/uploads\/2019\/04\/dunya-eskrim-sampiyonasi-6-nisanda-polonyada-yapilacak_c87e4b5.jpg?w=246&#038;h=328\" srcset=\"https:\/\/i0.wp.com\/www.tvturk.com\/wp-content\/uploads\/2019\/04\/dunya-eskrim-sampiyonasi-6-nisanda-polonyada-yapilacak_c87e4b5.jpg?w=750 750w, https:\/\/i0.wp.com\/www.tvturk.com\/wp-content\/uploads\/2019\/04\/dunya-eskrim-sampiyonasi-6-nisanda-polonyada-yapilacak_c87e4b5.jpg?resize=113%2C150 113w, https:\/\/i0.wp.com\/www.tvturk.com\/wp-content\/uploads\/2019\/04\/dunya-eskrim-sampiyonasi-6-nisanda-polonyada-yapilacak_c87e4b5.jpg?resize=225%2C300 225w\" width=\"246\" height=\"328\" loading=\"lazy\" data-original-width=\"246\" data-original-height=\"328\" itemprop=\"http:\/\/schema.org\/image\" title=\"D\u00fcnya Eskrim \u015eampiyonas\u0131 6 Nisan\u2019da Polonya\u2019da yap\u0131lacak\" alt=\"D\u00fcnya Eskrim \u015eampiyonas\u0131 6 Nisan\u2019da Polonya\u2019da yap\u0131lacak\" style=\"width: 246px; height: 328px;\" \/> <\/a> <\/div> <\/div> <!-- close group --> <div class=\"gallery-group images-1\" style=\"width: 250px; height: 332px;\" data-original-width=\"250\" data-original-height=\"332\" > <div class=\"tiled-gallery-item tiled-gallery-item-small\" itemprop=\"associatedMedia\" itemscope itemtype=\"http:\/\/schema.org\/ImageObject\"> <a href=\"http:\/\/www.tvturk.com\/index.php\/dunya-eskrim-sampiyonasi-6-nisanda-polonyada-yapilacak\/dunya-eskrim-sampiyonasi-6-nisanda-polonyada-yapilacak-8\/\" border=\"0\" itemprop=\"url\"> <meta itemprop=\"width\" content=\"246\"> <meta itemprop=\"height\" content=\"328\"> <img decoding=\"async\" class=\"\" data-attachment-id=\"122529\" data-orig-file=\"http:\/\/www.tvturk.com\/wp-content\/uploads\/2019\/04\/dunya-eskrim-sampiyonasi-6-nisanda-polonyada-yapilacak_db276f6.jpg\" data-orig-size=\"750,1000\" data-comments-opened=\"\" data-image-meta=\"{&quot;aperture&quot;:&quot;0&quot;,&quot;credit&quot;:&quot;IHA&quot;,&quot;camera&quot;:&quot;&quot;,&quot;caption&quot;:&quot;POLONYA\\u2019NIN TORUN KENT\\u0130NDE 6-14 N\\u0130SAN TAR\\u0130HLER\\u0130NDE GER\\u00c7EKLE\\u015eT\\u0130R\\u0130LECEK GEN\\u00c7LER VE YILDIZLAR D\\u00dcNYA ESKR\\u0130M \\u015eAMP\\u0130YONASI\\u2019NDA KILI\\u00c7, FL\\u00d6RE VE EPE BRAN\\u015eLARINDA 19 M\\u0130LL\\u0130 ESKR\\u0130MC\\u0130 MADALYA \\u0130\\u00c7\\u0130N TER D\\u00d6KECEK. (\\u0130HA\\\/\\u0130STANBUL-\\u0130HA)&quot;,&quot;created_timestamp&quot;:&quot;0&quot;,&quot;copyright&quot;:&quot;\\u0130HLAS HABER AJANSI, www.iha.com.tr&quot;,&quot;focal_length&quot;:&quot;0&quot;,&quot;iso&quot;:&quot;0&quot;,&quot;shutter_speed&quot;:&quot;0&quot;,&quot;title&quot;:&quot;D\\u00dcNYA ESKR\\u0130M \\u015eAMP\\u0130YONASI 6 N\\u0130SAN\\u0027DA POLONYA\\u0027DA YAPILACAK&quot;,&quot;orientation&quot;:&quot;0&quot;}\" data-image-title=\"D\u00fcnya Eskrim \u015eampiyonas\u0131 6 Nisan\u2019da Polonya\u2019da yap\u0131lacak\" data-image-description=\"&lt;p&gt;D\u00fcnya Eskrim \u015eampiyonas\u0131 6 Nisan\u2019da Polonya\u2019da yap\u0131lacak&lt;\/p&gt; \" data-medium-file=\"https:\/\/i0.wp.com\/www.tvturk.com\/wp-content\/uploads\/2019\/04\/dunya-eskrim-sampiyonasi-6-nisanda-polonyada-yapilacak_db276f6.jpg?fit=225%2C300\" data-large-file=\"https:\/\/i0.wp.com\/www.tvturk.com\/wp-content\/uploads\/2019\/04\/dunya-eskrim-sampiyonasi-6-nisanda-polonyada-yapilacak_db276f6.jpg?fit=750%2C1000\" src=\"https:\/\/i0.wp.com\/www.tvturk.com\/wp-content\/uploads\/2019\/04\/dunya-eskrim-sampiyonasi-6-nisanda-polonyada-yapilacak_db276f6.jpg?w=246&#038;h=328\" srcset=\"https:\/\/i0.wp.com\/www.tvturk.com\/wp-content\/uploads\/2019\/04\/dunya-eskrim-sampiyonasi-6-nisanda-polonyada-yapilacak_db276f6.jpg?w=750 750w, https:\/\/i0.wp.com\/www.tvturk.com\/wp-content\/uploads\/2019\/04\/dunya-eskrim-sampiyonasi-6-nisanda-polonyada-yapilacak_db276f6.jpg?resize=113%2C150 113w, https:\/\/i0.wp.com\/www.tvturk.com\/wp-content\/uploads\/2019\/04\/dunya-eskrim-sampiyonasi-6-nisanda-polonyada-yapilacak_db276f6.jpg?resize=225%2C300 225w\" width=\"246\" height=\"328\" loading=\"lazy\" data-original-width=\"246\" data-original-height=\"328\" itemprop=\"http:\/\/schema.org\/image\" title=\"D\u00fcnya Eskrim \u015eampiyonas\u0131 6 Nisan\u2019da Polonya\u2019da yap\u0131lacak\" alt=\"D\u00fcnya Eskrim \u015eampiyonas\u0131 6 Nisan\u2019da Polonya\u2019da yap\u0131lacak\" style=\"width: 246px; height: 328px;\" \/> <\/a> <\/div> <\/div> <!-- close group --> <\/div> <!-- close row --> <\/div><\/p>\n","protected":false},"excerpt":{"rendered":"<p>POLONYA\u2019NIN TORUN KENT\u0130NDE 6-14 N\u0130SAN TAR\u0130HLER\u0130NDE GER\u00c7EKLE\u015eT\u0130R\u0130LECEK GEN\u00c7LER VE YILDIZLAR D\u00dcNYA ESKR\u0130M \u015eAMP\u0130YONASI\u2019NDA KILI\u00c7, FL\u00d6RE VE EPE BRAN\u015eLARINDA 19 M\u0130LL\u0130 ESKR\u0130MC\u0130 MADALYA \u0130\u00c7\u0130N TER D\u00d6KECEK.<\/p>\n","protected":false},"author":1,"featured_media":122523,"comment_status":"closed","ping_status":"open","sticky":false,"template":"","format":"standard","meta":{"jetpack_post_was_ever_published":false,"_jetpack_newsletter_access":"","_jetpack_dont_email_post_to_subs":false,"_jetpack_newsletter_tier_id":0,"_jetpack_memberships_contains_paywalled_content":false,"_jetpack_memberships_contains_paid_content":false,"footnotes":"","jetpack_publicize_message":"","jetpack_publicize_feature_enabled":true,"jetpack_social_post_already_shared":true,"jetpack_social_options":{"image_generator_settings":{"template":"highway","default_image_id":0,"font":"","enabled":false},"version":2}},"categories":[657],"tags":[349,8911,6971,20920,395,158],"class_list":["post-122522","post","type-post","status-publish","format-standard","has-post-thumbnail","hentry","category-spor","tag-dunya","tag-eskrim","tag-nisanda","tag-polonyada","tag-sampiyonasi","tag-yapilacak"],"jetpack_publicize_connections":[],"jetpack_featured_media_url":"https:\/\/i0.wp.com\/www.tvturk.com\/wp-content\/uploads\/2019\/04\/dunya-eskrim-sampiyonasi-6-nisanda-polonyada-yapilacak_1c4a186.jpg?fit=1000%2C750","jetpack_sharing_enabled":true,"jetpack_shortlink":"https:\/\/wp.me\/paKIfm-vSa","_links":{"self":[{"href":"http:\/\/www.tvturk.com\/index.php\/wp-json\/wp\/v2\/posts\/122522","targetHints":{"allow":["GET"]}}],"collection":[{"href":"http:\/\/www.tvturk.com\/index.php\/wp-json\/wp\/v2\/posts"}],"about":[{"href":"http:\/\/www.tvturk.com\/index.php\/wp-json\/wp\/v2\/types\/post"}],"author":[{"embeddable":true,"href":"http:\/\/www.tvturk.com\/index.php\/wp-json\/wp\/v2\/users\/1"}],"replies":[{"embeddable":true,"href":"http:\/\/www.tvturk.com\/index.php\/wp-json\/wp\/v2\/comments?post=122522"}],"version-history":[{"count":1,"href":"http:\/\/www.tvturk.com\/index.php\/wp-json\/wp\/v2\/posts\/122522\/revisions"}],"predecessor-version":[{"id":122530,"href":"http:\/\/www.tvturk.com\/index.php\/wp-json\/wp\/v2\/posts\/122522\/revisions\/122530"}],"wp:featuredmedia":[{"embeddable":true,"href":"http:\/\/www.tvturk.com\/index.php\/wp-json\/wp\/v2\/media\/122523"}],"wp:attachment":[{"href":"http:\/\/www.tvturk.com\/index.php\/wp-json\/wp\/v2\/media?parent=122522"}],"wp:term":[{"taxonomy":"category","embeddable":true,"href":"http:\/\/www.tvturk.com\/index.php\/wp-json\/wp\/v2\/categories?post=122522"},{"taxonomy":"post_tag","embeddable":true,"href":"http:\/\/www.tvturk.com\/index.php\/wp-json\/wp\/v2\/tags?post=122522"}],"curies":[{"name":"wp","href":"https:\/\/api.w.org\/{rel}","templated":true}]}}