{"id":12261,"date":"2019-02-08T13:36:57","date_gmt":"2019-02-08T10:36:57","guid":{"rendered":"http:\/\/www.tvturk.com\/index.php\/fatma-girik-yeniden-hastaneye-kaldirildi\/"},"modified":"2019-02-08T13:37:04","modified_gmt":"2019-02-08T10:37:04","slug":"fatma-girik-yeniden-hastaneye-kaldirildi","status":"publish","type":"post","link":"http:\/\/www.tvturk.com\/index.php\/fatma-girik-yeniden-hastaneye-kaldirildi\/","title":{"rendered":"Fatma Girik yeniden hastaneye kald\u0131r\u0131ld\u0131"},"content":{"rendered":"<p>Ge\u00e7ti\u011fimiz g\u00fcn rahats\u0131zlanarak hastaneye kald\u0131r\u0131lan usta oyuncu Fatma Girik, tekrar hastaneye getirildi. Durumunun iyi oldu\u011fu g\u00f6zlenen Girik\u2019in ne\u015feli tav\u0131rlar\u0131 dikkatlerden ka\u00e7mad\u0131.<\/p>\n<p>Ye\u015fil\u00e7am\u2019\u0131n usta ismi Fatma Girik, ge\u00e7ti\u011fimiz g\u00fcn Bodrum\u2019daki evinde rahats\u0131zlanarak hastaneye kald\u0131r\u0131lm\u0131\u015ft\u0131. Yakla\u015f\u0131k 2 saat hastanede kalan Girik, yap\u0131lan tedavinin ard\u0131ndan taburcu edilerek ambulansla evine g\u00f6t\u00fcr\u00fclm\u00fc\u015ft\u00fc. Bug\u00fcn tekrar hastaneye ambulansla kontrole gelen Girik tekrar tedavi alt\u0131na al\u0131nd\u0131.<\/p>\n<p>Durumu iyiye gidiyor<\/p>\n<p>Torba Mahallesi\u2019nde ya\u015fam\u0131n\u0131 s\u00fcrd\u00fcren usta oyuncu Fatma Girik, ge\u00e7ti\u011fimiz g\u00fcn evinde fenala\u015farak d\u00fc\u015fm\u00fc\u015ft\u00fc. 76 ya\u015f\u0131ndaki Girik, bak\u0131c\u0131lar\u0131n\u0131n haber vermesi \u00fczerine evine gelen ambulansla Bodrum Devlet Hastanesine kald\u0131r\u0131lm\u0131\u015f, daha sonra taburcu edilmi\u015fti.<\/p>\n<p>Bug\u00fcn tekrar ambulansla hastaneye getirilen Girik\u2019in kontrol ama\u00e7l\u0131 geldi\u011fi \u00f6\u011frenildi. Ambulansla acil servisten giri\u015f yapan Girik \u201cg\u00fczel mi g\u00f6r\u00fcn\u00fcyorum, a\u015f\u0131k m\u0131 oldunuz bana\u201d diyerek espri yapmay\u0131 da ihmal etmedi. Kontrol ama\u00e7l\u0131 geldi\u011fini s\u00f6yleyen Girik, &#8220;A\u011fr\u0131lar\u0131m var o y\u00fczden geldim hastaneye&#8221; dedi. Daha sonra tedavi alt\u0131na al\u0131nan Girik\u2019in sa\u011fl\u0131k durumunun iyiye gitti\u011fi \u00f6\u011frenildi.<\/p>\n<p>Usta oyuncu ge\u00e7ti\u011fimiz y\u0131llarda kal\u00e7a eklemlerindeki bozulma nedeniyle y\u00fcr\u00fcyemez hale gelerek ameliyat olmu\u015f ve kal\u00e7as\u0131na protez tak\u0131lm\u0131\u015ft\u0131.<div class=\"tiled-gallery type-rectangular tiled-gallery-unresized\" data-original-width=\"500\" data-carousel-extra='null' itemscope itemtype=\"http:\/\/schema.org\/ImageGallery\" > <div class=\"gallery-row\" style=\"width: 500px; height: 220px;\" data-original-width=\"500\" data-original-height=\"220\" > <div class=\"gallery-group images-2\" style=\"width: 172px; height: 220px;\" data-original-width=\"172\" data-original-height=\"220\" > <div class=\"tiled-gallery-item tiled-gallery-item-small\" itemprop=\"associatedMedia\" itemscope itemtype=\"http:\/\/schema.org\/ImageObject\"> <a href=\"http:\/\/www.tvturk.com\/index.php\/fatma-girik-yeniden-hastaneye-kaldirildi\/fatma-girik-yeniden-hastaneye-kaldirildi-3\/\" border=\"0\" itemprop=\"url\"> <meta itemprop=\"width\" content=\"168\"> <meta itemprop=\"height\" content=\"100\"> <img decoding=\"async\" class=\"\" data-attachment-id=\"12263\" data-orig-file=\"http:\/\/www.tvturk.com\/wp-content\/uploads\/2019\/02\/fatma-girik-yeniden-hastaneye-kaldirildi_21b2c69.jpg\" data-orig-size=\"1000,592\" data-comments-opened=\"\" data-image-meta=\"{&quot;aperture&quot;:&quot;0&quot;,&quot;credit&quot;:&quot;IHA&quot;,&quot;camera&quot;:&quot;&quot;,&quot;caption&quot;:&quot;GE\\u00c7T\\u0130\\u011e\\u0130M\\u0130Z G\\u00dcN RAHATSIZLANARAK HASTANEYE KALDIRILAN USTA OYUNCU FATMA G\\u0130R\\u0130K TEKRAR HASTANEYE GET\\u0130R\\u0130LD\\u0130. DURUMUNUN \\u0130Y\\u0130 OLDU\\u011eU G\\u00d6ZLENEN G\\u0130R\\u0130K\\u2019\\u0130N NE\\u015eEL\\u0130 TAVIRLARI D\\u0130KKATLERDEN KA\\u00c7MADI (EREN AYHAN\\\/MU\\u011eLA-\\u0130HA)&quot;,&quot;created_timestamp&quot;:&quot;0&quot;,&quot;copyright&quot;:&quot;\\u0130HLAS HABER AJANSI, www.iha.com.tr&quot;,&quot;focal_length&quot;:&quot;0&quot;,&quot;iso&quot;:&quot;0&quot;,&quot;shutter_speed&quot;:&quot;0&quot;,&quot;title&quot;:&quot;FATMA G\\u0130R\\u0130K YEN\\u0130DEN HASTANEYE KALDIRILDI&quot;,&quot;orientation&quot;:&quot;0&quot;}\" data-image-title=\"Fatma Girik yeniden hastaneye kald\u0131r\u0131ld\u0131\" data-image-description=\"&lt;p&gt;Fatma Girik yeniden hastaneye kald\u0131r\u0131ld\u0131&lt;\/p&gt; \" data-medium-file=\"https:\/\/i0.wp.com\/www.tvturk.com\/wp-content\/uploads\/2019\/02\/fatma-girik-yeniden-hastaneye-kaldirildi_21b2c69.jpg?fit=300%2C178\" data-large-file=\"https:\/\/i0.wp.com\/www.tvturk.com\/wp-content\/uploads\/2019\/02\/fatma-girik-yeniden-hastaneye-kaldirildi_21b2c69.jpg?fit=1000%2C592\" src=\"https:\/\/i0.wp.com\/www.tvturk.com\/wp-content\/uploads\/2019\/02\/fatma-girik-yeniden-hastaneye-kaldirildi_21b2c69.jpg?w=168&#038;h=100\" srcset=\"https:\/\/i0.wp.com\/www.tvturk.com\/wp-content\/uploads\/2019\/02\/fatma-girik-yeniden-hastaneye-kaldirildi_21b2c69.jpg?w=1000 1000w, https:\/\/i0.wp.com\/www.tvturk.com\/wp-content\/uploads\/2019\/02\/fatma-girik-yeniden-hastaneye-kaldirildi_21b2c69.jpg?resize=150%2C89 150w, https:\/\/i0.wp.com\/www.tvturk.com\/wp-content\/uploads\/2019\/02\/fatma-girik-yeniden-hastaneye-kaldirildi_21b2c69.jpg?resize=300%2C178 300w, https:\/\/i0.wp.com\/www.tvturk.com\/wp-content\/uploads\/2019\/02\/fatma-girik-yeniden-hastaneye-kaldirildi_21b2c69.jpg?resize=768%2C455 768w\" width=\"168\" height=\"100\" loading=\"lazy\" data-original-width=\"168\" data-original-height=\"100\" itemprop=\"http:\/\/schema.org\/image\" title=\"Fatma Girik yeniden hastaneye kald\u0131r\u0131ld\u0131\" alt=\"Fatma Girik yeniden hastaneye kald\u0131r\u0131ld\u0131\" style=\"width: 168px; height: 100px;\" \/> <\/a> <\/div> <div class=\"tiled-gallery-item tiled-gallery-item-small\" itemprop=\"associatedMedia\" itemscope itemtype=\"http:\/\/schema.org\/ImageObject\"> <a href=\"http:\/\/www.tvturk.com\/index.php\/fatma-girik-yeniden-hastaneye-kaldirildi\/fatma-girik-yeniden-hastaneye-kaldirildi-4\/\" border=\"0\" itemprop=\"url\"> <meta itemprop=\"width\" content=\"168\"> <meta itemprop=\"height\" content=\"112\"> <img decoding=\"async\" class=\"\" data-attachment-id=\"12264\" data-orig-file=\"http:\/\/www.tvturk.com\/wp-content\/uploads\/2019\/02\/fatma-girik-yeniden-hastaneye-kaldirildi_135b436.jpg\" data-orig-size=\"1000,666\" data-comments-opened=\"\" data-image-meta=\"{&quot;aperture&quot;:&quot;0&quot;,&quot;credit&quot;:&quot;IHA&quot;,&quot;camera&quot;:&quot;&quot;,&quot;caption&quot;:&quot;GE\\u00c7T\\u0130\\u011e\\u0130M\\u0130Z G\\u00dcN RAHATSIZLANARAK HASTANEYE KALDIRILAN USTA OYUNCU FATMA G\\u0130R\\u0130K TEKRAR HASTANEYE GET\\u0130R\\u0130LD\\u0130. DURUMUNUN \\u0130Y\\u0130 OLDU\\u011eU G\\u00d6ZLENEN G\\u0130R\\u0130K\\u2019\\u0130N NE\\u015eEL\\u0130 TAVIRLARI D\\u0130KKATLERDEN KA\\u00c7MADI (EREN AYHAN\\\/MU\\u011eLA-\\u0130HA)&quot;,&quot;created_timestamp&quot;:&quot;0&quot;,&quot;copyright&quot;:&quot;\\u0130HLAS HABER AJANSI, www.iha.com.tr&quot;,&quot;focal_length&quot;:&quot;0&quot;,&quot;iso&quot;:&quot;0&quot;,&quot;shutter_speed&quot;:&quot;0&quot;,&quot;title&quot;:&quot;FATMA G\\u0130R\\u0130K YEN\\u0130DEN HASTANEYE KALDIRILDI&quot;,&quot;orientation&quot;:&quot;0&quot;}\" data-image-title=\"Fatma Girik yeniden hastaneye kald\u0131r\u0131ld\u0131\" data-image-description=\"&lt;p&gt;Fatma Girik yeniden hastaneye kald\u0131r\u0131ld\u0131&lt;\/p&gt; \" data-medium-file=\"https:\/\/i0.wp.com\/www.tvturk.com\/wp-content\/uploads\/2019\/02\/fatma-girik-yeniden-hastaneye-kaldirildi_135b436.jpg?fit=300%2C200\" data-large-file=\"https:\/\/i0.wp.com\/www.tvturk.com\/wp-content\/uploads\/2019\/02\/fatma-girik-yeniden-hastaneye-kaldirildi_135b436.jpg?fit=1000%2C666\" src=\"https:\/\/i0.wp.com\/www.tvturk.com\/wp-content\/uploads\/2019\/02\/fatma-girik-yeniden-hastaneye-kaldirildi_135b436.jpg?w=168&#038;h=112\" srcset=\"https:\/\/i0.wp.com\/www.tvturk.com\/wp-content\/uploads\/2019\/02\/fatma-girik-yeniden-hastaneye-kaldirildi_135b436.jpg?w=1000 1000w, https:\/\/i0.wp.com\/www.tvturk.com\/wp-content\/uploads\/2019\/02\/fatma-girik-yeniden-hastaneye-kaldirildi_135b436.jpg?resize=150%2C100 150w, https:\/\/i0.wp.com\/www.tvturk.com\/wp-content\/uploads\/2019\/02\/fatma-girik-yeniden-hastaneye-kaldirildi_135b436.jpg?resize=300%2C200 300w, https:\/\/i0.wp.com\/www.tvturk.com\/wp-content\/uploads\/2019\/02\/fatma-girik-yeniden-hastaneye-kaldirildi_135b436.jpg?resize=768%2C511 768w, https:\/\/i0.wp.com\/www.tvturk.com\/wp-content\/uploads\/2019\/02\/fatma-girik-yeniden-hastaneye-kaldirildi_135b436.jpg?resize=170%2C113 170w, https:\/\/i0.wp.com\/www.tvturk.com\/wp-content\/uploads\/2019\/02\/fatma-girik-yeniden-hastaneye-kaldirildi_135b436.jpg?resize=120%2C80 120w\" width=\"168\" height=\"112\" loading=\"lazy\" data-original-width=\"168\" data-original-height=\"112\" itemprop=\"http:\/\/schema.org\/image\" title=\"Fatma Girik yeniden hastaneye kald\u0131r\u0131ld\u0131\" alt=\"Fatma Girik yeniden hastaneye kald\u0131r\u0131ld\u0131\" style=\"width: 168px; height: 112px;\" \/> <\/a> <\/div> <\/div> <!-- close group --> <div class=\"gallery-group images-1\" style=\"width: 328px; height: 220px;\" data-original-width=\"328\" data-original-height=\"220\" > <div class=\"tiled-gallery-item tiled-gallery-item-large\" itemprop=\"associatedMedia\" itemscope itemtype=\"http:\/\/schema.org\/ImageObject\"> <a href=\"http:\/\/www.tvturk.com\/index.php\/fatma-girik-yeniden-hastaneye-kaldirildi\/fatma-girik-yeniden-hastaneye-kaldirildi-5\/\" border=\"0\" itemprop=\"url\"> <meta itemprop=\"width\" content=\"324\"> <meta itemprop=\"height\" content=\"216\"> <img decoding=\"async\" class=\"\" data-attachment-id=\"12265\" data-orig-file=\"http:\/\/www.tvturk.com\/wp-content\/uploads\/2019\/02\/fatma-girik-yeniden-hastaneye-kaldirildi_92a01c9.jpg\" data-orig-size=\"1000,666\" data-comments-opened=\"\" data-image-meta=\"{&quot;aperture&quot;:&quot;0&quot;,&quot;credit&quot;:&quot;IHA&quot;,&quot;camera&quot;:&quot;&quot;,&quot;caption&quot;:&quot;GE\\u00c7T\\u0130\\u011e\\u0130M\\u0130Z G\\u00dcN RAHATSIZLANARAK HASTANEYE KALDIRILAN USTA OYUNCU FATMA G\\u0130R\\u0130K TEKRAR HASTANEYE GET\\u0130R\\u0130LD\\u0130. DURUMUNUN \\u0130Y\\u0130 OLDU\\u011eU G\\u00d6ZLENEN G\\u0130R\\u0130K\\u2019\\u0130N NE\\u015eEL\\u0130 TAVIRLARI D\\u0130KKATLERDEN KA\\u00c7MADI (EREN AYHAN\\\/MU\\u011eLA-\\u0130HA)&quot;,&quot;created_timestamp&quot;:&quot;0&quot;,&quot;copyright&quot;:&quot;\\u0130HLAS HABER AJANSI, www.iha.com.tr&quot;,&quot;focal_length&quot;:&quot;0&quot;,&quot;iso&quot;:&quot;0&quot;,&quot;shutter_speed&quot;:&quot;0&quot;,&quot;title&quot;:&quot;FATMA G\\u0130R\\u0130K YEN\\u0130DEN HASTANEYE KALDIRILDI&quot;,&quot;orientation&quot;:&quot;0&quot;}\" data-image-title=\"Fatma Girik yeniden hastaneye kald\u0131r\u0131ld\u0131\" data-image-description=\"&lt;p&gt;Fatma Girik yeniden hastaneye kald\u0131r\u0131ld\u0131&lt;\/p&gt; \" data-medium-file=\"https:\/\/i0.wp.com\/www.tvturk.com\/wp-content\/uploads\/2019\/02\/fatma-girik-yeniden-hastaneye-kaldirildi_92a01c9.jpg?fit=300%2C200\" data-large-file=\"https:\/\/i0.wp.com\/www.tvturk.com\/wp-content\/uploads\/2019\/02\/fatma-girik-yeniden-hastaneye-kaldirildi_92a01c9.jpg?fit=1000%2C666\" src=\"https:\/\/i0.wp.com\/www.tvturk.com\/wp-content\/uploads\/2019\/02\/fatma-girik-yeniden-hastaneye-kaldirildi_92a01c9.jpg?w=324&#038;h=216\" srcset=\"https:\/\/i0.wp.com\/www.tvturk.com\/wp-content\/uploads\/2019\/02\/fatma-girik-yeniden-hastaneye-kaldirildi_92a01c9.jpg?w=1000 1000w, https:\/\/i0.wp.com\/www.tvturk.com\/wp-content\/uploads\/2019\/02\/fatma-girik-yeniden-hastaneye-kaldirildi_92a01c9.jpg?resize=150%2C100 150w, https:\/\/i0.wp.com\/www.tvturk.com\/wp-content\/uploads\/2019\/02\/fatma-girik-yeniden-hastaneye-kaldirildi_92a01c9.jpg?resize=300%2C200 300w, https:\/\/i0.wp.com\/www.tvturk.com\/wp-content\/uploads\/2019\/02\/fatma-girik-yeniden-hastaneye-kaldirildi_92a01c9.jpg?resize=768%2C511 768w, https:\/\/i0.wp.com\/www.tvturk.com\/wp-content\/uploads\/2019\/02\/fatma-girik-yeniden-hastaneye-kaldirildi_92a01c9.jpg?resize=170%2C113 170w, https:\/\/i0.wp.com\/www.tvturk.com\/wp-content\/uploads\/2019\/02\/fatma-girik-yeniden-hastaneye-kaldirildi_92a01c9.jpg?resize=120%2C80 120w\" width=\"324\" height=\"216\" loading=\"lazy\" data-original-width=\"324\" data-original-height=\"216\" itemprop=\"http:\/\/schema.org\/image\" title=\"Fatma Girik yeniden hastaneye kald\u0131r\u0131ld\u0131\" alt=\"Fatma Girik yeniden hastaneye kald\u0131r\u0131ld\u0131\" style=\"width: 324px; height: 216px;\" \/> <\/a> <\/div> <\/div> <!-- close group --> <\/div> <!-- close row --> <div class=\"gallery-row\" style=\"width: 500px; height: 380px;\" data-original-width=\"500\" data-original-height=\"380\" > <div class=\"gallery-group images-3\" style=\"width: 150px; height: 380px;\" data-original-width=\"150\" data-original-height=\"380\" > <div class=\"tiled-gallery-item tiled-gallery-item-small\" itemprop=\"associatedMedia\" itemscope itemtype=\"http:\/\/schema.org\/ImageObject\"> <a href=\"http:\/\/www.tvturk.com\/index.php\/fatma-girik-yeniden-hastaneye-kaldirildi\/fatma-girik-yeniden-hastaneye-kaldirildi-6\/\" border=\"0\" itemprop=\"url\"> <meta itemprop=\"width\" content=\"146\"> <meta itemprop=\"height\" content=\"139\"> <img decoding=\"async\" class=\"\" data-attachment-id=\"12266\" data-orig-file=\"http:\/\/www.tvturk.com\/wp-content\/uploads\/2019\/02\/fatma-girik-yeniden-hastaneye-kaldirildi_db276f6.jpg\" data-orig-size=\"1000,947\" data-comments-opened=\"\" data-image-meta=\"{&quot;aperture&quot;:&quot;0&quot;,&quot;credit&quot;:&quot;IHA&quot;,&quot;camera&quot;:&quot;&quot;,&quot;caption&quot;:&quot;GE\\u00c7T\\u0130\\u011e\\u0130M\\u0130Z G\\u00dcN RAHATSIZLANARAK HASTANEYE KALDIRILAN USTA OYUNCU FATMA G\\u0130R\\u0130K TEKRAR HASTANEYE GET\\u0130R\\u0130LD\\u0130. DURUMUNUN \\u0130Y\\u0130 OLDU\\u011eU G\\u00d6ZLENEN G\\u0130R\\u0130K\\u2019\\u0130N NE\\u015eEL\\u0130 TAVIRLARI D\\u0130KKATLERDEN KA\\u00c7MADI (EREN AYHAN\\\/MU\\u011eLA-\\u0130HA)&quot;,&quot;created_timestamp&quot;:&quot;0&quot;,&quot;copyright&quot;:&quot;\\u0130HLAS HABER AJANSI, www.iha.com.tr&quot;,&quot;focal_length&quot;:&quot;0&quot;,&quot;iso&quot;:&quot;0&quot;,&quot;shutter_speed&quot;:&quot;0&quot;,&quot;title&quot;:&quot;FATMA G\\u0130R\\u0130K YEN\\u0130DEN HASTANEYE KALDIRILDI&quot;,&quot;orientation&quot;:&quot;0&quot;}\" data-image-title=\"Fatma Girik yeniden hastaneye kald\u0131r\u0131ld\u0131\" data-image-description=\"&lt;p&gt;Fatma Girik yeniden hastaneye kald\u0131r\u0131ld\u0131&lt;\/p&gt; \" data-medium-file=\"https:\/\/i0.wp.com\/www.tvturk.com\/wp-content\/uploads\/2019\/02\/fatma-girik-yeniden-hastaneye-kaldirildi_db276f6.jpg?fit=300%2C284\" data-large-file=\"https:\/\/i0.wp.com\/www.tvturk.com\/wp-content\/uploads\/2019\/02\/fatma-girik-yeniden-hastaneye-kaldirildi_db276f6.jpg?fit=1000%2C947\" src=\"https:\/\/i0.wp.com\/www.tvturk.com\/wp-content\/uploads\/2019\/02\/fatma-girik-yeniden-hastaneye-kaldirildi_db276f6.jpg?w=146&#038;h=139\" srcset=\"https:\/\/i0.wp.com\/www.tvturk.com\/wp-content\/uploads\/2019\/02\/fatma-girik-yeniden-hastaneye-kaldirildi_db276f6.jpg?w=1000 1000w, https:\/\/i0.wp.com\/www.tvturk.com\/wp-content\/uploads\/2019\/02\/fatma-girik-yeniden-hastaneye-kaldirildi_db276f6.jpg?resize=150%2C142 150w, https:\/\/i0.wp.com\/www.tvturk.com\/wp-content\/uploads\/2019\/02\/fatma-girik-yeniden-hastaneye-kaldirildi_db276f6.jpg?resize=300%2C284 300w, https:\/\/i0.wp.com\/www.tvturk.com\/wp-content\/uploads\/2019\/02\/fatma-girik-yeniden-hastaneye-kaldirildi_db276f6.jpg?resize=768%2C727 768w\" width=\"146\" height=\"139\" loading=\"lazy\" data-original-width=\"146\" data-original-height=\"139\" itemprop=\"http:\/\/schema.org\/image\" title=\"Fatma Girik yeniden hastaneye kald\u0131r\u0131ld\u0131\" alt=\"Fatma Girik yeniden hastaneye kald\u0131r\u0131ld\u0131\" style=\"width: 146px; height: 139px;\" \/> <\/a> <\/div> <div class=\"tiled-gallery-item tiled-gallery-item-small\" itemprop=\"associatedMedia\" itemscope itemtype=\"http:\/\/schema.org\/ImageObject\"> <a href=\"http:\/\/www.tvturk.com\/index.php\/fatma-girik-yeniden-hastaneye-kaldirildi\/fatma-girik-yeniden-hastaneye-kaldirildi-7\/\" border=\"0\" itemprop=\"url\"> <meta itemprop=\"width\" content=\"146\"> <meta itemprop=\"height\" content=\"97\"> <img decoding=\"async\" class=\"\" data-attachment-id=\"12267\" data-orig-file=\"http:\/\/www.tvturk.com\/wp-content\/uploads\/2019\/02\/fatma-girik-yeniden-hastaneye-kaldirildi_093bb30.jpg\" data-orig-size=\"1000,666\" data-comments-opened=\"\" data-image-meta=\"{&quot;aperture&quot;:&quot;0&quot;,&quot;credit&quot;:&quot;IHA&quot;,&quot;camera&quot;:&quot;&quot;,&quot;caption&quot;:&quot;GE\\u00c7T\\u0130\\u011e\\u0130M\\u0130Z G\\u00dcN RAHATSIZLANARAK HASTANEYE KALDIRILAN USTA OYUNCU FATMA G\\u0130R\\u0130K TEKRAR HASTANEYE GET\\u0130R\\u0130LD\\u0130. DURUMUNUN \\u0130Y\\u0130 OLDU\\u011eU G\\u00d6ZLENEN G\\u0130R\\u0130K\\u2019\\u0130N NE\\u015eEL\\u0130 TAVIRLARI D\\u0130KKATLERDEN KA\\u00c7MADI (EREN AYHAN\\\/MU\\u011eLA-\\u0130HA)&quot;,&quot;created_timestamp&quot;:&quot;0&quot;,&quot;copyright&quot;:&quot;\\u0130HLAS HABER AJANSI, www.iha.com.tr&quot;,&quot;focal_length&quot;:&quot;0&quot;,&quot;iso&quot;:&quot;0&quot;,&quot;shutter_speed&quot;:&quot;0&quot;,&quot;title&quot;:&quot;FATMA G\\u0130R\\u0130K YEN\\u0130DEN HASTANEYE KALDIRILDI&quot;,&quot;orientation&quot;:&quot;0&quot;}\" data-image-title=\"Fatma Girik yeniden hastaneye kald\u0131r\u0131ld\u0131\" data-image-description=\"&lt;p&gt;Fatma Girik yeniden hastaneye kald\u0131r\u0131ld\u0131&lt;\/p&gt; \" data-medium-file=\"https:\/\/i0.wp.com\/www.tvturk.com\/wp-content\/uploads\/2019\/02\/fatma-girik-yeniden-hastaneye-kaldirildi_093bb30.jpg?fit=300%2C200\" data-large-file=\"https:\/\/i0.wp.com\/www.tvturk.com\/wp-content\/uploads\/2019\/02\/fatma-girik-yeniden-hastaneye-kaldirildi_093bb30.jpg?fit=1000%2C666\" src=\"https:\/\/i0.wp.com\/www.tvturk.com\/wp-content\/uploads\/2019\/02\/fatma-girik-yeniden-hastaneye-kaldirildi_093bb30.jpg?w=146&#038;h=97\" srcset=\"https:\/\/i0.wp.com\/www.tvturk.com\/wp-content\/uploads\/2019\/02\/fatma-girik-yeniden-hastaneye-kaldirildi_093bb30.jpg?w=1000 1000w, https:\/\/i0.wp.com\/www.tvturk.com\/wp-content\/uploads\/2019\/02\/fatma-girik-yeniden-hastaneye-kaldirildi_093bb30.jpg?resize=150%2C100 150w, https:\/\/i0.wp.com\/www.tvturk.com\/wp-content\/uploads\/2019\/02\/fatma-girik-yeniden-hastaneye-kaldirildi_093bb30.jpg?resize=300%2C200 300w, https:\/\/i0.wp.com\/www.tvturk.com\/wp-content\/uploads\/2019\/02\/fatma-girik-yeniden-hastaneye-kaldirildi_093bb30.jpg?resize=768%2C511 768w, https:\/\/i0.wp.com\/www.tvturk.com\/wp-content\/uploads\/2019\/02\/fatma-girik-yeniden-hastaneye-kaldirildi_093bb30.jpg?resize=170%2C113 170w, https:\/\/i0.wp.com\/www.tvturk.com\/wp-content\/uploads\/2019\/02\/fatma-girik-yeniden-hastaneye-kaldirildi_093bb30.jpg?resize=120%2C80 120w\" width=\"146\" height=\"97\" loading=\"lazy\" data-original-width=\"146\" data-original-height=\"97\" itemprop=\"http:\/\/schema.org\/image\" title=\"Fatma Girik yeniden hastaneye kald\u0131r\u0131ld\u0131\" alt=\"Fatma Girik yeniden hastaneye kald\u0131r\u0131ld\u0131\" style=\"width: 146px; height: 97px;\" \/> <\/a> <\/div> <div class=\"tiled-gallery-item tiled-gallery-item-small\" itemprop=\"associatedMedia\" itemscope itemtype=\"http:\/\/schema.org\/ImageObject\"> <a href=\"http:\/\/www.tvturk.com\/index.php\/fatma-girik-yeniden-hastaneye-kaldirildi\/fatma-girik-yeniden-hastaneye-kaldirildi-8\/\" border=\"0\" itemprop=\"url\"> <meta itemprop=\"width\" content=\"146\"> <meta itemprop=\"height\" content=\"132\"> <img decoding=\"async\" class=\"\" data-attachment-id=\"12268\" data-orig-file=\"http:\/\/www.tvturk.com\/wp-content\/uploads\/2019\/02\/fatma-girik-yeniden-hastaneye-kaldirildi_72bab69.jpg\" data-orig-size=\"1000,904\" data-comments-opened=\"\" data-image-meta=\"{&quot;aperture&quot;:&quot;0&quot;,&quot;credit&quot;:&quot;IHA&quot;,&quot;camera&quot;:&quot;&quot;,&quot;caption&quot;:&quot;GE\\u00c7T\\u0130\\u011e\\u0130M\\u0130Z G\\u00dcN RAHATSIZLANARAK HASTANEYE KALDIRILAN USTA OYUNCU FATMA G\\u0130R\\u0130K TEKRAR HASTANEYE GET\\u0130R\\u0130LD\\u0130. DURUMUNUN \\u0130Y\\u0130 OLDU\\u011eU G\\u00d6ZLENEN G\\u0130R\\u0130K\\u2019\\u0130N NE\\u015eEL\\u0130 TAVIRLARI D\\u0130KKATLERDEN KA\\u00c7MADI (EREN AYHAN\\\/MU\\u011eLA-\\u0130HA)&quot;,&quot;created_timestamp&quot;:&quot;0&quot;,&quot;copyright&quot;:&quot;\\u0130HLAS HABER AJANSI, www.iha.com.tr&quot;,&quot;focal_length&quot;:&quot;0&quot;,&quot;iso&quot;:&quot;0&quot;,&quot;shutter_speed&quot;:&quot;0&quot;,&quot;title&quot;:&quot;FATMA G\\u0130R\\u0130K YEN\\u0130DEN HASTANEYE KALDIRILDI&quot;,&quot;orientation&quot;:&quot;0&quot;}\" data-image-title=\"Fatma Girik yeniden hastaneye kald\u0131r\u0131ld\u0131\" data-image-description=\"&lt;p&gt;Fatma Girik yeniden hastaneye kald\u0131r\u0131ld\u0131&lt;\/p&gt; \" data-medium-file=\"https:\/\/i0.wp.com\/www.tvturk.com\/wp-content\/uploads\/2019\/02\/fatma-girik-yeniden-hastaneye-kaldirildi_72bab69.jpg?fit=300%2C271\" data-large-file=\"https:\/\/i0.wp.com\/www.tvturk.com\/wp-content\/uploads\/2019\/02\/fatma-girik-yeniden-hastaneye-kaldirildi_72bab69.jpg?fit=1000%2C904\" src=\"https:\/\/i0.wp.com\/www.tvturk.com\/wp-content\/uploads\/2019\/02\/fatma-girik-yeniden-hastaneye-kaldirildi_72bab69.jpg?w=146&#038;h=132\" srcset=\"https:\/\/i0.wp.com\/www.tvturk.com\/wp-content\/uploads\/2019\/02\/fatma-girik-yeniden-hastaneye-kaldirildi_72bab69.jpg?w=1000 1000w, https:\/\/i0.wp.com\/www.tvturk.com\/wp-content\/uploads\/2019\/02\/fatma-girik-yeniden-hastaneye-kaldirildi_72bab69.jpg?resize=150%2C136 150w, https:\/\/i0.wp.com\/www.tvturk.com\/wp-content\/uploads\/2019\/02\/fatma-girik-yeniden-hastaneye-kaldirildi_72bab69.jpg?resize=300%2C271 300w, https:\/\/i0.wp.com\/www.tvturk.com\/wp-content\/uploads\/2019\/02\/fatma-girik-yeniden-hastaneye-kaldirildi_72bab69.jpg?resize=768%2C694 768w, https:\/\/i0.wp.com\/www.tvturk.com\/wp-content\/uploads\/2019\/02\/fatma-girik-yeniden-hastaneye-kaldirildi_72bab69.jpg?resize=324%2C290 324w\" width=\"146\" height=\"132\" loading=\"lazy\" data-original-width=\"146\" data-original-height=\"132\" itemprop=\"http:\/\/schema.org\/image\" title=\"Fatma Girik yeniden hastaneye kald\u0131r\u0131ld\u0131\" alt=\"Fatma Girik yeniden hastaneye kald\u0131r\u0131ld\u0131\" style=\"width: 146px; height: 132px;\" \/> <\/a> <\/div> <\/div> <!-- close group --> <div class=\"gallery-group images-1\" style=\"width: 350px; height: 380px;\" data-original-width=\"350\" data-original-height=\"380\" > <div class=\"tiled-gallery-item tiled-gallery-item-large\" itemprop=\"associatedMedia\" itemscope itemtype=\"http:\/\/schema.org\/ImageObject\"> <a href=\"http:\/\/www.tvturk.com\/index.php\/fatma-girik-yeniden-hastaneye-kaldirildi\/fatma-girik-yeniden-hastaneye-kaldirildi-9\/\" border=\"0\" itemprop=\"url\"> <meta itemprop=\"width\" content=\"346\"> <meta itemprop=\"height\" content=\"376\"> <img decoding=\"async\" class=\"\" data-attachment-id=\"12269\" data-orig-file=\"http:\/\/www.tvturk.com\/wp-content\/uploads\/2019\/02\/fatma-girik-yeniden-hastaneye-kaldirildi_aaed513.jpg\" data-orig-size=\"920,1000\" data-comments-opened=\"\" data-image-meta=\"{&quot;aperture&quot;:&quot;0&quot;,&quot;credit&quot;:&quot;IHA&quot;,&quot;camera&quot;:&quot;&quot;,&quot;caption&quot;:&quot;GE\\u00c7T\\u0130\\u011e\\u0130M\\u0130Z G\\u00dcN RAHATSIZLANARAK HASTANEYE KALDIRILAN USTA OYUNCU FATMA G\\u0130R\\u0130K TEKRAR HASTANEYE GET\\u0130R\\u0130LD\\u0130. DURUMUNUN \\u0130Y\\u0130 OLDU\\u011eU G\\u00d6ZLENEN G\\u0130R\\u0130K\\u2019\\u0130N NE\\u015eEL\\u0130 TAVIRLARI D\\u0130KKATLERDEN KA\\u00c7MADI (EREN AYHAN\\\/MU\\u011eLA-\\u0130HA)&quot;,&quot;created_timestamp&quot;:&quot;0&quot;,&quot;copyright&quot;:&quot;\\u0130HLAS HABER AJANSI, www.iha.com.tr&quot;,&quot;focal_length&quot;:&quot;0&quot;,&quot;iso&quot;:&quot;0&quot;,&quot;shutter_speed&quot;:&quot;0&quot;,&quot;title&quot;:&quot;FATMA G\\u0130R\\u0130K YEN\\u0130DEN HASTANEYE KALDIRILDI&quot;,&quot;orientation&quot;:&quot;0&quot;}\" data-image-title=\"Fatma Girik yeniden hastaneye kald\u0131r\u0131ld\u0131\" data-image-description=\"&lt;p&gt;Fatma Girik yeniden hastaneye kald\u0131r\u0131ld\u0131&lt;\/p&gt; \" data-medium-file=\"https:\/\/i0.wp.com\/www.tvturk.com\/wp-content\/uploads\/2019\/02\/fatma-girik-yeniden-hastaneye-kaldirildi_aaed513.jpg?fit=276%2C300\" data-large-file=\"https:\/\/i0.wp.com\/www.tvturk.com\/wp-content\/uploads\/2019\/02\/fatma-girik-yeniden-hastaneye-kaldirildi_aaed513.jpg?fit=920%2C1000\" src=\"https:\/\/i0.wp.com\/www.tvturk.com\/wp-content\/uploads\/2019\/02\/fatma-girik-yeniden-hastaneye-kaldirildi_aaed513.jpg?w=346&#038;h=376\" srcset=\"https:\/\/i0.wp.com\/www.tvturk.com\/wp-content\/uploads\/2019\/02\/fatma-girik-yeniden-hastaneye-kaldirildi_aaed513.jpg?w=920 920w, https:\/\/i0.wp.com\/www.tvturk.com\/wp-content\/uploads\/2019\/02\/fatma-girik-yeniden-hastaneye-kaldirildi_aaed513.jpg?resize=138%2C150 138w, https:\/\/i0.wp.com\/www.tvturk.com\/wp-content\/uploads\/2019\/02\/fatma-girik-yeniden-hastaneye-kaldirildi_aaed513.jpg?resize=276%2C300 276w, https:\/\/i0.wp.com\/www.tvturk.com\/wp-content\/uploads\/2019\/02\/fatma-girik-yeniden-hastaneye-kaldirildi_aaed513.jpg?resize=768%2C835 768w\" width=\"346\" height=\"376\" loading=\"lazy\" data-original-width=\"346\" data-original-height=\"376\" itemprop=\"http:\/\/schema.org\/image\" title=\"Fatma Girik yeniden hastaneye kald\u0131r\u0131ld\u0131\" alt=\"Fatma Girik yeniden hastaneye kald\u0131r\u0131ld\u0131\" style=\"width: 346px; height: 376px;\" \/> <\/a> <\/div> <\/div> <!-- close group --> <\/div> <!-- close row --> <div class=\"gallery-row\" style=\"width: 500px; height: 501px;\" data-original-width=\"500\" data-original-height=\"501\" > <div class=\"gallery-group images-1\" style=\"width: 500px; height: 501px;\" data-original-width=\"500\" data-original-height=\"501\" > <div class=\"tiled-gallery-item tiled-gallery-item-large\" itemprop=\"associatedMedia\" itemscope itemtype=\"http:\/\/schema.org\/ImageObject\"> <a href=\"http:\/\/www.tvturk.com\/index.php\/fatma-girik-yeniden-hastaneye-kaldirildi\/fatma-girik-yeniden-hastaneye-kaldirildi-10\/\" border=\"0\" itemprop=\"url\"> <meta itemprop=\"width\" content=\"496\"> <meta itemprop=\"height\" content=\"497\"> <img decoding=\"async\" class=\"\" data-attachment-id=\"12270\" data-orig-file=\"http:\/\/www.tvturk.com\/wp-content\/uploads\/2019\/02\/fatma-girik-yeniden-hastaneye-kaldirildi_b13671a.jpg\" data-orig-size=\"997,1000\" data-comments-opened=\"\" data-image-meta=\"{&quot;aperture&quot;:&quot;0&quot;,&quot;credit&quot;:&quot;IHA&quot;,&quot;camera&quot;:&quot;&quot;,&quot;caption&quot;:&quot;GE\\u00c7T\\u0130\\u011e\\u0130M\\u0130Z G\\u00dcN RAHATSIZLANARAK HASTANEYE KALDIRILAN USTA OYUNCU FATMA G\\u0130R\\u0130K TEKRAR HASTANEYE GET\\u0130R\\u0130LD\\u0130. DURUMUNUN \\u0130Y\\u0130 OLDU\\u011eU G\\u00d6ZLENEN G\\u0130R\\u0130K\\u2019\\u0130N NE\\u015eEL\\u0130 TAVIRLARI D\\u0130KKATLERDEN KA\\u00c7MADI (EREN AYHAN\\\/MU\\u011eLA-\\u0130HA)&quot;,&quot;created_timestamp&quot;:&quot;0&quot;,&quot;copyright&quot;:&quot;\\u0130HLAS HABER AJANSI, www.iha.com.tr&quot;,&quot;focal_length&quot;:&quot;0&quot;,&quot;iso&quot;:&quot;0&quot;,&quot;shutter_speed&quot;:&quot;0&quot;,&quot;title&quot;:&quot;FATMA G\\u0130R\\u0130K YEN\\u0130DEN HASTANEYE KALDIRILDI&quot;,&quot;orientation&quot;:&quot;0&quot;}\" data-image-title=\"Fatma Girik yeniden hastaneye kald\u0131r\u0131ld\u0131\" data-image-description=\"&lt;p&gt;Fatma Girik yeniden hastaneye kald\u0131r\u0131ld\u0131&lt;\/p&gt; \" data-medium-file=\"https:\/\/i0.wp.com\/www.tvturk.com\/wp-content\/uploads\/2019\/02\/fatma-girik-yeniden-hastaneye-kaldirildi_b13671a.jpg?fit=300%2C300\" data-large-file=\"https:\/\/i0.wp.com\/www.tvturk.com\/wp-content\/uploads\/2019\/02\/fatma-girik-yeniden-hastaneye-kaldirildi_b13671a.jpg?fit=997%2C1000\" src=\"https:\/\/i0.wp.com\/www.tvturk.com\/wp-content\/uploads\/2019\/02\/fatma-girik-yeniden-hastaneye-kaldirildi_b13671a.jpg?w=496&#038;h=497\" srcset=\"https:\/\/i0.wp.com\/www.tvturk.com\/wp-content\/uploads\/2019\/02\/fatma-girik-yeniden-hastaneye-kaldirildi_b13671a.jpg?w=997 997w, https:\/\/i0.wp.com\/www.tvturk.com\/wp-content\/uploads\/2019\/02\/fatma-girik-yeniden-hastaneye-kaldirildi_b13671a.jpg?resize=150%2C150 150w, https:\/\/i0.wp.com\/www.tvturk.com\/wp-content\/uploads\/2019\/02\/fatma-girik-yeniden-hastaneye-kaldirildi_b13671a.jpg?resize=300%2C300 300w, https:\/\/i0.wp.com\/www.tvturk.com\/wp-content\/uploads\/2019\/02\/fatma-girik-yeniden-hastaneye-kaldirildi_b13671a.jpg?resize=768%2C770 768w\" width=\"496\" height=\"497\" loading=\"lazy\" data-original-width=\"496\" data-original-height=\"497\" itemprop=\"http:\/\/schema.org\/image\" title=\"Fatma Girik yeniden hastaneye kald\u0131r\u0131ld\u0131\" alt=\"Fatma Girik yeniden hastaneye kald\u0131r\u0131ld\u0131\" style=\"width: 496px; height: 497px;\" \/> <\/a> <\/div> <\/div> <!-- close group --> <\/div> <!-- close row --> <\/div><\/p>\n","protected":false},"excerpt":{"rendered":"<p>GE\u00c7T\u0130\u011e\u0130M\u0130Z G\u00dcN RAHATSIZLANARAK HASTANEYE KALDIRILAN USTA OYUNCU FATMA G\u0130R\u0130K TEKRAR HASTANEYE GET\u0130R\u0130LD\u0130.  DURUMUNUN \u0130Y\u0130 OLDU\u011eU G\u00d6ZLENEN G\u0130R\u0130K\u2019\u0130N NE\u015eEL\u0130 TAVIRLARI D\u0130KKATLERDEN KA\u00c7MADI<\/p>\n","protected":false},"author":1,"featured_media":12262,"comment_status":"closed","ping_status":"open","sticky":false,"template":"","format":"standard","meta":{"jetpack_post_was_ever_published":false,"_jetpack_newsletter_access":"","_jetpack_dont_email_post_to_subs":false,"_jetpack_newsletter_tier_id":0,"_jetpack_memberships_contains_paywalled_content":false,"_jetpack_memberships_contains_paid_content":false,"footnotes":"","jetpack_publicize_message":"","jetpack_publicize_feature_enabled":true,"jetpack_social_post_already_shared":false,"jetpack_social_options":{"image_generator_settings":{"template":"highway","default_image_id":0,"font":"","enabled":false},"version":2}},"categories":[655],"tags":[2580,6277,2097,6278,720],"class_list":["post-12261","post","type-post","status-publish","format-standard","has-post-thumbnail","hentry","category-son-dakika","tag-fatma","tag-girik","tag-hastaneye","tag-kaldirildi","tag-yeniden"],"jetpack_publicize_connections":[],"jetpack_featured_media_url":"https:\/\/i0.wp.com\/www.tvturk.com\/wp-content\/uploads\/2019\/02\/fatma-girik-yeniden-hastaneye-kaldirildi_d4b96d8.jpg?fit=1000%2C666","jetpack_sharing_enabled":true,"jetpack_shortlink":"https:\/\/wp.me\/paKIfm-3bL","_links":{"self":[{"href":"http:\/\/www.tvturk.com\/index.php\/wp-json\/wp\/v2\/posts\/12261","targetHints":{"allow":["GET"]}}],"collection":[{"href":"http:\/\/www.tvturk.com\/index.php\/wp-json\/wp\/v2\/posts"}],"about":[{"href":"http:\/\/www.tvturk.com\/index.php\/wp-json\/wp\/v2\/types\/post"}],"author":[{"embeddable":true,"href":"http:\/\/www.tvturk.com\/index.php\/wp-json\/wp\/v2\/users\/1"}],"replies":[{"embeddable":true,"href":"http:\/\/www.tvturk.com\/index.php\/wp-json\/wp\/v2\/comments?post=12261"}],"version-history":[{"count":1,"href":"http:\/\/www.tvturk.com\/index.php\/wp-json\/wp\/v2\/posts\/12261\/revisions"}],"predecessor-version":[{"id":12271,"href":"http:\/\/www.tvturk.com\/index.php\/wp-json\/wp\/v2\/posts\/12261\/revisions\/12271"}],"wp:featuredmedia":[{"embeddable":true,"href":"http:\/\/www.tvturk.com\/index.php\/wp-json\/wp\/v2\/media\/12262"}],"wp:attachment":[{"href":"http:\/\/www.tvturk.com\/index.php\/wp-json\/wp\/v2\/media?parent=12261"}],"wp:term":[{"taxonomy":"category","embeddable":true,"href":"http:\/\/www.tvturk.com\/index.php\/wp-json\/wp\/v2\/categories?post=12261"},{"taxonomy":"post_tag","embeddable":true,"href":"http:\/\/www.tvturk.com\/index.php\/wp-json\/wp\/v2\/tags?post=12261"}],"curies":[{"name":"wp","href":"https:\/\/api.w.org\/{rel}","templated":true}]}}