{"id":12272,"date":"2019-02-08T13:38:56","date_gmt":"2019-02-08T10:38:56","guid":{"rendered":"http:\/\/www.tvturk.com\/index.php\/universiteli-ogrencilerden-minikler-icin-egitici-proje-uygulamasi\/"},"modified":"2019-02-08T13:38:59","modified_gmt":"2019-02-08T10:38:59","slug":"universiteli-ogrencilerden-minikler-icin-egitici-proje-uygulamasi","status":"publish","type":"post","link":"http:\/\/www.tvturk.com\/index.php\/universiteli-ogrencilerden-minikler-icin-egitici-proje-uygulamasi\/","title":{"rendered":"\u00dcniversiteli \u00f6\u011frencilerden minikler i\u00e7in e\u011fitici proje uygulamas\u0131"},"content":{"rendered":"<p>Kilis 7 \u00dcniversitesi Sa\u011fl\u0131k Hizmetleri Meslek Y\u00fcksekokulu Fizyoterapi B\u00f6l\u00fcm\u00fc\u2019nde \u00f6\u011frenim g\u00f6ren \u00f6\u011frencilerin Sosyal Duyarl\u0131l\u0131k dersi kapsam\u0131nda, \u201c Miniklere E\u011flenceli ve E\u011fitici Geli\u015fim \u00c7izgileri \u201d  adl\u0131 proje uygulamas\u0131na ba\u015flad\u0131lar.<\/p>\n<p>Okul bah\u00e7esinde yap\u0131lan \u00e7izimlerle \u00f6\u011frencilerin oyun onayarak \u00f6\u011frenmesini desteklemek ve fiziksel aktivite yapmaya te\u015fvik etmek amac\u0131yla 7 Aral\u0131k \u0130lkokulunda e\u011fitim g\u00f6ren \u00f6\u011frenciler i\u00e7in yap\u0131lan proje, \u00d6\u011fretim G\u00f6revlisi Zeynettin Kas\u0131rga koordinat\u00f6rl\u00fc\u011f\u00fcnde ger\u00e7ekle\u015ftirildi.<\/p>\n<p>E\u011fitme ama\u00e7l\u0131 proje, okullarda \u00e7ocuklar\u0131n dersliklerden sonra en \u00e7ok kulland\u0131klar\u0131 alanlar olan okul bah\u00e7elerini e\u011flenceli bir ortama d\u00f6n\u00fc\u015ft\u00fcrerek, \u00e7ocuklar\u0131n okula severek gelmesini sa\u011flamak ve \u00e7ocuklar\u0131n fiziksel, zihinsel ve sosyal geli\u015fimine katk\u0131da bulunmak i\u00e7in ger\u00e7ekle\u015ftiriliyor. Yine bu projeyle okul bah\u00e7elerinde boyalarla yap\u0131lan \u00e7izimlerle \u00e7ocuklar\u0131n e\u011flenceli ve e\u011fitici oyunlar oynamalar\u0131n\u0131 sa\u011flayarak, oyunlarla \u00e7ocuklar\u0131n genel geli\u015fimlerine katk\u0131da bulunuluyor. Ayr\u0131ca \u00e7ocuklar\u0131n oyun oynarken fiziksel aktivite yapmalar\u0131n\u0131 sa\u011flayarak erken d\u00f6nemde sa\u011fl\u0131kl\u0131 bireyler olarak yeti\u015fmelerine destek veriliyor.<div class=\"tiled-gallery type-rectangular tiled-gallery-unresized\" data-original-width=\"500\" data-carousel-extra='null' itemscope itemtype=\"http:\/\/schema.org\/ImageGallery\" > <div class=\"gallery-row\" style=\"width: 500px; height: 244px;\" data-original-width=\"500\" data-original-height=\"244\" > <div class=\"gallery-group images-1\" style=\"width: 324px; height: 244px;\" data-original-width=\"324\" data-original-height=\"244\" > <div class=\"tiled-gallery-item tiled-gallery-item-large\" itemprop=\"associatedMedia\" itemscope itemtype=\"http:\/\/schema.org\/ImageObject\"> <a href=\"http:\/\/www.tvturk.com\/index.php\/universiteli-ogrencilerden-minikler-icin-egitici-proje-uygulamasi\/universiteli-ogrencilerden-minikler-icin-egitici-proje-uygulamasi-3\/\" border=\"0\" itemprop=\"url\"> <meta itemprop=\"width\" content=\"320\"> <meta itemprop=\"height\" content=\"240\"> <img decoding=\"async\" class=\"\" data-attachment-id=\"12274\" data-orig-file=\"http:\/\/www.tvturk.com\/wp-content\/uploads\/2019\/02\/universiteli-ogrencilerden-minikler-icin-egitici-proje-uygulamasi_39bcaec.jpg\" data-orig-size=\"1000,750\" data-comments-opened=\"\" data-image-meta=\"{&quot;aperture&quot;:&quot;0&quot;,&quot;credit&quot;:&quot;IHA&quot;,&quot;camera&quot;:&quot;&quot;,&quot;caption&quot;:&quot;K\\u0130L\\u0130S 7 \\u00dcN\\u0130VERS\\u0130TES\\u0130 SA\\u011eLIK H\\u0130ZMETLER\\u0130 MESLEK Y\\u00dcKSEKOKULU F\\u0130ZYOTERAP\\u0130 B\\u00d6L\\u00dcM\\u00dc\\u2019NDE \\u00d6\\u011eREN\\u0130M G\\u00d6REN \\u00d6\\u011eRENC\\u0130LER\\u0130N SOSYAL DUYARLILIK DERS\\u0130 KAPSAMINDA \\u201c M\\u0130N\\u0130KLERE E\\u011eLENCEL\\u0130 VE E\\u011e\\u0130T\\u0130C\\u0130 GEL\\u0130\\u015e\\u0130M \\u00c7\\u0130ZG\\u0130LER\\u0130 \\u201d ADLI PROJE UYGULAMASINA BA\\u015eLADILAR. (MEHMET AL\\u0130 DA\\u011e\\\/K\\u0130L\\u0130S-\\u0130HA)&quot;,&quot;created_timestamp&quot;:&quot;0&quot;,&quot;copyright&quot;:&quot;\\u0130HLAS HABER AJANSI, www.iha.com.tr&quot;,&quot;focal_length&quot;:&quot;0&quot;,&quot;iso&quot;:&quot;0&quot;,&quot;shutter_speed&quot;:&quot;0&quot;,&quot;title&quot;:&quot;\\u00dcN\\u0130VERS\\u0130TEL\\u0130 \\u00d6\\u011eRENC\\u0130LERDEN M\\u0130N\\u0130KLER \\u0130\\u00c7\\u0130N E\\u011e\\u0130T\\u0130C\\u0130 PROJE UYGULAMASI&quot;,&quot;orientation&quot;:&quot;0&quot;}\" data-image-title=\"\u00dcniversiteli \u00f6\u011frencilerden minikler i\u00e7in e\u011fitici proje uygulamas\u0131\" data-image-description=\"&lt;p&gt;\u00dcniversiteli \u00f6\u011frencilerden minikler i\u00e7in e\u011fitici proje uygulamas\u0131&lt;\/p&gt; \" data-medium-file=\"https:\/\/i0.wp.com\/www.tvturk.com\/wp-content\/uploads\/2019\/02\/universiteli-ogrencilerden-minikler-icin-egitici-proje-uygulamasi_39bcaec.jpg?fit=300%2C225\" data-large-file=\"https:\/\/i0.wp.com\/www.tvturk.com\/wp-content\/uploads\/2019\/02\/universiteli-ogrencilerden-minikler-icin-egitici-proje-uygulamasi_39bcaec.jpg?fit=1000%2C750\" src=\"https:\/\/i0.wp.com\/www.tvturk.com\/wp-content\/uploads\/2019\/02\/universiteli-ogrencilerden-minikler-icin-egitici-proje-uygulamasi_39bcaec.jpg?w=320&#038;h=240\" srcset=\"https:\/\/i0.wp.com\/www.tvturk.com\/wp-content\/uploads\/2019\/02\/universiteli-ogrencilerden-minikler-icin-egitici-proje-uygulamasi_39bcaec.jpg?w=1000 1000w, https:\/\/i0.wp.com\/www.tvturk.com\/wp-content\/uploads\/2019\/02\/universiteli-ogrencilerden-minikler-icin-egitici-proje-uygulamasi_39bcaec.jpg?resize=150%2C113 150w, https:\/\/i0.wp.com\/www.tvturk.com\/wp-content\/uploads\/2019\/02\/universiteli-ogrencilerden-minikler-icin-egitici-proje-uygulamasi_39bcaec.jpg?resize=300%2C225 300w, https:\/\/i0.wp.com\/www.tvturk.com\/wp-content\/uploads\/2019\/02\/universiteli-ogrencilerden-minikler-icin-egitici-proje-uygulamasi_39bcaec.jpg?resize=768%2C576 768w\" width=\"320\" height=\"240\" loading=\"lazy\" data-original-width=\"320\" data-original-height=\"240\" itemprop=\"http:\/\/schema.org\/image\" title=\"\u00dcniversiteli \u00f6\u011frencilerden minikler i\u00e7in e\u011fitici proje uygulamas\u0131\" alt=\"\u00dcniversiteli \u00f6\u011frencilerden minikler i\u00e7in e\u011fitici proje uygulamas\u0131\" style=\"width: 320px; height: 240px;\" \/> <\/a> <\/div> <\/div> <!-- close group --> <div class=\"gallery-group images-2\" style=\"width: 176px; height: 244px;\" data-original-width=\"176\" data-original-height=\"244\" > <div class=\"tiled-gallery-item tiled-gallery-item-small\" itemprop=\"associatedMedia\" itemscope itemtype=\"http:\/\/schema.org\/ImageObject\"> <a href=\"http:\/\/www.tvturk.com\/index.php\/universiteli-ogrencilerden-minikler-icin-egitici-proje-uygulamasi\/universiteli-ogrencilerden-minikler-icin-egitici-proje-uygulamasi-4\/\" border=\"0\" itemprop=\"url\"> <meta itemprop=\"width\" content=\"172\"> <meta itemprop=\"height\" content=\"129\"> <img decoding=\"async\" class=\"\" data-attachment-id=\"12275\" data-orig-file=\"http:\/\/www.tvturk.com\/wp-content\/uploads\/2019\/02\/universiteli-ogrencilerden-minikler-icin-egitici-proje-uygulamasi_6bda8c9.jpg\" data-orig-size=\"1000,750\" data-comments-opened=\"\" data-image-meta=\"{&quot;aperture&quot;:&quot;0&quot;,&quot;credit&quot;:&quot;IHA&quot;,&quot;camera&quot;:&quot;&quot;,&quot;caption&quot;:&quot;K\\u0130L\\u0130S 7 \\u00dcN\\u0130VERS\\u0130TES\\u0130 SA\\u011eLIK H\\u0130ZMETLER\\u0130 MESLEK Y\\u00dcKSEKOKULU F\\u0130ZYOTERAP\\u0130 B\\u00d6L\\u00dcM\\u00dc\\u2019NDE \\u00d6\\u011eREN\\u0130M G\\u00d6REN \\u00d6\\u011eRENC\\u0130LER\\u0130N SOSYAL DUYARLILIK DERS\\u0130 KAPSAMINDA \\u201c M\\u0130N\\u0130KLERE E\\u011eLENCEL\\u0130 VE E\\u011e\\u0130T\\u0130C\\u0130 GEL\\u0130\\u015e\\u0130M \\u00c7\\u0130ZG\\u0130LER\\u0130 \\u201d ADLI PROJE UYGULAMASINA BA\\u015eLADILAR. (MEHMET AL\\u0130 DA\\u011e\\\/K\\u0130L\\u0130S-\\u0130HA)&quot;,&quot;created_timestamp&quot;:&quot;0&quot;,&quot;copyright&quot;:&quot;\\u0130HLAS HABER AJANSI, www.iha.com.tr&quot;,&quot;focal_length&quot;:&quot;0&quot;,&quot;iso&quot;:&quot;0&quot;,&quot;shutter_speed&quot;:&quot;0&quot;,&quot;title&quot;:&quot;\\u00dcN\\u0130VERS\\u0130TEL\\u0130 \\u00d6\\u011eRENC\\u0130LERDEN M\\u0130N\\u0130KLER \\u0130\\u00c7\\u0130N E\\u011e\\u0130T\\u0130C\\u0130 PROJE UYGULAMASI&quot;,&quot;orientation&quot;:&quot;0&quot;}\" data-image-title=\"\u00dcniversiteli \u00f6\u011frencilerden minikler i\u00e7in e\u011fitici proje uygulamas\u0131\" data-image-description=\"&lt;p&gt;\u00dcniversiteli \u00f6\u011frencilerden minikler i\u00e7in e\u011fitici proje uygulamas\u0131&lt;\/p&gt; \" data-medium-file=\"https:\/\/i0.wp.com\/www.tvturk.com\/wp-content\/uploads\/2019\/02\/universiteli-ogrencilerden-minikler-icin-egitici-proje-uygulamasi_6bda8c9.jpg?fit=300%2C225\" data-large-file=\"https:\/\/i0.wp.com\/www.tvturk.com\/wp-content\/uploads\/2019\/02\/universiteli-ogrencilerden-minikler-icin-egitici-proje-uygulamasi_6bda8c9.jpg?fit=1000%2C750\" src=\"https:\/\/i0.wp.com\/www.tvturk.com\/wp-content\/uploads\/2019\/02\/universiteli-ogrencilerden-minikler-icin-egitici-proje-uygulamasi_6bda8c9.jpg?w=172&#038;h=129\" srcset=\"https:\/\/i0.wp.com\/www.tvturk.com\/wp-content\/uploads\/2019\/02\/universiteli-ogrencilerden-minikler-icin-egitici-proje-uygulamasi_6bda8c9.jpg?w=1000 1000w, https:\/\/i0.wp.com\/www.tvturk.com\/wp-content\/uploads\/2019\/02\/universiteli-ogrencilerden-minikler-icin-egitici-proje-uygulamasi_6bda8c9.jpg?resize=150%2C113 150w, https:\/\/i0.wp.com\/www.tvturk.com\/wp-content\/uploads\/2019\/02\/universiteli-ogrencilerden-minikler-icin-egitici-proje-uygulamasi_6bda8c9.jpg?resize=300%2C225 300w, https:\/\/i0.wp.com\/www.tvturk.com\/wp-content\/uploads\/2019\/02\/universiteli-ogrencilerden-minikler-icin-egitici-proje-uygulamasi_6bda8c9.jpg?resize=768%2C576 768w\" width=\"172\" height=\"129\" loading=\"lazy\" data-original-width=\"172\" data-original-height=\"129\" itemprop=\"http:\/\/schema.org\/image\" title=\"\u00dcniversiteli \u00f6\u011frencilerden minikler i\u00e7in e\u011fitici proje uygulamas\u0131\" alt=\"\u00dcniversiteli \u00f6\u011frencilerden minikler i\u00e7in e\u011fitici proje uygulamas\u0131\" style=\"width: 172px; height: 129px;\" \/> <\/a> <\/div> <div class=\"tiled-gallery-item tiled-gallery-item-small\" itemprop=\"associatedMedia\" itemscope itemtype=\"http:\/\/schema.org\/ImageObject\"> <a href=\"http:\/\/www.tvturk.com\/index.php\/universiteli-ogrencilerden-minikler-icin-egitici-proje-uygulamasi\/universiteli-ogrencilerden-minikler-icin-egitici-proje-uygulamasi-5\/\" border=\"0\" itemprop=\"url\"> <meta itemprop=\"width\" content=\"172\"> <meta itemprop=\"height\" content=\"107\"> <img decoding=\"async\" class=\"\" data-attachment-id=\"12276\" data-orig-file=\"http:\/\/www.tvturk.com\/wp-content\/uploads\/2019\/02\/universiteli-ogrencilerden-minikler-icin-egitici-proje-uygulamasi_e78f80b.jpg\" data-orig-size=\"1000,627\" data-comments-opened=\"\" data-image-meta=\"{&quot;aperture&quot;:&quot;0&quot;,&quot;credit&quot;:&quot;IHA&quot;,&quot;camera&quot;:&quot;&quot;,&quot;caption&quot;:&quot;K\\u0130L\\u0130S 7 \\u00dcN\\u0130VERS\\u0130TES\\u0130 SA\\u011eLIK H\\u0130ZMETLER\\u0130 MESLEK Y\\u00dcKSEKOKULU F\\u0130ZYOTERAP\\u0130 B\\u00d6L\\u00dcM\\u00dc\\u2019NDE \\u00d6\\u011eREN\\u0130M G\\u00d6REN \\u00d6\\u011eRENC\\u0130LER\\u0130N SOSYAL DUYARLILIK DERS\\u0130 KAPSAMINDA \\u201c M\\u0130N\\u0130KLERE E\\u011eLENCEL\\u0130 VE E\\u011e\\u0130T\\u0130C\\u0130 GEL\\u0130\\u015e\\u0130M \\u00c7\\u0130ZG\\u0130LER\\u0130 \\u201d ADLI PROJE UYGULAMASINA BA\\u015eLADILAR. (MEHMET AL\\u0130 DA\\u011e\\\/K\\u0130L\\u0130S-\\u0130HA)&quot;,&quot;created_timestamp&quot;:&quot;0&quot;,&quot;copyright&quot;:&quot;\\u0130HLAS HABER AJANSI, www.iha.com.tr&quot;,&quot;focal_length&quot;:&quot;0&quot;,&quot;iso&quot;:&quot;0&quot;,&quot;shutter_speed&quot;:&quot;0&quot;,&quot;title&quot;:&quot;\\u00dcN\\u0130VERS\\u0130TEL\\u0130 \\u00d6\\u011eRENC\\u0130LERDEN M\\u0130N\\u0130KLER \\u0130\\u00c7\\u0130N E\\u011e\\u0130T\\u0130C\\u0130 PROJE UYGULAMASI&quot;,&quot;orientation&quot;:&quot;0&quot;}\" data-image-title=\"\u00dcniversiteli \u00f6\u011frencilerden minikler i\u00e7in e\u011fitici proje uygulamas\u0131\" data-image-description=\"&lt;p&gt;\u00dcniversiteli \u00f6\u011frencilerden minikler i\u00e7in e\u011fitici proje uygulamas\u0131&lt;\/p&gt; \" data-medium-file=\"https:\/\/i0.wp.com\/www.tvturk.com\/wp-content\/uploads\/2019\/02\/universiteli-ogrencilerden-minikler-icin-egitici-proje-uygulamasi_e78f80b.jpg?fit=300%2C188\" data-large-file=\"https:\/\/i0.wp.com\/www.tvturk.com\/wp-content\/uploads\/2019\/02\/universiteli-ogrencilerden-minikler-icin-egitici-proje-uygulamasi_e78f80b.jpg?fit=1000%2C627\" src=\"https:\/\/i0.wp.com\/www.tvturk.com\/wp-content\/uploads\/2019\/02\/universiteli-ogrencilerden-minikler-icin-egitici-proje-uygulamasi_e78f80b.jpg?w=172&#038;h=107\" srcset=\"https:\/\/i0.wp.com\/www.tvturk.com\/wp-content\/uploads\/2019\/02\/universiteli-ogrencilerden-minikler-icin-egitici-proje-uygulamasi_e78f80b.jpg?w=1000 1000w, https:\/\/i0.wp.com\/www.tvturk.com\/wp-content\/uploads\/2019\/02\/universiteli-ogrencilerden-minikler-icin-egitici-proje-uygulamasi_e78f80b.jpg?resize=150%2C94 150w, https:\/\/i0.wp.com\/www.tvturk.com\/wp-content\/uploads\/2019\/02\/universiteli-ogrencilerden-minikler-icin-egitici-proje-uygulamasi_e78f80b.jpg?resize=300%2C188 300w, https:\/\/i0.wp.com\/www.tvturk.com\/wp-content\/uploads\/2019\/02\/universiteli-ogrencilerden-minikler-icin-egitici-proje-uygulamasi_e78f80b.jpg?resize=768%2C482 768w, https:\/\/i0.wp.com\/www.tvturk.com\/wp-content\/uploads\/2019\/02\/universiteli-ogrencilerden-minikler-icin-egitici-proje-uygulamasi_e78f80b.jpg?resize=243%2C150 243w, https:\/\/i0.wp.com\/www.tvturk.com\/wp-content\/uploads\/2019\/02\/universiteli-ogrencilerden-minikler-icin-egitici-proje-uygulamasi_e78f80b.jpg?resize=460%2C290 460w\" width=\"172\" height=\"107\" loading=\"lazy\" data-original-width=\"172\" data-original-height=\"107\" itemprop=\"http:\/\/schema.org\/image\" title=\"\u00dcniversiteli \u00f6\u011frencilerden minikler i\u00e7in e\u011fitici proje uygulamas\u0131\" alt=\"\u00dcniversiteli \u00f6\u011frencilerden minikler i\u00e7in e\u011fitici proje uygulamas\u0131\" style=\"width: 172px; height: 107px;\" \/> <\/a> <\/div> <\/div> <!-- close group --> <\/div> <!-- close row --> <\/div><\/p>\n","protected":false},"excerpt":{"rendered":"<p>K\u0130L\u0130S 7 \u00dcN\u0130VERS\u0130TES\u0130 SA\u011eLIK H\u0130ZMETLER\u0130 MESLEK Y\u00dcKSEKOKULU F\u0130ZYOTERAP\u0130 B\u00d6L\u00dcM\u00dc\u2019NDE \u00d6\u011eREN\u0130M G\u00d6REN \u00d6\u011eRENC\u0130LER\u0130N SOSYAL DUYARLILIK DERS\u0130 KAPSAMINDA \u201c M\u0130N\u0130KLERE E\u011eLENCEL\u0130 VE E\u011e\u0130T\u0130C\u0130 GEL\u0130\u015e\u0130M \u00c7\u0130ZG\u0130LER\u0130 \u201d  ADLI PROJE UYGULAMASINA BA\u015eLADILAR.<\/p>\n","protected":false},"author":1,"featured_media":12273,"comment_status":"closed","ping_status":"open","sticky":false,"template":"","format":"standard","meta":{"jetpack_post_was_ever_published":false,"_jetpack_newsletter_access":"","_jetpack_dont_email_post_to_subs":false,"_jetpack_newsletter_tier_id":0,"_jetpack_memberships_contains_paywalled_content":false,"_jetpack_memberships_contains_paid_content":false,"footnotes":"","jetpack_publicize_message":"","jetpack_publicize_feature_enabled":true,"jetpack_social_post_already_shared":false,"jetpack_social_options":{"image_generator_settings":{"template":"highway","default_image_id":0,"font":"","enabled":false},"version":2}},"categories":[659],"tags":[4813,44,2786,3174,1456,2488,861],"class_list":["post-12272","post","type-post","status-publish","format-standard","has-post-thumbnail","hentry","category-egitim","tag-egitici","tag-icin","tag-minikler","tag-ogrencilerden","tag-proje","tag-universiteli","tag-uygulamasi"],"jetpack_publicize_connections":[],"jetpack_featured_media_url":"https:\/\/i0.wp.com\/www.tvturk.com\/wp-content\/uploads\/2019\/02\/universiteli-ogrencilerden-minikler-icin-egitici-proje-uygulamasi_7a4f017.jpg?fit=1000%2C750","jetpack_sharing_enabled":true,"jetpack_shortlink":"https:\/\/wp.me\/paKIfm-3bW","_links":{"self":[{"href":"http:\/\/www.tvturk.com\/index.php\/wp-json\/wp\/v2\/posts\/12272","targetHints":{"allow":["GET"]}}],"collection":[{"href":"http:\/\/www.tvturk.com\/index.php\/wp-json\/wp\/v2\/posts"}],"about":[{"href":"http:\/\/www.tvturk.com\/index.php\/wp-json\/wp\/v2\/types\/post"}],"author":[{"embeddable":true,"href":"http:\/\/www.tvturk.com\/index.php\/wp-json\/wp\/v2\/users\/1"}],"replies":[{"embeddable":true,"href":"http:\/\/www.tvturk.com\/index.php\/wp-json\/wp\/v2\/comments?post=12272"}],"version-history":[{"count":1,"href":"http:\/\/www.tvturk.com\/index.php\/wp-json\/wp\/v2\/posts\/12272\/revisions"}],"predecessor-version":[{"id":12277,"href":"http:\/\/www.tvturk.com\/index.php\/wp-json\/wp\/v2\/posts\/12272\/revisions\/12277"}],"wp:featuredmedia":[{"embeddable":true,"href":"http:\/\/www.tvturk.com\/index.php\/wp-json\/wp\/v2\/media\/12273"}],"wp:attachment":[{"href":"http:\/\/www.tvturk.com\/index.php\/wp-json\/wp\/v2\/media?parent=12272"}],"wp:term":[{"taxonomy":"category","embeddable":true,"href":"http:\/\/www.tvturk.com\/index.php\/wp-json\/wp\/v2\/categories?post=12272"},{"taxonomy":"post_tag","embeddable":true,"href":"http:\/\/www.tvturk.com\/index.php\/wp-json\/wp\/v2\/tags?post=12272"}],"curies":[{"name":"wp","href":"https:\/\/api.w.org\/{rel}","templated":true}]}}