{"id":123063,"date":"2019-04-03T16:54:07","date_gmt":"2019-04-03T13:54:07","guid":{"rendered":"http:\/\/www.tvturk.com\/index.php\/kardemirin-temellerinin-atilmasi-ve-karabukun-kurulusunun-82-yil-donumu\/"},"modified":"2019-04-03T16:54:12","modified_gmt":"2019-04-03T13:54:12","slug":"kardemirin-temellerinin-atilmasi-ve-karabukun-kurulusunun-82-yil-donumu","status":"publish","type":"post","link":"http:\/\/www.tvturk.com\/index.php\/kardemirin-temellerinin-atilmasi-ve-karabukun-kurulusunun-82-yil-donumu\/","title":{"rendered":"Kardemir\u2019in temellerinin at\u0131lmas\u0131 ve Karab\u00fck\u2019\u00fcn kurulu\u015funun 82. y\u0131l d\u00f6n\u00fcm\u00fc"},"content":{"rendered":"<p>Karab\u00fck Demir \u00c7elik Fabrikalar\u0131 A.\u015e\u2019nin (KARDEM\u0130R) temelinin at\u0131lmas\u0131 ve Karab\u00fck\u2019\u00fcn kurulu\u015funun 82. y\u0131l d\u00f6n\u00fcm\u00fc t\u00f6renlerle kutland\u0131.<\/p>\n<p>Karab\u00fck Demir \u00c7elik Fabrikalar\u0131\u2019n\u0131n temelinin at\u0131lmas\u0131 ve Karab\u00fck\u2019\u00fcn kurulu\u015funun 82. Y\u0131l d\u00f6n\u00fcm\u00fc dolay\u0131s\u0131yla Kent Meydan\u0131 Atat\u00fcrk An\u0131t\u0131nda t\u00f6ren d\u00fczenlendi. T\u00f6ren komitesi ad\u0131na Karab\u00fck Valisi Say\u0131n Fuat G\u00fcrel taraf\u0131ndan Atat\u00fcrk An\u0131t\u0131na \u00e7elenk sunumu ile ba\u015flayan t\u00f6rene Karab\u00fck Belediye Ba\u015fkan\u0131 Rafet Vergili, Karab\u00fck Milletvekilleri Cumhur \u00dcnal ve Niyazi G\u00fcne\u015f, KB\u00dc Rekt\u00f6r\u00fc Prof. Dr. Refik Polat, \u0130l \u00d6zel \u0130dare Genel Sekreteri Mehmet Uzun, KARDEM\u0130R A.\u015e. Y\u00f6netim Kurulu Ba\u015fkan\u0131 Kamil G\u00fcle\u00e7, KARDEM\u0130R A.\u015e. Genel M\u00fcd\u00fcr\u00fc Dr. H\u00fcseyin Soykan, di\u011fer protokol \u00fcyeleri, kurum m\u00fcd\u00fcrleri, sivil toplum kurulu\u015fu temsilcileri, siyasi parti temsilcileri, KARDEM\u0130R i\u015f\u00e7ileri, askeri personel, \u00f6\u011frenciler ve vatanda\u015flar kat\u0131ld\u0131.<\/p>\n<p>Sayg\u0131 duru\u015fu ve \u0130stiklal Mar\u015f\u0131\u2019n\u0131n okunmas\u0131n\u0131n ard\u0131ndan \u00f6\u011frenciler taraf\u0131ndan g\u00fcn\u00fcn anlam ve \u00f6nemini belirten \u015fiirler ve kompozisyonlar okundu.<\/p>\n<p>T\u00f6rende konu\u015fan KARDEM\u0130R A.\u015e. Genel M\u00fcd\u00fcr\u00fc Dr. H\u00fcseyin Soykan 2018 y\u0131l\u0131nda, 2 Milyon 413 Bin ton s\u0131v\u0131 \u00e7elik \u00fcretimi ger\u00e7ekle\u015ftirdiklerini belirterek, \u201cBu \u00fcretim, KARDEM\u0130R\u2019in art\u0131k d\u00fcnya \u00f6l\u00e7e\u011finde \u00fcretim yapan kurulu\u015flar aras\u0131nda oldu\u011funun bir g\u00f6stergesi. Rekabetin \u00e7ok keskin oldu\u011fu bu sekt\u00f6rde, sadece \u00fcretimlerinizi art\u0131rmak tabi ki yeterli de\u011fil. \u00dcr\u00fcn \u00e7e\u015fitlili\u011fi sa\u011flaman\u0131z laz\u0131m ve bunu yaparken de herkesin \u00fcretti\u011fini de\u011fil, \u00fcretilmeyeni \u00fcreterek fark\u0131ndal\u0131k olu\u015fturman\u0131z gerek\u201d dedi.<\/p>\n<p>\u201cDemiryolu Tekeri \u00dcretim Tesisinde 700 Milyon TL harcama yap\u0131ld\u0131\u201d<\/p>\n<p>Soykan, Cumhuriyetin 100. y\u0131l hedeflerinden birisi de milli savunma sanayinin kurulmas\u0131 oldu\u011funu ifade ederek \u201cSon y\u0131llarda yap\u0131lan \u00e7al\u0131\u015fmalar ile savunma sanayiinde ki yerlilik oranlar\u0131 y\u00fczde 65\u2019lerin \u00fczerine \u00e7\u0131km\u0131\u015ft\u0131r. T\u00fcrk \u00e7elik sekt\u00f6r\u00fcn\u00fcn mihenk ta\u015f\u0131 KARDEM\u0130R olarak, bu b\u00fcy\u00fck hedefin d\u0131\u015f\u0131nda kalmak istemiyoruz, kalamay\u0131z. Bu ama\u00e7la, savunma sanayimizin ihtiya\u00e7 duydu\u011fu \u00e7elik kalitelerinin \u00fcretilebilmesine y\u00f6nelik \u015firketimizde bir \u00e7al\u0131\u015fma grubu olu\u015fturduk. Savunma Sanayi Ba\u015fkanl\u0131\u011f\u0131 ba\u015fta olmak \u00fczere ilgili t\u00fcm \u00f6zel ve resmi kurum ve kurulu\u015flar ile ortak projeler geli\u015ftirilmesi i\u00e7in bir \u00e7al\u0131\u015fma ba\u015flatt\u0131k.  Yine ge\u00e7ti\u011fimiz y\u0131l \u00fclkemizin stratejik yat\u0131r\u0131mlar\u0131 aras\u0131nda yer alan Demiryolu Tekeri \u00dcretim Tesisinde ilk ham teker \u00fcretimini ger\u00e7ekle\u015ftirdik. Tamamen robotik olarak kurulan tesis i\u00e7in bug\u00fcne kadar yakla\u015f\u0131k 700 Milyon TL harcama yap\u0131ld\u0131. Halen test \u00fcretimlerimiz devam ediyor ve bu y\u0131l\u0131n ikinci yar\u0131s\u0131nda seri \u00fcretime ge\u00e7mek istiyoruz\u201d diye konu\u015ftu.<\/p>\n<p>Hedeflerinin \u00fcretim kapasitesini 3,5 milyon tona \u00e7\u0131kar\u0131lmak oldu\u011funu kaydeden Soykan, \u201cBu ama\u00e7la \u00c7elikhane b\u00f6lgemizde yeni yat\u0131r\u0131mlara ba\u015flad\u0131k. Bu y\u0131lsonunda tamamlanacak olan bu yat\u0131r\u0131mlarla, hedeflerimize bir ad\u0131m daha yakla\u015fm\u0131\u015f olaca\u011f\u0131z. 2018 y\u0131l\u0131 \u015firketimiz i\u00e7in \u00e7evre yat\u0131r\u0131mlar\u0131 y\u0131l\u0131 olmu\u015ftur. Gerek \u00c7evre ve \u015eehircilik Bakanl\u0131\u011f\u0131m\u0131za ve gerekse Karab\u00fck Belediyemize taahh\u00fctlerimiz do\u011frultusunda ba\u015flad\u0131\u011f\u0131m\u0131z \u00e7evre yat\u0131r\u0131mlar\u0131m\u0131z\u0131n t\u00fcm\u00fc tamamlanm\u0131\u015ft\u0131r. \u00c7evre izni-lisans\u0131 al\u0131nmas\u0131 \u00e7al\u0131\u015fmalar\u0131m\u0131z\u0131 ise ba\u015flatm\u0131\u015f bulunmaktay\u0131z. Uzun soluklu bu \u00e7al\u0131\u015fmalar neticesinde, art\u0131k \u015fehrimizin g\u00fcndeminden \u00e7evre kirlili\u011fi mefhumunu \u00e7\u0131karmak istiyoruz\u201d ifadelerine yer verdi.<\/p>\n<p>\u201cKARDEM\u0130R 2023 vizyonu ismiyle yeni bir dijital d\u00f6n\u00fc\u015f\u00fcm projesi ba\u015flatt\u0131k\u201d<\/p>\n<p>T\u00fcrkiye\u2019nin 2018 itibariyle d\u00fcnyan\u0131n 8\u2019inci, Avrupa\u2019n\u0131n ise 2\u2019inci b\u00fcy\u00fck \u00e7elik \u00fcreticisi konumunda oldu\u011funu dile getiren Soykan \u015funlar\u0131 s\u00f6yledi: \u201cBu b\u00fcy\u00fck geli\u015fimde, \u015f\u00fcphesiz ki her Karab\u00fck\u2019l\u00fcn\u00fcn emek ve al\u0131n teri vard\u0131r. Bunu ba\u015farabilmek i\u00e7in d\u00fcnyadaki geli\u015fimlerin gerisinde kalmamal\u0131y\u0131z. Bug\u00fcn D\u00fcnya\u2019da ve T\u00fcrkiye\u2019de End\u00fcstri 4.0 ve dijital d\u00f6n\u00fc\u015f\u00fcm yolculu\u011fu h\u0131zl\u0131 bir \u015fekilde ilerlemeye devam ediyor. \u0130novatif s\u00fcre\u00e7lerimizi h\u0131zland\u0131rmak, t\u00fcm \u00fcretim hatlar\u0131m\u0131z\u0131 daha esnek hale getirmek, t\u00fcm beklentileri kar\u015f\u0131layacak \u00fcr\u00fcnler \u00fcretmek, \u00fcretirken en verimli ve sa\u011fl\u0131kl\u0131 \u015fekilde \u00fcretmek zorunday\u0131z. Bunun i\u00e7in m\u00fchendislik ve programlama kabiliyetlerimizi geli\u015ftirmeliyiz. Bu ama\u00e7la KARDEM\u0130R olarak Cumhuriyetimizin 100. Kurulu\u015f Y\u0131l d\u00f6n\u00fcm\u00fc ve \u00fclkemizin stratejileri ile uyumlu olmas\u0131 a\u00e7\u0131s\u0131ndan KARDEM\u0130R 2023 vizyonu ismiyle yeni bir dijital d\u00f6n\u00fc\u015f\u00fcm projesi ba\u015flatt\u0131k. Kurumsal Kaynak Planlamas\u0131 yaz\u0131l\u0131mlar\u0131m\u0131z\u0131 yenilemek i\u00e7in gerekli ad\u0131mlar\u0131 att\u0131k. Proje i\u00e7in \u00e7al\u0131\u015fma plan\u0131 ve ekiplerini olu\u015fturarak bu dijital d\u00f6n\u00fc\u015f\u00fcm\u00fc ger\u00e7ekle\u015ftirece\u011fiz. S\u00f6zlerime burada son verirken 82. kurulu\u015f y\u0131l d\u00f6n\u00fcm\u00fcm\u00fcz\u00fc kutluyor, KARDEM\u0130R ve Karab\u00fck\u2019\u00fcn geli\u015fimine 82 y\u0131ld\u0131r emek ve katk\u0131 verenlere bir kez daha minnet ve \u015f\u00fckranlar\u0131m\u0131 sunuyor ve sizleri sayg\u0131yla selaml\u0131yorum.\u201d<\/p>\n<p>Karab\u00fck Valisi Fuat G\u00fcrel, \u201cCumhuriyetin kurucusu Mustafa Kemal Atat\u00fcrk, \u00e7ok b\u00fcy\u00fck bir dahi olarak, asl\u0131nda b\u00f6lgemizde Karab\u00fck\u00fcm\u00fczde kurulan fabrikan\u0131n hi\u00e7bir ham maddesi olmamas\u0131na ra\u011fmen 2. D\u00fcnya Sava\u015f\u0131 \u00f6ncesinde stratejik bir yer olarak se\u00e7ilmesinde o d\u00f6nemin y\u00f6neticilerinin \u00e7ok b\u00fcy\u00fck \u00f6ng\u00f6r\u00fcs\u00fc var. Bu da yeni bir \u015fehrin ortaya \u00e7\u0131kmas\u0131na sebep olmu\u015f. KARDEM\u0130R e\u015fittir Karab\u00fck. Bazen KARDEM\u0130R ile alakal\u0131 birtak\u0131m tart\u0131\u015fmalar ya\u015fan\u0131yor. KARDEM\u0130R bu b\u00f6lgenin vazge\u00e7ilmez bir tesisidir, \u00fclkemizin en \u00f6nemli stratejik tesisidir. Bu \u015fehir KARDEM\u0130R ile var olmu\u015f, KARDEM\u0130R ile ileriye ta\u015f\u0131nacak. \u015eehrimizin  ve KARDEM\u0130R\u2019in kurulu\u015f y\u0131l d\u00f6n\u00fcm\u00fcn\u00fc kutluyorum\u201d dedi.<\/p>\n<p>Protokol konu\u015fmalar\u0131n\u0131n ard\u0131ndan, t\u00f6ren il genelinde d\u00fczenlenen \u015fiir, kompozisyon ve spor m\u00fcsabakalar\u0131nda dereceye giren \u00f6\u011frencilere protokol \u00fcyeleri taraf\u0131ndan hediyelerinin verilmesi ile sona erdi.<div class=\"tiled-gallery type-rectangular tiled-gallery-unresized\" data-original-width=\"500\" data-carousel-extra='null' itemscope itemtype=\"http:\/\/schema.org\/ImageGallery\" > <div class=\"gallery-row\" style=\"width: 500px; height: 224px;\" data-original-width=\"500\" data-original-height=\"224\" > <div class=\"gallery-group images-1\" style=\"width: 334px; height: 224px;\" data-original-width=\"334\" data-original-height=\"224\" > <div class=\"tiled-gallery-item tiled-gallery-item-large\" itemprop=\"associatedMedia\" itemscope itemtype=\"http:\/\/schema.org\/ImageObject\"> <a href=\"http:\/\/www.tvturk.com\/index.php\/kardemirin-temellerinin-atilmasi-ve-karabukun-kurulusunun-82-yil-donumu\/kardemirin-temellerinin-atilmasi-ve-karabukun-kurulusunun-82-yil-donumu-3\/\" border=\"0\" itemprop=\"url\"> <meta itemprop=\"width\" content=\"330\"> <meta itemprop=\"height\" content=\"220\"> <img decoding=\"async\" class=\"\" data-attachment-id=\"123065\" data-orig-file=\"http:\/\/www.tvturk.com\/wp-content\/uploads\/2019\/04\/kardemirin-temellerinin-atilmasi-ve-karabukun-kurulusunun-82-yil-donumu_896df61.jpg\" data-orig-size=\"1000,666\" data-comments-opened=\"\" data-image-meta=\"{&quot;aperture&quot;:&quot;0&quot;,&quot;credit&quot;:&quot;IHA&quot;,&quot;camera&quot;:&quot;&quot;,&quot;caption&quot;:&quot;PROTOKOL KONU\\u015eMALARININ ARDINDAN, T\\u00d6REN \\u0130L GENEL\\u0130NDE D\\u00dcZENLENEN \\u015e\\u0130\\u0130R, KOMPOZ\\u0130SYON VE SPOR M\\u00dcSABAKALARINDA DERECEYE G\\u0130REN \\u00d6\\u011eRENC\\u0130LERE PROTOKOL \\u00dcYELER\\u0130 TARAFINDAN HED\\u0130YELER\\u0130N\\u0130N VER\\u0130LMES\\u0130 \\u0130LE SONA ERD\\u0130. (FAT\\u0130H \\u00dcNL\\u00dc - RIDVAN BOSTANCI - YAS\\u0130N ERDEM\\\/KARAB\\u00dcK-\\u0130HA)&quot;,&quot;created_timestamp&quot;:&quot;0&quot;,&quot;copyright&quot;:&quot;\\u0130HLAS HABER AJANSI, www.iha.com.tr&quot;,&quot;focal_length&quot;:&quot;0&quot;,&quot;iso&quot;:&quot;0&quot;,&quot;shutter_speed&quot;:&quot;0&quot;,&quot;title&quot;:&quot;KARDEM\\u0130R\\u2019\\u0130N TEMELLER\\u0130N\\u0130N ATILMASI VE KARAB\\u00dcK\\u2019\\u00dcN KURULU\\u015eUNUN 82. YIL D\\u00d6N\\u00dcM\\u00dc KARDEM\\u0130R A.\\u015e. GENEL M\\u00dcD\\u00dcR\\u00dc DR. H\\u00dcSEY\\u0130N SOYKAN: \\u201cKARDEM\\u0130R 2023 V\\u0130ZYONU \\u0130SM\\u0130YLE YEN\\u0130 B\\u0130R D\\u0130J\\u0130TAL D\\u00d6N\\u00dc\\u015e\\u00dcM PROJES\\u0130 BA\\u015eLATTIK\\u201d&quot;,&quot;orientation&quot;:&quot;0&quot;}\" data-image-title=\"Kardemir\u2019in temellerinin at\u0131lmas\u0131 ve Karab\u00fck\u2019\u00fcn kurulu\u015funun 82. y\u0131l d\u00f6n\u00fcm\u00fc\" data-image-description=\"&lt;p&gt;Kardemir\u2019in temellerinin at\u0131lmas\u0131 ve Karab\u00fck\u2019\u00fcn kurulu\u015funun 82. y\u0131l d\u00f6n\u00fcm\u00fc&lt;\/p&gt; \" data-medium-file=\"https:\/\/i0.wp.com\/www.tvturk.com\/wp-content\/uploads\/2019\/04\/kardemirin-temellerinin-atilmasi-ve-karabukun-kurulusunun-82-yil-donumu_896df61.jpg?fit=300%2C200\" data-large-file=\"https:\/\/i0.wp.com\/www.tvturk.com\/wp-content\/uploads\/2019\/04\/kardemirin-temellerinin-atilmasi-ve-karabukun-kurulusunun-82-yil-donumu_896df61.jpg?fit=1000%2C666\" src=\"https:\/\/i0.wp.com\/www.tvturk.com\/wp-content\/uploads\/2019\/04\/kardemirin-temellerinin-atilmasi-ve-karabukun-kurulusunun-82-yil-donumu_896df61.jpg?w=330&#038;h=220\" srcset=\"https:\/\/i0.wp.com\/www.tvturk.com\/wp-content\/uploads\/2019\/04\/kardemirin-temellerinin-atilmasi-ve-karabukun-kurulusunun-82-yil-donumu_896df61.jpg?w=1000 1000w, https:\/\/i0.wp.com\/www.tvturk.com\/wp-content\/uploads\/2019\/04\/kardemirin-temellerinin-atilmasi-ve-karabukun-kurulusunun-82-yil-donumu_896df61.jpg?resize=150%2C100 150w, https:\/\/i0.wp.com\/www.tvturk.com\/wp-content\/uploads\/2019\/04\/kardemirin-temellerinin-atilmasi-ve-karabukun-kurulusunun-82-yil-donumu_896df61.jpg?resize=300%2C200 300w, https:\/\/i0.wp.com\/www.tvturk.com\/wp-content\/uploads\/2019\/04\/kardemirin-temellerinin-atilmasi-ve-karabukun-kurulusunun-82-yil-donumu_896df61.jpg?resize=768%2C511 768w, https:\/\/i0.wp.com\/www.tvturk.com\/wp-content\/uploads\/2019\/04\/kardemirin-temellerinin-atilmasi-ve-karabukun-kurulusunun-82-yil-donumu_896df61.jpg?resize=170%2C113 170w, https:\/\/i0.wp.com\/www.tvturk.com\/wp-content\/uploads\/2019\/04\/kardemirin-temellerinin-atilmasi-ve-karabukun-kurulusunun-82-yil-donumu_896df61.jpg?resize=120%2C80 120w\" width=\"330\" height=\"220\" loading=\"lazy\" data-original-width=\"330\" data-original-height=\"220\" itemprop=\"http:\/\/schema.org\/image\" title=\"Kardemir\u2019in temellerinin at\u0131lmas\u0131 ve Karab\u00fck\u2019\u00fcn kurulu\u015funun 82. y\u0131l d\u00f6n\u00fcm\u00fc\" alt=\"Kardemir\u2019in temellerinin at\u0131lmas\u0131 ve Karab\u00fck\u2019\u00fcn kurulu\u015funun 82. y\u0131l d\u00f6n\u00fcm\u00fc\" style=\"width: 330px; height: 220px;\" \/> <\/a> <\/div> <\/div> <!-- close group --> <div class=\"gallery-group images-2\" style=\"width: 166px; height: 224px;\" data-original-width=\"166\" data-original-height=\"224\" > <div class=\"tiled-gallery-item tiled-gallery-item-small\" itemprop=\"associatedMedia\" itemscope itemtype=\"http:\/\/schema.org\/ImageObject\"> <a href=\"http:\/\/www.tvturk.com\/index.php\/kardemirin-temellerinin-atilmasi-ve-karabukun-kurulusunun-82-yil-donumu\/kardemirin-temellerinin-atilmasi-ve-karabukun-kurulusunun-82-yil-donumu-4\/\" border=\"0\" itemprop=\"url\"> <meta itemprop=\"width\" content=\"162\"> <meta itemprop=\"height\" content=\"108\"> <img decoding=\"async\" class=\"\" data-attachment-id=\"123066\" data-orig-file=\"http:\/\/www.tvturk.com\/wp-content\/uploads\/2019\/04\/kardemirin-temellerinin-atilmasi-ve-karabukun-kurulusunun-82-yil-donumu_71b5ec1.jpg\" data-orig-size=\"1000,666\" data-comments-opened=\"\" data-image-meta=\"{&quot;aperture&quot;:&quot;0&quot;,&quot;credit&quot;:&quot;IHA&quot;,&quot;camera&quot;:&quot;&quot;,&quot;caption&quot;:&quot;KARAB\\u00dcK DEM\\u0130R \\u00c7EL\\u0130K FABR\\u0130KALARI\\u2019NIN TEMEL\\u0130N\\u0130N ATILMASI VE KARAB\\u00dcK\\u2019\\u00dcN KURULU\\u015eUNUN 82. YIL D\\u00d6N\\u00dcM\\u00dc DOLAYISIYLA KENT MEYDANI ATAT\\u00dcRK ANITINDA T\\u00d6REN D\\u00dcZENLEND\\u0130. T\\u00d6REN KOM\\u0130TES\\u0130 ADINA KARAB\\u00dcK VAL\\u0130S\\u0130 SAYIN FUAT G\\u00dcREL TARAFINDAN ATAT\\u00dcRK ANITINA \\u00c7ELENK SUNUMU \\u0130LE BA\\u015eLAYAN T\\u00d6RENE KARAB\\u00dcK BELED\\u0130YE BA\\u015eKANI RAFET VERG\\u0130L\\u0130, KARAB\\u00dcK M\\u0130LLETVEK\\u0130LLER\\u0130 CUMHUR \\u00dcNAL VE N\\u0130YAZ\\u0130 G\\u00dcNE\\u015e, KB\\u00dc REKT\\u00d6R\\u00dc PROF. DR. REF\\u0130K POLAT, \\u0130L \\u00d6ZEL \\u0130DARE GENEL SEKRETER\\u0130 MEHMET UZUN, KARDEM\\u0130R A.\\u015e. Y\\u00d6NET\\u0130M KURULU BA\\u015eKANI KAM\\u0130L G\\u00dcLE\\u00c7, KARDEM\\u0130R A.\\u015e. GENEL M\\u00dcD\\u00dcR\\u00dc DR. H\\u00dcSEY\\u0130N SOYKAN, D\\u0130\\u011eER PROTOKOL \\u00dcYELER\\u0130, KURUM M\\u00dcD\\u00dcRLER\\u0130, S\\u0130V\\u0130L TOPLUM KURULU\\u015eU TEMS\\u0130LC\\u0130LER\\u0130, S\\u0130YAS\\u0130 PART\\u0130 TEMS\\u0130LC\\u0130LER\\u0130, KARDEM\\u0130R \\u0130\\u015e\\u00c7\\u0130LER\\u0130, ASKER\\u0130 PERSONEL, \\u00d6\\u011eRENC\\u0130LER VE VATANDA\\u015eLAR KATILDI. (FAT\\u0130H \\u00dcNL\\u00dc - RIDVAN BOSTANCI - YAS\\u0130N ERDEM\\\/KARAB\\u00dcK-\\u0130HA)&quot;,&quot;created_timestamp&quot;:&quot;0&quot;,&quot;copyright&quot;:&quot;\\u0130HLAS HABER AJANSI, www.iha.com.tr&quot;,&quot;focal_length&quot;:&quot;0&quot;,&quot;iso&quot;:&quot;0&quot;,&quot;shutter_speed&quot;:&quot;0&quot;,&quot;title&quot;:&quot;KARDEM\\u0130R\\u2019\\u0130N TEMELLER\\u0130N\\u0130N ATILMASI VE KARAB\\u00dcK\\u2019\\u00dcN KURULU\\u015eUNUN 82. YIL D\\u00d6N\\u00dcM\\u00dc KARDEM\\u0130R A.\\u015e. GENEL M\\u00dcD\\u00dcR\\u00dc DR. H\\u00dcSEY\\u0130N SOYKAN: \\u201cKARDEM\\u0130R 2023 V\\u0130ZYONU \\u0130SM\\u0130YLE YEN\\u0130 B\\u0130R D\\u0130J\\u0130TAL D\\u00d6N\\u00dc\\u015e\\u00dcM PROJES\\u0130 BA\\u015eLATTIK\\u201d&quot;,&quot;orientation&quot;:&quot;0&quot;}\" data-image-title=\"Kardemir\u2019in temellerinin at\u0131lmas\u0131 ve Karab\u00fck\u2019\u00fcn kurulu\u015funun 82. y\u0131l d\u00f6n\u00fcm\u00fc\" data-image-description=\"&lt;p&gt;Kardemir\u2019in temellerinin at\u0131lmas\u0131 ve Karab\u00fck\u2019\u00fcn kurulu\u015funun 82. y\u0131l d\u00f6n\u00fcm\u00fc&lt;\/p&gt; \" data-medium-file=\"https:\/\/i0.wp.com\/www.tvturk.com\/wp-content\/uploads\/2019\/04\/kardemirin-temellerinin-atilmasi-ve-karabukun-kurulusunun-82-yil-donumu_71b5ec1.jpg?fit=300%2C200\" data-large-file=\"https:\/\/i0.wp.com\/www.tvturk.com\/wp-content\/uploads\/2019\/04\/kardemirin-temellerinin-atilmasi-ve-karabukun-kurulusunun-82-yil-donumu_71b5ec1.jpg?fit=1000%2C666\" src=\"https:\/\/i0.wp.com\/www.tvturk.com\/wp-content\/uploads\/2019\/04\/kardemirin-temellerinin-atilmasi-ve-karabukun-kurulusunun-82-yil-donumu_71b5ec1.jpg?w=162&#038;h=108\" srcset=\"https:\/\/i0.wp.com\/www.tvturk.com\/wp-content\/uploads\/2019\/04\/kardemirin-temellerinin-atilmasi-ve-karabukun-kurulusunun-82-yil-donumu_71b5ec1.jpg?w=1000 1000w, https:\/\/i0.wp.com\/www.tvturk.com\/wp-content\/uploads\/2019\/04\/kardemirin-temellerinin-atilmasi-ve-karabukun-kurulusunun-82-yil-donumu_71b5ec1.jpg?resize=150%2C100 150w, https:\/\/i0.wp.com\/www.tvturk.com\/wp-content\/uploads\/2019\/04\/kardemirin-temellerinin-atilmasi-ve-karabukun-kurulusunun-82-yil-donumu_71b5ec1.jpg?resize=300%2C200 300w, https:\/\/i0.wp.com\/www.tvturk.com\/wp-content\/uploads\/2019\/04\/kardemirin-temellerinin-atilmasi-ve-karabukun-kurulusunun-82-yil-donumu_71b5ec1.jpg?resize=768%2C511 768w, https:\/\/i0.wp.com\/www.tvturk.com\/wp-content\/uploads\/2019\/04\/kardemirin-temellerinin-atilmasi-ve-karabukun-kurulusunun-82-yil-donumu_71b5ec1.jpg?resize=170%2C113 170w, https:\/\/i0.wp.com\/www.tvturk.com\/wp-content\/uploads\/2019\/04\/kardemirin-temellerinin-atilmasi-ve-karabukun-kurulusunun-82-yil-donumu_71b5ec1.jpg?resize=120%2C80 120w\" width=\"162\" height=\"108\" loading=\"lazy\" data-original-width=\"162\" data-original-height=\"108\" itemprop=\"http:\/\/schema.org\/image\" title=\"Kardemir\u2019in temellerinin at\u0131lmas\u0131 ve Karab\u00fck\u2019\u00fcn kurulu\u015funun 82. y\u0131l d\u00f6n\u00fcm\u00fc\" alt=\"Kardemir\u2019in temellerinin at\u0131lmas\u0131 ve Karab\u00fck\u2019\u00fcn kurulu\u015funun 82. y\u0131l d\u00f6n\u00fcm\u00fc\" style=\"width: 162px; height: 108px;\" \/> <\/a> <\/div> <div class=\"tiled-gallery-item tiled-gallery-item-small\" itemprop=\"associatedMedia\" itemscope itemtype=\"http:\/\/schema.org\/ImageObject\"> <a href=\"http:\/\/www.tvturk.com\/index.php\/kardemirin-temellerinin-atilmasi-ve-karabukun-kurulusunun-82-yil-donumu\/kardemirin-temellerinin-atilmasi-ve-karabukun-kurulusunun-82-yil-donumu-5\/\" border=\"0\" itemprop=\"url\"> <meta itemprop=\"width\" content=\"162\"> <meta itemprop=\"height\" content=\"108\"> <img decoding=\"async\" class=\"\" data-attachment-id=\"123067\" data-orig-file=\"http:\/\/www.tvturk.com\/wp-content\/uploads\/2019\/04\/kardemirin-temellerinin-atilmasi-ve-karabukun-kurulusunun-82-yil-donumu_e9a587b.jpg\" data-orig-size=\"1000,666\" data-comments-opened=\"\" data-image-meta=\"{&quot;aperture&quot;:&quot;0&quot;,&quot;credit&quot;:&quot;IHA&quot;,&quot;camera&quot;:&quot;&quot;,&quot;caption&quot;:&quot;T\\u00dcRK\\u0130YE\\u2019N\\u0130N 2018 \\u0130T\\u0130BAR\\u0130YLE D\\u00dcNYANIN 8\\u2019\\u0130NC\\u0130, AVRUPA\\u2019NIN \\u0130SE 2\\u2019\\u0130NC\\u0130 B\\u00dcY\\u00dcK \\u00c7EL\\u0130K \\u00dcRET\\u0130C\\u0130S\\u0130 KONUMUNDA OLDU\\u011eUNU D\\u0130LE GET\\u0130REN SOYKAN \\u015eUNLARI S\\u00d6YLED\\u0130: \\u201cBU B\\u00dcY\\u00dcK GEL\\u0130\\u015e\\u0130MDE, \\u015e\\u00dcPHES\\u0130Z K\\u0130 HER KARAB\\u00dcK\\u2019L\\u00dcN\\u00dcN EMEK VE ALIN TER\\u0130 VARDIR. BUNU BA\\u015eARAB\\u0130LMEK \\u0130\\u00c7\\u0130N D\\u00dcNYADAK\\u0130 GEL\\u0130\\u015e\\u0130MLER\\u0130N GER\\u0130S\\u0130NDE KALMAMALIYIZ. BUG\\u00dcN D\\u00dcNYA\\u2019DA VE T\\u00dcRK\\u0130YE\\u2019DE END\\u00dcSTR\\u0130 4.0 VE D\\u0130J\\u0130TAL D\\u00d6N\\u00dc\\u015e\\u00dcM YOLCULU\\u011eU HIZLI B\\u0130R \\u015eEK\\u0130LDE \\u0130LERLEMEYE DEVAM ED\\u0130YOR. \\u0130NOVAT\\u0130F S\\u00dcRE\\u00c7LER\\u0130M\\u0130Z\\u0130 HIZLANDIRMAK, T\\u00dcM \\u00dcRET\\u0130M HATLARIMIZI DAHA ESNEK HALE GET\\u0130RMEK, T\\u00dcM BEKLENT\\u0130LER\\u0130 KAR\\u015eILAYACAK \\u00dcR\\u00dcNLER \\u00dcRETMEK, \\u00dcRET\\u0130RKEN EN VER\\u0130ML\\u0130 VE SA\\u011eLIKLI \\u015eEK\\u0130LDE \\u00dcRETMEK ZORUNDAYIZ. BUNUN \\u0130\\u00c7\\u0130N M\\u00dcHEND\\u0130SL\\u0130K VE PROGRAMLAMA KAB\\u0130L\\u0130YETLER\\u0130M\\u0130Z\\u0130 GEL\\u0130\\u015eT\\u0130RMEL\\u0130Y\\u0130Z. BU AMA\\u00c7LA KARDEM\\u0130R OLARAK CUMHUR\\u0130YET\\u0130M\\u0130Z\\u0130N 100. KURULU\\u015e YILD\\u00d6N\\u00dcM\\u00dc VE \\u00dcLKEM\\u0130Z\\u0130N STRATEJ\\u0130LER\\u0130 \\u0130LE UYUMLU OLMASI A\\u00c7ISINDAN KARDEM\\u0130R 2023 V\\u0130ZYONU \\u0130SM\\u0130YLE YEN\\u0130 B\\u0130R D\\u0130J\\u0130TAL D\\u00d6N\\u00dc\\u015e\\u00dcM PROJES\\u0130 BA\\u015eLATTIK. (FAT\\u0130H \\u00dcNL\\u00dc - RIDVAN BOSTANCI - YAS\\u0130N ERDEM\\\/KARAB\\u00dcK-\\u0130HA)&quot;,&quot;created_timestamp&quot;:&quot;0&quot;,&quot;copyright&quot;:&quot;\\u0130HLAS HABER AJANSI, www.iha.com.tr&quot;,&quot;focal_length&quot;:&quot;0&quot;,&quot;iso&quot;:&quot;0&quot;,&quot;shutter_speed&quot;:&quot;0&quot;,&quot;title&quot;:&quot;KARDEM\\u0130R\\u2019\\u0130N TEMELLER\\u0130N\\u0130N ATILMASI VE KARAB\\u00dcK\\u2019\\u00dcN KURULU\\u015eUNUN 82. YIL D\\u00d6N\\u00dcM\\u00dc KARDEM\\u0130R A.\\u015e. GENEL M\\u00dcD\\u00dcR\\u00dc DR. H\\u00dcSEY\\u0130N SOYKAN: \\u201cKARDEM\\u0130R 2023 V\\u0130ZYONU \\u0130SM\\u0130YLE YEN\\u0130 B\\u0130R D\\u0130J\\u0130TAL D\\u00d6N\\u00dc\\u015e\\u00dcM PROJES\\u0130 BA\\u015eLATTIK\\u201d&quot;,&quot;orientation&quot;:&quot;0&quot;}\" data-image-title=\"Kardemir\u2019in temellerinin at\u0131lmas\u0131 ve Karab\u00fck\u2019\u00fcn kurulu\u015funun 82. y\u0131l d\u00f6n\u00fcm\u00fc\" data-image-description=\"&lt;p&gt;Kardemir\u2019in temellerinin at\u0131lmas\u0131 ve Karab\u00fck\u2019\u00fcn kurulu\u015funun 82. y\u0131l d\u00f6n\u00fcm\u00fc&lt;\/p&gt; \" data-medium-file=\"https:\/\/i0.wp.com\/www.tvturk.com\/wp-content\/uploads\/2019\/04\/kardemirin-temellerinin-atilmasi-ve-karabukun-kurulusunun-82-yil-donumu_e9a587b.jpg?fit=300%2C200\" data-large-file=\"https:\/\/i0.wp.com\/www.tvturk.com\/wp-content\/uploads\/2019\/04\/kardemirin-temellerinin-atilmasi-ve-karabukun-kurulusunun-82-yil-donumu_e9a587b.jpg?fit=1000%2C666\" src=\"https:\/\/i0.wp.com\/www.tvturk.com\/wp-content\/uploads\/2019\/04\/kardemirin-temellerinin-atilmasi-ve-karabukun-kurulusunun-82-yil-donumu_e9a587b.jpg?w=162&#038;h=108\" srcset=\"https:\/\/i0.wp.com\/www.tvturk.com\/wp-content\/uploads\/2019\/04\/kardemirin-temellerinin-atilmasi-ve-karabukun-kurulusunun-82-yil-donumu_e9a587b.jpg?w=1000 1000w, https:\/\/i0.wp.com\/www.tvturk.com\/wp-content\/uploads\/2019\/04\/kardemirin-temellerinin-atilmasi-ve-karabukun-kurulusunun-82-yil-donumu_e9a587b.jpg?resize=150%2C100 150w, https:\/\/i0.wp.com\/www.tvturk.com\/wp-content\/uploads\/2019\/04\/kardemirin-temellerinin-atilmasi-ve-karabukun-kurulusunun-82-yil-donumu_e9a587b.jpg?resize=300%2C200 300w, https:\/\/i0.wp.com\/www.tvturk.com\/wp-content\/uploads\/2019\/04\/kardemirin-temellerinin-atilmasi-ve-karabukun-kurulusunun-82-yil-donumu_e9a587b.jpg?resize=768%2C511 768w, https:\/\/i0.wp.com\/www.tvturk.com\/wp-content\/uploads\/2019\/04\/kardemirin-temellerinin-atilmasi-ve-karabukun-kurulusunun-82-yil-donumu_e9a587b.jpg?resize=170%2C113 170w, https:\/\/i0.wp.com\/www.tvturk.com\/wp-content\/uploads\/2019\/04\/kardemirin-temellerinin-atilmasi-ve-karabukun-kurulusunun-82-yil-donumu_e9a587b.jpg?resize=120%2C80 120w\" width=\"162\" height=\"108\" loading=\"lazy\" data-original-width=\"162\" data-original-height=\"108\" itemprop=\"http:\/\/schema.org\/image\" title=\"Kardemir\u2019in temellerinin at\u0131lmas\u0131 ve Karab\u00fck\u2019\u00fcn kurulu\u015funun 82. y\u0131l d\u00f6n\u00fcm\u00fc\" alt=\"Kardemir\u2019in temellerinin at\u0131lmas\u0131 ve Karab\u00fck\u2019\u00fcn kurulu\u015funun 82. y\u0131l d\u00f6n\u00fcm\u00fc\" style=\"width: 162px; height: 108px;\" \/> <\/a> <\/div> <\/div> <!-- close group --> <\/div> <!-- close row --> <div class=\"gallery-row\" style=\"width: 500px; height: 112px;\" data-original-width=\"500\" data-original-height=\"112\" > <div class=\"gallery-group images-1\" style=\"width: 167px; height: 112px;\" data-original-width=\"167\" data-original-height=\"112\" > <div class=\"tiled-gallery-item tiled-gallery-item-small\" itemprop=\"associatedMedia\" itemscope itemtype=\"http:\/\/schema.org\/ImageObject\"> <a href=\"http:\/\/www.tvturk.com\/index.php\/kardemirin-temellerinin-atilmasi-ve-karabukun-kurulusunun-82-yil-donumu\/kardemirin-temellerinin-atilmasi-ve-karabukun-kurulusunun-82-yil-donumu-6\/\" border=\"0\" itemprop=\"url\"> <meta itemprop=\"width\" content=\"163\"> <meta itemprop=\"height\" content=\"108\"> <img decoding=\"async\" class=\"\" data-attachment-id=\"123068\" data-orig-file=\"http:\/\/www.tvturk.com\/wp-content\/uploads\/2019\/04\/kardemirin-temellerinin-atilmasi-ve-karabukun-kurulusunun-82-yil-donumu_d4c6984.jpg\" data-orig-size=\"1000,666\" data-comments-opened=\"\" data-image-meta=\"{&quot;aperture&quot;:&quot;0&quot;,&quot;credit&quot;:&quot;IHA&quot;,&quot;camera&quot;:&quot;&quot;,&quot;caption&quot;:&quot;KARAB\\u00dcK VAL\\u0130S\\u0130 FUAT G\\u00dcREL, \\u201cCUMHUR\\u0130YET\\u0130N KURUCUSU MUSTAFA KEMAL ATAT\\u00dcRK, \\u00c7OK B\\u00dcY\\u00dcK B\\u0130R DAH\\u0130 OLARAK, ASLINDA B\\u00d6LGEM\\u0130ZDE KARAB\\u00dcK\\u00dcM\\u00dcZDE KURULAN FABR\\u0130KANIN H\\u0130\\u00c7B\\u0130R HAMMADDES\\u0130 OLMAMASINA RA\\u011eMEN 2. D\\u00dcNYA SAVA\\u015eI \\u00d6NCES\\u0130NDE STRATEJ\\u0130K B\\u0130R YER OLARAK SE\\u00c7\\u0130LMES\\u0130NDE O D\\u00d6NEM\\u0130N Y\\u00d6NET\\u0130C\\u0130LER\\u0130N\\u0130N \\u00c7OK B\\u00dcY\\u00dcK \\u00d6NG\\u00d6R\\u00dcS\\u00dc VAR. BU DA YEN\\u0130 B\\u0130R \\u015eEHR\\u0130N ORTAYA \\u00c7IKMASINA SEBEP OLMU\\u015e. KARDEM\\u0130R E\\u015e\\u0130TT\\u0130R KARAB\\u00dcK. BAZEN KARDEM\\u0130R \\u0130LE ALAKALI B\\u0130RTAKIM TARTI\\u015eMALAR YA\\u015eANIYOR. KARDEM\\u0130R BU B\\u00d6LGEN\\u0130N VAZGE\\u00c7\\u0130LMEZ B\\u0130R TES\\u0130S\\u0130D\\u0130R, \\u00dcLKEM\\u0130Z\\u0130N EN \\u00d6NEML\\u0130 STRATEJ\\u0130K TES\\u0130S\\u0130D\\u0130R. BU \\u015eEH\\u0130R KARDEM\\u0130R \\u0130LE VAR OLMU\\u015e, KARDEM\\u0130R \\u0130LE \\u0130LER\\u0130YE TA\\u015eINACAK. \\u015eEHR\\u0130M\\u0130Z\\u0130N VE KARDEM\\u0130R\\u2019\\u0130N KURULU\\u015e YIL D\\u00d6N\\u00dcM\\u00dcN\\u00dc KUTLUYORUM\\u201d DED\\u0130. (FAT\\u0130H \\u00dcNL\\u00dc - RIDVAN BOSTANCI - YAS\\u0130N ERDEM\\\/KARAB\\u00dcK-\\u0130HA)&quot;,&quot;created_timestamp&quot;:&quot;0&quot;,&quot;copyright&quot;:&quot;\\u0130HLAS HABER AJANSI, www.iha.com.tr&quot;,&quot;focal_length&quot;:&quot;0&quot;,&quot;iso&quot;:&quot;0&quot;,&quot;shutter_speed&quot;:&quot;0&quot;,&quot;title&quot;:&quot;KARDEM\\u0130R\\u2019\\u0130N TEMELLER\\u0130N\\u0130N ATILMASI VE KARAB\\u00dcK\\u2019\\u00dcN KURULU\\u015eUNUN 82. YIL D\\u00d6N\\u00dcM\\u00dc KARDEM\\u0130R A.\\u015e. GENEL M\\u00dcD\\u00dcR\\u00dc DR. H\\u00dcSEY\\u0130N SOYKAN: \\u201cKARDEM\\u0130R 2023 V\\u0130ZYONU \\u0130SM\\u0130YLE YEN\\u0130 B\\u0130R D\\u0130J\\u0130TAL D\\u00d6N\\u00dc\\u015e\\u00dcM PROJES\\u0130 BA\\u015eLATTIK\\u201d&quot;,&quot;orientation&quot;:&quot;0&quot;}\" data-image-title=\"Kardemir\u2019in temellerinin at\u0131lmas\u0131 ve Karab\u00fck\u2019\u00fcn kurulu\u015funun 82. y\u0131l d\u00f6n\u00fcm\u00fc\" data-image-description=\"&lt;p&gt;Kardemir\u2019in temellerinin at\u0131lmas\u0131 ve Karab\u00fck\u2019\u00fcn kurulu\u015funun 82. y\u0131l d\u00f6n\u00fcm\u00fc&lt;\/p&gt; \" data-medium-file=\"https:\/\/i0.wp.com\/www.tvturk.com\/wp-content\/uploads\/2019\/04\/kardemirin-temellerinin-atilmasi-ve-karabukun-kurulusunun-82-yil-donumu_d4c6984.jpg?fit=300%2C200\" data-large-file=\"https:\/\/i0.wp.com\/www.tvturk.com\/wp-content\/uploads\/2019\/04\/kardemirin-temellerinin-atilmasi-ve-karabukun-kurulusunun-82-yil-donumu_d4c6984.jpg?fit=1000%2C666\" src=\"https:\/\/i0.wp.com\/www.tvturk.com\/wp-content\/uploads\/2019\/04\/kardemirin-temellerinin-atilmasi-ve-karabukun-kurulusunun-82-yil-donumu_d4c6984.jpg?w=163&#038;h=108\" srcset=\"https:\/\/i0.wp.com\/www.tvturk.com\/wp-content\/uploads\/2019\/04\/kardemirin-temellerinin-atilmasi-ve-karabukun-kurulusunun-82-yil-donumu_d4c6984.jpg?w=1000 1000w, https:\/\/i0.wp.com\/www.tvturk.com\/wp-content\/uploads\/2019\/04\/kardemirin-temellerinin-atilmasi-ve-karabukun-kurulusunun-82-yil-donumu_d4c6984.jpg?resize=150%2C100 150w, https:\/\/i0.wp.com\/www.tvturk.com\/wp-content\/uploads\/2019\/04\/kardemirin-temellerinin-atilmasi-ve-karabukun-kurulusunun-82-yil-donumu_d4c6984.jpg?resize=300%2C200 300w, https:\/\/i0.wp.com\/www.tvturk.com\/wp-content\/uploads\/2019\/04\/kardemirin-temellerinin-atilmasi-ve-karabukun-kurulusunun-82-yil-donumu_d4c6984.jpg?resize=768%2C511 768w, https:\/\/i0.wp.com\/www.tvturk.com\/wp-content\/uploads\/2019\/04\/kardemirin-temellerinin-atilmasi-ve-karabukun-kurulusunun-82-yil-donumu_d4c6984.jpg?resize=170%2C113 170w, https:\/\/i0.wp.com\/www.tvturk.com\/wp-content\/uploads\/2019\/04\/kardemirin-temellerinin-atilmasi-ve-karabukun-kurulusunun-82-yil-donumu_d4c6984.jpg?resize=120%2C80 120w\" width=\"163\" height=\"108\" loading=\"lazy\" data-original-width=\"163\" data-original-height=\"108\" itemprop=\"http:\/\/schema.org\/image\" title=\"Kardemir\u2019in temellerinin at\u0131lmas\u0131 ve Karab\u00fck\u2019\u00fcn kurulu\u015funun 82. y\u0131l d\u00f6n\u00fcm\u00fc\" alt=\"Kardemir\u2019in temellerinin at\u0131lmas\u0131 ve Karab\u00fck\u2019\u00fcn kurulu\u015funun 82. y\u0131l d\u00f6n\u00fcm\u00fc\" style=\"width: 163px; height: 108px;\" \/> <\/a> <\/div> <\/div> <!-- close group --> <div class=\"gallery-group images-1\" style=\"width: 167px; height: 112px;\" data-original-width=\"167\" data-original-height=\"112\" > <div class=\"tiled-gallery-item tiled-gallery-item-small\" itemprop=\"associatedMedia\" itemscope itemtype=\"http:\/\/schema.org\/ImageObject\"> <a href=\"http:\/\/www.tvturk.com\/index.php\/kardemirin-temellerinin-atilmasi-ve-karabukun-kurulusunun-82-yil-donumu\/kardemirin-temellerinin-atilmasi-ve-karabukun-kurulusunun-82-yil-donumu-7\/\" border=\"0\" itemprop=\"url\"> <meta itemprop=\"width\" content=\"163\"> <meta itemprop=\"height\" content=\"108\"> <img decoding=\"async\" class=\"\" data-attachment-id=\"123069\" data-orig-file=\"http:\/\/www.tvturk.com\/wp-content\/uploads\/2019\/04\/kardemirin-temellerinin-atilmasi-ve-karabukun-kurulusunun-82-yil-donumu_15416f7.jpg\" data-orig-size=\"1000,666\" data-comments-opened=\"\" data-image-meta=\"{&quot;aperture&quot;:&quot;0&quot;,&quot;credit&quot;:&quot;IHA&quot;,&quot;camera&quot;:&quot;&quot;,&quot;caption&quot;:&quot;PROTOKOL KONU\\u015eMALARININ ARDINDAN, T\\u00d6REN \\u0130L GENEL\\u0130NDE D\\u00dcZENLENEN \\u015e\\u0130\\u0130R, KOMPOZ\\u0130SYON VE SPOR M\\u00dcSABAKALARINDA DERECEYE G\\u0130REN \\u00d6\\u011eRENC\\u0130LERE PROTOKOL \\u00dcYELER\\u0130 TARAFINDAN HED\\u0130YELER\\u0130N\\u0130N VER\\u0130LMES\\u0130 \\u0130LE SONA ERD\\u0130. (FAT\\u0130H \\u00dcNL\\u00dc - RIDVAN BOSTANCI - YAS\\u0130N ERDEM\\\/KARAB\\u00dcK-\\u0130HA)&quot;,&quot;created_timestamp&quot;:&quot;0&quot;,&quot;copyright&quot;:&quot;\\u0130HLAS HABER AJANSI, www.iha.com.tr&quot;,&quot;focal_length&quot;:&quot;0&quot;,&quot;iso&quot;:&quot;0&quot;,&quot;shutter_speed&quot;:&quot;0&quot;,&quot;title&quot;:&quot;KARDEM\\u0130R\\u2019\\u0130N TEMELLER\\u0130N\\u0130N ATILMASI VE KARAB\\u00dcK\\u2019\\u00dcN KURULU\\u015eUNUN 82. YIL D\\u00d6N\\u00dcM\\u00dc KARDEM\\u0130R A.\\u015e. GENEL M\\u00dcD\\u00dcR\\u00dc DR. H\\u00dcSEY\\u0130N SOYKAN: \\u201cKARDEM\\u0130R 2023 V\\u0130ZYONU \\u0130SM\\u0130YLE YEN\\u0130 B\\u0130R D\\u0130J\\u0130TAL D\\u00d6N\\u00dc\\u015e\\u00dcM PROJES\\u0130 BA\\u015eLATTIK\\u201d&quot;,&quot;orientation&quot;:&quot;0&quot;}\" data-image-title=\"Kardemir\u2019in temellerinin at\u0131lmas\u0131 ve Karab\u00fck\u2019\u00fcn kurulu\u015funun 82. y\u0131l d\u00f6n\u00fcm\u00fc\" data-image-description=\"&lt;p&gt;Kardemir\u2019in temellerinin at\u0131lmas\u0131 ve Karab\u00fck\u2019\u00fcn kurulu\u015funun 82. y\u0131l d\u00f6n\u00fcm\u00fc&lt;\/p&gt; \" data-medium-file=\"https:\/\/i0.wp.com\/www.tvturk.com\/wp-content\/uploads\/2019\/04\/kardemirin-temellerinin-atilmasi-ve-karabukun-kurulusunun-82-yil-donumu_15416f7.jpg?fit=300%2C200\" data-large-file=\"https:\/\/i0.wp.com\/www.tvturk.com\/wp-content\/uploads\/2019\/04\/kardemirin-temellerinin-atilmasi-ve-karabukun-kurulusunun-82-yil-donumu_15416f7.jpg?fit=1000%2C666\" src=\"https:\/\/i0.wp.com\/www.tvturk.com\/wp-content\/uploads\/2019\/04\/kardemirin-temellerinin-atilmasi-ve-karabukun-kurulusunun-82-yil-donumu_15416f7.jpg?w=163&#038;h=108\" srcset=\"https:\/\/i0.wp.com\/www.tvturk.com\/wp-content\/uploads\/2019\/04\/kardemirin-temellerinin-atilmasi-ve-karabukun-kurulusunun-82-yil-donumu_15416f7.jpg?w=1000 1000w, https:\/\/i0.wp.com\/www.tvturk.com\/wp-content\/uploads\/2019\/04\/kardemirin-temellerinin-atilmasi-ve-karabukun-kurulusunun-82-yil-donumu_15416f7.jpg?resize=150%2C100 150w, https:\/\/i0.wp.com\/www.tvturk.com\/wp-content\/uploads\/2019\/04\/kardemirin-temellerinin-atilmasi-ve-karabukun-kurulusunun-82-yil-donumu_15416f7.jpg?resize=300%2C200 300w, https:\/\/i0.wp.com\/www.tvturk.com\/wp-content\/uploads\/2019\/04\/kardemirin-temellerinin-atilmasi-ve-karabukun-kurulusunun-82-yil-donumu_15416f7.jpg?resize=768%2C511 768w, https:\/\/i0.wp.com\/www.tvturk.com\/wp-content\/uploads\/2019\/04\/kardemirin-temellerinin-atilmasi-ve-karabukun-kurulusunun-82-yil-donumu_15416f7.jpg?resize=170%2C113 170w, https:\/\/i0.wp.com\/www.tvturk.com\/wp-content\/uploads\/2019\/04\/kardemirin-temellerinin-atilmasi-ve-karabukun-kurulusunun-82-yil-donumu_15416f7.jpg?resize=120%2C80 120w\" width=\"163\" height=\"108\" loading=\"lazy\" data-original-width=\"163\" data-original-height=\"108\" itemprop=\"http:\/\/schema.org\/image\" title=\"Kardemir\u2019in temellerinin at\u0131lmas\u0131 ve Karab\u00fck\u2019\u00fcn kurulu\u015funun 82. y\u0131l d\u00f6n\u00fcm\u00fc\" alt=\"Kardemir\u2019in temellerinin at\u0131lmas\u0131 ve Karab\u00fck\u2019\u00fcn kurulu\u015funun 82. y\u0131l d\u00f6n\u00fcm\u00fc\" style=\"width: 163px; height: 108px;\" \/> <\/a> <\/div> <\/div> <!-- close group --> <div class=\"gallery-group images-1\" style=\"width: 166px; height: 112px;\" data-original-width=\"166\" data-original-height=\"112\" > <div class=\"tiled-gallery-item tiled-gallery-item-small\" itemprop=\"associatedMedia\" itemscope itemtype=\"http:\/\/schema.org\/ImageObject\"> <a href=\"http:\/\/www.tvturk.com\/index.php\/kardemirin-temellerinin-atilmasi-ve-karabukun-kurulusunun-82-yil-donumu\/kardemirin-temellerinin-atilmasi-ve-karabukun-kurulusunun-82-yil-donumu-8\/\" border=\"0\" itemprop=\"url\"> <meta itemprop=\"width\" content=\"162\"> <meta itemprop=\"height\" content=\"108\"> <img decoding=\"async\" class=\"\" data-attachment-id=\"123070\" data-orig-file=\"http:\/\/www.tvturk.com\/wp-content\/uploads\/2019\/04\/kardemirin-temellerinin-atilmasi-ve-karabukun-kurulusunun-82-yil-donumu_ee2a5de.jpg\" data-orig-size=\"1000,666\" data-comments-opened=\"\" data-image-meta=\"{&quot;aperture&quot;:&quot;0&quot;,&quot;credit&quot;:&quot;IHA&quot;,&quot;camera&quot;:&quot;&quot;,&quot;caption&quot;:&quot;PROTOKOL KONU\\u015eMALARININ ARDINDAN, T\\u00d6REN \\u0130L GENEL\\u0130NDE D\\u00dcZENLENEN \\u015e\\u0130\\u0130R, KOMPOZ\\u0130SYON VE SPOR M\\u00dcSABAKALARINDA DERECEYE G\\u0130REN \\u00d6\\u011eRENC\\u0130LERE PROTOKOL \\u00dcYELER\\u0130 TARAFINDAN HED\\u0130YELER\\u0130N\\u0130N VER\\u0130LMES\\u0130 \\u0130LE SONA ERD\\u0130. (FAT\\u0130H \\u00dcNL\\u00dc - RIDVAN BOSTANCI - YAS\\u0130N ERDEM\\\/KARAB\\u00dcK-\\u0130HA)&quot;,&quot;created_timestamp&quot;:&quot;0&quot;,&quot;copyright&quot;:&quot;\\u0130HLAS HABER AJANSI, www.iha.com.tr&quot;,&quot;focal_length&quot;:&quot;0&quot;,&quot;iso&quot;:&quot;0&quot;,&quot;shutter_speed&quot;:&quot;0&quot;,&quot;title&quot;:&quot;KARDEM\\u0130R\\u2019\\u0130N TEMELLER\\u0130N\\u0130N ATILMASI VE KARAB\\u00dcK\\u2019\\u00dcN KURULU\\u015eUNUN 82. YIL D\\u00d6N\\u00dcM\\u00dc KARDEM\\u0130R A.\\u015e. GENEL M\\u00dcD\\u00dcR\\u00dc DR. H\\u00dcSEY\\u0130N SOYKAN: \\u201cKARDEM\\u0130R 2023 V\\u0130ZYONU \\u0130SM\\u0130YLE YEN\\u0130 B\\u0130R D\\u0130J\\u0130TAL D\\u00d6N\\u00dc\\u015e\\u00dcM PROJES\\u0130 BA\\u015eLATTIK\\u201d&quot;,&quot;orientation&quot;:&quot;0&quot;}\" data-image-title=\"Kardemir\u2019in temellerinin at\u0131lmas\u0131 ve Karab\u00fck\u2019\u00fcn kurulu\u015funun 82. y\u0131l d\u00f6n\u00fcm\u00fc\" data-image-description=\"&lt;p&gt;Kardemir\u2019in temellerinin at\u0131lmas\u0131 ve Karab\u00fck\u2019\u00fcn kurulu\u015funun 82. y\u0131l d\u00f6n\u00fcm\u00fc&lt;\/p&gt; \" data-medium-file=\"https:\/\/i0.wp.com\/www.tvturk.com\/wp-content\/uploads\/2019\/04\/kardemirin-temellerinin-atilmasi-ve-karabukun-kurulusunun-82-yil-donumu_ee2a5de.jpg?fit=300%2C200\" data-large-file=\"https:\/\/i0.wp.com\/www.tvturk.com\/wp-content\/uploads\/2019\/04\/kardemirin-temellerinin-atilmasi-ve-karabukun-kurulusunun-82-yil-donumu_ee2a5de.jpg?fit=1000%2C666\" src=\"https:\/\/i0.wp.com\/www.tvturk.com\/wp-content\/uploads\/2019\/04\/kardemirin-temellerinin-atilmasi-ve-karabukun-kurulusunun-82-yil-donumu_ee2a5de.jpg?w=162&#038;h=108\" srcset=\"https:\/\/i0.wp.com\/www.tvturk.com\/wp-content\/uploads\/2019\/04\/kardemirin-temellerinin-atilmasi-ve-karabukun-kurulusunun-82-yil-donumu_ee2a5de.jpg?w=1000 1000w, https:\/\/i0.wp.com\/www.tvturk.com\/wp-content\/uploads\/2019\/04\/kardemirin-temellerinin-atilmasi-ve-karabukun-kurulusunun-82-yil-donumu_ee2a5de.jpg?resize=150%2C100 150w, https:\/\/i0.wp.com\/www.tvturk.com\/wp-content\/uploads\/2019\/04\/kardemirin-temellerinin-atilmasi-ve-karabukun-kurulusunun-82-yil-donumu_ee2a5de.jpg?resize=300%2C200 300w, https:\/\/i0.wp.com\/www.tvturk.com\/wp-content\/uploads\/2019\/04\/kardemirin-temellerinin-atilmasi-ve-karabukun-kurulusunun-82-yil-donumu_ee2a5de.jpg?resize=768%2C511 768w, https:\/\/i0.wp.com\/www.tvturk.com\/wp-content\/uploads\/2019\/04\/kardemirin-temellerinin-atilmasi-ve-karabukun-kurulusunun-82-yil-donumu_ee2a5de.jpg?resize=170%2C113 170w, https:\/\/i0.wp.com\/www.tvturk.com\/wp-content\/uploads\/2019\/04\/kardemirin-temellerinin-atilmasi-ve-karabukun-kurulusunun-82-yil-donumu_ee2a5de.jpg?resize=120%2C80 120w\" width=\"162\" height=\"108\" loading=\"lazy\" data-original-width=\"162\" data-original-height=\"108\" itemprop=\"http:\/\/schema.org\/image\" title=\"Kardemir\u2019in temellerinin at\u0131lmas\u0131 ve Karab\u00fck\u2019\u00fcn kurulu\u015funun 82. y\u0131l d\u00f6n\u00fcm\u00fc\" alt=\"Kardemir\u2019in temellerinin at\u0131lmas\u0131 ve Karab\u00fck\u2019\u00fcn kurulu\u015funun 82. y\u0131l d\u00f6n\u00fcm\u00fc\" style=\"width: 162px; height: 108px;\" \/> <\/a> <\/div> <\/div> <!-- close group --> <\/div> <!-- close row --> <\/div><\/p>\n","protected":false},"excerpt":{"rendered":"<p>KARAB\u00dcK DEM\u0130R \u00c7EL\u0130K FABR\u0130KALARI A.\u015e\u2019N\u0130N (KARDEM\u0130R) TEMEL\u0130N\u0130N ATILMASI VE KARAB\u00dcK\u2019\u00dcN KURULU\u015eUNUN 82. YIL D\u00d6N\u00dcM\u00dc T\u00d6RENLERLE KUTLANDI.<\/p>\n","protected":false},"author":1,"featured_media":123064,"comment_status":"closed","ping_status":"open","sticky":false,"template":"","format":"standard","meta":{"jetpack_post_was_ever_published":false,"_jetpack_newsletter_access":"","_jetpack_dont_email_post_to_subs":false,"_jetpack_newsletter_tier_id":0,"_jetpack_memberships_contains_paywalled_content":false,"_jetpack_memberships_contains_paid_content":false,"footnotes":"","jetpack_publicize_message":"","jetpack_publicize_feature_enabled":true,"jetpack_social_post_already_shared":true,"jetpack_social_options":{"image_generator_settings":{"template":"highway","default_image_id":0,"font":"","enabled":false},"version":2}},"categories":[1],"tags":[22818,10881,4038,29358,29356,7613,29357,231],"class_list":["post-123063","post","type-post","status-publish","format-standard","has-post-thumbnail","hentry","category-genel","tag-22818","tag-atilmasi","tag-donumu","tag-karabukun","tag-kardemirin","tag-kurulusunun","tag-temellerinin","tag-yil"],"jetpack_publicize_connections":[],"jetpack_featured_media_url":"https:\/\/i0.wp.com\/www.tvturk.com\/wp-content\/uploads\/2019\/04\/kardemirin-temellerinin-atilmasi-ve-karabukun-kurulusunun-82-yil-donumu_b6fd5d1.jpg?fit=1000%2C470","jetpack_sharing_enabled":true,"jetpack_shortlink":"https:\/\/wp.me\/paKIfm-w0T","_links":{"self":[{"href":"http:\/\/www.tvturk.com\/index.php\/wp-json\/wp\/v2\/posts\/123063","targetHints":{"allow":["GET"]}}],"collection":[{"href":"http:\/\/www.tvturk.com\/index.php\/wp-json\/wp\/v2\/posts"}],"about":[{"href":"http:\/\/www.tvturk.com\/index.php\/wp-json\/wp\/v2\/types\/post"}],"author":[{"embeddable":true,"href":"http:\/\/www.tvturk.com\/index.php\/wp-json\/wp\/v2\/users\/1"}],"replies":[{"embeddable":true,"href":"http:\/\/www.tvturk.com\/index.php\/wp-json\/wp\/v2\/comments?post=123063"}],"version-history":[{"count":1,"href":"http:\/\/www.tvturk.com\/index.php\/wp-json\/wp\/v2\/posts\/123063\/revisions"}],"predecessor-version":[{"id":123071,"href":"http:\/\/www.tvturk.com\/index.php\/wp-json\/wp\/v2\/posts\/123063\/revisions\/123071"}],"wp:featuredmedia":[{"embeddable":true,"href":"http:\/\/www.tvturk.com\/index.php\/wp-json\/wp\/v2\/media\/123064"}],"wp:attachment":[{"href":"http:\/\/www.tvturk.com\/index.php\/wp-json\/wp\/v2\/media?parent=123063"}],"wp:term":[{"taxonomy":"category","embeddable":true,"href":"http:\/\/www.tvturk.com\/index.php\/wp-json\/wp\/v2\/categories?post=123063"},{"taxonomy":"post_tag","embeddable":true,"href":"http:\/\/www.tvturk.com\/index.php\/wp-json\/wp\/v2\/tags?post=123063"}],"curies":[{"name":"wp","href":"https:\/\/api.w.org\/{rel}","templated":true}]}}