{"id":12312,"date":"2019-02-08T13:51:00","date_gmt":"2019-02-08T10:51:00","guid":{"rendered":"http:\/\/www.tvturk.com\/index.php\/foca-kent-konseyi-olagan-genel-kurul-icin-toplandi\/"},"modified":"2019-02-08T13:51:01","modified_gmt":"2019-02-08T10:51:01","slug":"foca-kent-konseyi-olagan-genel-kurul-icin-toplandi","status":"publish","type":"post","link":"http:\/\/www.tvturk.com\/index.php\/foca-kent-konseyi-olagan-genel-kurul-icin-toplandi\/","title":{"rendered":"Fo\u00e7a Kent Konseyi, ola\u011fan genel kurul i\u00e7in topland\u0131"},"content":{"rendered":"<p>Fo\u00e7a Kent Konseyi ola\u011fan genel kurul toplant\u0131s\u0131, Fo\u00e7a Belediyesi Reha Midilli K\u00fclt\u00fcr Merkezi\u2019nde yap\u0131ld\u0131.<\/p>\n<p>Fo\u00e7a Kent Konseyi ola\u011fan genel kurul toplant\u0131s\u0131, yo\u011fun bir kat\u0131l\u0131mla ger\u00e7ekle\u015ftirildi. Kent Konseyi Ba\u015fkan\u0131 Orhan G\u00fcrer, Fo\u00e7a Belediye Ba\u015fkan\u0131 G\u00f6khan Demira\u011f\u2019a, Fo\u00e7a Kent Konseyi\u2019ne desteklerinden dolay\u0131 te\u015fekk\u00fcr plaketi takdim etti.<\/p>\n<p>Fo\u00e7a Belediye Ba\u015fkan\u0131 G\u00f6khan Demira\u011f, 2011 y\u0131l\u0131nda kurulan Fo\u00e7a Kent Konseyi ile birlikte g\u00fczel i\u015flere imza att\u0131klar\u0131n\u0131 ifade ederek te\u015fekk\u00fcr etti.<\/p>\n<p>Ola\u011fan genel kurul toplant\u0131s\u0131nda ayr\u0131ca, Fo\u00e7a Kent Konseyi Engelli Meclisi, turizm meclisi, gen\u00e7lik meclisi, kad\u0131n meclisi ve k\u00fclt\u00fcr-sanat-e\u011fitim grubunun faaliyetlerini anlatan slaytlar g\u00f6sterildi.<div class=\"tiled-gallery type-rectangular tiled-gallery-unresized\" data-original-width=\"500\" data-carousel-extra='null' itemscope itemtype=\"http:\/\/schema.org\/ImageGallery\" > <div class=\"gallery-row\" style=\"width: 500px; height: 287px;\" data-original-width=\"500\" data-original-height=\"287\" > <div class=\"gallery-group images-1\" style=\"width: 500px; height: 287px;\" data-original-width=\"500\" data-original-height=\"287\" > <div class=\"tiled-gallery-item tiled-gallery-item-large\" itemprop=\"associatedMedia\" itemscope itemtype=\"http:\/\/schema.org\/ImageObject\"> <a href=\"http:\/\/www.tvturk.com\/index.php\/foca-kent-konseyi-olagan-genel-kurul-icin-toplandi\/foca-kent-konseyi-olagan-genel-kurul-icin-toplandi-3\/\" border=\"0\" itemprop=\"url\"> <meta itemprop=\"width\" content=\"496\"> <meta itemprop=\"height\" content=\"283\"> <img decoding=\"async\" class=\"\" data-attachment-id=\"12314\" data-orig-file=\"http:\/\/www.tvturk.com\/wp-content\/uploads\/2019\/02\/foca-kent-konseyi-olagan-genel-kurul-icin-toplandi_ec3e9a4.jpg\" data-orig-size=\"1000,571\" data-comments-opened=\"\" data-image-meta=\"{&quot;aperture&quot;:&quot;0&quot;,&quot;credit&quot;:&quot;IHA&quot;,&quot;camera&quot;:&quot;&quot;,&quot;caption&quot;:&quot;FO\\u00c7A KENT KONSEY\\u0130 OLA\\u011eAN GENEL KURUL TOPLANTISI, FO\\u00c7A BELED\\u0130YES\\u0130 REHA M\\u0130D\\u0130LL\\u0130 K\\u00dcLT\\u00dcR MERKEZ\\u0130\\u2019NDE YAPILDI. (\\u0130HA\\\/\\u0130ZM\\u0130R-\\u0130HA)&quot;,&quot;created_timestamp&quot;:&quot;0&quot;,&quot;copyright&quot;:&quot;\\u0130HLAS HABER AJANSI, www.iha.com.tr&quot;,&quot;focal_length&quot;:&quot;0&quot;,&quot;iso&quot;:&quot;0&quot;,&quot;shutter_speed&quot;:&quot;0&quot;,&quot;title&quot;:&quot;FO\\u00c7A KENT KONSEY\\u0130, OLA\\u011eAN GENEL KURUL \\u0130\\u00c7\\u0130N TOPLANDI&quot;,&quot;orientation&quot;:&quot;0&quot;}\" data-image-title=\"Fo\u00e7a Kent Konseyi, ola\u011fan genel kurul i\u00e7in topland\u0131\" data-image-description=\"&lt;p&gt;Fo\u00e7a Kent Konseyi, ola\u011fan genel kurul i\u00e7in topland\u0131&lt;\/p&gt; \" data-medium-file=\"https:\/\/i0.wp.com\/www.tvturk.com\/wp-content\/uploads\/2019\/02\/foca-kent-konseyi-olagan-genel-kurul-icin-toplandi_ec3e9a4.jpg?fit=300%2C171\" data-large-file=\"https:\/\/i0.wp.com\/www.tvturk.com\/wp-content\/uploads\/2019\/02\/foca-kent-konseyi-olagan-genel-kurul-icin-toplandi_ec3e9a4.jpg?fit=1000%2C571\" src=\"https:\/\/i0.wp.com\/www.tvturk.com\/wp-content\/uploads\/2019\/02\/foca-kent-konseyi-olagan-genel-kurul-icin-toplandi_ec3e9a4.jpg?w=496&#038;h=283\" srcset=\"https:\/\/i0.wp.com\/www.tvturk.com\/wp-content\/uploads\/2019\/02\/foca-kent-konseyi-olagan-genel-kurul-icin-toplandi_ec3e9a4.jpg?w=1000 1000w, https:\/\/i0.wp.com\/www.tvturk.com\/wp-content\/uploads\/2019\/02\/foca-kent-konseyi-olagan-genel-kurul-icin-toplandi_ec3e9a4.jpg?resize=150%2C86 150w, https:\/\/i0.wp.com\/www.tvturk.com\/wp-content\/uploads\/2019\/02\/foca-kent-konseyi-olagan-genel-kurul-icin-toplandi_ec3e9a4.jpg?resize=300%2C171 300w, https:\/\/i0.wp.com\/www.tvturk.com\/wp-content\/uploads\/2019\/02\/foca-kent-konseyi-olagan-genel-kurul-icin-toplandi_ec3e9a4.jpg?resize=768%2C439 768w, https:\/\/i0.wp.com\/www.tvturk.com\/wp-content\/uploads\/2019\/02\/foca-kent-konseyi-olagan-genel-kurul-icin-toplandi_ec3e9a4.jpg?resize=200%2C113 200w\" width=\"496\" height=\"283\" loading=\"lazy\" data-original-width=\"496\" data-original-height=\"283\" itemprop=\"http:\/\/schema.org\/image\" title=\"Fo\u00e7a Kent Konseyi, ola\u011fan genel kurul i\u00e7in topland\u0131\" alt=\"Fo\u00e7a Kent Konseyi, ola\u011fan genel kurul i\u00e7in topland\u0131\" style=\"width: 496px; height: 283px;\" \/> <\/a> <\/div> <\/div> <!-- close group --> <\/div> <!-- close row --> <\/div><\/p>\n","protected":false},"excerpt":{"rendered":"<p>FO\u00c7A KENT KONSEY\u0130 OLA\u011eAN GENEL KURUL TOPLANTISI, YO\u011eUN B\u0130R KATILIMLA GER\u00c7EKLE\u015eT\u0130R\u0130LD\u0130.<\/p>\n","protected":false},"author":1,"featured_media":12313,"comment_status":"closed","ping_status":"open","sticky":false,"template":"","format":"standard","meta":{"jetpack_post_was_ever_published":false,"_jetpack_newsletter_access":"","_jetpack_dont_email_post_to_subs":false,"_jetpack_newsletter_tier_id":0,"_jetpack_memberships_contains_paywalled_content":false,"_jetpack_memberships_contains_paid_content":false,"footnotes":"","jetpack_publicize_message":"","jetpack_publicize_feature_enabled":true,"jetpack_social_post_already_shared":false,"jetpack_social_options":{"image_generator_settings":{"template":"highway","default_image_id":0,"font":"","enabled":false},"version":2}},"categories":[655],"tags":[6289,869,44,1966,3375,1756,346,249],"class_list":["post-12312","post","type-post","status-publish","format-standard","has-post-thumbnail","hentry","category-son-dakika","tag-foca","tag-genel","tag-icin","tag-kent","tag-konseyi","tag-kurul","tag-olagan","tag-toplandi"],"jetpack_publicize_connections":[],"jetpack_featured_media_url":"https:\/\/i0.wp.com\/www.tvturk.com\/wp-content\/uploads\/2019\/02\/foca-kent-konseyi-olagan-genel-kurul-icin-toplandi_5f89a81.jpg?fit=1000%2C571","jetpack_sharing_enabled":true,"jetpack_shortlink":"https:\/\/wp.me\/paKIfm-3cA","_links":{"self":[{"href":"http:\/\/www.tvturk.com\/index.php\/wp-json\/wp\/v2\/posts\/12312","targetHints":{"allow":["GET"]}}],"collection":[{"href":"http:\/\/www.tvturk.com\/index.php\/wp-json\/wp\/v2\/posts"}],"about":[{"href":"http:\/\/www.tvturk.com\/index.php\/wp-json\/wp\/v2\/types\/post"}],"author":[{"embeddable":true,"href":"http:\/\/www.tvturk.com\/index.php\/wp-json\/wp\/v2\/users\/1"}],"replies":[{"embeddable":true,"href":"http:\/\/www.tvturk.com\/index.php\/wp-json\/wp\/v2\/comments?post=12312"}],"version-history":[{"count":1,"href":"http:\/\/www.tvturk.com\/index.php\/wp-json\/wp\/v2\/posts\/12312\/revisions"}],"predecessor-version":[{"id":12315,"href":"http:\/\/www.tvturk.com\/index.php\/wp-json\/wp\/v2\/posts\/12312\/revisions\/12315"}],"wp:featuredmedia":[{"embeddable":true,"href":"http:\/\/www.tvturk.com\/index.php\/wp-json\/wp\/v2\/media\/12313"}],"wp:attachment":[{"href":"http:\/\/www.tvturk.com\/index.php\/wp-json\/wp\/v2\/media?parent=12312"}],"wp:term":[{"taxonomy":"category","embeddable":true,"href":"http:\/\/www.tvturk.com\/index.php\/wp-json\/wp\/v2\/categories?post=12312"},{"taxonomy":"post_tag","embeddable":true,"href":"http:\/\/www.tvturk.com\/index.php\/wp-json\/wp\/v2\/tags?post=12312"}],"curies":[{"name":"wp","href":"https:\/\/api.w.org\/{rel}","templated":true}]}}