{"id":12316,"date":"2019-02-08T13:55:56","date_gmt":"2019-02-08T10:55:56","guid":{"rendered":"http:\/\/www.tvturk.com\/index.php\/bigadic-31-martta-zafer-mujdeliyor\/"},"modified":"2019-02-08T13:56:01","modified_gmt":"2019-02-08T10:56:01","slug":"bigadic-31-martta-zafer-mujdeliyor","status":"publish","type":"post","link":"http:\/\/www.tvturk.com\/index.php\/bigadic-31-martta-zafer-mujdeliyor\/","title":{"rendered":"Bigadi\u00e7 31 Mart\u2019ta zafer m\u00fcjdeliyor"},"content":{"rendered":"<p>Bal\u0131kesir B\u00fcy\u00fck\u015fehir Belediye Ba\u015fkan aday\u0131 Y\u00fccel Y\u0131lmaz, se\u00e7im \u00e7al\u0131\u015fmas\u0131 i\u00e7in Bigadi\u00e7\u2019i ziyaret etti. Bigadi\u00e7\u2019te \u2019\u0130\u015fte neferlerimiz, aslanlar\u0131m\u0131z, bizim canlar\u0131m\u0131z, Bigadi\u00e7 sizi istiyor\u2019 s\u00f6zleri ile kucaklanan AK Parti Bal\u0131kesir B\u00fcy\u00fck\u015fehir Belediye Ba\u015fkan aday\u0131 Y\u00fccel Y\u0131lmaz, &#8220;Bal\u0131kesir\u2019in alt\u0131 da zengin \u00fcst\u00fc de zengin, insan eksen o da biter. Bizim amac\u0131m\u0131z sadece ki\u015filikli, diplomal\u0131 gen\u00e7ler yeti\u015ftirmek de\u011fil as\u0131l bu gen\u00e7lerimizi nas\u0131l meslek sahibi yapar\u0131z onu d\u00fc\u015f\u00fcn\u00fcyoruz. T\u00fcm bunlar\u0131n \u00e7\u00f6z\u00fcm\u00fc i\u00e7in projeler \u00fcretiyoruz&#8221; dedi.<\/p>\n<p>AK Parti Bal\u0131kesir B\u00fcy\u00fck\u015fehir Belediye Ba\u015fkan aday\u0131 Y\u00fccel Y\u0131lmaz, 31 Mart 2019 tarihinde yap\u0131lacak olan yerel se\u00e7imler \u00f6ncesinde se\u00e7im \u00e7al\u0131\u015fmalar\u0131n\u0131 aral\u0131ks\u0131z s\u00fcrd\u00fcr\u00fcyor. Bigadi\u00e7\u2019te se\u00e7im \u00e7al\u0131\u015fmalar\u0131n\u0131 s\u00fcrd\u00fcren Y\u0131lmaz\u2019a AK Parti MKYK \u00dcyesi Yavuz Suba\u015f\u0131, Bigadi\u00e7 Belediye Ba\u015fkan\u0131 \u0130smail Avcu, AK Parti Bigadi\u00e7 \u0130l\u00e7e Ba\u015fkan\u0131 Ne\u015fet Akb\u0131y\u0131k, MHP Bigadi\u00e7 \u0130l\u00e7e Ba\u015fkan\u0131 Emine Ayg\u00fcl ve AK Parti \u0130l Gen\u00e7lik Kollar\u0131 Ba\u015fkan\u0131 Zahid Bayram muhtarlar ve vatanda\u015flar e\u015flik etti. Bigadi\u00e7\u2019e ad\u0131m att\u0131\u011f\u0131 anda Bigadi\u00e7liler taraf\u0131ndan &#8220;\u0130\u015fte neferlerimiz, aslanlar\u0131m\u0131z, bizim canlar\u0131m\u0131z, Bigadi\u00e7 sizi istiyor. MHP ile sizleri bir b\u00fct\u00fcn g\u00f6r\u00fcyoruz&#8221; s\u00f6zleri ile kar\u015f\u0131lad\u0131. Bigadi\u00e7li vatanda\u015flar\u0131m\u0131z\u0131n g\u00f6n\u00fcllerine konuk olan Ba\u015fkan Y\u0131lmaz, Bigadi\u00e7\u2019te g\u00f6n\u00fcl belediyecili\u011finin kazanaca\u011f\u0131n\u0131 ve il\u00e7eye yap\u0131lacak olan projelerin Bigadi\u00e7\u2019te bereket getirece\u011fini s\u00f6yledi. Y\u0131lmaz, beraberindeki heyetle birlikte; Bigadi\u00e7 il\u00e7e merkezi, per\u015fembe pazar\u0131nda, \u00c7eriba\u015f\u0131, Adal\u0131, Bekirler, \u0130lyaslar ve Karg\u0131n k\u0131rsal mahallelerinde halkala kucakla\u015ft\u0131.<\/p>\n<p>Ba\u015fkan Y\u0131lmaz &#8220;Diplomal\u0131 ve meslekli gen\u00e7ler yeti\u015ftirmek istiyoruz&#8221;<\/p>\n<p>\u00c7aylar\u0131n taze, sobalar\u0131n s\u0131cak, g\u00f6n\u00fcllerin bir oldu\u011fu Bigadi\u00e7\u2019te halk\u0131n 31 Mart\u2019ta zaferi m\u00fcjdeledi\u011fini vurgulayan Y\u00fccel Y\u0131lmaz, gitti\u011fi kahvehane ve topluluklarda halka seslendi. Y\u0131lmaz, &#8220;Ak Parti te\u015fkilat\u0131m\u0131z\u0131n hepsi burada, MHP il\u00e7e ba\u015fkan\u0131m\u0131z ve te\u015fkilat\u0131 burada Bigadi\u00e7\u2019te r\u00fczgar g\u00fczel esiyor. Bigadi\u00e7\u2019te 5 y\u0131l \u00e7ok g\u00fczel hizmetler yap\u0131lm\u0131\u015f. Bizler, \u00e7ift\u00e7ilerimiz daha verimli \u00fcretim yapmas\u0131, s\u00fct\u00fcn, hayvanc\u0131l\u0131\u011f\u0131n daha iyi para getirmesi i\u00e7in yeni projeler haz\u0131rl\u0131yoruz. Biz bunlar i\u00e7in dertlendik. As\u0131l sizlerin \u00e7ocuklar\u0131n\u0131z ve torunlar\u0131n\u0131z var. Bu \u00e7ocuklar\u0131m\u0131z\u0131 kendine g\u00fcvenen daha da \u00f6zg\u00fcvenli nas\u0131l yeti\u015ftirebiliriz bizim derdimiz bunlar olacak. Sadece ki\u015filikli, diplomal\u0131 gen\u00e7ler yeti\u015ftirmek amac\u0131m\u0131z de\u011fil as\u0131l bu gen\u00e7lerimizi nas\u0131l meslek sahibi yapar\u0131z. \u0130\u015fte bunlar\u0131 hepsinin \u00e7\u00f6z\u00fcm\u00fc i\u00e7in projeler \u00fcretiyoruz&#8221; dedi.<\/p>\n<p>&#8220;Ba\u015fkan Y\u0131lmaz, &#8220;20 \u0130l\u00e7enin lidere ihtiyac\u0131 var&#8221;<\/p>\n<p>Bal\u0131kesir\u2019i T\u00fcrkiye\u2019nin en g\u00fczel ve en zengin yerlerinden birisi olmas\u0131 istediklerini a\u00e7\u0131klayan Y\u00fccel Y\u0131lmaz, &#8220;Bal\u0131kesir\u2019in d\u00fcnyaya a\u00e7\u0131lan kap\u0131s\u0131 olsun istiyoruz. Bizim liman\u0131m\u0131z var, havaalan\u0131m\u0131z, trenimiz var. Topraklar\u0131m\u0131z \u00e7ok zengin. Bal\u0131kesir\u2019in alt\u0131 da zengin \u00fcst\u00fc de zengin. Bor madenlerimizi buradan limana g\u00f6t\u00fcr\u00fcp d\u00fcnyaya a\u00e7\u0131l\u0131yoruz. T\u00fcrkiye Odalar ve Borsalar Birli\u011fi Ba\u015fkan\u0131 M. Rifat Hisarc\u0131kl\u0131o\u011flu ile bir sohbetimizde bana dedi ki, \u2019Bal\u0131kesir\u2019de deniz var, maden var, insanlar\u0131 temiz, ak\u0131ll\u0131, h\u0131r\u00e7\u0131n de\u011fil, \u00e7al\u0131\u015fkan, su var. Burada insan eksen biter, Bize 5 vakit namaz farzsa sizde 7 vakit namaz farz olmas\u0131 laz\u0131m, Allah size her \u015feyi vermi\u015f\u2019 dedi bana ama bizim il\u00e7elerimiz \u00e7ok b\u00fcy\u00fck 20 il\u00e7emiz birbirinden ba\u011f\u0131ms\u0131z hareket ediyor. Herkes kendi derdinde.. Bu 20 il\u00e7eyi toparlayacak bir lidere ihtiya\u00e7 var. Bize g\u00fcvenin ve 20 il\u00e7enin liderli\u011fini bize verin&#8221; dedi.<div class=\"tiled-gallery type-rectangular tiled-gallery-unresized\" data-original-width=\"500\" data-carousel-extra='null' itemscope itemtype=\"http:\/\/schema.org\/ImageGallery\" > <div class=\"gallery-row\" style=\"width: 500px; height: 224px;\" data-original-width=\"500\" data-original-height=\"224\" > <div class=\"gallery-group images-1\" style=\"width: 334px; height: 224px;\" data-original-width=\"334\" data-original-height=\"224\" > <div class=\"tiled-gallery-item tiled-gallery-item-large\" itemprop=\"associatedMedia\" itemscope itemtype=\"http:\/\/schema.org\/ImageObject\"> <a href=\"http:\/\/www.tvturk.com\/index.php\/bigadic-31-martta-zafer-mujdeliyor\/bigadic-31-martta-zafer-mujdeliyor-3\/\" border=\"0\" itemprop=\"url\"> <meta itemprop=\"width\" content=\"330\"> <meta itemprop=\"height\" content=\"220\"> <img decoding=\"async\" class=\"\" data-attachment-id=\"12318\" data-orig-file=\"http:\/\/www.tvturk.com\/wp-content\/uploads\/2019\/02\/bigadic-31-martta-zafer-mujdeliyor_5a27c4f.jpg\" data-orig-size=\"1000,667\" data-comments-opened=\"\" data-image-meta=\"{&quot;aperture&quot;:&quot;0&quot;,&quot;credit&quot;:&quot;IHA&quot;,&quot;camera&quot;:&quot;&quot;,&quot;caption&quot;:&quot;BALIKES\\u0130R B\\u00dcY\\u00dcK\\u015eEH\\u0130R BELED\\u0130YE BA\\u015eKAN ADAYI Y\\u00dcCEL YILMAZ, SE\\u00c7\\u0130M \\u00c7ALI\\u015eMASI \\u0130\\u00c7\\u0130N B\\u0130GAD\\u0130\\u00c7\\u0027\\u0130 Z\\u0130YARET ETT\\u0130 (H\\u00dcSEY\\u0130N TOKMAK\\\/BALIKES\\u0130R-\\u0130HA)&quot;,&quot;created_timestamp&quot;:&quot;0&quot;,&quot;copyright&quot;:&quot;\\u0130HLAS HABER AJANSI, www.iha.com.tr&quot;,&quot;focal_length&quot;:&quot;0&quot;,&quot;iso&quot;:&quot;0&quot;,&quot;shutter_speed&quot;:&quot;0&quot;,&quot;title&quot;:&quot;B\\u0130GAD\\u0130\\u00c7 31 MART\\u0027TA ZAFER M\\u00dcJDEL\\u0130YOR BALIKES\\u0130R B\\u00dcY\\u00dcK\\u015eEH\\u0130R BELED\\u0130YE BA\\u015eKAN ADAYI Y\\u00dcCEL YILMAZ: \\u0022TOPRAKLARIMIZ \\u00c7OK ZENG\\u0130N, BURADA \\u0130NSAN EKSEN B\\u0130TER\\u0022 \\u0022BALIKES\\u0130R\\u0027\\u0130N ALTI DA ZENG\\u0130N \\u00dcST\\u00dc DE ZENG\\u0130N\\u0022&quot;,&quot;orientation&quot;:&quot;0&quot;}\" data-image-title=\"Bigadi\u00e7 31 Mart\u2019ta zafer m\u00fcjdeliyor\" data-image-description=\"&lt;p&gt;Bigadi\u00e7 31 Mart\u2019ta zafer m\u00fcjdeliyor&lt;\/p&gt; \" data-medium-file=\"https:\/\/i0.wp.com\/www.tvturk.com\/wp-content\/uploads\/2019\/02\/bigadic-31-martta-zafer-mujdeliyor_5a27c4f.jpg?fit=300%2C200\" data-large-file=\"https:\/\/i0.wp.com\/www.tvturk.com\/wp-content\/uploads\/2019\/02\/bigadic-31-martta-zafer-mujdeliyor_5a27c4f.jpg?fit=1000%2C667\" src=\"https:\/\/i0.wp.com\/www.tvturk.com\/wp-content\/uploads\/2019\/02\/bigadic-31-martta-zafer-mujdeliyor_5a27c4f.jpg?w=330&#038;h=220\" srcset=\"https:\/\/i0.wp.com\/www.tvturk.com\/wp-content\/uploads\/2019\/02\/bigadic-31-martta-zafer-mujdeliyor_5a27c4f.jpg?w=1000 1000w, https:\/\/i0.wp.com\/www.tvturk.com\/wp-content\/uploads\/2019\/02\/bigadic-31-martta-zafer-mujdeliyor_5a27c4f.jpg?resize=150%2C100 150w, https:\/\/i0.wp.com\/www.tvturk.com\/wp-content\/uploads\/2019\/02\/bigadic-31-martta-zafer-mujdeliyor_5a27c4f.jpg?resize=300%2C200 300w, https:\/\/i0.wp.com\/www.tvturk.com\/wp-content\/uploads\/2019\/02\/bigadic-31-martta-zafer-mujdeliyor_5a27c4f.jpg?resize=768%2C512 768w, https:\/\/i0.wp.com\/www.tvturk.com\/wp-content\/uploads\/2019\/02\/bigadic-31-martta-zafer-mujdeliyor_5a27c4f.jpg?resize=170%2C113 170w, https:\/\/i0.wp.com\/www.tvturk.com\/wp-content\/uploads\/2019\/02\/bigadic-31-martta-zafer-mujdeliyor_5a27c4f.jpg?resize=120%2C80 120w\" width=\"330\" height=\"220\" loading=\"lazy\" data-original-width=\"330\" data-original-height=\"220\" itemprop=\"http:\/\/schema.org\/image\" title=\"Bigadi\u00e7 31 Mart\u2019ta zafer m\u00fcjdeliyor\" alt=\"Bigadi\u00e7 31 Mart\u2019ta zafer m\u00fcjdeliyor\" style=\"width: 330px; height: 220px;\" \/> <\/a> <\/div> <\/div> <!-- close group --> <div class=\"gallery-group images-2\" style=\"width: 166px; height: 224px;\" data-original-width=\"166\" data-original-height=\"224\" > <div class=\"tiled-gallery-item tiled-gallery-item-small\" itemprop=\"associatedMedia\" itemscope itemtype=\"http:\/\/schema.org\/ImageObject\"> <a href=\"http:\/\/www.tvturk.com\/index.php\/bigadic-31-martta-zafer-mujdeliyor\/bigadic-31-martta-zafer-mujdeliyor-4\/\" border=\"0\" itemprop=\"url\"> <meta itemprop=\"width\" content=\"162\"> <meta itemprop=\"height\" content=\"108\"> <img decoding=\"async\" class=\"\" data-attachment-id=\"12319\" data-orig-file=\"http:\/\/www.tvturk.com\/wp-content\/uploads\/2019\/02\/bigadic-31-martta-zafer-mujdeliyor_0a95947.jpg\" data-orig-size=\"1000,667\" data-comments-opened=\"\" data-image-meta=\"{&quot;aperture&quot;:&quot;0&quot;,&quot;credit&quot;:&quot;IHA&quot;,&quot;camera&quot;:&quot;&quot;,&quot;caption&quot;:&quot;BALIKES\\u0130R B\\u00dcY\\u00dcK\\u015eEH\\u0130R BELED\\u0130YE BA\\u015eKAN ADAYI Y\\u00dcCEL YILMAZ, SE\\u00c7\\u0130M \\u00c7ALI\\u015eMASI \\u0130\\u00c7\\u0130N B\\u0130GAD\\u0130\\u00c7\\u0027\\u0130 Z\\u0130YARET ETT\\u0130 (H\\u00dcSEY\\u0130N TOKMAK\\\/BALIKES\\u0130R-\\u0130HA)&quot;,&quot;created_timestamp&quot;:&quot;0&quot;,&quot;copyright&quot;:&quot;\\u0130HLAS HABER AJANSI, www.iha.com.tr&quot;,&quot;focal_length&quot;:&quot;0&quot;,&quot;iso&quot;:&quot;0&quot;,&quot;shutter_speed&quot;:&quot;0&quot;,&quot;title&quot;:&quot;B\\u0130GAD\\u0130\\u00c7 31 MART\\u0027TA ZAFER M\\u00dcJDEL\\u0130YOR BALIKES\\u0130R B\\u00dcY\\u00dcK\\u015eEH\\u0130R BELED\\u0130YE BA\\u015eKAN ADAYI Y\\u00dcCEL YILMAZ: \\u0022TOPRAKLARIMIZ \\u00c7OK ZENG\\u0130N, BURADA \\u0130NSAN EKSEN B\\u0130TER\\u0022 \\u0022BALIKES\\u0130R\\u0027\\u0130N ALTI DA ZENG\\u0130N \\u00dcST\\u00dc DE ZENG\\u0130N\\u0022&quot;,&quot;orientation&quot;:&quot;0&quot;}\" data-image-title=\"Bigadi\u00e7 31 Mart\u2019ta zafer m\u00fcjdeliyor\" data-image-description=\"&lt;p&gt;Bigadi\u00e7 31 Mart\u2019ta zafer m\u00fcjdeliyor&lt;\/p&gt; \" data-medium-file=\"https:\/\/i0.wp.com\/www.tvturk.com\/wp-content\/uploads\/2019\/02\/bigadic-31-martta-zafer-mujdeliyor_0a95947.jpg?fit=300%2C200\" data-large-file=\"https:\/\/i0.wp.com\/www.tvturk.com\/wp-content\/uploads\/2019\/02\/bigadic-31-martta-zafer-mujdeliyor_0a95947.jpg?fit=1000%2C667\" src=\"https:\/\/i0.wp.com\/www.tvturk.com\/wp-content\/uploads\/2019\/02\/bigadic-31-martta-zafer-mujdeliyor_0a95947.jpg?w=162&#038;h=108\" srcset=\"https:\/\/i0.wp.com\/www.tvturk.com\/wp-content\/uploads\/2019\/02\/bigadic-31-martta-zafer-mujdeliyor_0a95947.jpg?w=1000 1000w, https:\/\/i0.wp.com\/www.tvturk.com\/wp-content\/uploads\/2019\/02\/bigadic-31-martta-zafer-mujdeliyor_0a95947.jpg?resize=150%2C100 150w, https:\/\/i0.wp.com\/www.tvturk.com\/wp-content\/uploads\/2019\/02\/bigadic-31-martta-zafer-mujdeliyor_0a95947.jpg?resize=300%2C200 300w, https:\/\/i0.wp.com\/www.tvturk.com\/wp-content\/uploads\/2019\/02\/bigadic-31-martta-zafer-mujdeliyor_0a95947.jpg?resize=768%2C512 768w, https:\/\/i0.wp.com\/www.tvturk.com\/wp-content\/uploads\/2019\/02\/bigadic-31-martta-zafer-mujdeliyor_0a95947.jpg?resize=170%2C113 170w, https:\/\/i0.wp.com\/www.tvturk.com\/wp-content\/uploads\/2019\/02\/bigadic-31-martta-zafer-mujdeliyor_0a95947.jpg?resize=120%2C80 120w\" width=\"162\" height=\"108\" loading=\"lazy\" data-original-width=\"162\" data-original-height=\"108\" itemprop=\"http:\/\/schema.org\/image\" title=\"Bigadi\u00e7 31 Mart\u2019ta zafer m\u00fcjdeliyor\" alt=\"Bigadi\u00e7 31 Mart\u2019ta zafer m\u00fcjdeliyor\" style=\"width: 162px; height: 108px;\" \/> <\/a> <\/div> <div class=\"tiled-gallery-item tiled-gallery-item-small\" itemprop=\"associatedMedia\" itemscope itemtype=\"http:\/\/schema.org\/ImageObject\"> <a href=\"http:\/\/www.tvturk.com\/index.php\/bigadic-31-martta-zafer-mujdeliyor\/bigadic-31-martta-zafer-mujdeliyor-5\/\" border=\"0\" itemprop=\"url\"> <meta itemprop=\"width\" content=\"162\"> <meta itemprop=\"height\" content=\"108\"> <img decoding=\"async\" class=\"\" data-attachment-id=\"12320\" data-orig-file=\"http:\/\/www.tvturk.com\/wp-content\/uploads\/2019\/02\/bigadic-31-martta-zafer-mujdeliyor_938fc48.jpg\" data-orig-size=\"1000,667\" data-comments-opened=\"\" data-image-meta=\"{&quot;aperture&quot;:&quot;0&quot;,&quot;credit&quot;:&quot;IHA&quot;,&quot;camera&quot;:&quot;&quot;,&quot;caption&quot;:&quot;BALIKES\\u0130R B\\u00dcY\\u00dcK\\u015eEH\\u0130R BELED\\u0130YE BA\\u015eKAN ADAYI Y\\u00dcCEL YILMAZ, SE\\u00c7\\u0130M \\u00c7ALI\\u015eMASI \\u0130\\u00c7\\u0130N B\\u0130GAD\\u0130\\u00c7\\u0027\\u0130 Z\\u0130YARET ETT\\u0130 (H\\u00dcSEY\\u0130N TOKMAK\\\/BALIKES\\u0130R-\\u0130HA)&quot;,&quot;created_timestamp&quot;:&quot;0&quot;,&quot;copyright&quot;:&quot;\\u0130HLAS HABER AJANSI, www.iha.com.tr&quot;,&quot;focal_length&quot;:&quot;0&quot;,&quot;iso&quot;:&quot;0&quot;,&quot;shutter_speed&quot;:&quot;0&quot;,&quot;title&quot;:&quot;B\\u0130GAD\\u0130\\u00c7 31 MART\\u0027TA ZAFER M\\u00dcJDEL\\u0130YOR BALIKES\\u0130R B\\u00dcY\\u00dcK\\u015eEH\\u0130R BELED\\u0130YE BA\\u015eKAN ADAYI Y\\u00dcCEL YILMAZ: \\u0022TOPRAKLARIMIZ \\u00c7OK ZENG\\u0130N, BURADA \\u0130NSAN EKSEN B\\u0130TER\\u0022 \\u0022BALIKES\\u0130R\\u0027\\u0130N ALTI DA ZENG\\u0130N \\u00dcST\\u00dc DE ZENG\\u0130N\\u0022&quot;,&quot;orientation&quot;:&quot;0&quot;}\" data-image-title=\"Bigadi\u00e7 31 Mart\u2019ta zafer m\u00fcjdeliyor\" data-image-description=\"&lt;p&gt;Bigadi\u00e7 31 Mart\u2019ta zafer m\u00fcjdeliyor&lt;\/p&gt; \" data-medium-file=\"https:\/\/i0.wp.com\/www.tvturk.com\/wp-content\/uploads\/2019\/02\/bigadic-31-martta-zafer-mujdeliyor_938fc48.jpg?fit=300%2C200\" data-large-file=\"https:\/\/i0.wp.com\/www.tvturk.com\/wp-content\/uploads\/2019\/02\/bigadic-31-martta-zafer-mujdeliyor_938fc48.jpg?fit=1000%2C667\" src=\"https:\/\/i0.wp.com\/www.tvturk.com\/wp-content\/uploads\/2019\/02\/bigadic-31-martta-zafer-mujdeliyor_938fc48.jpg?w=162&#038;h=108\" srcset=\"https:\/\/i0.wp.com\/www.tvturk.com\/wp-content\/uploads\/2019\/02\/bigadic-31-martta-zafer-mujdeliyor_938fc48.jpg?w=1000 1000w, https:\/\/i0.wp.com\/www.tvturk.com\/wp-content\/uploads\/2019\/02\/bigadic-31-martta-zafer-mujdeliyor_938fc48.jpg?resize=150%2C100 150w, https:\/\/i0.wp.com\/www.tvturk.com\/wp-content\/uploads\/2019\/02\/bigadic-31-martta-zafer-mujdeliyor_938fc48.jpg?resize=300%2C200 300w, https:\/\/i0.wp.com\/www.tvturk.com\/wp-content\/uploads\/2019\/02\/bigadic-31-martta-zafer-mujdeliyor_938fc48.jpg?resize=768%2C512 768w, https:\/\/i0.wp.com\/www.tvturk.com\/wp-content\/uploads\/2019\/02\/bigadic-31-martta-zafer-mujdeliyor_938fc48.jpg?resize=170%2C113 170w, https:\/\/i0.wp.com\/www.tvturk.com\/wp-content\/uploads\/2019\/02\/bigadic-31-martta-zafer-mujdeliyor_938fc48.jpg?resize=120%2C80 120w\" width=\"162\" height=\"108\" loading=\"lazy\" data-original-width=\"162\" data-original-height=\"108\" itemprop=\"http:\/\/schema.org\/image\" title=\"Bigadi\u00e7 31 Mart\u2019ta zafer m\u00fcjdeliyor\" alt=\"Bigadi\u00e7 31 Mart\u2019ta zafer m\u00fcjdeliyor\" style=\"width: 162px; height: 108px;\" \/> <\/a> <\/div> <\/div> <!-- close group --> <\/div> <!-- close row --> <div class=\"gallery-row\" style=\"width: 500px; height: 112px;\" data-original-width=\"500\" data-original-height=\"112\" > <div class=\"gallery-group images-1\" style=\"width: 167px; height: 112px;\" data-original-width=\"167\" data-original-height=\"112\" > <div class=\"tiled-gallery-item tiled-gallery-item-small\" itemprop=\"associatedMedia\" itemscope itemtype=\"http:\/\/schema.org\/ImageObject\"> <a href=\"http:\/\/www.tvturk.com\/index.php\/bigadic-31-martta-zafer-mujdeliyor\/bigadic-31-martta-zafer-mujdeliyor-6\/\" border=\"0\" itemprop=\"url\"> <meta itemprop=\"width\" content=\"163\"> <meta itemprop=\"height\" content=\"108\"> <img decoding=\"async\" class=\"\" data-attachment-id=\"12321\" data-orig-file=\"http:\/\/www.tvturk.com\/wp-content\/uploads\/2019\/02\/bigadic-31-martta-zafer-mujdeliyor_22aa198.jpg\" data-orig-size=\"1000,667\" data-comments-opened=\"\" data-image-meta=\"{&quot;aperture&quot;:&quot;0&quot;,&quot;credit&quot;:&quot;IHA&quot;,&quot;camera&quot;:&quot;&quot;,&quot;caption&quot;:&quot;BALIKES\\u0130R B\\u00dcY\\u00dcK\\u015eEH\\u0130R BELED\\u0130YE BA\\u015eKAN ADAYI Y\\u00dcCEL YILMAZ, SE\\u00c7\\u0130M \\u00c7ALI\\u015eMASI \\u0130\\u00c7\\u0130N B\\u0130GAD\\u0130\\u00c7\\u0027\\u0130 Z\\u0130YARET ETT\\u0130 (H\\u00dcSEY\\u0130N TOKMAK\\\/BALIKES\\u0130R-\\u0130HA)&quot;,&quot;created_timestamp&quot;:&quot;0&quot;,&quot;copyright&quot;:&quot;\\u0130HLAS HABER AJANSI, www.iha.com.tr&quot;,&quot;focal_length&quot;:&quot;0&quot;,&quot;iso&quot;:&quot;0&quot;,&quot;shutter_speed&quot;:&quot;0&quot;,&quot;title&quot;:&quot;B\\u0130GAD\\u0130\\u00c7 31 MART\\u0027TA ZAFER M\\u00dcJDEL\\u0130YOR BALIKES\\u0130R B\\u00dcY\\u00dcK\\u015eEH\\u0130R BELED\\u0130YE BA\\u015eKAN ADAYI Y\\u00dcCEL YILMAZ: \\u0022TOPRAKLARIMIZ \\u00c7OK ZENG\\u0130N, BURADA \\u0130NSAN EKSEN B\\u0130TER\\u0022 \\u0022BALIKES\\u0130R\\u0027\\u0130N ALTI DA ZENG\\u0130N \\u00dcST\\u00dc DE ZENG\\u0130N\\u0022&quot;,&quot;orientation&quot;:&quot;0&quot;}\" data-image-title=\"Bigadi\u00e7 31 Mart\u2019ta zafer m\u00fcjdeliyor\" data-image-description=\"&lt;p&gt;Bigadi\u00e7 31 Mart\u2019ta zafer m\u00fcjdeliyor&lt;\/p&gt; \" data-medium-file=\"https:\/\/i0.wp.com\/www.tvturk.com\/wp-content\/uploads\/2019\/02\/bigadic-31-martta-zafer-mujdeliyor_22aa198.jpg?fit=300%2C200\" data-large-file=\"https:\/\/i0.wp.com\/www.tvturk.com\/wp-content\/uploads\/2019\/02\/bigadic-31-martta-zafer-mujdeliyor_22aa198.jpg?fit=1000%2C667\" src=\"https:\/\/i0.wp.com\/www.tvturk.com\/wp-content\/uploads\/2019\/02\/bigadic-31-martta-zafer-mujdeliyor_22aa198.jpg?w=163&#038;h=108\" srcset=\"https:\/\/i0.wp.com\/www.tvturk.com\/wp-content\/uploads\/2019\/02\/bigadic-31-martta-zafer-mujdeliyor_22aa198.jpg?w=1000 1000w, https:\/\/i0.wp.com\/www.tvturk.com\/wp-content\/uploads\/2019\/02\/bigadic-31-martta-zafer-mujdeliyor_22aa198.jpg?resize=150%2C100 150w, https:\/\/i0.wp.com\/www.tvturk.com\/wp-content\/uploads\/2019\/02\/bigadic-31-martta-zafer-mujdeliyor_22aa198.jpg?resize=300%2C200 300w, https:\/\/i0.wp.com\/www.tvturk.com\/wp-content\/uploads\/2019\/02\/bigadic-31-martta-zafer-mujdeliyor_22aa198.jpg?resize=768%2C512 768w, https:\/\/i0.wp.com\/www.tvturk.com\/wp-content\/uploads\/2019\/02\/bigadic-31-martta-zafer-mujdeliyor_22aa198.jpg?resize=170%2C113 170w, https:\/\/i0.wp.com\/www.tvturk.com\/wp-content\/uploads\/2019\/02\/bigadic-31-martta-zafer-mujdeliyor_22aa198.jpg?resize=120%2C80 120w\" width=\"163\" height=\"108\" loading=\"lazy\" data-original-width=\"163\" data-original-height=\"108\" itemprop=\"http:\/\/schema.org\/image\" title=\"Bigadi\u00e7 31 Mart\u2019ta zafer m\u00fcjdeliyor\" alt=\"Bigadi\u00e7 31 Mart\u2019ta zafer m\u00fcjdeliyor\" style=\"width: 163px; height: 108px;\" \/> <\/a> <\/div> <\/div> <!-- close group --> <div class=\"gallery-group images-1\" style=\"width: 167px; height: 112px;\" data-original-width=\"167\" data-original-height=\"112\" > <div class=\"tiled-gallery-item tiled-gallery-item-small\" itemprop=\"associatedMedia\" itemscope itemtype=\"http:\/\/schema.org\/ImageObject\"> <a href=\"http:\/\/www.tvturk.com\/index.php\/bigadic-31-martta-zafer-mujdeliyor\/bigadic-31-martta-zafer-mujdeliyor-7\/\" border=\"0\" itemprop=\"url\"> <meta itemprop=\"width\" content=\"163\"> <meta itemprop=\"height\" content=\"108\"> <img decoding=\"async\" class=\"\" data-attachment-id=\"12322\" data-orig-file=\"http:\/\/www.tvturk.com\/wp-content\/uploads\/2019\/02\/bigadic-31-martta-zafer-mujdeliyor_2a3c144.jpg\" data-orig-size=\"1000,667\" data-comments-opened=\"\" data-image-meta=\"{&quot;aperture&quot;:&quot;0&quot;,&quot;credit&quot;:&quot;IHA&quot;,&quot;camera&quot;:&quot;&quot;,&quot;caption&quot;:&quot;BALIKES\\u0130R B\\u00dcY\\u00dcK\\u015eEH\\u0130R BELED\\u0130YE BA\\u015eKAN ADAYI Y\\u00dcCEL YILMAZ, SE\\u00c7\\u0130M \\u00c7ALI\\u015eMASI \\u0130\\u00c7\\u0130N B\\u0130GAD\\u0130\\u00c7\\u0027\\u0130 Z\\u0130YARET ETT\\u0130 (H\\u00dcSEY\\u0130N TOKMAK\\\/BALIKES\\u0130R-\\u0130HA)&quot;,&quot;created_timestamp&quot;:&quot;0&quot;,&quot;copyright&quot;:&quot;\\u0130HLAS HABER AJANSI, www.iha.com.tr&quot;,&quot;focal_length&quot;:&quot;0&quot;,&quot;iso&quot;:&quot;0&quot;,&quot;shutter_speed&quot;:&quot;0&quot;,&quot;title&quot;:&quot;B\\u0130GAD\\u0130\\u00c7 31 MART\\u0027TA ZAFER M\\u00dcJDEL\\u0130YOR BALIKES\\u0130R B\\u00dcY\\u00dcK\\u015eEH\\u0130R BELED\\u0130YE BA\\u015eKAN ADAYI Y\\u00dcCEL YILMAZ: \\u0022TOPRAKLARIMIZ \\u00c7OK ZENG\\u0130N, BURADA \\u0130NSAN EKSEN B\\u0130TER\\u0022 \\u0022BALIKES\\u0130R\\u0027\\u0130N ALTI DA ZENG\\u0130N \\u00dcST\\u00dc DE ZENG\\u0130N\\u0022&quot;,&quot;orientation&quot;:&quot;0&quot;}\" data-image-title=\"Bigadi\u00e7 31 Mart\u2019ta zafer m\u00fcjdeliyor\" data-image-description=\"&lt;p&gt;Bigadi\u00e7 31 Mart\u2019ta zafer m\u00fcjdeliyor&lt;\/p&gt; \" data-medium-file=\"https:\/\/i0.wp.com\/www.tvturk.com\/wp-content\/uploads\/2019\/02\/bigadic-31-martta-zafer-mujdeliyor_2a3c144.jpg?fit=300%2C200\" data-large-file=\"https:\/\/i0.wp.com\/www.tvturk.com\/wp-content\/uploads\/2019\/02\/bigadic-31-martta-zafer-mujdeliyor_2a3c144.jpg?fit=1000%2C667\" src=\"https:\/\/i0.wp.com\/www.tvturk.com\/wp-content\/uploads\/2019\/02\/bigadic-31-martta-zafer-mujdeliyor_2a3c144.jpg?w=163&#038;h=108\" srcset=\"https:\/\/i0.wp.com\/www.tvturk.com\/wp-content\/uploads\/2019\/02\/bigadic-31-martta-zafer-mujdeliyor_2a3c144.jpg?w=1000 1000w, https:\/\/i0.wp.com\/www.tvturk.com\/wp-content\/uploads\/2019\/02\/bigadic-31-martta-zafer-mujdeliyor_2a3c144.jpg?resize=150%2C100 150w, https:\/\/i0.wp.com\/www.tvturk.com\/wp-content\/uploads\/2019\/02\/bigadic-31-martta-zafer-mujdeliyor_2a3c144.jpg?resize=300%2C200 300w, https:\/\/i0.wp.com\/www.tvturk.com\/wp-content\/uploads\/2019\/02\/bigadic-31-martta-zafer-mujdeliyor_2a3c144.jpg?resize=768%2C512 768w, https:\/\/i0.wp.com\/www.tvturk.com\/wp-content\/uploads\/2019\/02\/bigadic-31-martta-zafer-mujdeliyor_2a3c144.jpg?resize=170%2C113 170w, https:\/\/i0.wp.com\/www.tvturk.com\/wp-content\/uploads\/2019\/02\/bigadic-31-martta-zafer-mujdeliyor_2a3c144.jpg?resize=120%2C80 120w\" width=\"163\" height=\"108\" loading=\"lazy\" data-original-width=\"163\" data-original-height=\"108\" itemprop=\"http:\/\/schema.org\/image\" title=\"Bigadi\u00e7 31 Mart\u2019ta zafer m\u00fcjdeliyor\" alt=\"Bigadi\u00e7 31 Mart\u2019ta zafer m\u00fcjdeliyor\" style=\"width: 163px; height: 108px;\" \/> <\/a> <\/div> <\/div> <!-- close group --> <div class=\"gallery-group images-1\" style=\"width: 166px; height: 112px;\" data-original-width=\"166\" data-original-height=\"112\" > <div class=\"tiled-gallery-item tiled-gallery-item-small\" itemprop=\"associatedMedia\" itemscope itemtype=\"http:\/\/schema.org\/ImageObject\"> <a href=\"http:\/\/www.tvturk.com\/index.php\/bigadic-31-martta-zafer-mujdeliyor\/bigadic-31-martta-zafer-mujdeliyor-8\/\" border=\"0\" itemprop=\"url\"> <meta itemprop=\"width\" content=\"162\"> <meta itemprop=\"height\" content=\"108\"> <img decoding=\"async\" class=\"\" data-attachment-id=\"12323\" data-orig-file=\"http:\/\/www.tvturk.com\/wp-content\/uploads\/2019\/02\/bigadic-31-martta-zafer-mujdeliyor_d7db9af.jpg\" data-orig-size=\"1000,667\" data-comments-opened=\"\" data-image-meta=\"{&quot;aperture&quot;:&quot;0&quot;,&quot;credit&quot;:&quot;IHA&quot;,&quot;camera&quot;:&quot;&quot;,&quot;caption&quot;:&quot;BALIKES\\u0130R B\\u00dcY\\u00dcK\\u015eEH\\u0130R BELED\\u0130YE BA\\u015eKAN ADAYI Y\\u00dcCEL YILMAZ, SE\\u00c7\\u0130M \\u00c7ALI\\u015eMASI \\u0130\\u00c7\\u0130N B\\u0130GAD\\u0130\\u00c7\\u0027\\u0130 Z\\u0130YARET ETT\\u0130 (H\\u00dcSEY\\u0130N TOKMAK\\\/BALIKES\\u0130R-\\u0130HA)&quot;,&quot;created_timestamp&quot;:&quot;0&quot;,&quot;copyright&quot;:&quot;\\u0130HLAS HABER AJANSI, www.iha.com.tr&quot;,&quot;focal_length&quot;:&quot;0&quot;,&quot;iso&quot;:&quot;0&quot;,&quot;shutter_speed&quot;:&quot;0&quot;,&quot;title&quot;:&quot;B\\u0130GAD\\u0130\\u00c7 31 MART\\u0027TA ZAFER M\\u00dcJDEL\\u0130YOR BALIKES\\u0130R B\\u00dcY\\u00dcK\\u015eEH\\u0130R BELED\\u0130YE BA\\u015eKAN ADAYI Y\\u00dcCEL YILMAZ: \\u0022TOPRAKLARIMIZ \\u00c7OK ZENG\\u0130N, BURADA \\u0130NSAN EKSEN B\\u0130TER\\u0022 \\u0022BALIKES\\u0130R\\u0027\\u0130N ALTI DA ZENG\\u0130N \\u00dcST\\u00dc DE ZENG\\u0130N\\u0022&quot;,&quot;orientation&quot;:&quot;0&quot;}\" data-image-title=\"Bigadi\u00e7 31 Mart\u2019ta zafer m\u00fcjdeliyor\" data-image-description=\"&lt;p&gt;Bigadi\u00e7 31 Mart\u2019ta zafer m\u00fcjdeliyor&lt;\/p&gt; \" data-medium-file=\"https:\/\/i0.wp.com\/www.tvturk.com\/wp-content\/uploads\/2019\/02\/bigadic-31-martta-zafer-mujdeliyor_d7db9af.jpg?fit=300%2C200\" data-large-file=\"https:\/\/i0.wp.com\/www.tvturk.com\/wp-content\/uploads\/2019\/02\/bigadic-31-martta-zafer-mujdeliyor_d7db9af.jpg?fit=1000%2C667\" src=\"https:\/\/i0.wp.com\/www.tvturk.com\/wp-content\/uploads\/2019\/02\/bigadic-31-martta-zafer-mujdeliyor_d7db9af.jpg?w=162&#038;h=108\" srcset=\"https:\/\/i0.wp.com\/www.tvturk.com\/wp-content\/uploads\/2019\/02\/bigadic-31-martta-zafer-mujdeliyor_d7db9af.jpg?w=1000 1000w, https:\/\/i0.wp.com\/www.tvturk.com\/wp-content\/uploads\/2019\/02\/bigadic-31-martta-zafer-mujdeliyor_d7db9af.jpg?resize=150%2C100 150w, https:\/\/i0.wp.com\/www.tvturk.com\/wp-content\/uploads\/2019\/02\/bigadic-31-martta-zafer-mujdeliyor_d7db9af.jpg?resize=300%2C200 300w, https:\/\/i0.wp.com\/www.tvturk.com\/wp-content\/uploads\/2019\/02\/bigadic-31-martta-zafer-mujdeliyor_d7db9af.jpg?resize=768%2C512 768w, https:\/\/i0.wp.com\/www.tvturk.com\/wp-content\/uploads\/2019\/02\/bigadic-31-martta-zafer-mujdeliyor_d7db9af.jpg?resize=170%2C113 170w, https:\/\/i0.wp.com\/www.tvturk.com\/wp-content\/uploads\/2019\/02\/bigadic-31-martta-zafer-mujdeliyor_d7db9af.jpg?resize=120%2C80 120w\" width=\"162\" height=\"108\" loading=\"lazy\" data-original-width=\"162\" data-original-height=\"108\" itemprop=\"http:\/\/schema.org\/image\" title=\"Bigadi\u00e7 31 Mart\u2019ta zafer m\u00fcjdeliyor\" alt=\"Bigadi\u00e7 31 Mart\u2019ta zafer m\u00fcjdeliyor\" style=\"width: 162px; height: 108px;\" \/> <\/a> <\/div> <\/div> <!-- close group --> <\/div> <!-- close row --> <\/div><\/p>\n","protected":false},"excerpt":{"rendered":"<p>BALIKES\u0130R B\u00dcY\u00dcK\u015eEH\u0130R BELED\u0130YE BA\u015eKAN ADAYI Y\u00dcCEL YILMAZ, SE\u00c7\u0130M \u00c7ALI\u015eMASI \u0130\u00c7\u0130N B\u0130GAD\u0130\u00c7&#8217;\u0130 Z\u0130YARET ETT\u0130<\/p>\n","protected":false},"author":1,"featured_media":12317,"comment_status":"closed","ping_status":"open","sticky":false,"template":"","format":"standard","meta":{"jetpack_post_was_ever_published":false,"_jetpack_newsletter_access":"","_jetpack_dont_email_post_to_subs":false,"_jetpack_newsletter_tier_id":0,"_jetpack_memberships_contains_paywalled_content":false,"_jetpack_memberships_contains_paid_content":false,"footnotes":"","jetpack_publicize_message":"","jetpack_publicize_feature_enabled":true,"jetpack_social_post_already_shared":false,"jetpack_social_options":{"image_generator_settings":{"template":"highway","default_image_id":0,"font":"","enabled":false},"version":2}},"categories":[655],"tags":[6290,1865,6291,1868],"class_list":["post-12316","post","type-post","status-publish","format-standard","has-post-thumbnail","hentry","category-son-dakika","tag-bigadic","tag-martta","tag-mujdeliyor","tag-zafer"],"jetpack_publicize_connections":[],"jetpack_featured_media_url":"https:\/\/i0.wp.com\/www.tvturk.com\/wp-content\/uploads\/2019\/02\/bigadic-31-martta-zafer-mujdeliyor_0e1005a.jpg?fit=1000%2C667","jetpack_sharing_enabled":true,"jetpack_shortlink":"https:\/\/wp.me\/paKIfm-3cE","_links":{"self":[{"href":"http:\/\/www.tvturk.com\/index.php\/wp-json\/wp\/v2\/posts\/12316","targetHints":{"allow":["GET"]}}],"collection":[{"href":"http:\/\/www.tvturk.com\/index.php\/wp-json\/wp\/v2\/posts"}],"about":[{"href":"http:\/\/www.tvturk.com\/index.php\/wp-json\/wp\/v2\/types\/post"}],"author":[{"embeddable":true,"href":"http:\/\/www.tvturk.com\/index.php\/wp-json\/wp\/v2\/users\/1"}],"replies":[{"embeddable":true,"href":"http:\/\/www.tvturk.com\/index.php\/wp-json\/wp\/v2\/comments?post=12316"}],"version-history":[{"count":1,"href":"http:\/\/www.tvturk.com\/index.php\/wp-json\/wp\/v2\/posts\/12316\/revisions"}],"predecessor-version":[{"id":12324,"href":"http:\/\/www.tvturk.com\/index.php\/wp-json\/wp\/v2\/posts\/12316\/revisions\/12324"}],"wp:featuredmedia":[{"embeddable":true,"href":"http:\/\/www.tvturk.com\/index.php\/wp-json\/wp\/v2\/media\/12317"}],"wp:attachment":[{"href":"http:\/\/www.tvturk.com\/index.php\/wp-json\/wp\/v2\/media?parent=12316"}],"wp:term":[{"taxonomy":"category","embeddable":true,"href":"http:\/\/www.tvturk.com\/index.php\/wp-json\/wp\/v2\/categories?post=12316"},{"taxonomy":"post_tag","embeddable":true,"href":"http:\/\/www.tvturk.com\/index.php\/wp-json\/wp\/v2\/tags?post=12316"}],"curies":[{"name":"wp","href":"https:\/\/api.w.org\/{rel}","templated":true}]}}