{"id":123250,"date":"2019-04-03T18:17:51","date_gmt":"2019-04-03T15:17:51","guid":{"rendered":"http:\/\/www.tvturk.com\/index.php\/disisleri-bakani-cavusoglu-s-400ler-bitmis-yapilmis-bir-anlasmadir\/"},"modified":"2019-04-03T18:17:53","modified_gmt":"2019-04-03T15:17:53","slug":"disisleri-bakani-cavusoglu-s-400ler-bitmis-yapilmis-bir-anlasmadir","status":"publish","type":"post","link":"http:\/\/www.tvturk.com\/index.php\/disisleri-bakani-cavusoglu-s-400ler-bitmis-yapilmis-bir-anlasmadir\/","title":{"rendered":"D\u0131\u015fi\u015fleri Bakan\u0131 \u00c7avu\u015fo\u011flu: &#8220;S-400\u2019ler bitmi\u015f, yap\u0131lm\u0131\u015f bir anla\u015fmad\u0131r&#8221;"},"content":{"rendered":"<p>D\u0131\u015fi\u015fleri Bakan\u0131 Mevl\u00fct \u00c7avu\u015fo\u011flu, &#8220;S-400\u2019ler bitmi\u015f, yap\u0131lm\u0131\u015f bir anla\u015fmad\u0131r&#8221; dedi.<\/p>\n<p>D\u0131\u015fi\u015fleri Bakan\u0131 Mevl\u00fct \u00c7avu\u015fo\u011flu, Atlantik Konseyi, German Marshall Fund ve M\u00fcnih G\u00fcvenlik Konferans\u0131 taraf\u0131ndan d\u00fczenlenen \u201cTurkey\u2019s Role in NATO and Regional Security\u201d ba\u015fl\u0131kl\u0131 panelde konu\u015ftu. \u00c7avu\u015fo\u011flu, &#8220;S-400\u2019ler bitmi\u015f, yap\u0131lm\u0131\u015f bir anla\u015fmad\u0131r. F-35 ise kapsaml\u0131 bir programd\u0131r. T\u00fcrkiye bu program\u0131n bir par\u00e7as\u0131. Biz F-35\u2019lerin bir\u00e7ok par\u00e7as\u0131n\u0131 \u00fcretiyoruz. Biz 1.2 milyar dolar \u00f6dedik \u015fu ana kadar ve 2.3 milyar dolarda \u00f6denecek olan bir mebla\u011f var. Biz b\u00fct\u00fcn y\u00fck\u00fcml\u00fcl\u00fcklerimizi kendi ad\u0131m\u0131za yerine getirmi\u015f durumday\u0131z. Bu \u00e7ok kapsaml\u0131 bir program. Burada ABD bir \u015fey \u00fcretiyor ve onu NATO m\u00fcttefiki olan T\u00fcrkiye\u2019ye sat\u0131yor b\u00f6yle bir \u015fey yok. Biz bu program\u0131n bir par\u00e7as\u0131y\u0131z&#8221; dedi.<\/p>\n<p>\u00c7avu\u015fo\u011flu, &#8220;T\u00fcrkiye\u2019deki savunma sanayisi sadece bu projeye ba\u011fl\u0131 de\u011fil. Biz kendi savunma sanayimizi geli\u015ftiriyoruz. Biz ihtiya\u00e7 duydu\u011fumuz savunma sanayisinin y\u00fczde 70\u2019ini kendimiz \u00fcretiyoruz. Savunma sanayimizi gelecekte de geli\u015ftirmeye devam edece\u011fiz ve T\u00fcrk halk\u0131 \u00e7evremizdeki tehditleri de \u00e7ok iyi anlamakta. Biz \u00e7ok bar\u0131\u015f\u00e7\u0131l bir ortamda ya\u015fam\u0131yoruz d\u00f6rt bir yan\u0131m\u0131z \u00e7at\u0131\u015fmalarla dolu ve biz NATO\u2019nun en \u00f6ndeki cephe hatt\u0131nday\u0131z. NATO\u2019nun kar\u015f\u0131 kar\u015f\u0131ya kald\u0131\u011f\u0131 b\u00fct\u00fcn s\u0131k\u0131nt\u0131lar\u0131n, d\u00fczensiz g\u00f6\u00e7, ter\u00f6rizm, i\u00e7 sava\u015f, Da\u011fl\u0131k Karaba\u011f\u2019dan tutun da G\u00fcrcistan\u2019a kadar. Oradan tutun da K\u0131r\u0131m\u2019a kadar, K\u0131br\u0131s meselesi var&#8221; \u015feklinde konu\u015ftu.<\/p>\n<p>\u00c7avu\u015fo\u011flu, NATO Genel Sekreteri Jens Stoltenberg\u2019in herhangi bir NATO \u00fcyesinin herhangi bir \u00fclkeden savunma sistemi alabilece\u011fine dair mesaj\u0131n\u0131 dile getirdi.<\/p>\n<p>S-400\u2019lerin T\u00fcrkiye\u2019nin acil ihtiyac\u0131na cevap verdi\u011fini belirten \u00c7avu\u015fo\u011flu, ABD\u2019nin F-35\u2019leri teslim etmesi konusunda ise, &#8220;\u015eu anda konu \u00fczerinde \u00e7al\u0131\u015f\u0131yoruz. ABD\u2019deki farkl\u0131 kurumlardan farkl\u0131 beyanlar var. Farkl\u0131 \u015feyler s\u00f6yleniyor bunlar\u0131n teslimat\u0131 ile alakal\u0131. ABD\u2019nin Suriye\u2019den \u00e7ekilmesi gibi konularda da bu b\u00f6yle, ABD\u2019deki farkl\u0131 kurumlardan \u00e7eli\u015fkili a\u00e7\u0131klamalar gelebiliyor. Ama genel olarak bu konu \u00fczerinde \u00e7al\u0131\u015fmaya devam etme konusunda kararl\u0131y\u0131z&#8221; ifadelerini kulland\u0131.<\/p>\n<p>&#8220;Trump Cumhurba\u015fkan\u0131 Erdo\u011fan\u2019a s\u00f6z verdi&#8221;<\/p>\n<p>Trump\u2019\u0131n yap\u0131lan bir telefon g\u00f6r\u00fc\u015fmesinde bir \u00f6nceki ABD h\u00fck\u00fcmetinin T\u00fcrkiye\u2019ye Patriot u\u00e7aksavar f\u00fczesi satmamak konusunda hatal\u0131 oldu\u011funu belirtti\u011fini s\u00f6yleyen \u00c7avu\u015fo\u011flu, &#8220;Trump Cumhurba\u015fkan\u0131 Erdo\u011fan\u2019a bu konu ile ilgilenece\u011finin s\u00f6z\u00fcn\u00fc verdi&#8221; dedi.<\/p>\n<p>&#8220;Biz ABD\u2019den PKK ile birlik olmamas\u0131n\u0131 istiyoruz&#8221;<\/p>\n<p>F-35 konusunun yeniden ele al\u0131nabilece\u011fini belirten \u00c7avu\u015fo\u011flu, ABD\u2019nin Suriye\u2019de olmas\u0131n\u0131n m\u0131 yoksa olmamas\u0131n\u0131n m\u0131 T\u00fcrkiye i\u00e7in daha iyi oldu\u011fu sorusuna ise, &#8220;Biz \u00fclkenin toprak b\u00fct\u00fcnl\u00fc\u011f\u00fcne \u00f6nem veriyoruz. T\u00fcm d\u0131\u015f g\u00fc\u00e7ler Suriye\u2019den ayr\u0131l\u0131rsa biz rahat ederiz. Bizim ABD\u2019nin b\u00f6lgede kalmas\u0131 ile ilgili problemimiz \u015fu; ABD PKK\/PYD ter\u00f6r \u00f6rg\u00fctleri ile angaje oluyordu. Ve biz ABD\u2019den \u015funu istiyoruz, bu angajman\u0131 bitirin, onlarla art\u0131k birlik olmay\u0131n. Ama hala ABD bu ter\u00f6r \u00f6rg\u00fctlerini destekliyor ve bunlarda bize do\u011frudan bir tehdit&#8221; \u015feklinde konu\u015ftu.<\/p>\n<p>&#8220;ABD ter\u00f6r \u00f6rg\u00fct\u00fc ile birlikte \u00e7al\u0131\u015f\u0131yor onlara silah veriyor&#8221;<\/p>\n<p>ABD\u2019nin PKK ile olan ili\u015fkisinin iyi bir taraf\u0131 olmayaca\u011f\u0131n\u0131 belirten \u00c7avu\u015fo\u011flu, &#8220;ABD ter\u00f6r \u00f6rg\u00fct\u00fc ile birlikte \u00e7al\u0131\u015f\u0131yor, onlara silah veriyor. Bunlar\u0131n aras\u0131nda a\u011f\u0131r silahlar da var. Bu bizim i\u00e7in b\u00fcy\u00fck bir risk. Biz bunu ABD\u2019ye s\u00f6yledik. M\u00fcnbi\u00e7 yol haritas\u0131na da bunu koyduk. Bu konuda mutab\u0131k da kald\u0131k. YPG bu b\u00f6lgeden \u00e7\u0131ks\u0131n ve biz de birlikte \u00e7al\u0131\u015fal\u0131m, yerel yap\u0131lar olu\u015ftural\u0131m dedik. Bir g\u00fcvenlik yap\u0131s\u0131, y\u00f6netim yap\u0131s\u0131 kurulsun dedik. Ama yol haritas\u0131 hen\u00fcz hayata ge\u00e7irilebilmi\u015f de\u011fil&#8221; dedi.<\/p>\n<p>ABD ile birlikte \u00fczerinde \u00e7al\u0131\u015f\u0131lmas\u0131 gereken \u00e7ok fazla konu oldu\u011funu belirten \u00c7avu\u015fo\u011flu, &#8220;E\u011fer t\u00fcm \u00fclkeler Suriye\u2019den \u00e7\u0131karsa Suriye\u2019nin toprak b\u00fct\u00fcnl\u00fc\u011f\u00fc ve istikrar\u0131 i\u00e7in iyi olacak&#8221; \u015feklinde konu\u015ftu.<\/p>\n<p>&#8220;YPG konusunda g\u00f6r\u00fc\u015f ayr\u0131l\u0131\u011f\u0131m\u0131z olsa da ABD ile birlikte \u00e7al\u0131\u015f\u0131yoruz&#8221;<\/p>\n<p>ABD\u2019nin M\u00fcnbi\u00e7\u2019de do\u011frudan bir rol\u00fc olmad\u0131\u011f\u0131n\u0131 ifade eden \u00c7avu\u015fo\u011flu, &#8220;M\u00fcnbi\u00e7\u2019te bir mutabakat var. \u00dclkenin gelece\u011fi i\u00e7in bu \u00f6nem ta\u015f\u0131makta, siyasi s\u00fcrecin devam etmesi \u00f6nem ta\u015f\u0131makta ve ABD Suriye\u2019de bizim i\u00e7in hala ana partnerlerden bir tanesi, YPG konusunda g\u00f6r\u00fc\u015f ayr\u0131l\u0131\u011f\u0131m\u0131z olsa da birlikte \u00e7al\u0131\u015f\u0131yoruz&#8221; dedi.<div class=\"tiled-gallery type-rectangular tiled-gallery-unresized\" data-original-width=\"500\" data-carousel-extra='null' itemscope itemtype=\"http:\/\/schema.org\/ImageGallery\" > <div class=\"gallery-row\" style=\"width: 500px; height: 304px;\" data-original-width=\"500\" data-original-height=\"304\" > <div class=\"gallery-group images-1\" style=\"width: 500px; height: 304px;\" data-original-width=\"500\" data-original-height=\"304\" > <div class=\"tiled-gallery-item tiled-gallery-item-large\" itemprop=\"associatedMedia\" itemscope itemtype=\"http:\/\/schema.org\/ImageObject\"> <a href=\"http:\/\/www.tvturk.com\/index.php\/disisleri-bakani-cavusoglu-s-400ler-bitmis-yapilmis-bir-anlasmadir\/disisleri-bakani-cavusoglu-s-400ler-bitmis-yapilmis-bir-anlasmadir-3\/\" border=\"0\" itemprop=\"url\"> <meta itemprop=\"width\" content=\"496\"> <meta itemprop=\"height\" content=\"300\"> <img decoding=\"async\" class=\"\" data-attachment-id=\"123252\" data-orig-file=\"http:\/\/www.tvturk.com\/wp-content\/uploads\/2019\/04\/disisleri-bakani-cavusoglu-s-400ler-bitmis-yapilmis-bir-anlasmadir_0be9b8d.jpg\" data-orig-size=\"1000,605\" data-comments-opened=\"\" data-image-meta=\"{&quot;aperture&quot;:&quot;0&quot;,&quot;credit&quot;:&quot;IHA&quot;,&quot;camera&quot;:&quot;&quot;,&quot;caption&quot;:&quot;DI\\u015e\\u0130\\u015eLER\\u0130 BAKANI MEVL\\u00dcT \\u00c7AVU\\u015eO\\u011eLU, \\u0022S-400\\u2019LER B\\u0130TM\\u0130\\u015e, YAPILMI\\u015e B\\u0130R ANLA\\u015eMADIR\\u0022 DED\\u0130. (\\u0130HA\\\/WASHINGTON-\\u0130HA)&quot;,&quot;created_timestamp&quot;:&quot;0&quot;,&quot;copyright&quot;:&quot;\\u0130HLAS HABER AJANSI, www.iha.com.tr&quot;,&quot;focal_length&quot;:&quot;0&quot;,&quot;iso&quot;:&quot;0&quot;,&quot;shutter_speed&quot;:&quot;0&quot;,&quot;title&quot;:&quot;DI\\u015e\\u0130\\u015eLER\\u0130 BAKANI \\u00c7AVU\\u015eO\\u011eLU: \\u0022S-400\\u2019LER B\\u0130TM\\u0130\\u015e, YAPILMI\\u015e B\\u0130R ANLA\\u015eMADIR\\u0022 \\u0022B\\u0130Z ABD\\u2019DEN PKK \\u0130LE B\\u0130RL\\u0130K OLMAMASINI \\u0130ST\\u0130YORUZ\\u0022 \\u0022ABD TER\\u00d6R \\u00d6RG\\u00dcT\\u00dc \\u0130LE B\\u0130RL\\u0130KTE \\u00c7ALI\\u015eIYOR ONLARA S\\u0130LAH VER\\u0130YOR\\u0022&quot;,&quot;orientation&quot;:&quot;0&quot;}\" data-image-title=\"D\u0131\u015fi\u015fleri Bakan\u0131 \u00c7avu\u015fo\u011flu: &amp;#8220;S-400\u2019ler bitmi\u015f, yap\u0131lm\u0131\u015f bir anla\u015fmad\u0131r&amp;#8221;\" data-image-description=\"&lt;p&gt;D\u0131\u015fi\u015fleri Bakan\u0131 \u00c7avu\u015fo\u011flu: &amp;#8220;S-400\u2019ler bitmi\u015f, yap\u0131lm\u0131\u015f bir anla\u015fmad\u0131r&amp;#8221;&lt;\/p&gt; \" data-medium-file=\"https:\/\/i0.wp.com\/www.tvturk.com\/wp-content\/uploads\/2019\/04\/disisleri-bakani-cavusoglu-s-400ler-bitmis-yapilmis-bir-anlasmadir_0be9b8d.jpg?fit=300%2C182\" data-large-file=\"https:\/\/i0.wp.com\/www.tvturk.com\/wp-content\/uploads\/2019\/04\/disisleri-bakani-cavusoglu-s-400ler-bitmis-yapilmis-bir-anlasmadir_0be9b8d.jpg?fit=1000%2C605\" src=\"https:\/\/i0.wp.com\/www.tvturk.com\/wp-content\/uploads\/2019\/04\/disisleri-bakani-cavusoglu-s-400ler-bitmis-yapilmis-bir-anlasmadir_0be9b8d.jpg?w=496&#038;h=300\" srcset=\"https:\/\/i0.wp.com\/www.tvturk.com\/wp-content\/uploads\/2019\/04\/disisleri-bakani-cavusoglu-s-400ler-bitmis-yapilmis-bir-anlasmadir_0be9b8d.jpg?w=1000 1000w, https:\/\/i0.wp.com\/www.tvturk.com\/wp-content\/uploads\/2019\/04\/disisleri-bakani-cavusoglu-s-400ler-bitmis-yapilmis-bir-anlasmadir_0be9b8d.jpg?resize=150%2C91 150w, https:\/\/i0.wp.com\/www.tvturk.com\/wp-content\/uploads\/2019\/04\/disisleri-bakani-cavusoglu-s-400ler-bitmis-yapilmis-bir-anlasmadir_0be9b8d.jpg?resize=300%2C182 300w, https:\/\/i0.wp.com\/www.tvturk.com\/wp-content\/uploads\/2019\/04\/disisleri-bakani-cavusoglu-s-400ler-bitmis-yapilmis-bir-anlasmadir_0be9b8d.jpg?resize=768%2C465 768w, https:\/\/i0.wp.com\/www.tvturk.com\/wp-content\/uploads\/2019\/04\/disisleri-bakani-cavusoglu-s-400ler-bitmis-yapilmis-bir-anlasmadir_0be9b8d.jpg?resize=187%2C113 187w\" width=\"496\" height=\"300\" loading=\"lazy\" data-original-width=\"496\" data-original-height=\"300\" itemprop=\"http:\/\/schema.org\/image\" title=\"D\u0131\u015fi\u015fleri Bakan\u0131 \u00c7avu\u015fo\u011flu: &quot;S-400\u2019ler bitmi\u015f, yap\u0131lm\u0131\u015f bir anla\u015fmad\u0131r&quot;\" alt=\"D\u0131\u015fi\u015fleri Bakan\u0131 \u00c7avu\u015fo\u011flu: &quot;S-400\u2019ler bitmi\u015f, yap\u0131lm\u0131\u015f bir anla\u015fmad\u0131r&quot;\" style=\"width: 496px; height: 300px;\" \/> <\/a> <\/div> <\/div> <!-- close group --> <\/div> <!-- close row --> <\/div><\/p>\n","protected":false},"excerpt":{"rendered":"<p>DI\u015e\u0130\u015eLER\u0130 BAKANI MEVL\u00dcT \u00c7AVU\u015eO\u011eLU, &#8220;S-400\u2019LER B\u0130TM\u0130\u015e, YAPILMI\u015e B\u0130R ANLA\u015eMADIR&#8221; DED\u0130.<\/p>\n","protected":false},"author":1,"featured_media":123251,"comment_status":"closed","ping_status":"open","sticky":false,"template":"","format":"standard","meta":{"jetpack_post_was_ever_published":false,"_jetpack_newsletter_access":"","_jetpack_dont_email_post_to_subs":false,"_jetpack_newsletter_tier_id":0,"_jetpack_memberships_contains_paywalled_content":false,"_jetpack_memberships_contains_paid_content":false,"footnotes":"","jetpack_publicize_message":"","jetpack_publicize_feature_enabled":true,"jetpack_social_post_already_shared":true,"jetpack_social_options":{"image_generator_settings":{"template":"highway","default_image_id":0,"font":"","enabled":false},"version":2}},"categories":[10],"tags":[29370,29371,933,125,25359,1499,1498,20988],"class_list":["post-123250","post","type-post","status-publish","format-standard","has-post-thumbnail","hentry","category-dunya","tag-s-400ler","tag-anlasmadir","tag-bakani","tag-bir","tag-bitmis","tag-cavusoglu","tag-disisleri","tag-yapilmis"],"jetpack_publicize_connections":[],"jetpack_featured_media_url":"https:\/\/i0.wp.com\/www.tvturk.com\/wp-content\/uploads\/2019\/04\/disisleri-bakani-cavusoglu-s-400ler-bitmis-yapilmis-bir-anlasmadir_b864598.jpg?fit=1000%2C686","jetpack_sharing_enabled":true,"jetpack_shortlink":"https:\/\/wp.me\/paKIfm-w3U","_links":{"self":[{"href":"http:\/\/www.tvturk.com\/index.php\/wp-json\/wp\/v2\/posts\/123250","targetHints":{"allow":["GET"]}}],"collection":[{"href":"http:\/\/www.tvturk.com\/index.php\/wp-json\/wp\/v2\/posts"}],"about":[{"href":"http:\/\/www.tvturk.com\/index.php\/wp-json\/wp\/v2\/types\/post"}],"author":[{"embeddable":true,"href":"http:\/\/www.tvturk.com\/index.php\/wp-json\/wp\/v2\/users\/1"}],"replies":[{"embeddable":true,"href":"http:\/\/www.tvturk.com\/index.php\/wp-json\/wp\/v2\/comments?post=123250"}],"version-history":[{"count":1,"href":"http:\/\/www.tvturk.com\/index.php\/wp-json\/wp\/v2\/posts\/123250\/revisions"}],"predecessor-version":[{"id":123253,"href":"http:\/\/www.tvturk.com\/index.php\/wp-json\/wp\/v2\/posts\/123250\/revisions\/123253"}],"wp:featuredmedia":[{"embeddable":true,"href":"http:\/\/www.tvturk.com\/index.php\/wp-json\/wp\/v2\/media\/123251"}],"wp:attachment":[{"href":"http:\/\/www.tvturk.com\/index.php\/wp-json\/wp\/v2\/media?parent=123250"}],"wp:term":[{"taxonomy":"category","embeddable":true,"href":"http:\/\/www.tvturk.com\/index.php\/wp-json\/wp\/v2\/categories?post=123250"},{"taxonomy":"post_tag","embeddable":true,"href":"http:\/\/www.tvturk.com\/index.php\/wp-json\/wp\/v2\/tags?post=123250"}],"curies":[{"name":"wp","href":"https:\/\/api.w.org\/{rel}","templated":true}]}}