{"id":123357,"date":"2019-04-03T20:01:25","date_gmt":"2019-04-03T17:01:25","guid":{"rendered":"http:\/\/www.tvturk.com\/index.php\/agri-belediye-baskani-sayan-belediyenin-kapilarini-sokuyoruz-x-ray-cihazlarini-da-kaldiriyorum\/"},"modified":"2019-04-03T20:01:29","modified_gmt":"2019-04-03T17:01:29","slug":"agri-belediye-baskani-sayan-belediyenin-kapilarini-sokuyoruz-x-ray-cihazlarini-da-kaldiriyorum","status":"publish","type":"post","link":"http:\/\/www.tvturk.com\/index.php\/agri-belediye-baskani-sayan-belediyenin-kapilarini-sokuyoruz-x-ray-cihazlarini-da-kaldiriyorum\/","title":{"rendered":"A\u011fr\u0131 Belediye Ba\u015fkan\u0131 Sayan: &#8220;Belediyenin kap\u0131lar\u0131n\u0131 s\u00f6k\u00fcyoruz, x-ray cihazlar\u0131n\u0131 da kald\u0131r\u0131yorum&#8221;"},"content":{"rendered":"<p>A\u011fr\u0131 Belediye Ba\u015fkan\u0131 Savc\u0131 Sayan, &#8220;Cuma g\u00fcn\u00fc belediyenin kap\u0131lar\u0131n\u0131 s\u00f6k\u00fcyoruz. G\u00fcvenlik nedeniyle oraya konulan x-ray cihazlar\u0131n\u0131 da kald\u0131r\u0131yorum&#8221; dedi.<\/p>\n<p>A\u011fr\u0131 Belediye Ba\u015fkan\u0131 Savc\u0131 Sayan, 31 Mart Mahalli \u0130dareler Genel Se\u00e7imleri\u2019nde AK Parti\u2019den belediye meclis \u00fcyeli\u011fini kazananlar i\u00e7in Halk E\u011fitim Merkezi salonunda d\u00fczenlenen mazbata t\u00f6renine kat\u0131ld\u0131. Sayan, yapt\u0131\u011f\u0131 konu\u015fmada, &#8220;A\u011fr\u0131 b\u00fcy\u00fck bir destan yazd\u0131, b\u00fct\u00fcn T\u00fcrkiye bu destan\u0131 okudu. Mirg\u00fcn Cabas A\u011fr\u0131\u2019y\u0131 k\u00f6t\u00fc g\u00f6sterdi. Ona A\u011fr\u0131\u2019n\u0131n ne oldu\u011funu g\u00f6sterece\u011fiz. A\u011fr\u0131 bir denizdir, bir okyanustur. Haddini bilmeyen, kendini bilmeyen gazeteci m\u00fcsveddesinin A\u011fr\u0131\u2019ya hakaret etmesi, hakir g\u00f6rmesi kabul edilebilecek bir durum de\u011fil. Sizin onurunuz benim onurumdur. Sizin \u015ferefiniz benim \u015ferefimdir. Buraya hizmetkar olmaya geldim. 5 y\u0131l sonra burada 4-0 yapabilir miyim, 4 milletvekili \u00e7\u0131karabilir miyim, A\u011fr\u0131\u2019y\u0131 T\u00fcrkiye\u2019nin y\u0131ld\u0131z \u015fehri yapabilir miyim, bu iddialarla geldim. O kitap\u00e7\u0131ktaki her sayfa benim namusum ve \u015ferefimdir. Onu ger\u00e7ekle\u015ftirmeye geldim. Ben buraya evden ya da belediyenin koltu\u011fundan gelmiyorum. Fatih Mahallesi\u2019nde tand\u0131rda ekmek pi\u015firen teyzenin yan\u0131ndan kalk\u0131p geldim. Bir g\u00fcn kendimi sizin \u00fczerinizde g\u00f6receksem, bir g\u00fcn sizi daha altta g\u00f6receksem ya Rabbi, sen \u015fimdiden belediye ba\u015fkanl\u0131\u011f\u0131n\u0131 elimden al\u201d dedi.<\/p>\n<p>Cumhurba\u015fkan\u0131 Recep Tayyip Erdo\u011fan ile g\u00f6r\u00fc\u015ft\u00fc\u011f\u00fcn\u00fc dile getiren Sayan, A\u011fr\u0131\u2019n\u0131n sorunlar\u0131n\u0131 anlat\u0131p yard\u0131m istedi\u011fini s\u00f6yledi. Halk\u0131n da gereken deste\u011fi verdi\u011fini belirten Sayan, &#8220;A\u011fr\u0131\u2019n\u0131n k\u00f6t\u00fc kaderine \u2019dur\u2019 diyece\u011fiz. Cumhurba\u015fkan\u0131m\u0131z \u0130stanbul\u2019da belediye ba\u015fkan\u0131 olurken su yoktu ya, her tarafta \u00e7\u00f6p vard\u0131 ya. Cumhurba\u015fkan\u0131m\u0131z o \u015fehri y\u0131ld\u0131z \u015fehir yapt\u0131 ya. Ben de onun neferiyim. Cumhurba\u015fkan\u0131\u2019n\u0131n talebesiyim. \u0130n\u015fallah ben de buray\u0131 y\u0131ld\u0131z yapaca\u011f\u0131m. Herkese adaletli davranaca\u011f\u0131m, hata yapt\u0131\u011f\u0131mda beni uyar\u0131n. Cuma g\u00fcn\u00fc Merkez Camisinde okutaca\u011f\u0131m\u0131z mevlitten sonra Vali S\u00fcleyman Elban\u2019dan g\u00f6revi devir alaca\u011f\u0131z. Cuma g\u00fcn\u00fc belediyenin kap\u0131lar\u0131n\u0131 s\u00f6k\u00fcyoruz. G\u00fcvenlik nedeniyle oraya konulan x-ray cihazlar\u0131n\u0131 da kald\u0131r\u0131yorum\u201d diye konu\u015ftu.<\/p>\n<p>Sayan, konu\u015fmas\u0131n\u0131n ard\u0131ndan 31 Mart Mahalli \u0130dareler Genel Se\u00e7imleri\u2019nde AK Parti\u2019den belediye meclis \u00fcyeli\u011fini kazananlara mazbata verdi. Sayan, il genel genel meclis \u00fcyelerini tan\u0131tmas\u0131n\u0131n ard\u0131ndan t\u00f6ren sona erdi. T\u00f6rene, A\u011fr\u0131 Belediye Ba\u015fkan\u0131 Savc\u0131 Sayan, AK Parti Do\u011fu Anadolu B\u00f6lge Koordinat\u00f6r\u00fc Mahmut G\u00fcrcan, AK Parti \u0130l Ba\u015fkan\u0131 Abbas Ayd\u0131n,  belediye meclis \u00fcyeleri, partililer ve vatanda\u015flar kat\u0131ld\u0131.<div class=\"tiled-gallery type-rectangular tiled-gallery-unresized\" data-original-width=\"500\" data-carousel-extra='null' itemscope itemtype=\"http:\/\/schema.org\/ImageGallery\" > <div class=\"gallery-row\" style=\"width: 500px; height: 224px;\" data-original-width=\"500\" data-original-height=\"224\" > <div class=\"gallery-group images-1\" style=\"width: 334px; height: 224px;\" data-original-width=\"334\" data-original-height=\"224\" > <div class=\"tiled-gallery-item tiled-gallery-item-large\" itemprop=\"associatedMedia\" itemscope itemtype=\"http:\/\/schema.org\/ImageObject\"> <a href=\"http:\/\/www.tvturk.com\/index.php\/agri-belediye-baskani-sayan-belediyenin-kapilarini-sokuyoruz-x-ray-cihazlarini-da-kaldiriyorum\/agri-belediye-baskani-sayan-belediyenin-kapilarini-sokuyoruz-x-ray-cihazlarini-da-kaldiriyorum-3\/\" border=\"0\" itemprop=\"url\"> <meta itemprop=\"width\" content=\"330\"> <meta itemprop=\"height\" content=\"220\"> <img decoding=\"async\" class=\"\" data-attachment-id=\"123359\" data-orig-file=\"http:\/\/www.tvturk.com\/wp-content\/uploads\/2019\/04\/agri-belediye-baskani-sayan-belediyenin-kapilarini-sokuyoruz-x-ray-cihazlarini-da-kaldiriyorum_2be1c60.jpg\" data-orig-size=\"1000,666\" data-comments-opened=\"\" data-image-meta=\"{&quot;aperture&quot;:&quot;0&quot;,&quot;credit&quot;:&quot;IHA&quot;,&quot;camera&quot;:&quot;&quot;,&quot;caption&quot;:&quot;A\\u011eRI BELED\\u0130YE BA\\u015eKANI SAVCI SAYAN, \\u0022CUMA G\\u00dcN\\u00dc BELED\\u0130YEN\\u0130N KAPILARINI S\\u00d6K\\u00dcYORUZ. G\\u00dcVENL\\u0130K NEDEN\\u0130YLE ORAYA KONULAN X-RAY C\\u0130HAZLARINI DA KALDIRIYORUM\\u0022 DED\\u0130. (AHMET GEN\\u00c7\\\/A\\u011eRI-\\u0130HA)&quot;,&quot;created_timestamp&quot;:&quot;0&quot;,&quot;copyright&quot;:&quot;\\u0130HLAS HABER AJANSI, www.iha.com.tr&quot;,&quot;focal_length&quot;:&quot;0&quot;,&quot;iso&quot;:&quot;0&quot;,&quot;shutter_speed&quot;:&quot;0&quot;,&quot;title&quot;:&quot;A\\u011eRI BELED\\u0130YE BA\\u015eKANI SAYAN: \\u0022BELED\\u0130YEN\\u0130N KAPILARINI S\\u00d6K\\u00dcYORUZ, X-RAY C\\u0130HAZLARINI DA KALDIRIYORUM\\u0022&quot;,&quot;orientation&quot;:&quot;0&quot;}\" data-image-title=\"A\u011fr\u0131 Belediye Ba\u015fkan\u0131 Sayan: &amp;#8220;Belediyenin kap\u0131lar\u0131n\u0131 s\u00f6k\u00fcyoruz, x-ray cihazlar\u0131n\u0131 da kald\u0131r\u0131yorum&amp;#8221;\" data-image-description=\"&lt;p&gt;A\u011fr\u0131 Belediye Ba\u015fkan\u0131 Sayan: &amp;#8220;Belediyenin kap\u0131lar\u0131n\u0131 s\u00f6k\u00fcyoruz, x-ray cihazlar\u0131n\u0131 da kald\u0131r\u0131yorum&amp;#8221;&lt;\/p&gt; \" data-medium-file=\"https:\/\/i0.wp.com\/www.tvturk.com\/wp-content\/uploads\/2019\/04\/agri-belediye-baskani-sayan-belediyenin-kapilarini-sokuyoruz-x-ray-cihazlarini-da-kaldiriyorum_2be1c60.jpg?fit=300%2C200\" data-large-file=\"https:\/\/i0.wp.com\/www.tvturk.com\/wp-content\/uploads\/2019\/04\/agri-belediye-baskani-sayan-belediyenin-kapilarini-sokuyoruz-x-ray-cihazlarini-da-kaldiriyorum_2be1c60.jpg?fit=1000%2C666\" src=\"https:\/\/i0.wp.com\/www.tvturk.com\/wp-content\/uploads\/2019\/04\/agri-belediye-baskani-sayan-belediyenin-kapilarini-sokuyoruz-x-ray-cihazlarini-da-kaldiriyorum_2be1c60.jpg?w=330&#038;h=220\" srcset=\"https:\/\/i0.wp.com\/www.tvturk.com\/wp-content\/uploads\/2019\/04\/agri-belediye-baskani-sayan-belediyenin-kapilarini-sokuyoruz-x-ray-cihazlarini-da-kaldiriyorum_2be1c60.jpg?w=1000 1000w, https:\/\/i0.wp.com\/www.tvturk.com\/wp-content\/uploads\/2019\/04\/agri-belediye-baskani-sayan-belediyenin-kapilarini-sokuyoruz-x-ray-cihazlarini-da-kaldiriyorum_2be1c60.jpg?resize=150%2C100 150w, https:\/\/i0.wp.com\/www.tvturk.com\/wp-content\/uploads\/2019\/04\/agri-belediye-baskani-sayan-belediyenin-kapilarini-sokuyoruz-x-ray-cihazlarini-da-kaldiriyorum_2be1c60.jpg?resize=300%2C200 300w, https:\/\/i0.wp.com\/www.tvturk.com\/wp-content\/uploads\/2019\/04\/agri-belediye-baskani-sayan-belediyenin-kapilarini-sokuyoruz-x-ray-cihazlarini-da-kaldiriyorum_2be1c60.jpg?resize=768%2C511 768w, https:\/\/i0.wp.com\/www.tvturk.com\/wp-content\/uploads\/2019\/04\/agri-belediye-baskani-sayan-belediyenin-kapilarini-sokuyoruz-x-ray-cihazlarini-da-kaldiriyorum_2be1c60.jpg?resize=170%2C113 170w, https:\/\/i0.wp.com\/www.tvturk.com\/wp-content\/uploads\/2019\/04\/agri-belediye-baskani-sayan-belediyenin-kapilarini-sokuyoruz-x-ray-cihazlarini-da-kaldiriyorum_2be1c60.jpg?resize=120%2C80 120w\" width=\"330\" height=\"220\" loading=\"lazy\" data-original-width=\"330\" data-original-height=\"220\" itemprop=\"http:\/\/schema.org\/image\" title=\"A\u011fr\u0131 Belediye Ba\u015fkan\u0131 Sayan: &quot;Belediyenin kap\u0131lar\u0131n\u0131 s\u00f6k\u00fcyoruz, x-ray cihazlar\u0131n\u0131 da kald\u0131r\u0131yorum&quot;\" alt=\"A\u011fr\u0131 Belediye Ba\u015fkan\u0131 Sayan: &quot;Belediyenin kap\u0131lar\u0131n\u0131 s\u00f6k\u00fcyoruz, x-ray cihazlar\u0131n\u0131 da kald\u0131r\u0131yorum&quot;\" style=\"width: 330px; height: 220px;\" \/> <\/a> <\/div> <\/div> <!-- close group --> <div class=\"gallery-group images-2\" style=\"width: 166px; height: 224px;\" data-original-width=\"166\" data-original-height=\"224\" > <div class=\"tiled-gallery-item tiled-gallery-item-small\" itemprop=\"associatedMedia\" itemscope itemtype=\"http:\/\/schema.org\/ImageObject\"> <a href=\"http:\/\/www.tvturk.com\/index.php\/agri-belediye-baskani-sayan-belediyenin-kapilarini-sokuyoruz-x-ray-cihazlarini-da-kaldiriyorum\/agri-belediye-baskani-sayan-belediyenin-kapilarini-sokuyoruz-x-ray-cihazlarini-da-kaldiriyorum-4\/\" border=\"0\" itemprop=\"url\"> <meta itemprop=\"width\" content=\"162\"> <meta itemprop=\"height\" content=\"108\"> <img decoding=\"async\" class=\"\" data-attachment-id=\"123360\" data-orig-file=\"http:\/\/www.tvturk.com\/wp-content\/uploads\/2019\/04\/agri-belediye-baskani-sayan-belediyenin-kapilarini-sokuyoruz-x-ray-cihazlarini-da-kaldiriyorum_a4a9316.jpg\" data-orig-size=\"1000,666\" data-comments-opened=\"\" data-image-meta=\"{&quot;aperture&quot;:&quot;0&quot;,&quot;credit&quot;:&quot;IHA&quot;,&quot;camera&quot;:&quot;&quot;,&quot;caption&quot;:&quot;A\\u011eRI BELED\\u0130YE BA\\u015eKANI SAVCI SAYAN, 31 MART MAHALL\\u0130 \\u0130DARELER GENEL SE\\u00c7\\u0130MLER\\u0130\\u0027NDE AK PART\\u0130\\u0027DEN BELED\\u0130YE MECL\\u0130S \\u00dcYEL\\u0130\\u011e\\u0130N\\u0130 KAZANANLAR \\u0130\\u00c7\\u0130N HALK E\\u011e\\u0130T\\u0130M MERKEZ\\u0130 SALONUNDA D\\u00dcZENLENEN MAZBATA T\\u00d6REN\\u0130NE KATILDI. (AHMET GEN\\u00c7\\\/A\\u011eRI-\\u0130HA)&quot;,&quot;created_timestamp&quot;:&quot;0&quot;,&quot;copyright&quot;:&quot;\\u0130HLAS HABER AJANSI, www.iha.com.tr&quot;,&quot;focal_length&quot;:&quot;0&quot;,&quot;iso&quot;:&quot;0&quot;,&quot;shutter_speed&quot;:&quot;0&quot;,&quot;title&quot;:&quot;A\\u011eRI BELED\\u0130YE BA\\u015eKANI SAYAN: \\u0022BELED\\u0130YEN\\u0130N KAPILARINI S\\u00d6K\\u00dcYORUZ, X-RAY C\\u0130HAZLARINI DA KALDIRIYORUM\\u0022&quot;,&quot;orientation&quot;:&quot;0&quot;}\" data-image-title=\"A\u011fr\u0131 Belediye Ba\u015fkan\u0131 Sayan: &amp;#8220;Belediyenin kap\u0131lar\u0131n\u0131 s\u00f6k\u00fcyoruz, x-ray cihazlar\u0131n\u0131 da kald\u0131r\u0131yorum&amp;#8221;\" data-image-description=\"&lt;p&gt;A\u011fr\u0131 Belediye Ba\u015fkan\u0131 Sayan: &amp;#8220;Belediyenin kap\u0131lar\u0131n\u0131 s\u00f6k\u00fcyoruz, x-ray cihazlar\u0131n\u0131 da kald\u0131r\u0131yorum&amp;#8221;&lt;\/p&gt; \" data-medium-file=\"https:\/\/i0.wp.com\/www.tvturk.com\/wp-content\/uploads\/2019\/04\/agri-belediye-baskani-sayan-belediyenin-kapilarini-sokuyoruz-x-ray-cihazlarini-da-kaldiriyorum_a4a9316.jpg?fit=300%2C200\" data-large-file=\"https:\/\/i0.wp.com\/www.tvturk.com\/wp-content\/uploads\/2019\/04\/agri-belediye-baskani-sayan-belediyenin-kapilarini-sokuyoruz-x-ray-cihazlarini-da-kaldiriyorum_a4a9316.jpg?fit=1000%2C666\" src=\"https:\/\/i0.wp.com\/www.tvturk.com\/wp-content\/uploads\/2019\/04\/agri-belediye-baskani-sayan-belediyenin-kapilarini-sokuyoruz-x-ray-cihazlarini-da-kaldiriyorum_a4a9316.jpg?w=162&#038;h=108\" srcset=\"https:\/\/i0.wp.com\/www.tvturk.com\/wp-content\/uploads\/2019\/04\/agri-belediye-baskani-sayan-belediyenin-kapilarini-sokuyoruz-x-ray-cihazlarini-da-kaldiriyorum_a4a9316.jpg?w=1000 1000w, https:\/\/i0.wp.com\/www.tvturk.com\/wp-content\/uploads\/2019\/04\/agri-belediye-baskani-sayan-belediyenin-kapilarini-sokuyoruz-x-ray-cihazlarini-da-kaldiriyorum_a4a9316.jpg?resize=150%2C100 150w, https:\/\/i0.wp.com\/www.tvturk.com\/wp-content\/uploads\/2019\/04\/agri-belediye-baskani-sayan-belediyenin-kapilarini-sokuyoruz-x-ray-cihazlarini-da-kaldiriyorum_a4a9316.jpg?resize=300%2C200 300w, https:\/\/i0.wp.com\/www.tvturk.com\/wp-content\/uploads\/2019\/04\/agri-belediye-baskani-sayan-belediyenin-kapilarini-sokuyoruz-x-ray-cihazlarini-da-kaldiriyorum_a4a9316.jpg?resize=768%2C511 768w, https:\/\/i0.wp.com\/www.tvturk.com\/wp-content\/uploads\/2019\/04\/agri-belediye-baskani-sayan-belediyenin-kapilarini-sokuyoruz-x-ray-cihazlarini-da-kaldiriyorum_a4a9316.jpg?resize=170%2C113 170w, https:\/\/i0.wp.com\/www.tvturk.com\/wp-content\/uploads\/2019\/04\/agri-belediye-baskani-sayan-belediyenin-kapilarini-sokuyoruz-x-ray-cihazlarini-da-kaldiriyorum_a4a9316.jpg?resize=120%2C80 120w\" width=\"162\" height=\"108\" loading=\"lazy\" data-original-width=\"162\" data-original-height=\"108\" itemprop=\"http:\/\/schema.org\/image\" title=\"A\u011fr\u0131 Belediye Ba\u015fkan\u0131 Sayan: &quot;Belediyenin kap\u0131lar\u0131n\u0131 s\u00f6k\u00fcyoruz, x-ray cihazlar\u0131n\u0131 da kald\u0131r\u0131yorum&quot;\" alt=\"A\u011fr\u0131 Belediye Ba\u015fkan\u0131 Sayan: &quot;Belediyenin kap\u0131lar\u0131n\u0131 s\u00f6k\u00fcyoruz, x-ray cihazlar\u0131n\u0131 da kald\u0131r\u0131yorum&quot;\" style=\"width: 162px; height: 108px;\" \/> <\/a> <\/div> <div class=\"tiled-gallery-item tiled-gallery-item-small\" itemprop=\"associatedMedia\" itemscope itemtype=\"http:\/\/schema.org\/ImageObject\"> <a href=\"http:\/\/www.tvturk.com\/index.php\/agri-belediye-baskani-sayan-belediyenin-kapilarini-sokuyoruz-x-ray-cihazlarini-da-kaldiriyorum\/agri-belediye-baskani-sayan-belediyenin-kapilarini-sokuyoruz-x-ray-cihazlarini-da-kaldiriyorum-5\/\" border=\"0\" itemprop=\"url\"> <meta itemprop=\"width\" content=\"162\"> <meta itemprop=\"height\" content=\"108\"> <img decoding=\"async\" class=\"\" data-attachment-id=\"123361\" data-orig-file=\"http:\/\/www.tvturk.com\/wp-content\/uploads\/2019\/04\/agri-belediye-baskani-sayan-belediyenin-kapilarini-sokuyoruz-x-ray-cihazlarini-da-kaldiriyorum_5fbbafd.jpg\" data-orig-size=\"1000,666\" data-comments-opened=\"\" data-image-meta=\"{&quot;aperture&quot;:&quot;0&quot;,&quot;credit&quot;:&quot;IHA&quot;,&quot;camera&quot;:&quot;&quot;,&quot;caption&quot;:&quot;A\\u011eRI BELED\\u0130YE BA\\u015eKANI SAVCI SAYAN, 31 MART MAHALL\\u0130 \\u0130DARELER GENEL SE\\u00c7\\u0130MLER\\u0130\\u0027NDE AK PART\\u0130\\u0027DEN BELED\\u0130YE MECL\\u0130S \\u00dcYEL\\u0130\\u011e\\u0130N\\u0130 KAZANANLAR \\u0130\\u00c7\\u0130N HALK E\\u011e\\u0130T\\u0130M MERKEZ\\u0130 SALONUNDA D\\u00dcZENLENEN MAZBATA T\\u00d6REN\\u0130NE KATILDI. (AHMET GEN\\u00c7\\\/A\\u011eRI-\\u0130HA)&quot;,&quot;created_timestamp&quot;:&quot;0&quot;,&quot;copyright&quot;:&quot;\\u0130HLAS HABER AJANSI, www.iha.com.tr&quot;,&quot;focal_length&quot;:&quot;0&quot;,&quot;iso&quot;:&quot;0&quot;,&quot;shutter_speed&quot;:&quot;0&quot;,&quot;title&quot;:&quot;A\\u011eRI BELED\\u0130YE BA\\u015eKANI SAYAN: \\u0022BELED\\u0130YEN\\u0130N KAPILARINI S\\u00d6K\\u00dcYORUZ, X-RAY C\\u0130HAZLARINI DA KALDIRIYORUM\\u0022&quot;,&quot;orientation&quot;:&quot;0&quot;}\" data-image-title=\"A\u011fr\u0131 Belediye Ba\u015fkan\u0131 Sayan: &amp;#8220;Belediyenin kap\u0131lar\u0131n\u0131 s\u00f6k\u00fcyoruz, x-ray cihazlar\u0131n\u0131 da kald\u0131r\u0131yorum&amp;#8221;\" data-image-description=\"&lt;p&gt;A\u011fr\u0131 Belediye Ba\u015fkan\u0131 Sayan: &amp;#8220;Belediyenin kap\u0131lar\u0131n\u0131 s\u00f6k\u00fcyoruz, x-ray cihazlar\u0131n\u0131 da kald\u0131r\u0131yorum&amp;#8221;&lt;\/p&gt; \" data-medium-file=\"https:\/\/i0.wp.com\/www.tvturk.com\/wp-content\/uploads\/2019\/04\/agri-belediye-baskani-sayan-belediyenin-kapilarini-sokuyoruz-x-ray-cihazlarini-da-kaldiriyorum_5fbbafd.jpg?fit=300%2C200\" data-large-file=\"https:\/\/i0.wp.com\/www.tvturk.com\/wp-content\/uploads\/2019\/04\/agri-belediye-baskani-sayan-belediyenin-kapilarini-sokuyoruz-x-ray-cihazlarini-da-kaldiriyorum_5fbbafd.jpg?fit=1000%2C666\" src=\"https:\/\/i0.wp.com\/www.tvturk.com\/wp-content\/uploads\/2019\/04\/agri-belediye-baskani-sayan-belediyenin-kapilarini-sokuyoruz-x-ray-cihazlarini-da-kaldiriyorum_5fbbafd.jpg?w=162&#038;h=108\" srcset=\"https:\/\/i0.wp.com\/www.tvturk.com\/wp-content\/uploads\/2019\/04\/agri-belediye-baskani-sayan-belediyenin-kapilarini-sokuyoruz-x-ray-cihazlarini-da-kaldiriyorum_5fbbafd.jpg?w=1000 1000w, https:\/\/i0.wp.com\/www.tvturk.com\/wp-content\/uploads\/2019\/04\/agri-belediye-baskani-sayan-belediyenin-kapilarini-sokuyoruz-x-ray-cihazlarini-da-kaldiriyorum_5fbbafd.jpg?resize=150%2C100 150w, https:\/\/i0.wp.com\/www.tvturk.com\/wp-content\/uploads\/2019\/04\/agri-belediye-baskani-sayan-belediyenin-kapilarini-sokuyoruz-x-ray-cihazlarini-da-kaldiriyorum_5fbbafd.jpg?resize=300%2C200 300w, https:\/\/i0.wp.com\/www.tvturk.com\/wp-content\/uploads\/2019\/04\/agri-belediye-baskani-sayan-belediyenin-kapilarini-sokuyoruz-x-ray-cihazlarini-da-kaldiriyorum_5fbbafd.jpg?resize=768%2C511 768w, https:\/\/i0.wp.com\/www.tvturk.com\/wp-content\/uploads\/2019\/04\/agri-belediye-baskani-sayan-belediyenin-kapilarini-sokuyoruz-x-ray-cihazlarini-da-kaldiriyorum_5fbbafd.jpg?resize=170%2C113 170w, https:\/\/i0.wp.com\/www.tvturk.com\/wp-content\/uploads\/2019\/04\/agri-belediye-baskani-sayan-belediyenin-kapilarini-sokuyoruz-x-ray-cihazlarini-da-kaldiriyorum_5fbbafd.jpg?resize=120%2C80 120w\" width=\"162\" height=\"108\" loading=\"lazy\" data-original-width=\"162\" data-original-height=\"108\" itemprop=\"http:\/\/schema.org\/image\" title=\"A\u011fr\u0131 Belediye Ba\u015fkan\u0131 Sayan: &quot;Belediyenin kap\u0131lar\u0131n\u0131 s\u00f6k\u00fcyoruz, x-ray cihazlar\u0131n\u0131 da kald\u0131r\u0131yorum&quot;\" alt=\"A\u011fr\u0131 Belediye Ba\u015fkan\u0131 Sayan: &quot;Belediyenin kap\u0131lar\u0131n\u0131 s\u00f6k\u00fcyoruz, x-ray cihazlar\u0131n\u0131 da kald\u0131r\u0131yorum&quot;\" style=\"width: 162px; height: 108px;\" \/> <\/a> <\/div> <\/div> <!-- close group --> <\/div> <!-- close row --> <div class=\"gallery-row\" style=\"width: 500px; height: 334px;\" data-original-width=\"500\" data-original-height=\"334\" > <div class=\"gallery-group images-1\" style=\"width: 500px; height: 334px;\" data-original-width=\"500\" data-original-height=\"334\" > <div class=\"tiled-gallery-item tiled-gallery-item-large\" itemprop=\"associatedMedia\" itemscope itemtype=\"http:\/\/schema.org\/ImageObject\"> <a href=\"http:\/\/www.tvturk.com\/index.php\/agri-belediye-baskani-sayan-belediyenin-kapilarini-sokuyoruz-x-ray-cihazlarini-da-kaldiriyorum\/agri-belediye-baskani-sayan-belediyenin-kapilarini-sokuyoruz-x-ray-cihazlarini-da-kaldiriyorum-6\/\" border=\"0\" itemprop=\"url\"> <meta itemprop=\"width\" content=\"496\"> <meta itemprop=\"height\" content=\"330\"> <img decoding=\"async\" class=\"\" data-attachment-id=\"123362\" data-orig-file=\"http:\/\/www.tvturk.com\/wp-content\/uploads\/2019\/04\/agri-belediye-baskani-sayan-belediyenin-kapilarini-sokuyoruz-x-ray-cihazlarini-da-kaldiriyorum_ebc056e.jpg\" data-orig-size=\"1000,666\" data-comments-opened=\"\" data-image-meta=\"{&quot;aperture&quot;:&quot;0&quot;,&quot;credit&quot;:&quot;IHA&quot;,&quot;camera&quot;:&quot;&quot;,&quot;caption&quot;:&quot;A\\u011eRI BELED\\u0130YE BA\\u015eKANI SAVCI SAYAN, 31 MART MAHALL\\u0130 \\u0130DARELER GENEL SE\\u00c7\\u0130MLER\\u0130\\u0027NDE AK PART\\u0130\\u0027DEN BELED\\u0130YE MECL\\u0130S \\u00dcYEL\\u0130\\u011e\\u0130N\\u0130 KAZANANLAR \\u0130\\u00c7\\u0130N HALK E\\u011e\\u0130T\\u0130M MERKEZ\\u0130 SALONUNDA D\\u00dcZENLENEN MAZBATA T\\u00d6REN\\u0130NE KATILDI. (AHMET GEN\\u00c7\\\/A\\u011eRI-\\u0130HA)&quot;,&quot;created_timestamp&quot;:&quot;0&quot;,&quot;copyright&quot;:&quot;\\u0130HLAS HABER AJANSI, www.iha.com.tr&quot;,&quot;focal_length&quot;:&quot;0&quot;,&quot;iso&quot;:&quot;0&quot;,&quot;shutter_speed&quot;:&quot;0&quot;,&quot;title&quot;:&quot;A\\u011eRI BELED\\u0130YE BA\\u015eKANI SAYAN: \\u0022BELED\\u0130YEN\\u0130N KAPILARINI S\\u00d6K\\u00dcYORUZ, X-RAY C\\u0130HAZLARINI DA KALDIRIYORUM\\u0022&quot;,&quot;orientation&quot;:&quot;0&quot;}\" data-image-title=\"A\u011fr\u0131 Belediye Ba\u015fkan\u0131 Sayan: &amp;#8220;Belediyenin kap\u0131lar\u0131n\u0131 s\u00f6k\u00fcyoruz, x-ray cihazlar\u0131n\u0131 da kald\u0131r\u0131yorum&amp;#8221;\" data-image-description=\"&lt;p&gt;A\u011fr\u0131 Belediye Ba\u015fkan\u0131 Sayan: &amp;#8220;Belediyenin kap\u0131lar\u0131n\u0131 s\u00f6k\u00fcyoruz, x-ray cihazlar\u0131n\u0131 da kald\u0131r\u0131yorum&amp;#8221;&lt;\/p&gt; \" data-medium-file=\"https:\/\/i0.wp.com\/www.tvturk.com\/wp-content\/uploads\/2019\/04\/agri-belediye-baskani-sayan-belediyenin-kapilarini-sokuyoruz-x-ray-cihazlarini-da-kaldiriyorum_ebc056e.jpg?fit=300%2C200\" data-large-file=\"https:\/\/i0.wp.com\/www.tvturk.com\/wp-content\/uploads\/2019\/04\/agri-belediye-baskani-sayan-belediyenin-kapilarini-sokuyoruz-x-ray-cihazlarini-da-kaldiriyorum_ebc056e.jpg?fit=1000%2C666\" src=\"https:\/\/i0.wp.com\/www.tvturk.com\/wp-content\/uploads\/2019\/04\/agri-belediye-baskani-sayan-belediyenin-kapilarini-sokuyoruz-x-ray-cihazlarini-da-kaldiriyorum_ebc056e.jpg?w=496&#038;h=330\" srcset=\"https:\/\/i0.wp.com\/www.tvturk.com\/wp-content\/uploads\/2019\/04\/agri-belediye-baskani-sayan-belediyenin-kapilarini-sokuyoruz-x-ray-cihazlarini-da-kaldiriyorum_ebc056e.jpg?w=1000 1000w, https:\/\/i0.wp.com\/www.tvturk.com\/wp-content\/uploads\/2019\/04\/agri-belediye-baskani-sayan-belediyenin-kapilarini-sokuyoruz-x-ray-cihazlarini-da-kaldiriyorum_ebc056e.jpg?resize=150%2C100 150w, https:\/\/i0.wp.com\/www.tvturk.com\/wp-content\/uploads\/2019\/04\/agri-belediye-baskani-sayan-belediyenin-kapilarini-sokuyoruz-x-ray-cihazlarini-da-kaldiriyorum_ebc056e.jpg?resize=300%2C200 300w, https:\/\/i0.wp.com\/www.tvturk.com\/wp-content\/uploads\/2019\/04\/agri-belediye-baskani-sayan-belediyenin-kapilarini-sokuyoruz-x-ray-cihazlarini-da-kaldiriyorum_ebc056e.jpg?resize=768%2C511 768w, https:\/\/i0.wp.com\/www.tvturk.com\/wp-content\/uploads\/2019\/04\/agri-belediye-baskani-sayan-belediyenin-kapilarini-sokuyoruz-x-ray-cihazlarini-da-kaldiriyorum_ebc056e.jpg?resize=170%2C113 170w, https:\/\/i0.wp.com\/www.tvturk.com\/wp-content\/uploads\/2019\/04\/agri-belediye-baskani-sayan-belediyenin-kapilarini-sokuyoruz-x-ray-cihazlarini-da-kaldiriyorum_ebc056e.jpg?resize=120%2C80 120w\" width=\"496\" height=\"330\" loading=\"lazy\" data-original-width=\"496\" data-original-height=\"330\" itemprop=\"http:\/\/schema.org\/image\" title=\"A\u011fr\u0131 Belediye Ba\u015fkan\u0131 Sayan: &quot;Belediyenin kap\u0131lar\u0131n\u0131 s\u00f6k\u00fcyoruz, x-ray cihazlar\u0131n\u0131 da kald\u0131r\u0131yorum&quot;\" alt=\"A\u011fr\u0131 Belediye Ba\u015fkan\u0131 Sayan: &quot;Belediyenin kap\u0131lar\u0131n\u0131 s\u00f6k\u00fcyoruz, x-ray cihazlar\u0131n\u0131 da kald\u0131r\u0131yorum&quot;\" style=\"width: 496px; height: 330px;\" \/> <\/a> <\/div> <\/div> <!-- close group --> <\/div> <!-- close row --> <\/div><\/p>\n","protected":false},"excerpt":{"rendered":"<p>A\u011eRI BELED\u0130YE BA\u015eKANI SAVCI SAYAN, 31 MART MAHALL\u0130 \u0130DARELER GENEL SE\u00c7\u0130MLER\u0130&#8217;NDE AK PART\u0130&#8217;DEN BELED\u0130YE MECL\u0130S \u00dcYEL\u0130\u011e\u0130N\u0130 KAZANANLAR \u0130\u00c7\u0130N HALK E\u011e\u0130T\u0130M MERKEZ\u0130 SALONUNDA D\u00dcZENLENEN MAZBATA T\u00d6REN\u0130NE KATILDI.<\/p>\n","protected":false},"author":1,"featured_media":123358,"comment_status":"closed","ping_status":"open","sticky":false,"template":"","format":"standard","meta":{"jetpack_post_was_ever_published":false,"_jetpack_newsletter_access":"","_jetpack_dont_email_post_to_subs":false,"_jetpack_newsletter_tier_id":0,"_jetpack_memberships_contains_paywalled_content":false,"_jetpack_memberships_contains_paid_content":false,"footnotes":"","jetpack_publicize_message":"","jetpack_publicize_feature_enabled":true,"jetpack_social_post_already_shared":true,"jetpack_social_options":{"image_generator_settings":{"template":"highway","default_image_id":0,"font":"","enabled":false},"version":2}},"categories":[1],"tags":[6259,216,134,7904,29384,29385,1560,5346,29383,18898],"class_list":["post-123357","post","type-post","status-publish","format-standard","has-post-thumbnail","hentry","category-genel","tag-agri","tag-baskani","tag-belediye","tag-belediyenin","tag-cihazlarini","tag-kaldiriyorum","tag-kapilarini","tag-sayan","tag-sokuyoruz","tag-x-ray"],"jetpack_publicize_connections":[],"jetpack_featured_media_url":"https:\/\/i0.wp.com\/www.tvturk.com\/wp-content\/uploads\/2019\/04\/agri-belediye-baskani-sayan-belediyenin-kapilarini-sokuyoruz-x-ray-cihazlarini-da-kaldiriyorum_1e4daae.jpg?fit=1000%2C666","jetpack_sharing_enabled":true,"jetpack_shortlink":"https:\/\/wp.me\/paKIfm-w5D","_links":{"self":[{"href":"http:\/\/www.tvturk.com\/index.php\/wp-json\/wp\/v2\/posts\/123357","targetHints":{"allow":["GET"]}}],"collection":[{"href":"http:\/\/www.tvturk.com\/index.php\/wp-json\/wp\/v2\/posts"}],"about":[{"href":"http:\/\/www.tvturk.com\/index.php\/wp-json\/wp\/v2\/types\/post"}],"author":[{"embeddable":true,"href":"http:\/\/www.tvturk.com\/index.php\/wp-json\/wp\/v2\/users\/1"}],"replies":[{"embeddable":true,"href":"http:\/\/www.tvturk.com\/index.php\/wp-json\/wp\/v2\/comments?post=123357"}],"version-history":[{"count":1,"href":"http:\/\/www.tvturk.com\/index.php\/wp-json\/wp\/v2\/posts\/123357\/revisions"}],"predecessor-version":[{"id":123363,"href":"http:\/\/www.tvturk.com\/index.php\/wp-json\/wp\/v2\/posts\/123357\/revisions\/123363"}],"wp:featuredmedia":[{"embeddable":true,"href":"http:\/\/www.tvturk.com\/index.php\/wp-json\/wp\/v2\/media\/123358"}],"wp:attachment":[{"href":"http:\/\/www.tvturk.com\/index.php\/wp-json\/wp\/v2\/media?parent=123357"}],"wp:term":[{"taxonomy":"category","embeddable":true,"href":"http:\/\/www.tvturk.com\/index.php\/wp-json\/wp\/v2\/categories?post=123357"},{"taxonomy":"post_tag","embeddable":true,"href":"http:\/\/www.tvturk.com\/index.php\/wp-json\/wp\/v2\/tags?post=123357"}],"curies":[{"name":"wp","href":"https:\/\/api.w.org\/{rel}","templated":true}]}}