{"id":123441,"date":"2019-04-03T23:07:52","date_gmt":"2019-04-03T20:07:52","guid":{"rendered":"http:\/\/www.tvturk.com\/index.php\/kktc-disisleri-bakani-ozersay-alim-olmaya-degil-cesur-olmaya-ihtiyac-var\/"},"modified":"2019-04-03T23:07:52","modified_gmt":"2019-04-03T20:07:52","slug":"kktc-disisleri-bakani-ozersay-alim-olmaya-degil-cesur-olmaya-ihtiyac-var","status":"publish","type":"post","link":"http:\/\/www.tvturk.com\/index.php\/kktc-disisleri-bakani-ozersay-alim-olmaya-degil-cesur-olmaya-ihtiyac-var\/","title":{"rendered":"KKTC D\u0131\u015fi\u015fleri Bakan\u0131 \u00d6zersay: &#8220;Alim olmaya de\u011fil cesur olmaya ihtiya\u00e7 var\u201d"},"content":{"rendered":"<p>KKTC D\u0131\u015fi\u015fleri Bakan\u0131 Kudret \u00d6zersay, BM Genel Sekreteri Antonio Guterres\u2019in K\u0131br\u0131s i\u00e7in g\u00f6revlendirdi\u011fi Jane Holl Lute\u2019a \u00e7a\u011fr\u0131da bulunarak, \u201cK\u0131br\u0131s\u2019ta taraflar aras\u0131nda federal bir ortakl\u0131k ba\u011flam\u0131nda ortak bir zemin bulunmad\u0131\u011f\u0131n\u0131 g\u00f6rmek ve s\u00f6ylemek i\u00e7in alim olmaya de\u011fil, cesur olmaya gerek vard\u0131r\u201d dedi.<\/p>\n<p>KKTC Ba\u015fbakan Yard\u0131mc\u0131s\u0131 D\u0131\u015fi\u015fleri Bakan\u0131 Kudret \u00d6zersay, K\u0131br\u0131s\u2019ta \u00e7\u00f6z\u00fcm i\u00e7in alternatif modellerin ele al\u0131nd\u0131\u011f\u0131 Yak\u0131n Do\u011fu \u00dcniversitesi taraf\u0131ndan d\u00fczenlenen \u201cK\u0131br\u0131s\u2019\u0131n D\u00fcn\u00fc, Bug\u00fcn\u00fc ve Gelece\u011fe \u0130li\u015fkin Vizyonu\u201d konulu uluslararas\u0131 konferans\u0131n kapan\u0131\u015f\u0131nda kat\u0131ld\u0131. YD\u00dc Sa\u011fl\u0131k Bilimleri Fak\u00fcltesi\u2019nde 1-3 Nisan tarihleri aras\u0131nda ger\u00e7ekle\u015ftirilen konferans\u0131n kapan\u0131\u015f\u0131na,  T\u00fcrkiye\u2019nin Lefko\u015fa B\u00fcy\u00fckel\u00e7isi Ali Murat Ba\u015f\u00e7eri de kat\u0131ld\u0131. D\u0131\u015fi\u015fleri Bakan\u0131 Kudret \u00d6zersay, BM Genel Sekreteri\u2019nin Temsilcisi Lute\u2019a \u00e7a\u011fr\u0131da bulundu. \u00d6zersay, K\u0131br\u0131s\u2019ta taraflar aras\u0131nda federal bir ortakl\u0131k ba\u011flam\u0131nda ortak bir zemin olmad\u0131\u011f\u0131n\u0131n a\u015fikar oldu\u011funu s\u00f6yleyerek, \u201cArt\u0131k \u2018m\u0131\u015f gibi\u2019 yapma d\u00f6nemi bitmelidir\u201d dedi.<\/p>\n<p>\u00d6zerday, \u201cBu ba\u011flamda Say\u0131n Lute\u2019un g\u00f6zlemlerine dayanan tespitlerini bir an \u00f6nce yapmas\u0131n\u0131 ve hi\u00e7 parma\u011f\u0131n\u0131n arkas\u0131na saklanmadan \u00e7\u0131k\u0131p s\u00f6ylemesi gerekir. Art\u0131k emeklili\u011fi ertesinde cesaret g\u00f6sterecek BM yetkililerine de\u011fil, g\u00f6revdeyken ger\u00e7e\u011fi s\u00f6yleyebilecek isimlere ihtiyac\u0131m\u0131z var\u201d \u015feklinde konu\u015ftu.<\/p>\n<p>\u201cEzberlerden kurtulunmal\u0131\u201d<\/p>\n<p>K\u0131br\u0131sl\u0131 Rumlar, Yunanl\u0131lar, \u0130ngilizler, uluslararas\u0131 akademisyenler ve d\u00fc\u015f\u00fcnce insanlar\u0131na ve kanaat \u00f6nderlerine \u00e7a\u011fr\u0131da bulunan \u00d6zersay, ihtiya\u00e7 olan \u015feyin yerle\u015fmi\u015f kal\u0131plar\u0131n d\u0131\u015f\u0131nda yeni fikirler d\u00fc\u015f\u00fcnmek ve \u00fcretmek oldu\u011funu kaydetti.  K\u0131br\u0131s T\u00fcrk taraf\u0131n\u0131n bir s\u00fcredir yeni fikirler \u00fczerinde d\u00fc\u015f\u00fcnmeye ba\u015flad\u0131\u011f\u0131n\u0131 dile getiren \u00d6zersay, K\u0131br\u0131s Rum akademisyen ve d\u00fc\u015f\u00fcnce insanlar\u0131n\u0131n da hem y\u00f6ntem hem de i\u00e7erik olarak K\u0131br\u0131s\u2019ta 50 y\u0131ld\u0131r bir ezberlenen s\u00f6ylemlerin b\u0131rak\u0131lmas\u0131n\u0131 ve yenilerinin d\u00fc\u015f\u00fcn\u00fclerek ortaya konulmas\u0131n\u0131 istedi\u011fini kaydetti. Ezberleri art\u0131k bir kenara b\u0131rakmalar\u0131 ve bu ezberler d\u0131\u015f\u0131nda ne yapabileceklerini oturup birlikte konu\u015fmalar\u0131 gerekti\u011fini dile getiren \u00d6zersay,  K\u0131br\u0131s\u2019ta ne K\u0131br\u0131s T\u00fcrk ne de K\u0131br\u0131s Rum taraf\u0131n\u0131n di\u011fer tarafa kendi istek ve d\u00fc\u015f\u00fcncelerini kabul ettirebilece\u011fini s\u00f6yledi.<\/p>\n<p>\u201cYeni d\u00fc\u015f\u00fcnce ve diyalog s\u00fcreci adada var olan \u015fartlara uygun olmal\u0131\u201d<\/p>\n<p>Yeni d\u00fc\u015f\u00fcnce ve diyalog s\u00fcrecinin, adada var olan \u015fartlara uygun ve uyumlu olmak durumunda oldu\u011funu belirten \u00d6zersay, var olan \u015fartlar\u0131 g\u00f6z ard\u0131 eden,  arazideki \u015fartlara uygun olmayan fikirlerin havada kalmaya mahkum olaca\u011f\u0131n\u0131 s\u00f6yledi. K\u0131br\u0131s\u2019ta fiiliyatta arazideki \u015fartlar\u0131n ne oldu\u011funu da s\u0131ralayan \u00d6zersay, Rum taraf\u0131n\u0131n y\u00f6netim ve zenginli\u011fi K\u0131br\u0131s T\u00fcrk taraf\u0131yla payla\u015fmak istemedi\u011fini ve b\u00f6yle bir iradeye sahip olmad\u0131\u011f\u0131n\u0131 kaydetti.  \u00d6zersay, bunun BM raporlar\u0131nda da s\u00f6ylenmeye ba\u015fland\u0131\u011f\u0131n\u0131 belirtti.<\/p>\n<p>Ayn\u0131 s\u00f6zler, farkl\u0131 anlay\u0131\u015flar<\/p>\n<p>K\u0131br\u0131s\u2019ta 50 sene boyunca ezberlenmi\u015f bir tak\u0131m c\u00fcmleler \u00fczerinden bir ortakl\u0131k kurulmaya \u00e7al\u0131\u015f\u0131ld\u0131\u011f\u0131n\u0131 dile getiren \u00d6zersay, \u201c2 toplumlu, iki b\u00f6lgeli federal ortakl\u0131k\u201d c\u00fcmlesini ezberlenmi\u015f \u015fekilde s\u00fcrekli tekrarlad\u0131klar\u0131n\u0131 ancak 2 taraf\u0131n ayn\u0131 c\u00fcmleden farkl\u0131 \u015feyler anlay\u0131p farkl\u0131 \u015feyler bekledi\u011fini s\u00f6yledi. K\u0131br\u0131s\u2019ta \u00e7\u00f6z\u00fcm\u00fcn en temel parametreleri ve \u00e7\u00f6z\u00fcm\u00fcn ad\u0131 konusunda bile ge\u00e7en 50 sene i\u00e7erisinde farkl\u0131 \u015feyler anla\u015f\u0131ld\u0131\u011f\u0131n\u0131 belirten \u00d6zersay,  tekrar eden iki kesimlilikten, siyasi e\u015fitlikten, \u201cK\u0131br\u0131s\u2019ta stat\u00fcko devam edemez\u201d c\u00fcmlesinden iki taraf\u0131n, farkl\u0131 \u015feyler anlamas\u0131n\u0131n bir realite oldu\u011funu belirtti.<\/p>\n<p>\u201cFederal ortakl\u0131k k\u00fclt\u00fcr\u00fc yok\u201d<\/p>\n<p>K\u0131br\u0131s\u2019ta bir federal ortakl\u0131\u011f\u0131 hem bulmak hem de daha sonra ya\u015fatmak anlam\u0131nda bir federal k\u00fclt\u00fcr ve tecr\u00fcbeye sahip olunmad\u0131\u011f\u0131n\u0131 da s\u00f6yleyen \u00d6zersay, \u201c3 y\u0131ll\u0131k bir i\u015flevsel federasyon tecr\u00fcbemiz var ki evlere \u015fenliktir her bir yasan\u0131n ge\u00e7mesinde ve devletin \u00e7al\u0131\u015fmas\u0131nda yap\u0131lmamas\u0131 gereken ne varsa bu s\u00fcre zarf\u0131nda yap\u0131lm\u0131\u015ft\u0131r\u201d dedi.<\/p>\n<p>Bunlara ek olarak 2 taraf aras\u0131nda kar\u015f\u0131l\u0131kl\u0131 g\u00fcven olmad\u0131\u011f\u0131n\u0131 ifade eden \u00d6zersay payla\u015fmaya dayal\u0131 bir federal ortakl\u0131\u011f\u0131n g\u00fcvenin olmad\u0131\u011f\u0131 bir ortamda nas\u0131l ya\u015fat\u0131laca\u011f\u0131 sorusunun havada durdu\u011funu ifade etti. \u0130ki taraf aras\u0131nda federal ortakl\u0131\u011fa olan ihtiyac\u0131n da farkl\u0131 oldu\u011funu belirten \u00d6zersay, Rum taraf\u0131n\u0131n ger\u00e7ekten b\u00f6yle bir ortakl\u0131\u011fa ihtiyac\u0131 olup olmad\u0131\u011f\u0131n\u0131n bir soru i\u015fareti oldu\u011funu s\u00f6yledi.<\/p>\n<p>\u201cBu durum Rum taraf\u0131n\u0131n can\u0131n\u0131 yak\u0131yor mu?\u201d sorusu<\/p>\n<p>Stat\u00fckonun her iki taraf\u0131n da can\u0131n\u0131 ayn\u0131 oranda yakar bir niteli\u011fe sahip olup olmad\u0131\u011f\u0131n\u0131n da bir di\u011fer soru oldu\u011funu dile getiren \u00d6zersay, \u201cBug\u00fcnk\u00fc stat\u00fcko Rum taraf\u0131n\u0131n can\u0131n\u0131 acaba yak\u0131yor mu\u201d  diye kendi kendilerine sormalar\u0131 gerekti\u011fini dile getirdi. \u00d6zersay, bu s\u0131ralad\u0131klar\u0131na bak\u0131ld\u0131\u011f\u0131nda federal ortakl\u0131\u011f\u0131n kurulup ya\u015fat\u0131lmas\u0131 i\u00e7in gerekli olan \u015fartlara adada sahip olunmad\u0131\u011f\u0131n\u0131n g\u00f6r\u00fcld\u00fc\u011f\u00fcn\u00fc kaydetti. 2017 y\u0131l\u0131nda ba\u015far\u0131s\u0131zl\u0131\u011fa u\u011frayan bir K\u0131br\u0131s Konferans\u0131n\u0131n s\u00f6z konusu oldu\u011funu, BM\u2019nin sonras\u0131nda 50 y\u0131lda yapmad\u0131\u011f\u0131 \u015feyi yapmaya yeltendi\u011fini ve bir de\u011ferlendirme s\u00fcrecine ihtiya\u00e7 oldu\u011funu, taraflar\u0131n bundan sonra nereye gidildi\u011fini oturup d\u00fc\u015f\u00fcnmesini istedi\u011fini ifade etti. Dolay\u0131s\u0131yla neyin m\u00fcmk\u00fcn ve ger\u00e7ek\u00e7i oldu\u011funu samimi bir diyalogla ela almalar\u0131 gereken bir d\u00f6nemde olduklar\u0131n\u0131 ifade eden \u00d6zersay, Rum taraf\u0131n\u0131n da art\u0131k neyin m\u00fcmk\u00fcn ve uygun oldu\u011funun siyasi istismar olmadan oturup konu\u015fmas\u0131n\u0131n zaman\u0131 oldu\u011funu s\u00f6yledi.<\/p>\n<p>\u201cLute hala ortak vizyon var m\u0131 yok mu bulamad\u0131 m\u0131?\u201d<\/p>\n<p>Sonraki s\u00fcre\u00e7te BM Genel Sekreteri\u2019nin taraflar\u0131n nabz\u0131n\u0131 tutmak \u00fczere  K\u0131br\u0131s \u00d6zel Dan\u0131\u015fman\u0131\u0131 olarak Lute\u2019u g\u00f6revlendirdi\u011fini an\u0131msatan \u00d6zersay, bu g\u00f6revlendirmenin \u00fczerinden 8 ay ge\u00e7ti\u011fini, Lute\u2019un bir \u00e7ok temas yapt\u0131\u011f\u0131n\u0131 kaydetti. \u00d6zersay, Lute\u2019un hala ortak bir \u00e7\u00f6z\u00fcm vizyonu olup olmad\u0131\u011f\u0131n\u0131n cevab\u0131n\u0131 bulup bulmad\u0131\u011f\u0131n\u0131 sordu.<\/p>\n<p>Ne olursa olsun tek \u00e7\u00f6z\u00fcm bar\u0131\u015f<\/p>\n<p>\u00d6zersay, bunlar\u0131 tecr\u00fcbe sahibi bir m\u00fczakereci ve akademisyen olarak s\u00f6yledi\u011fini ekledi ve \u015fu veya bu model fark etmedi\u011fini, \u00e7\u0131k\u0131\u015f yolunun adada var olan ve her zaman var olacak olan 2 ayr\u0131 kimlik ve 2 ayr\u0131 halk\u0131n kendi kurumlar\u0131 ve kendi devletleriyle, ad\u0131 ne isterse olsun bar\u0131\u015f i\u00e7inde bir arada var olmas\u0131ndan ge\u00e7ti\u011fini kaydetti. Bunun farkl\u0131 \u015fekilde bir ortakl\u0131\u011fa d\u00f6n\u00fc\u015febilece\u011fini ve buna her zaman i\u00e7in a\u00e7\u0131k olmalar\u0131 gerekti\u011fini de dile getiren \u00d6zersay, payla\u015fmaya dayal\u0131 ortakl\u0131\u011f\u0131n \u015fartlar\u0131 bug\u00fcn mevcut de\u011filse, \u00f6zellikle bilim insanlar\u0131n\u0131n bunu a\u00e7\u0131k y\u00fcreklilikle s\u00f6ylemesi gerekti\u011fini vurgulad\u0131.<\/p>\n<p>\u201cYeni fakt\u00f6rler g\u00f6z \u00f6n\u00fcnde bulundurulmal\u0131&#8221;<\/p>\n<p>Yeni fikirler ortaya koyarken ve d\u00fc\u015f\u00fcn\u00fcrken K\u0131br\u0131s\u2019ta, Ortado\u011fu\u2019da  Do\u011fu Akdeniz\u2019de ve d\u00fcnyadaki yeni fakt\u00f6rlerin de g\u00f6z \u00f6n\u00fcnde bulundurulmas\u0131 gerekti\u011fini ifade eden \u00d6zersay, AB i\u00e7indeki  2 garant\u00f6r devletten  birinin AB\u2019den \u00e7\u0131kmaya \u00e7al\u0131\u015ft\u0131\u011f\u0131 yeni bir durumun ortaya \u00e7\u0131kt\u0131\u011f\u0131n\u0131, bunun dikkate al\u0131nmas\u0131 gereken, yeni bir parametre oldu\u011funu kaydetti. Bunun \u015fartlarda k\u00f6kl\u00fc bir de\u011fi\u015fikli\u011fe neden olacak bir unsur oldu\u011funu dile getiren \u00d6zersay,  Brexit s\u00fcreciyle birlikte T\u00fcrkiye\u2019nin yan\u0131 s\u0131ra AB \u00fcyesi olmayacak bir garant\u00f6r daha demek oldu\u011funu s\u00f6yledi. \u00d6zersay, bu durumda Birle\u015fik Krall\u0131k ve T\u00fcrkiye aras\u0131nda gerek ticaret gerekse ba\u015fka alanlarda yeni ve farkl\u0131 ili\u015fki bi\u00e7imlerin ortaya \u00e7\u0131kabilece\u011fini, potansiyel bir stratejik ortakl\u0131\u011f\u0131n m\u00fcmk\u00fcn olabilece\u011fini herkesin dikkate alarak de\u011ferlendirme yapmas\u0131 gerekti\u011fini s\u00f6yledi.<\/p>\n<p>K\u0131br\u0131s\u2019\u0131n \u00f6nemi art\u0131yor<\/p>\n<p>Do\u011fal gaz\u0131n, T\u00fcrkiye\u2019den adaya su getirilmesinin de yeni \u015fartlar ve unsurlar oldu\u011funu dile getiren \u00d6zersay de\u011fi\u015fmeyen \u015feyler de oldu\u011funu kaydetti. Payla\u015fmaya y\u00f6nelik isteksizli\u011fin de\u011fi\u015fmedi\u011fini ancak de\u011fi\u015fmeyen en \u00f6nemli unsurlardan birinin bu co\u011frafyada K\u0131br\u0131s adas\u0131n\u0131n \u00f6neminin azalmamas\u0131 ve artmas\u0131 oldu\u011funu vurgulayan \u00d6zersay, bunu ak\u0131ldan \u00e7\u0131kar\u0131lmamas\u0131 gereken bir fakt\u00f6r olarak de\u011ferlendirdi. \u00d6zersay, de\u011fi\u015fmeyecek bir ba\u015fka unsurun da K\u0131br\u0131s T\u00fcrk halk\u0131n\u0131n bu co\u011frafyada kendi kendini y\u00f6netme ve kendi kaderini tayin etme hakk\u0131 i\u00e7in m\u00fccadelesi oldu\u011funu, bunun bundan sonra da de\u011fi\u015fmeyece\u011fini vurgulad\u0131.<\/p>\n","protected":false},"excerpt":{"rendered":"<p>KKTC BA\u015eBAKAN YARDIMCISI DI\u015e\u0130\u015eLER\u0130 BAKANI KUDRET \u00d6ZERSAY, KIBRIS\u2019TA \u00c7\u00d6Z\u00dcM \u0130\u00c7\u0130N ALTERNAT\u0130F MODELLER\u0130N ELE ALINDI\u011eI YAKIN DO\u011eU \u00dcN\u0130VERS\u0130TES\u0130 TARAFINDAN D\u00dcZENLENEN \u201cKIBRIS\u2019IN D\u00dcN\u00dc, BUG\u00dcN\u00dc VE GELECE\u011eE \u0130L\u0130\u015eK\u0130N V\u0130ZYONU\u201d KONULU ULUSLARARASI KONFERANSIN KAPANI\u015eINDA KATILDI.<\/p>\n","protected":false},"author":1,"featured_media":123442,"comment_status":"closed","ping_status":"open","sticky":false,"template":"","format":"standard","meta":{"jetpack_post_was_ever_published":false,"_jetpack_newsletter_access":"","_jetpack_dont_email_post_to_subs":false,"_jetpack_newsletter_tier_id":0,"_jetpack_memberships_contains_paywalled_content":false,"_jetpack_memberships_contains_paid_content":false,"footnotes":"","jetpack_publicize_message":"","jetpack_publicize_feature_enabled":true,"jetpack_social_post_already_shared":true,"jetpack_social_options":{"image_generator_settings":{"template":"highway","default_image_id":0,"font":"","enabled":false},"version":2}},"categories":[10],"tags":[7112,933,18366,2039,1498,11370,9977,1583,29395,181],"class_list":["post-123441","post","type-post","status-publish","format-standard","has-post-thumbnail","hentry","category-dunya","tag-alim","tag-bakani","tag-cesur","tag-degil","tag-disisleri","tag-ihtiyac","tag-kktc","tag-olmaya","tag-ozersay","tag-var"],"jetpack_publicize_connections":[],"jetpack_featured_media_url":"https:\/\/i0.wp.com\/www.tvturk.com\/wp-content\/uploads\/2019\/04\/kktc-disisleri-bakani-ozersay-alim-olmaya-degil-cesur-olmaya-ihtiyac-var_59ddf11.jpg?fit=1000%2C562","jetpack_sharing_enabled":true,"jetpack_shortlink":"https:\/\/wp.me\/paKIfm-w6Z","_links":{"self":[{"href":"http:\/\/www.tvturk.com\/index.php\/wp-json\/wp\/v2\/posts\/123441","targetHints":{"allow":["GET"]}}],"collection":[{"href":"http:\/\/www.tvturk.com\/index.php\/wp-json\/wp\/v2\/posts"}],"about":[{"href":"http:\/\/www.tvturk.com\/index.php\/wp-json\/wp\/v2\/types\/post"}],"author":[{"embeddable":true,"href":"http:\/\/www.tvturk.com\/index.php\/wp-json\/wp\/v2\/users\/1"}],"replies":[{"embeddable":true,"href":"http:\/\/www.tvturk.com\/index.php\/wp-json\/wp\/v2\/comments?post=123441"}],"version-history":[{"count":0,"href":"http:\/\/www.tvturk.com\/index.php\/wp-json\/wp\/v2\/posts\/123441\/revisions"}],"wp:featuredmedia":[{"embeddable":true,"href":"http:\/\/www.tvturk.com\/index.php\/wp-json\/wp\/v2\/media\/123442"}],"wp:attachment":[{"href":"http:\/\/www.tvturk.com\/index.php\/wp-json\/wp\/v2\/media?parent=123441"}],"wp:term":[{"taxonomy":"category","embeddable":true,"href":"http:\/\/www.tvturk.com\/index.php\/wp-json\/wp\/v2\/categories?post=123441"},{"taxonomy":"post_tag","embeddable":true,"href":"http:\/\/www.tvturk.com\/index.php\/wp-json\/wp\/v2\/tags?post=123441"}],"curies":[{"name":"wp","href":"https:\/\/api.w.org\/{rel}","templated":true}]}}