{"id":12345,"date":"2019-02-08T14:01:09","date_gmt":"2019-02-08T11:01:09","guid":{"rendered":"http:\/\/www.tvturk.com\/index.php\/polattan-musiada-ziyaret\/"},"modified":"2019-02-08T14:01:11","modified_gmt":"2019-02-08T11:01:11","slug":"polattan-musiada-ziyaret","status":"publish","type":"post","link":"http:\/\/www.tvturk.com\/index.php\/polattan-musiada-ziyaret\/","title":{"rendered":"Polat\u2019tan M\u00dcS\u0130AD\u2019a ziyaret"},"content":{"rendered":"<p>Malatya B\u00fcy\u00fck\u015fehir Belediye Ba\u015fkan\u0131 Hac\u0131 U\u011fur Polat, M\u00dcS\u0130AD Malatya \u015eube Ba\u015fkan\u0131 Muharrem Poyraz\u2019\u0131 ziyaret ederek yeni g\u00f6revinde ba\u015far\u0131lar diledi.<\/p>\n<p>B\u00fcy\u00fck\u015fehir Belediye Ba\u015fkan\u0131 Hac\u0131 U\u011fur Polat\u2019\u0131n ziyaretinden duydu\u011fu memnuniyeti dile getiren M\u00dcS\u0130AD Malatya \u015eube Ba\u015fkan\u0131 Muharrem Poyraz, \u201c26 Ocak tarihinde yap\u0131lan genel kurul sonras\u0131 g\u00f6rev de\u011fi\u015fikli\u011fi oldu. Bu s\u00fcre\u00e7ten sonra Malatya\u2019n\u0131n hizmetinde olaca\u011f\u0131z. 19 y\u0131ll\u0131k M\u00dcS\u0130AD \u00fcyesi olan Ba\u015fkan\u0131m\u0131z Malatya i\u00e7in \u00e7ok g\u00fczel hizmetler \u00fcretmi\u015ftir. Tekrar bu nazik ziyaretlerinden dolay\u0131 kendilerine te\u015fekk\u00fcr ediyorum\u201d ifadelerini kulland\u0131.<\/p>\n<p>M\u00dcS\u0130AD\u2019\u0131n yeni y\u00f6netimine ba\u015far\u0131lar dileyen B\u00fcy\u00fck\u015fehir Belediye Ba\u015fkan\u0131 Hac\u0131 U\u011fur Polat ise, \u201cSe\u00e7ilmi\u015f oldu\u011funuz bu g\u00f6revinizde Malatya\u2019m\u0131za ve \u00fclkemize g\u00fczel hizmetler \u00fcretmenizi temenni ediyorum. M\u00dcS\u0130AD bir ailedir, bende bu ailenin bir \u00fcyesi olmaktan gurur duyuyorum. M\u00dcS\u0130AD\u2019a \u00fcye olmak, burada bir \u015feyler \u00fcretmek g\u00f6n\u00fcl i\u015fidir. Devralm\u0131\u015f oldu\u011funuz hizmet bayra\u011f\u0131n\u0131 daha yukar\u0131lara ta\u015f\u0131yaca\u011f\u0131n\u0131za inan\u0131yorum. M\u00dcS\u0130AD\u2019a yeni y\u00f6netimin hay\u0131rl\u0131 olmas\u0131n\u0131 temenni ediyorum\u201d  diye konu\u015ftu.<div class=\"tiled-gallery type-rectangular tiled-gallery-unresized\" data-original-width=\"500\" data-carousel-extra='null' itemscope itemtype=\"http:\/\/schema.org\/ImageGallery\" > <div class=\"gallery-row\" style=\"width: 500px; height: 335px;\" data-original-width=\"500\" data-original-height=\"335\" > <div class=\"gallery-group images-1\" style=\"width: 500px; height: 335px;\" data-original-width=\"500\" data-original-height=\"335\" > <div class=\"tiled-gallery-item tiled-gallery-item-large\" itemprop=\"associatedMedia\" itemscope itemtype=\"http:\/\/schema.org\/ImageObject\"> <a href=\"http:\/\/www.tvturk.com\/index.php\/polattan-musiada-ziyaret\/polattan-musiada-ziyaret-3\/\" border=\"0\" itemprop=\"url\"> <meta itemprop=\"width\" content=\"496\"> <meta itemprop=\"height\" content=\"331\"> <img decoding=\"async\" class=\"\" data-attachment-id=\"12347\" data-orig-file=\"http:\/\/www.tvturk.com\/wp-content\/uploads\/2019\/02\/polattan-musiada-ziyaret_f479710.jpg\" data-orig-size=\"1000,667\" data-comments-opened=\"\" data-image-meta=\"{&quot;aperture&quot;:&quot;0&quot;,&quot;credit&quot;:&quot;IHA&quot;,&quot;camera&quot;:&quot;&quot;,&quot;caption&quot;:&quot;MALATYA B\\u00dcY\\u00dcK\\u015eEH\\u0130R BELED\\u0130YE BA\\u015eKANI HACI U\\u011eUR POLAT, M\\u00dcS\\u0130AD MALATYA \\u015eUBE BA\\u015eKANI MUHARREM POYRAZ\\u2019I Z\\u0130YARET EDEREK YEN\\u0130 G\\u00d6REV\\u0130NDE BA\\u015eARILAR D\\u0130LED\\u0130. (\\u0130HA\\\/MALATYA-\\u0130HA)&quot;,&quot;created_timestamp&quot;:&quot;0&quot;,&quot;copyright&quot;:&quot;\\u0130HLAS HABER AJANSI, www.iha.com.tr&quot;,&quot;focal_length&quot;:&quot;0&quot;,&quot;iso&quot;:&quot;0&quot;,&quot;shutter_speed&quot;:&quot;0&quot;,&quot;title&quot;:&quot;POLAT\\u2019TAN M\\u00dcS\\u0130AD\\u2019A Z\\u0130YARET&quot;,&quot;orientation&quot;:&quot;0&quot;}\" data-image-title=\"Polat\u2019tan M\u00dcS\u0130AD\u2019a ziyaret\" data-image-description=\"&lt;p&gt;Polat\u2019tan M\u00dcS\u0130AD\u2019a ziyaret&lt;\/p&gt; \" data-medium-file=\"https:\/\/i0.wp.com\/www.tvturk.com\/wp-content\/uploads\/2019\/02\/polattan-musiada-ziyaret_f479710.jpg?fit=300%2C200\" data-large-file=\"https:\/\/i0.wp.com\/www.tvturk.com\/wp-content\/uploads\/2019\/02\/polattan-musiada-ziyaret_f479710.jpg?fit=1000%2C667\" src=\"https:\/\/i0.wp.com\/www.tvturk.com\/wp-content\/uploads\/2019\/02\/polattan-musiada-ziyaret_f479710.jpg?w=496&#038;h=331\" srcset=\"https:\/\/i0.wp.com\/www.tvturk.com\/wp-content\/uploads\/2019\/02\/polattan-musiada-ziyaret_f479710.jpg?w=1000 1000w, https:\/\/i0.wp.com\/www.tvturk.com\/wp-content\/uploads\/2019\/02\/polattan-musiada-ziyaret_f479710.jpg?resize=150%2C100 150w, https:\/\/i0.wp.com\/www.tvturk.com\/wp-content\/uploads\/2019\/02\/polattan-musiada-ziyaret_f479710.jpg?resize=300%2C200 300w, https:\/\/i0.wp.com\/www.tvturk.com\/wp-content\/uploads\/2019\/02\/polattan-musiada-ziyaret_f479710.jpg?resize=768%2C512 768w, https:\/\/i0.wp.com\/www.tvturk.com\/wp-content\/uploads\/2019\/02\/polattan-musiada-ziyaret_f479710.jpg?resize=170%2C113 170w, https:\/\/i0.wp.com\/www.tvturk.com\/wp-content\/uploads\/2019\/02\/polattan-musiada-ziyaret_f479710.jpg?resize=120%2C80 120w\" width=\"496\" height=\"331\" loading=\"lazy\" data-original-width=\"496\" data-original-height=\"331\" itemprop=\"http:\/\/schema.org\/image\" title=\"Polat\u2019tan M\u00dcS\u0130AD\u2019a ziyaret\" alt=\"Polat\u2019tan M\u00dcS\u0130AD\u2019a ziyaret\" style=\"width: 496px; height: 331px;\" \/> <\/a> <\/div> <\/div> <!-- close group --> <\/div> <!-- close row --> <\/div><\/p>\n","protected":false},"excerpt":{"rendered":"<p>MALATYA B\u00dcY\u00dcK\u015eEH\u0130R BELED\u0130YE BA\u015eKANI HACI U\u011eUR POLAT, M\u00dcS\u0130AD MALATYA \u015eUBE BA\u015eKANI MUHARREM POYRAZ\u2019I Z\u0130YARET EDEREK YEN\u0130 G\u00d6REV\u0130NDE BA\u015eARILAR D\u0130LED\u0130.<\/p>\n","protected":false},"author":1,"featured_media":12346,"comment_status":"closed","ping_status":"open","sticky":false,"template":"","format":"standard","meta":{"jetpack_post_was_ever_published":false,"_jetpack_newsletter_access":"","_jetpack_dont_email_post_to_subs":false,"_jetpack_newsletter_tier_id":0,"_jetpack_memberships_contains_paywalled_content":false,"_jetpack_memberships_contains_paid_content":false,"footnotes":"","jetpack_publicize_message":"","jetpack_publicize_feature_enabled":true,"jetpack_social_post_already_shared":false,"jetpack_social_options":{"image_generator_settings":{"template":"highway","default_image_id":0,"font":"","enabled":false},"version":2}},"categories":[655],"tags":[2203,6298,150],"class_list":["post-12345","post","type-post","status-publish","format-standard","has-post-thumbnail","hentry","category-son-dakika","tag-musiada","tag-polattan","tag-ziyaret"],"jetpack_publicize_connections":[],"jetpack_featured_media_url":"https:\/\/i0.wp.com\/www.tvturk.com\/wp-content\/uploads\/2019\/02\/polattan-musiada-ziyaret_fc6ed39.jpg?fit=1000%2C667","jetpack_sharing_enabled":true,"jetpack_shortlink":"https:\/\/wp.me\/paKIfm-3d7","_links":{"self":[{"href":"http:\/\/www.tvturk.com\/index.php\/wp-json\/wp\/v2\/posts\/12345","targetHints":{"allow":["GET"]}}],"collection":[{"href":"http:\/\/www.tvturk.com\/index.php\/wp-json\/wp\/v2\/posts"}],"about":[{"href":"http:\/\/www.tvturk.com\/index.php\/wp-json\/wp\/v2\/types\/post"}],"author":[{"embeddable":true,"href":"http:\/\/www.tvturk.com\/index.php\/wp-json\/wp\/v2\/users\/1"}],"replies":[{"embeddable":true,"href":"http:\/\/www.tvturk.com\/index.php\/wp-json\/wp\/v2\/comments?post=12345"}],"version-history":[{"count":1,"href":"http:\/\/www.tvturk.com\/index.php\/wp-json\/wp\/v2\/posts\/12345\/revisions"}],"predecessor-version":[{"id":12348,"href":"http:\/\/www.tvturk.com\/index.php\/wp-json\/wp\/v2\/posts\/12345\/revisions\/12348"}],"wp:featuredmedia":[{"embeddable":true,"href":"http:\/\/www.tvturk.com\/index.php\/wp-json\/wp\/v2\/media\/12346"}],"wp:attachment":[{"href":"http:\/\/www.tvturk.com\/index.php\/wp-json\/wp\/v2\/media?parent=12345"}],"wp:term":[{"taxonomy":"category","embeddable":true,"href":"http:\/\/www.tvturk.com\/index.php\/wp-json\/wp\/v2\/categories?post=12345"},{"taxonomy":"post_tag","embeddable":true,"href":"http:\/\/www.tvturk.com\/index.php\/wp-json\/wp\/v2\/tags?post=12345"}],"curies":[{"name":"wp","href":"https:\/\/api.w.org\/{rel}","templated":true}]}}