{"id":124031,"date":"2019-04-04T13:29:29","date_gmt":"2019-04-04T10:29:29","guid":{"rendered":"http:\/\/www.tvturk.com\/index.php\/derikli-bercem-vucut-gelistirmede-turkiye-sampiyonu-oldu\/"},"modified":"2019-04-04T13:29:32","modified_gmt":"2019-04-04T10:29:32","slug":"derikli-bercem-vucut-gelistirmede-turkiye-sampiyonu-oldu","status":"publish","type":"post","link":"http:\/\/www.tvturk.com\/index.php\/derikli-bercem-vucut-gelistirmede-turkiye-sampiyonu-oldu\/","title":{"rendered":"Derikli Ber\u00e7em v\u00fccut geli\u015ftirmede T\u00fcrkiye \u015fampiyonu oldu"},"content":{"rendered":"<p>Mardin\u2019in Derik il\u00e7esinde memur bir ailenin 6 \u00e7ocu\u011fundan biri olan Ber\u00e7em, Antalya\u2019da d\u00fczenlenen T\u00fcrkiye V\u00fccut Geli\u015ftirme \u015eampiyonas\u0131\u2019nda b\u00fcy\u00fck bayanlar bikini fitness kategorisinde \u015fampiyon oldu. Kabak\u2019\u0131n \u015fimdiki hedefi 1-6 May\u0131s\u2019ta \u0130spanya\u2019da d\u00fczenlenecek olan Avrupa \u015eampiyonas\u0131\u2019nda derece elde etmek.<\/p>\n<p>Mardin\u2019in Derik il\u00e7esinde 1993 y\u0131l\u0131nda d\u00fcnyaya gelen Ber\u00e7em Kabak, hen\u00fcz 10 ya\u015f\u0131nda judo ve atletizm ile spora ba\u015flad\u0131. 16 y\u0131l boyunca ara vermeden spor yapan Kabak, 26 Mart\u2019ta Antalya\u2019da d\u00fczenlenen T\u00fcrkiye V\u00fccut Geli\u015ftirme \u015eampiyonas\u0131nda b\u00fcy\u00fck bayanlar bikini fitness kategorisinde \u015fampiyon oldu. Kabak, 1-6 May\u0131s tarihleri aras\u0131nda \u0130spanya\u2019da ger\u00e7ekle\u015ftirilecek Avrupa \u015fampiyonas\u0131nda T\u00fcrk bayra\u011f\u0131n\u0131 dalgaland\u0131rmak istiyor.<\/p>\n<p>Spor i\u00e7in akademik kariyer yap\u0131yor<\/p>\n<p>Ba\u015far\u0131s\u0131 ile ilgili \u0130hlas Haber Ajans\u0131 (\u0130HA) muhabirine konu\u015fan Kabak, 10 ya\u015f\u0131ndan beri spor yapt\u0131\u011f\u0131n\u0131 s\u00f6yledi. Kabak, \u201c10 ya\u015f\u0131nda judo ile spora ba\u015flad\u0131m. Okulda \u00f6\u011fretmenlerimin yetene\u011fimi ke\u015ffetmesi ile birlikte atletizm sporuna y\u00f6nlendirildim. Lise on s\u0131n\u0131fta Ankara\u2019ya transferim ger\u00e7ekle\u015fti. Liseyi orada tamamlad\u0131ktan sonra spor akademisini kazand\u0131m. Beden e\u011fitimi \u00f6\u011fretmenli\u011fini bitirdim. \u0130stanbul bir \u00fcniversitede hareket ve antrenman \u00fczerine y\u00fcksek lisans yapmaktay\u0131m\u201d dedi.<\/p>\n<p>\u201cG\u00fcneydo\u011fulu kad\u0131nlar ad\u0131na kazand\u0131m\u201d<\/p>\n<p>Yakla\u015f\u0131k 5 ayd\u0131r fitness sporuyla ilgilendi\u011fini kaydeden Kabak, \u201cAntalya\u2019da milli se\u00e7melerine kat\u0131ld\u0131m. T\u00fcrkiye V\u00fccut Geli\u015ftirme \u015eampiyonas\u0131nda b\u00fcy\u00fck bayanlar bikini fitness kategorisinde \u015fampiyon oldum. \u015eu an bir Avrupa \u015fampiyonas\u0131na haz\u0131rlan\u0131yorum. Ald\u0131\u011f\u0131m \u00f6d\u00fcl benim i\u00e7in \u00e7ok \u00f6zeldi. Mardin\u2019de ve G\u00fcneydo\u011fu\u2019da bayan olarak v\u00fccut geli\u015ftirme sporu ile u\u011fra\u015fan yoktu. Benim i\u00e7in haz\u0131rl\u0131k \u00e7al\u0131\u015fmalar\u0131 da \u00e7ok zor ge\u00e7ti. \u00c7al\u0131\u015fma ko\u00e7um burada de\u011fil Ankara\u2019dayd\u0131. Uzaktan e\u011fitim programlar\u0131 ile yar\u0131\u015fmaya haz\u0131rland\u0131m. En b\u00fcy\u00fck deste\u011fim ailem ve \u00f6\u011frencilerim oldu. Kupa ve madalyay\u0131 kazand\u0131\u011f\u0131m zaman Mardinli kad\u0131nlar\u0131n g\u00fcc\u00fcn\u00fc hissetti\u011fim i\u00e7in \u00e7ok mutlu oldum\u201d diye konu\u015ftu.<\/p>\n<p>Ailesi sporu b\u0131rakmas\u0131n\u0131 istemi\u015f<\/p>\n<p>Sporda okul hayat\u0131nda yakalad\u0131\u011f\u0131 ba\u015far\u0131lara ra\u011fmen destek g\u00f6rmedi\u011fi i\u00e7in ailesinin sporu b\u0131rakmas\u0131n\u0131 istedi\u011fi halde \u00e7al\u0131\u015fmalar\u0131na devam etti\u011fini ifade eden Kabak, \u015f\u00f6yle devam etti:<\/p>\n<p>\u201cAilemde sporcu olan 2 a\u011fabeyim var. Biri voleybol, biri futbol ile ilgileniyor. Mardin\u2019de bulundu\u011fum s\u00fcrede ailem ba\u015far\u0131lar\u0131ma ra\u011fmen destek alamad\u0131\u011f\u0131m i\u00e7in tepki g\u00f6sterdi. Sonras\u0131nda yine destek verdiler ilerledik yola. \u015eu an etraf\u0131mda ve ailemde benden sonra spora ba\u015flayan ye\u011fenlerim var. \u0130n\u015fallah benimde hedefim Avrupa\u2019da \u015fampiyonluk. Bu yola ba\u015flad\u0131k, \u015fampiyonlu\u011fu almadan b\u0131rakmayaca\u011f\u0131m. Avrupa \u015fampiyonlu\u011funa az bir s\u00fcre var ama yo\u011fun antrenmanlar ile g\u00fcnl\u00fck 3 saat antrenman ile haz\u0131rlan\u0131yorum.\u201d<div class=\"tiled-gallery type-rectangular tiled-gallery-unresized\" data-original-width=\"500\" data-carousel-extra='null' itemscope itemtype=\"http:\/\/schema.org\/ImageGallery\" > <div class=\"gallery-row\" style=\"width: 500px; height: 375px;\" data-original-width=\"500\" data-original-height=\"375\" > <div class=\"gallery-group images-2\" style=\"width: 249px; height: 375px;\" data-original-width=\"249\" data-original-height=\"375\" > <div class=\"tiled-gallery-item tiled-gallery-item-small\" itemprop=\"associatedMedia\" itemscope itemtype=\"http:\/\/schema.org\/ImageObject\"> <a href=\"http:\/\/www.tvturk.com\/index.php\/derikli-bercem-vucut-gelistirmede-turkiye-sampiyonu-oldu\/derikli-bercem-vucut-gelistirmede-turkiye-sampiyonu-oldu-3\/\" border=\"0\" itemprop=\"url\"> <meta itemprop=\"width\" content=\"245\"> <meta itemprop=\"height\" content=\"184\"> <img decoding=\"async\" class=\"\" data-attachment-id=\"124033\" data-orig-file=\"http:\/\/www.tvturk.com\/wp-content\/uploads\/2019\/04\/derikli-bercem-vucut-gelistirmede-turkiye-sampiyonu-oldu_9c9737c.jpg\" data-orig-size=\"1000,750\" data-comments-opened=\"\" data-image-meta=\"{&quot;aperture&quot;:&quot;0&quot;,&quot;credit&quot;:&quot;IHA&quot;,&quot;camera&quot;:&quot;&quot;,&quot;caption&quot;:&quot;MARD\\u0130N\\u2019\\u0130N DER\\u0130K \\u0130L\\u00c7ES\\u0130NDE MEMUR B\\u0130R A\\u0130LEN\\u0130N 6 \\u00c7OCU\\u011eUNDAN B\\u0130R\\u0130 OLAN BER\\u00c7EM KABAK V\\u00dcCUT GEL\\u0130\\u015eT\\u0130RMEDE T\\u00dcRK\\u0130YE \\u015eAMP\\u0130YONU OLDU. MARD\\u0130N\\u2019DE V\\u00dcCUT GEL\\u0130\\u015eT\\u0130RMEDE \\u0130LK KEZ G\\u00dcNEYDO\\u011eU\\u2019DA KADINLAR ADINA T\\u00dcRK\\u0130YE \\u015eAMP\\u0130YONLU\\u011eUNU KAZANAN BER\\u00c7EM KABAK DALGAL F\\u0130LM\\u0130N\\u0130N GER\\u00c7EK SAHNES\\u0130 OLDU. (ABDULLAT\\u0130F ALTUNKAYNAK - BER\\u0130L SOLMU\\u015eG\\u00dcL\\\/MARD\\u0130N-\\u0130HA)&quot;,&quot;created_timestamp&quot;:&quot;0&quot;,&quot;copyright&quot;:&quot;\\u0130HLAS HABER AJANSI, www.iha.com.tr&quot;,&quot;focal_length&quot;:&quot;0&quot;,&quot;iso&quot;:&quot;0&quot;,&quot;shutter_speed&quot;:&quot;0&quot;,&quot;title&quot;:&quot;DER\\u0130KL\\u0130 BER\\u00c7EM V\\u00dcCUT GEL\\u0130\\u015eT\\u0130RMEDE T\\u00dcRK\\u0130YE \\u015eAMP\\u0130YONU OLDU&quot;,&quot;orientation&quot;:&quot;0&quot;}\" data-image-title=\"Derikli Ber\u00e7em v\u00fccut geli\u015ftirmede T\u00fcrkiye \u015fampiyonu oldu\" data-image-description=\"&lt;p&gt;Derikli Ber\u00e7em v\u00fccut geli\u015ftirmede T\u00fcrkiye \u015fampiyonu oldu&lt;\/p&gt; \" data-medium-file=\"https:\/\/i0.wp.com\/www.tvturk.com\/wp-content\/uploads\/2019\/04\/derikli-bercem-vucut-gelistirmede-turkiye-sampiyonu-oldu_9c9737c.jpg?fit=300%2C225\" data-large-file=\"https:\/\/i0.wp.com\/www.tvturk.com\/wp-content\/uploads\/2019\/04\/derikli-bercem-vucut-gelistirmede-turkiye-sampiyonu-oldu_9c9737c.jpg?fit=1000%2C750\" src=\"https:\/\/i0.wp.com\/www.tvturk.com\/wp-content\/uploads\/2019\/04\/derikli-bercem-vucut-gelistirmede-turkiye-sampiyonu-oldu_9c9737c.jpg?w=245&#038;h=184\" srcset=\"https:\/\/i0.wp.com\/www.tvturk.com\/wp-content\/uploads\/2019\/04\/derikli-bercem-vucut-gelistirmede-turkiye-sampiyonu-oldu_9c9737c.jpg?w=1000 1000w, https:\/\/i0.wp.com\/www.tvturk.com\/wp-content\/uploads\/2019\/04\/derikli-bercem-vucut-gelistirmede-turkiye-sampiyonu-oldu_9c9737c.jpg?resize=150%2C113 150w, https:\/\/i0.wp.com\/www.tvturk.com\/wp-content\/uploads\/2019\/04\/derikli-bercem-vucut-gelistirmede-turkiye-sampiyonu-oldu_9c9737c.jpg?resize=300%2C225 300w, https:\/\/i0.wp.com\/www.tvturk.com\/wp-content\/uploads\/2019\/04\/derikli-bercem-vucut-gelistirmede-turkiye-sampiyonu-oldu_9c9737c.jpg?resize=768%2C576 768w\" width=\"245\" height=\"184\" loading=\"lazy\" data-original-width=\"245\" data-original-height=\"184\" itemprop=\"http:\/\/schema.org\/image\" title=\"Derikli Ber\u00e7em v\u00fccut geli\u015ftirmede T\u00fcrkiye \u015fampiyonu oldu\" alt=\"Derikli Ber\u00e7em v\u00fccut geli\u015ftirmede T\u00fcrkiye \u015fampiyonu oldu\" style=\"width: 245px; height: 184px;\" \/> <\/a> <\/div> <div class=\"tiled-gallery-item tiled-gallery-item-small\" itemprop=\"associatedMedia\" itemscope itemtype=\"http:\/\/schema.org\/ImageObject\"> <a href=\"http:\/\/www.tvturk.com\/index.php\/derikli-bercem-vucut-gelistirmede-turkiye-sampiyonu-oldu\/derikli-bercem-vucut-gelistirmede-turkiye-sampiyonu-oldu-4\/\" border=\"0\" itemprop=\"url\"> <meta itemprop=\"width\" content=\"245\"> <meta itemprop=\"height\" content=\"183\"> <img decoding=\"async\" class=\"\" data-attachment-id=\"124034\" data-orig-file=\"http:\/\/www.tvturk.com\/wp-content\/uploads\/2019\/04\/derikli-bercem-vucut-gelistirmede-turkiye-sampiyonu-oldu_b463472.jpg\" data-orig-size=\"1000,750\" data-comments-opened=\"\" data-image-meta=\"{&quot;aperture&quot;:&quot;0&quot;,&quot;credit&quot;:&quot;IHA&quot;,&quot;camera&quot;:&quot;&quot;,&quot;caption&quot;:&quot;MARD\\u0130N\\u2019\\u0130N DER\\u0130K \\u0130L\\u00c7ES\\u0130NDE MEMUR B\\u0130R A\\u0130LEN\\u0130N 6 \\u00c7OCU\\u011eUNDAN B\\u0130R\\u0130 OLAN BER\\u00c7EM KABAK V\\u00dcCUT GEL\\u0130\\u015eT\\u0130RMEDE T\\u00dcRK\\u0130YE \\u015eAMP\\u0130YONU OLDU. MARD\\u0130N\\u2019DE V\\u00dcCUT GEL\\u0130\\u015eT\\u0130RMEDE \\u0130LK KEZ G\\u00dcNEYDO\\u011eU\\u2019DA KADINLAR ADINA T\\u00dcRK\\u0130YE \\u015eAMP\\u0130YONLU\\u011eUNU KAZANAN BER\\u00c7EM KABAK DALGAL F\\u0130LM\\u0130N\\u0130N GER\\u00c7EK SAHNES\\u0130 OLDU. (ABDULLAT\\u0130F ALTUNKAYNAK - BER\\u0130L SOLMU\\u015eG\\u00dcL\\\/MARD\\u0130N-\\u0130HA)&quot;,&quot;created_timestamp&quot;:&quot;0&quot;,&quot;copyright&quot;:&quot;\\u0130HLAS HABER AJANSI, www.iha.com.tr&quot;,&quot;focal_length&quot;:&quot;0&quot;,&quot;iso&quot;:&quot;0&quot;,&quot;shutter_speed&quot;:&quot;0&quot;,&quot;title&quot;:&quot;DER\\u0130KL\\u0130 BER\\u00c7EM V\\u00dcCUT GEL\\u0130\\u015eT\\u0130RMEDE T\\u00dcRK\\u0130YE \\u015eAMP\\u0130YONU OLDU&quot;,&quot;orientation&quot;:&quot;0&quot;}\" data-image-title=\"Derikli Ber\u00e7em v\u00fccut geli\u015ftirmede T\u00fcrkiye \u015fampiyonu oldu\" data-image-description=\"&lt;p&gt;Derikli Ber\u00e7em v\u00fccut geli\u015ftirmede T\u00fcrkiye \u015fampiyonu oldu&lt;\/p&gt; \" data-medium-file=\"https:\/\/i0.wp.com\/www.tvturk.com\/wp-content\/uploads\/2019\/04\/derikli-bercem-vucut-gelistirmede-turkiye-sampiyonu-oldu_b463472.jpg?fit=300%2C225\" data-large-file=\"https:\/\/i0.wp.com\/www.tvturk.com\/wp-content\/uploads\/2019\/04\/derikli-bercem-vucut-gelistirmede-turkiye-sampiyonu-oldu_b463472.jpg?fit=1000%2C750\" src=\"https:\/\/i0.wp.com\/www.tvturk.com\/wp-content\/uploads\/2019\/04\/derikli-bercem-vucut-gelistirmede-turkiye-sampiyonu-oldu_b463472.jpg?w=245&#038;h=183\" srcset=\"https:\/\/i0.wp.com\/www.tvturk.com\/wp-content\/uploads\/2019\/04\/derikli-bercem-vucut-gelistirmede-turkiye-sampiyonu-oldu_b463472.jpg?w=1000 1000w, https:\/\/i0.wp.com\/www.tvturk.com\/wp-content\/uploads\/2019\/04\/derikli-bercem-vucut-gelistirmede-turkiye-sampiyonu-oldu_b463472.jpg?resize=150%2C113 150w, https:\/\/i0.wp.com\/www.tvturk.com\/wp-content\/uploads\/2019\/04\/derikli-bercem-vucut-gelistirmede-turkiye-sampiyonu-oldu_b463472.jpg?resize=300%2C225 300w, https:\/\/i0.wp.com\/www.tvturk.com\/wp-content\/uploads\/2019\/04\/derikli-bercem-vucut-gelistirmede-turkiye-sampiyonu-oldu_b463472.jpg?resize=768%2C576 768w\" width=\"245\" height=\"183\" loading=\"lazy\" data-original-width=\"245\" data-original-height=\"183\" itemprop=\"http:\/\/schema.org\/image\" title=\"Derikli Ber\u00e7em v\u00fccut geli\u015ftirmede T\u00fcrkiye \u015fampiyonu oldu\" alt=\"Derikli Ber\u00e7em v\u00fccut geli\u015ftirmede T\u00fcrkiye \u015fampiyonu oldu\" style=\"width: 245px; height: 183px;\" \/> <\/a> <\/div> <\/div> <!-- close group --> <div class=\"gallery-group images-1\" style=\"width: 251px; height: 375px;\" data-original-width=\"251\" data-original-height=\"375\" > <div class=\"tiled-gallery-item tiled-gallery-item-small\" itemprop=\"associatedMedia\" itemscope itemtype=\"http:\/\/schema.org\/ImageObject\"> <a href=\"http:\/\/www.tvturk.com\/index.php\/derikli-bercem-vucut-gelistirmede-turkiye-sampiyonu-oldu\/derikli-bercem-vucut-gelistirmede-turkiye-sampiyonu-oldu-5\/\" border=\"0\" itemprop=\"url\"> <meta itemprop=\"width\" content=\"247\"> <meta itemprop=\"height\" content=\"371\"> <img decoding=\"async\" class=\"\" data-attachment-id=\"124035\" data-orig-file=\"http:\/\/www.tvturk.com\/wp-content\/uploads\/2019\/04\/derikli-bercem-vucut-gelistirmede-turkiye-sampiyonu-oldu_d0e3bd5.jpg\" data-orig-size=\"666,1000\" data-comments-opened=\"\" data-image-meta=\"{&quot;aperture&quot;:&quot;0&quot;,&quot;credit&quot;:&quot;IHA&quot;,&quot;camera&quot;:&quot;&quot;,&quot;caption&quot;:&quot;MARD\\u0130N\\u2019\\u0130N DER\\u0130K \\u0130L\\u00c7ES\\u0130NDE MEMUR B\\u0130R A\\u0130LEN\\u0130N 6 \\u00c7OCU\\u011eUNDAN B\\u0130R\\u0130 OLAN BER\\u00c7EM KABAK V\\u00dcCUT GEL\\u0130\\u015eT\\u0130RMEDE T\\u00dcRK\\u0130YE \\u015eAMP\\u0130YONU OLDU. MARD\\u0130N\\u2019DE V\\u00dcCUT GEL\\u0130\\u015eT\\u0130RMEDE \\u0130LK KEZ G\\u00dcNEYDO\\u011eU\\u2019DA KADINLAR ADINA T\\u00dcRK\\u0130YE \\u015eAMP\\u0130YONLU\\u011eUNU KAZANAN BER\\u00c7EM KABAK DALGAL F\\u0130LM\\u0130N\\u0130N GER\\u00c7EK SAHNES\\u0130 OLDU. (ABDULLAT\\u0130F ALTUNKAYNAK - BER\\u0130L SOLMU\\u015eG\\u00dcL\\\/MARD\\u0130N-\\u0130HA)&quot;,&quot;created_timestamp&quot;:&quot;0&quot;,&quot;copyright&quot;:&quot;\\u0130HLAS HABER AJANSI, www.iha.com.tr&quot;,&quot;focal_length&quot;:&quot;0&quot;,&quot;iso&quot;:&quot;0&quot;,&quot;shutter_speed&quot;:&quot;0&quot;,&quot;title&quot;:&quot;DER\\u0130KL\\u0130 BER\\u00c7EM V\\u00dcCUT GEL\\u0130\\u015eT\\u0130RMEDE T\\u00dcRK\\u0130YE \\u015eAMP\\u0130YONU OLDU&quot;,&quot;orientation&quot;:&quot;0&quot;}\" data-image-title=\"Derikli Ber\u00e7em v\u00fccut geli\u015ftirmede T\u00fcrkiye \u015fampiyonu oldu\" data-image-description=\"&lt;p&gt;Derikli Ber\u00e7em v\u00fccut geli\u015ftirmede T\u00fcrkiye \u015fampiyonu oldu&lt;\/p&gt; \" data-medium-file=\"https:\/\/i0.wp.com\/www.tvturk.com\/wp-content\/uploads\/2019\/04\/derikli-bercem-vucut-gelistirmede-turkiye-sampiyonu-oldu_d0e3bd5.jpg?fit=200%2C300\" data-large-file=\"https:\/\/i0.wp.com\/www.tvturk.com\/wp-content\/uploads\/2019\/04\/derikli-bercem-vucut-gelistirmede-turkiye-sampiyonu-oldu_d0e3bd5.jpg?fit=666%2C1000\" src=\"https:\/\/i0.wp.com\/www.tvturk.com\/wp-content\/uploads\/2019\/04\/derikli-bercem-vucut-gelistirmede-turkiye-sampiyonu-oldu_d0e3bd5.jpg?w=247&#038;h=371\" srcset=\"https:\/\/i0.wp.com\/www.tvturk.com\/wp-content\/uploads\/2019\/04\/derikli-bercem-vucut-gelistirmede-turkiye-sampiyonu-oldu_d0e3bd5.jpg?w=666 666w, https:\/\/i0.wp.com\/www.tvturk.com\/wp-content\/uploads\/2019\/04\/derikli-bercem-vucut-gelistirmede-turkiye-sampiyonu-oldu_d0e3bd5.jpg?resize=100%2C150 100w, https:\/\/i0.wp.com\/www.tvturk.com\/wp-content\/uploads\/2019\/04\/derikli-bercem-vucut-gelistirmede-turkiye-sampiyonu-oldu_d0e3bd5.jpg?resize=200%2C300 200w\" width=\"247\" height=\"371\" loading=\"lazy\" data-original-width=\"247\" data-original-height=\"371\" itemprop=\"http:\/\/schema.org\/image\" title=\"Derikli Ber\u00e7em v\u00fccut geli\u015ftirmede T\u00fcrkiye \u015fampiyonu oldu\" alt=\"Derikli Ber\u00e7em v\u00fccut geli\u015ftirmede T\u00fcrkiye \u015fampiyonu oldu\" style=\"width: 247px; height: 371px;\" \/> <\/a> <\/div> <\/div> <!-- close group --> <\/div> <!-- close row --> <\/div><\/p>\n","protected":false},"excerpt":{"rendered":"<p>MARD\u0130N\u2019\u0130N DER\u0130K \u0130L\u00c7ES\u0130NDE MEMUR B\u0130R A\u0130LEN\u0130N 6 \u00c7OCU\u011eUNDAN B\u0130R\u0130 OLAN BER\u00c7EM  KABAK V\u00dcCUT GEL\u0130\u015eT\u0130RMEDE T\u00dcRK\u0130YE \u015eAMP\u0130YONU OLDU.  MARD\u0130N\u2019DE V\u00dcCUT GEL\u0130\u015eT\u0130RMEDE \u0130LK KEZ G\u00dcNEYDO\u011eU\u2019DA KADINLAR ADINA T\u00dcRK\u0130YE \u015eAMP\u0130YONLU\u011eUNU KAZANAN BER\u00c7EM KABAK DALGAL F\u0130LM\u0130N\u0130N GER\u00c7EK SAHNES\u0130 OLDU.<\/p>\n","protected":false},"author":1,"featured_media":124032,"comment_status":"closed","ping_status":"open","sticky":false,"template":"","format":"standard","meta":{"jetpack_post_was_ever_published":false,"_jetpack_newsletter_access":"","_jetpack_dont_email_post_to_subs":false,"_jetpack_newsletter_tier_id":0,"_jetpack_memberships_contains_paywalled_content":false,"_jetpack_memberships_contains_paid_content":false,"footnotes":"","jetpack_publicize_message":"","jetpack_publicize_feature_enabled":true,"jetpack_social_post_already_shared":true,"jetpack_social_options":{"image_generator_settings":{"template":"highway","default_image_id":0,"font":"","enabled":false},"version":2}},"categories":[657],"tags":[29475,29474,29476,77,2415,453,15895],"class_list":["post-124031","post","type-post","status-publish","format-standard","has-post-thumbnail","hentry","category-spor","tag-bercem","tag-derikli","tag-gelistirmede","tag-oldu","tag-sampiyonu","tag-turkiye","tag-vucut"],"jetpack_publicize_connections":[],"jetpack_featured_media_url":"https:\/\/i0.wp.com\/www.tvturk.com\/wp-content\/uploads\/2019\/04\/derikli-bercem-vucut-gelistirmede-turkiye-sampiyonu-oldu_e25daf6.jpg?fit=1000%2C845","jetpack_sharing_enabled":true,"jetpack_shortlink":"https:\/\/wp.me\/paKIfm-wgv","_links":{"self":[{"href":"http:\/\/www.tvturk.com\/index.php\/wp-json\/wp\/v2\/posts\/124031","targetHints":{"allow":["GET"]}}],"collection":[{"href":"http:\/\/www.tvturk.com\/index.php\/wp-json\/wp\/v2\/posts"}],"about":[{"href":"http:\/\/www.tvturk.com\/index.php\/wp-json\/wp\/v2\/types\/post"}],"author":[{"embeddable":true,"href":"http:\/\/www.tvturk.com\/index.php\/wp-json\/wp\/v2\/users\/1"}],"replies":[{"embeddable":true,"href":"http:\/\/www.tvturk.com\/index.php\/wp-json\/wp\/v2\/comments?post=124031"}],"version-history":[{"count":1,"href":"http:\/\/www.tvturk.com\/index.php\/wp-json\/wp\/v2\/posts\/124031\/revisions"}],"predecessor-version":[{"id":124036,"href":"http:\/\/www.tvturk.com\/index.php\/wp-json\/wp\/v2\/posts\/124031\/revisions\/124036"}],"wp:featuredmedia":[{"embeddable":true,"href":"http:\/\/www.tvturk.com\/index.php\/wp-json\/wp\/v2\/media\/124032"}],"wp:attachment":[{"href":"http:\/\/www.tvturk.com\/index.php\/wp-json\/wp\/v2\/media?parent=124031"}],"wp:term":[{"taxonomy":"category","embeddable":true,"href":"http:\/\/www.tvturk.com\/index.php\/wp-json\/wp\/v2\/categories?post=124031"},{"taxonomy":"post_tag","embeddable":true,"href":"http:\/\/www.tvturk.com\/index.php\/wp-json\/wp\/v2\/tags?post=124031"}],"curies":[{"name":"wp","href":"https:\/\/api.w.org\/{rel}","templated":true}]}}