{"id":12425,"date":"2019-02-08T14:18:49","date_gmt":"2019-02-08T11:18:49","guid":{"rendered":"http:\/\/www.tvturk.com\/index.php\/hollanda-yakisiklilik-yarismasinda-turk-aday-finalde\/"},"modified":"2019-02-08T14:18:50","modified_gmt":"2019-02-08T11:18:50","slug":"hollanda-yakisiklilik-yarismasinda-turk-aday-finalde","status":"publish","type":"post","link":"http:\/\/www.tvturk.com\/index.php\/hollanda-yakisiklilik-yarismasinda-turk-aday-finalde\/","title":{"rendered":"Hollanda yak\u0131\u015f\u0131kl\u0131l\u0131k yar\u0131\u015fmas\u0131nda T\u00fcrk aday finalde"},"content":{"rendered":"<p>\u201cMisters of The Netherlands 2019\u201d yak\u0131\u015f\u0131kl\u0131l\u0131k yar\u0131\u015fmas\u0131nda finale kalan 23 ya\u015f\u0131ndaki T\u00fcrk as\u0131ll\u0131 Mert A\u00e7\u0131kel, 20 Nisan\u2019da Hollanda\u2019n\u0131n yak\u0131\u015f\u0131kl\u0131s\u0131 olmak i\u00e7in yar\u0131\u015facak.<\/p>\n<p>Misters of The Netherlands 2019 yar\u0131\u015fmas\u0131nda yine bir T\u00fcrk finale kald\u0131. Ge\u00e7ti\u011fimiz y\u0131l  Luca Derin\u2019in kazand\u0131\u011f\u0131 g\u00fczellik yar\u0131\u015fmas\u0131na bu y\u0131l 23 ya\u015f\u0131ndaki T\u00fcrk as\u0131ll\u0131 Mert A\u00e7\u0131kel kat\u0131ld\u0131. Finale kalan A\u00e7\u0131kel, Hollanda\u2019daki T\u00fcrklerin deste\u011fini bekliyor. Hollanda\u2019da do\u011fan, aslen Ankaral\u0131 bir gen\u00e7 olan Mert A\u00e7\u0131kel, \u015fu anda e\u011fitimini tamamlamaya \u00e7al\u0131\u015f\u0131yor. Mert, mankenlik tekliflerini de de\u011ferlendirdi\u011fini ifade ediyor. Kariyerin, mankenlik \u00fcst\u00fcne kurmak istedi\u011fini s\u00f6yleyen A\u00e7\u0131kel, &#8220;Tabi ki de oyunculu\u011fu d\u00fc\u015f\u00fcnmek istiyorum, ama \u015fu an benim i\u00e7in as\u0131l hedef bu platformda y\u00fckselmek&#8221; dedi. &#8220;Kendini g\u00fczel buluyor musun?&#8221; sorusuna \u00e7ok m\u00fctevaz\u0131 cevap veren A\u00e7\u0131kel, &#8220;\u0130nsan kendisi hakk\u0131nda fazla konu\u015fmak istemez ama insanlar yak\u0131\u015f\u0131kl\u0131 oldu\u011fumu s\u00f6yl\u00fcyor. Ama her insan\u0131n farkl\u0131 zevkleri vard\u0131r&#8221; ifadesini kulland\u0131.<\/p>\n<p>Rotterdam\u2019da ger\u00e7ekle\u015fecek olan finallerde kazananlar, halk oylamas\u0131 ve j\u00fcri karar\u0131 ile belirlenecek. Finalde birinci ve ikinci olan yar\u0131\u015fmac\u0131lar, uluslararas\u0131 platformda yar\u0131\u015facak.<div class=\"tiled-gallery type-rectangular tiled-gallery-unresized\" data-original-width=\"500\" data-carousel-extra='null' itemscope itemtype=\"http:\/\/schema.org\/ImageGallery\" > <div class=\"gallery-row\" style=\"width: 500px; height: 766px;\" data-original-width=\"500\" data-original-height=\"766\" > <div class=\"gallery-group images-1\" style=\"width: 500px; height: 766px;\" data-original-width=\"500\" data-original-height=\"766\" > <div class=\"tiled-gallery-item tiled-gallery-item-large\" itemprop=\"associatedMedia\" itemscope itemtype=\"http:\/\/schema.org\/ImageObject\"> <a href=\"http:\/\/www.tvturk.com\/index.php\/hollanda-yakisiklilik-yarismasinda-turk-aday-finalde\/hollanda-yakisiklilik-yarismasinda-turk-aday-finalde-3\/\" border=\"0\" itemprop=\"url\"> <meta itemprop=\"width\" content=\"496\"> <meta itemprop=\"height\" content=\"762\"> <img decoding=\"async\" class=\"\" data-attachment-id=\"12427\" data-orig-file=\"http:\/\/www.tvturk.com\/wp-content\/uploads\/2019\/02\/hollanda-yakisiklilik-yarismasinda-turk-aday-finalde_6263f34.jpg\" data-orig-size=\"651,1000\" data-comments-opened=\"\" data-image-meta=\"{&quot;aperture&quot;:&quot;0&quot;,&quot;credit&quot;:&quot;IHA&quot;,&quot;camera&quot;:&quot;&quot;,&quot;caption&quot;:&quot;\\u201cM\\u0130STERS OF THE NETHERLANDS 2019\\u201d YAKI\\u015eIKLILIK YARI\\u015eMASINDA F\\u0130NALE KALAN 23 YA\\u015eINDAK\\u0130 T\\u00dcRK ASILLI MERT A\\u00c7IKEL, 20 N\\u0130SAN\\u2019DA HOLLANDA\\u2019NIN YAKI\\u015eIKLISI OLMAK \\u0130\\u00c7\\u0130N YARI\\u015eACAK. (\\u0130HA\\\/ROTERDAM-\\u0130HA)&quot;,&quot;created_timestamp&quot;:&quot;0&quot;,&quot;copyright&quot;:&quot;\\u0130HLAS HABER AJANSI, www.iha.com.tr&quot;,&quot;focal_length&quot;:&quot;0&quot;,&quot;iso&quot;:&quot;0&quot;,&quot;shutter_speed&quot;:&quot;0&quot;,&quot;title&quot;:&quot;HOLLANDA YAKI\\u015eIKLILIK YARI\\u015eMASINDA T\\u00dcRK ADAY F\\u0130NALDE&quot;,&quot;orientation&quot;:&quot;0&quot;}\" data-image-title=\"Hollanda yak\u0131\u015f\u0131kl\u0131l\u0131k yar\u0131\u015fmas\u0131nda T\u00fcrk aday finalde\" data-image-description=\"&lt;p&gt;Hollanda yak\u0131\u015f\u0131kl\u0131l\u0131k yar\u0131\u015fmas\u0131nda T\u00fcrk aday finalde&lt;\/p&gt; \" data-medium-file=\"https:\/\/i0.wp.com\/www.tvturk.com\/wp-content\/uploads\/2019\/02\/hollanda-yakisiklilik-yarismasinda-turk-aday-finalde_6263f34.jpg?fit=195%2C300\" data-large-file=\"https:\/\/i0.wp.com\/www.tvturk.com\/wp-content\/uploads\/2019\/02\/hollanda-yakisiklilik-yarismasinda-turk-aday-finalde_6263f34.jpg?fit=651%2C1000\" src=\"https:\/\/i0.wp.com\/www.tvturk.com\/wp-content\/uploads\/2019\/02\/hollanda-yakisiklilik-yarismasinda-turk-aday-finalde_6263f34.jpg?w=496&#038;h=762\" srcset=\"https:\/\/i0.wp.com\/www.tvturk.com\/wp-content\/uploads\/2019\/02\/hollanda-yakisiklilik-yarismasinda-turk-aday-finalde_6263f34.jpg?w=651 651w, https:\/\/i0.wp.com\/www.tvturk.com\/wp-content\/uploads\/2019\/02\/hollanda-yakisiklilik-yarismasinda-turk-aday-finalde_6263f34.jpg?resize=98%2C150 98w, https:\/\/i0.wp.com\/www.tvturk.com\/wp-content\/uploads\/2019\/02\/hollanda-yakisiklilik-yarismasinda-turk-aday-finalde_6263f34.jpg?resize=195%2C300 195w\" width=\"496\" height=\"762\" loading=\"lazy\" data-original-width=\"496\" data-original-height=\"762\" itemprop=\"http:\/\/schema.org\/image\" title=\"Hollanda yak\u0131\u015f\u0131kl\u0131l\u0131k yar\u0131\u015fmas\u0131nda T\u00fcrk aday finalde\" alt=\"Hollanda yak\u0131\u015f\u0131kl\u0131l\u0131k yar\u0131\u015fmas\u0131nda T\u00fcrk aday finalde\" style=\"width: 496px; height: 762px;\" \/> <\/a> <\/div> <\/div> <!-- close group --> <\/div> <!-- close row --> <\/div><\/p>\n","protected":false},"excerpt":{"rendered":"<p>\u201cM\u0130STERS OF THE NETHERLANDS 2019\u201d YAKI\u015eIKLILIK YARI\u015eMASINDA F\u0130NALE KALAN 23 YA\u015eINDAK\u0130 T\u00dcRK ASILLI MERT A\u00c7IKEL, 20 N\u0130SAN\u2019DA HOLLANDA\u2019NIN YAKI\u015eIKLISI OLMAK \u0130\u00c7\u0130N YARI\u015eACAK.<\/p>\n","protected":false},"author":1,"featured_media":12426,"comment_status":"closed","ping_status":"open","sticky":false,"template":"","format":"standard","meta":{"jetpack_post_was_ever_published":false,"_jetpack_newsletter_access":"","_jetpack_dont_email_post_to_subs":false,"_jetpack_newsletter_tier_id":0,"_jetpack_memberships_contains_paywalled_content":false,"_jetpack_memberships_contains_paid_content":false,"footnotes":"","jetpack_publicize_message":"","jetpack_publicize_feature_enabled":true,"jetpack_social_post_already_shared":false,"jetpack_social_options":{"image_generator_settings":{"template":"highway","default_image_id":0,"font":"","enabled":false},"version":2}},"categories":[655],"tags":[541,2670,6328,957,6329,450],"class_list":["post-12425","post","type-post","status-publish","format-standard","has-post-thumbnail","hentry","category-son-dakika","tag-aday","tag-finalde","tag-hollanda","tag-turk","tag-yakisiklilik","tag-yarismasinda"],"jetpack_publicize_connections":[],"jetpack_featured_media_url":"https:\/\/i0.wp.com\/www.tvturk.com\/wp-content\/uploads\/2019\/02\/hollanda-yakisiklilik-yarismasinda-turk-aday-finalde_d092b63.jpg?fit=750%2C1000","jetpack_sharing_enabled":true,"jetpack_shortlink":"https:\/\/wp.me\/paKIfm-3ep","_links":{"self":[{"href":"http:\/\/www.tvturk.com\/index.php\/wp-json\/wp\/v2\/posts\/12425","targetHints":{"allow":["GET"]}}],"collection":[{"href":"http:\/\/www.tvturk.com\/index.php\/wp-json\/wp\/v2\/posts"}],"about":[{"href":"http:\/\/www.tvturk.com\/index.php\/wp-json\/wp\/v2\/types\/post"}],"author":[{"embeddable":true,"href":"http:\/\/www.tvturk.com\/index.php\/wp-json\/wp\/v2\/users\/1"}],"replies":[{"embeddable":true,"href":"http:\/\/www.tvturk.com\/index.php\/wp-json\/wp\/v2\/comments?post=12425"}],"version-history":[{"count":1,"href":"http:\/\/www.tvturk.com\/index.php\/wp-json\/wp\/v2\/posts\/12425\/revisions"}],"predecessor-version":[{"id":12428,"href":"http:\/\/www.tvturk.com\/index.php\/wp-json\/wp\/v2\/posts\/12425\/revisions\/12428"}],"wp:featuredmedia":[{"embeddable":true,"href":"http:\/\/www.tvturk.com\/index.php\/wp-json\/wp\/v2\/media\/12426"}],"wp:attachment":[{"href":"http:\/\/www.tvturk.com\/index.php\/wp-json\/wp\/v2\/media?parent=12425"}],"wp:term":[{"taxonomy":"category","embeddable":true,"href":"http:\/\/www.tvturk.com\/index.php\/wp-json\/wp\/v2\/categories?post=12425"},{"taxonomy":"post_tag","embeddable":true,"href":"http:\/\/www.tvturk.com\/index.php\/wp-json\/wp\/v2\/tags?post=12425"}],"curies":[{"name":"wp","href":"https:\/\/api.w.org\/{rel}","templated":true}]}}