{"id":124483,"date":"2019-04-04T16:32:54","date_gmt":"2019-04-04T13:32:54","guid":{"rendered":"http:\/\/www.tvturk.com\/index.php\/maradonanin-basi-meksika-futbol-federasyonu-ile-dertte\/"},"modified":"2019-04-04T16:32:55","modified_gmt":"2019-04-04T13:32:55","slug":"maradonanin-basi-meksika-futbol-federasyonu-ile-dertte","status":"publish","type":"post","link":"http:\/\/www.tvturk.com\/index.php\/maradonanin-basi-meksika-futbol-federasyonu-ile-dertte\/","title":{"rendered":"Maradona\u2019n\u0131n ba\u015f\u0131 Meksika Futbol Federasyonu ile dertte"},"content":{"rendered":"<p>Meksika Futbol Federasyonu, tak\u0131m\u0131n\u0131n son ma\u00e7\u0131n\u0131n sonras\u0131nda Venezuela Devlet Ba\u015fkan\u0131 Nicolas Maduro ve Venezuela halk\u0131na destek veren Maradona hakk\u0131nda d\u00fcn soru\u015fturma ba\u015flatt\u0131.<\/p>\n<p>Meksika Futbol Federasyonu\u2019ndan d\u00fcn yap\u0131lan a\u00e7\u0131klamada, tak\u0131m\u0131 Dorados de Sinaloa\u2019n\u0131n son ma\u00e7\u0131n\u0131n ard\u0131ndan Venezuela Devlet Ba\u015fkan\u0131 Nicolas Maduro\u2019ya \u00f6vg\u00fcde bulunan Diego Maradona\u2019n\u0131n etik kurallar\u0131n\u0131 ihlal edip etmedi\u011fine dair bir soru\u015fturma ba\u015flat\u0131ld\u0131\u011f\u0131 bildirildi.<\/p>\n<p>Federasyon, yapt\u0131\u011f\u0131 a\u00e7\u0131klamada, disiplin komisyonunun Maradona\u2019n\u0131n a\u00e7\u0131klamas\u0131n\u0131 FMF etik kodunun 6, 7, 9, 10 ve 11. maddelerinin ihlal edildi\u011fi iddias\u0131yla soru\u015fturdu\u011funu s\u00f6yledi. FMF etik kodunun 7. maddesi federasyona ba\u011fl\u0131 olanlar\u0131 siyasi ve dini konularda tarafs\u0131z bir duru\u015f sergilemeye \u00e7a\u011f\u0131r\u0131yor.<\/p>\n<p>Zaferi Nicolas Maduro\u2019ya adam\u0131\u015ft\u0131<\/p>\n<p>Meksika\u2019n\u0131n ikinci lig tak\u0131mlar\u0131ndan Dorados de Sinaloa\u2019n\u0131n teknik direkt\u00f6rl\u00fc\u011f\u00fcn\u00fc yapan Diego Maradona, tak\u0131m\u0131n\u0131n Tampico Madero\u2019ya kar\u015f\u0131 3-2 kazand\u0131\u011f\u0131 ma\u00e7\u0131n ard\u0131ndan gazetecilere yapt\u0131\u011f\u0131 a\u00e7\u0131klamada, &#8220;Bu zaferi Nicolas Maduro\u2019ya ve ac\u0131 \u00e7eken t\u00fcm Venezuela halk\u0131na adamak istiyorum&#8221; demi\u015fti. Do\u011frudan ABD\u2019yi i\u015faret eden Maradona, &#8220;D\u00fcnyan\u0131n \u015ferifleri olduklar\u0131n\u0131 d\u00fc\u015f\u00fcnen bu Yankiler d\u00fcnyan\u0131n en b\u00fcy\u00fck bombalar\u0131na sahip olduklar\u0131 i\u00e7in bizi itip kakabileceklerini san\u0131yorlar ama hay\u0131r, bizi de\u011fil&#8221; ifadelerini kullanm\u0131\u015ft\u0131.<\/p>\n<p>Maradona Maduro\u2019ya yak\u0131nl\u0131\u011f\u0131yla biliniyor<\/p>\n<p>Maradona, Venezuela Devlet Ba\u015fkan\u0131 Nicolas Maduro\u2019ya yak\u0131nl\u0131\u011f\u0131yla biliniyor. Bir dizi Latin Amerikal\u0131 sol liderle yak\u0131n olan Maradona ABD Ba\u015fkan\u0131 Donald Trump\u2019\u0131 ele\u015ftirmi\u015f ve Trump\u2019\u0131 1970\u2019lerde Arjantin\u2019de televizyonda pop\u00fcler olan Chirolita ad\u0131ndaki sar\u0131 sa\u00e7l\u0131 bir kukla ile kar\u015f\u0131la\u015ft\u0131rm\u0131\u015ft\u0131. Maradona, &#8220;Devlet ba\u015fkan\u0131 yerine koyduklar\u0131 bu kukla (Chirolita) bizi sat\u0131n alamaz&#8221; demi\u015fti.<\/p>\n<p>1986\u2019da Arjantin ile D\u00fcnya Kupas\u0131\u2019n\u0131 kazanan Maradona, t\u00fcm zamanlar\u0131n en iyi futbolcular\u0131ndan biri olarak kabul ediliyor. Maradona\u2019n\u0131n renkli bir ya\u015fam s\u00fcrd\u00fc\u011f\u00fc, uyu\u015fturucu ba\u011f\u0131ml\u0131l\u0131\u011f\u0131, alkolizm, obezite ve say\u0131s\u0131z skandalla m\u00fccadele etti\u011fi biliniyor.<div class=\"tiled-gallery type-rectangular tiled-gallery-unresized\" data-original-width=\"500\" data-carousel-extra='null' itemscope itemtype=\"http:\/\/schema.org\/ImageGallery\" > <div class=\"gallery-row\" style=\"width: 500px; height: 349px;\" data-original-width=\"500\" data-original-height=\"349\" > <div class=\"gallery-group images-1\" style=\"width: 500px; height: 349px;\" data-original-width=\"500\" data-original-height=\"349\" > <div class=\"tiled-gallery-item tiled-gallery-item-large\" itemprop=\"associatedMedia\" itemscope itemtype=\"http:\/\/schema.org\/ImageObject\"> <a href=\"http:\/\/www.tvturk.com\/index.php\/maradonanin-basi-meksika-futbol-federasyonu-ile-dertte\/maradonanin-basi-meksika-futbol-federasyonu-ile-dertte-3\/\" border=\"0\" itemprop=\"url\"> <meta itemprop=\"width\" content=\"496\"> <meta itemprop=\"height\" content=\"345\"> <img decoding=\"async\" class=\"\" data-attachment-id=\"124485\" data-orig-file=\"http:\/\/www.tvturk.com\/wp-content\/uploads\/2019\/04\/maradonanin-basi-meksika-futbol-federasyonu-ile-dertte_990265c.jpg\" data-orig-size=\"1000,696\" data-comments-opened=\"\" data-image-meta=\"{&quot;aperture&quot;:&quot;0&quot;,&quot;credit&quot;:&quot;IHA&quot;,&quot;camera&quot;:&quot;&quot;,&quot;caption&quot;:&quot;MEKS\\u0130KA FUTBOL FEDERASYONU, TAKIMININ SON MA\\u00c7ININ SONRASINDA VENEZUELA DEVLET BA\\u015eKANI N\\u0130COLAS MADURO VE VENEZUELA HALKINA DESTEK VEREN MARADONA HAKKINDA D\\u00dcN SORU\\u015eTURMA BA\\u015eLATTI. (\\u0130HA\\\/MEX\\u0130CO C\\u0130TY-EPA)&quot;,&quot;created_timestamp&quot;:&quot;0&quot;,&quot;copyright&quot;:&quot;\\u0130HLAS HABER AJANSI, www.iha.com.tr&quot;,&quot;focal_length&quot;:&quot;0&quot;,&quot;iso&quot;:&quot;0&quot;,&quot;shutter_speed&quot;:&quot;0&quot;,&quot;title&quot;:&quot;MARADONA\\u0027NIN BA\\u015eI MEKS\\u0130KA FUTBOL FEDERASYONU \\u0130LE DERTTE MARADONA\\u0027YA N\\u0130COLAS MADURO DESTE\\u011e\\u0130 NEDEN\\u0130YLE SORU\\u015eTURMA&quot;,&quot;orientation&quot;:&quot;0&quot;}\" data-image-title=\"Maradona\u2019n\u0131n ba\u015f\u0131 Meksika Futbol Federasyonu ile dertte\" data-image-description=\"&lt;p&gt;Maradona\u2019n\u0131n ba\u015f\u0131 Meksika Futbol Federasyonu ile dertte&lt;\/p&gt; \" data-medium-file=\"https:\/\/i0.wp.com\/www.tvturk.com\/wp-content\/uploads\/2019\/04\/maradonanin-basi-meksika-futbol-federasyonu-ile-dertte_990265c.jpg?fit=300%2C209\" data-large-file=\"https:\/\/i0.wp.com\/www.tvturk.com\/wp-content\/uploads\/2019\/04\/maradonanin-basi-meksika-futbol-federasyonu-ile-dertte_990265c.jpg?fit=1000%2C696\" src=\"https:\/\/i0.wp.com\/www.tvturk.com\/wp-content\/uploads\/2019\/04\/maradonanin-basi-meksika-futbol-federasyonu-ile-dertte_990265c.jpg?w=496&#038;h=345\" srcset=\"https:\/\/i0.wp.com\/www.tvturk.com\/wp-content\/uploads\/2019\/04\/maradonanin-basi-meksika-futbol-federasyonu-ile-dertte_990265c.jpg?w=1000 1000w, https:\/\/i0.wp.com\/www.tvturk.com\/wp-content\/uploads\/2019\/04\/maradonanin-basi-meksika-futbol-federasyonu-ile-dertte_990265c.jpg?resize=150%2C104 150w, https:\/\/i0.wp.com\/www.tvturk.com\/wp-content\/uploads\/2019\/04\/maradonanin-basi-meksika-futbol-federasyonu-ile-dertte_990265c.jpg?resize=300%2C209 300w, https:\/\/i0.wp.com\/www.tvturk.com\/wp-content\/uploads\/2019\/04\/maradonanin-basi-meksika-futbol-federasyonu-ile-dertte_990265c.jpg?resize=768%2C535 768w, https:\/\/i0.wp.com\/www.tvturk.com\/wp-content\/uploads\/2019\/04\/maradonanin-basi-meksika-futbol-federasyonu-ile-dertte_990265c.jpg?resize=80%2C55 80w\" width=\"496\" height=\"345\" loading=\"lazy\" data-original-width=\"496\" data-original-height=\"345\" itemprop=\"http:\/\/schema.org\/image\" title=\"Maradona\u2019n\u0131n ba\u015f\u0131 Meksika Futbol Federasyonu ile dertte\" alt=\"Maradona\u2019n\u0131n ba\u015f\u0131 Meksika Futbol Federasyonu ile dertte\" style=\"width: 496px; height: 345px;\" \/> <\/a> <\/div> <\/div> <!-- close group --> <\/div> <!-- close row --> <\/div><\/p>\n","protected":false},"excerpt":{"rendered":"<p>MEKS\u0130KA FUTBOL FEDERASYONU, TAKIMININ SON MA\u00c7ININ SONRASINDA VENEZUELA DEVLET BA\u015eKANI N\u0130COLAS MADURO VE VENEZUELA HALKINA DESTEK VEREN MARADONA HAKKINDA D\u00dcN SORU\u015eTURMA BA\u015eLATTI.<\/p>\n","protected":false},"author":1,"featured_media":124484,"comment_status":"closed","ping_status":"open","sticky":false,"template":"","format":"standard","meta":{"jetpack_post_was_ever_published":false,"_jetpack_newsletter_access":"","_jetpack_dont_email_post_to_subs":false,"_jetpack_newsletter_tier_id":0,"_jetpack_memberships_contains_paywalled_content":false,"_jetpack_memberships_contains_paid_content":false,"footnotes":"","jetpack_publicize_message":"","jetpack_publicize_feature_enabled":true,"jetpack_social_post_already_shared":true,"jetpack_social_options":{"image_generator_settings":{"template":"highway","default_image_id":0,"font":"","enabled":false},"version":2}},"categories":[10],"tags":[12463,12465,2037,1461,192,29538,21613],"class_list":["post-124483","post","type-post","status-publish","format-standard","has-post-thumbnail","hentry","category-dunya","tag-basi","tag-dertte","tag-federasyonu","tag-futbol","tag-ile","tag-maradonanin","tag-meksika"],"jetpack_publicize_connections":[],"jetpack_featured_media_url":"https:\/\/i0.wp.com\/www.tvturk.com\/wp-content\/uploads\/2019\/04\/maradonanin-basi-meksika-futbol-federasyonu-ile-dertte_d495052.jpg?fit=1000%2C634","jetpack_sharing_enabled":true,"jetpack_shortlink":"https:\/\/wp.me\/paKIfm-wnN","_links":{"self":[{"href":"http:\/\/www.tvturk.com\/index.php\/wp-json\/wp\/v2\/posts\/124483","targetHints":{"allow":["GET"]}}],"collection":[{"href":"http:\/\/www.tvturk.com\/index.php\/wp-json\/wp\/v2\/posts"}],"about":[{"href":"http:\/\/www.tvturk.com\/index.php\/wp-json\/wp\/v2\/types\/post"}],"author":[{"embeddable":true,"href":"http:\/\/www.tvturk.com\/index.php\/wp-json\/wp\/v2\/users\/1"}],"replies":[{"embeddable":true,"href":"http:\/\/www.tvturk.com\/index.php\/wp-json\/wp\/v2\/comments?post=124483"}],"version-history":[{"count":1,"href":"http:\/\/www.tvturk.com\/index.php\/wp-json\/wp\/v2\/posts\/124483\/revisions"}],"predecessor-version":[{"id":124486,"href":"http:\/\/www.tvturk.com\/index.php\/wp-json\/wp\/v2\/posts\/124483\/revisions\/124486"}],"wp:featuredmedia":[{"embeddable":true,"href":"http:\/\/www.tvturk.com\/index.php\/wp-json\/wp\/v2\/media\/124484"}],"wp:attachment":[{"href":"http:\/\/www.tvturk.com\/index.php\/wp-json\/wp\/v2\/media?parent=124483"}],"wp:term":[{"taxonomy":"category","embeddable":true,"href":"http:\/\/www.tvturk.com\/index.php\/wp-json\/wp\/v2\/categories?post=124483"},{"taxonomy":"post_tag","embeddable":true,"href":"http:\/\/www.tvturk.com\/index.php\/wp-json\/wp\/v2\/tags?post=124483"}],"curies":[{"name":"wp","href":"https:\/\/api.w.org\/{rel}","templated":true}]}}