{"id":124869,"date":"2019-04-05T09:35:07","date_gmt":"2019-04-05T06:35:07","guid":{"rendered":"http:\/\/www.tvturk.com\/index.php\/antalyanin-su-alti-zenginlikleri-filmine-buyuk-odul\/"},"modified":"2019-04-05T09:35:27","modified_gmt":"2019-04-05T06:35:27","slug":"antalyanin-su-alti-zenginlikleri-filmine-buyuk-odul","status":"publish","type":"post","link":"http:\/\/www.tvturk.com\/index.php\/antalyanin-su-alti-zenginlikleri-filmine-buyuk-odul\/","title":{"rendered":"Antalya\u2019n\u0131n su alt\u0131 zenginlikleri filmine b\u00fcy\u00fck \u00f6d\u00fcl"},"content":{"rendered":"<p>Antalya Valili\u011finin deste\u011fiyle yakla\u015f\u0131k bir y\u0131l s\u00fcren \u00e7al\u0131\u015fma sonunda haz\u0131rlanan &#8220;Su Alt\u0131 Cenneti Antalya&#8221; filmi Avrupa\u2019da d\u00fczenlenen Paf Tachov (\u00c7ek Cumhuriyeti) Film Festivali\u2019nde profesyonel kategoride birincilik \u00f6d\u00fcl\u00fcn\u00fc kazand\u0131.<\/p>\n<p>Filmin \u00e7ekimlerini Su Alt\u0131 G\u00f6r\u00fcnt\u00fcleme Y\u00f6netmeni ve Belgesel Yap\u0131mc\u0131s\u0131 Tahsin Ceylan ger\u00e7ekle\u015ftirdi. 640 kilometrelik Antalya k\u0131y\u0131lar\u0131ndaki su alt\u0131 k\u00fclt\u00fcrel varl\u0131klar\u0131n\u0131 ve zengin deniz ya\u015fam\u0131n\u0131 i\u00e7erikleyen film T\u00fcrk\u00e7e, \u0130ngilizce, Almanca ve Rus\u00e7a olarak haz\u0131rland\u0131. Filmde nesli tehlike alt\u0131nda olan Akdeniz foku, orfoz, lahoz gibi bir\u00e7ok t\u00fcr\u00fcn yan\u0131 s\u0131ra su alt\u0131 ya\u015fam\u0131na katk\u0131 sa\u011flayan bat\u0131klar ve antik eserler de yer ald\u0131.<\/p>\n<p>&#8220;4 dilde haz\u0131rland\u0131&#8221;<\/p>\n<p>Gazetecilere a\u00e7\u0131klamada bulunan Su Alt\u0131 G\u00f6r\u00fcnt\u00fcleme Y\u00f6netmeni ve Belgesel Yap\u0131mc\u0131s\u0131 Tahsin Ceylan, \u2018Antalya\u2019n\u0131n Su Alt\u0131 Cenneti\u2019 kitab\u0131n\u0131n tan\u0131t\u0131m filminin olmas\u0131 gerekti\u011fini dile getirerek, Gazipa\u015fa\u2019dan, Ka\u015f Kalkan\u2019a kadar bu kez Antalya\u2019n\u0131n su alt\u0131 zenginliklerinin g\u00f6r\u00fcnt\u00fclerini \u00e7ekerek bir film haz\u0131rlad\u0131klar\u0131n\u0131 s\u00f6yledi.<\/p>\n<p>Filmin T\u00fcrk\u00e7e, \u0130ngilizce, Almanca ve Rus\u00e7a dillerinde haz\u0131rland\u0131\u011f\u0131n\u0131 kaydeden Ceylan, &#8220;17 dakikal\u0131k bir film haz\u0131rland\u0131. Avrupa\u2019da d\u00fczenlenen Paf Tachov (\u00c7ek Cumhuriyeti) Film Festivali\u2019nde profesyonel kategoride filmimiz birincilik \u00f6d\u00fcl\u00fcn\u00fcn sahibi oldu. Antalya\u2019n\u0131n art\u0131k bir su alt\u0131n\u0131 anlatan filmi var. \u00d6d\u00fcl alan filmler Avrupa\u2019da sinemalarda g\u00f6steriliyor. \u00c7ok iddial\u0131 bir filmi ve \u00f6d\u00fcle hak kazand\u0131.&#8221; diye konu\u015ftu.<\/p>\n<p>&#8220;Antalya\u2019n\u0131n tan\u0131t\u0131m\u0131na katk\u0131&#8221;<\/p>\n<p>Antalya Valisi M\u00fcnir Karalo\u011flu, Antalya\u2019n\u0131n g\u00fczelliklerinin k\u0131ymetinin bilinmesi gerekti\u011fini vurgulayarak, 650 kilometrelik sahilde sualt\u0131 g\u00fczelliklerinin bilinmesi ve tan\u0131m\u0131na katk\u0131 sa\u011flamas\u0131 gerekti\u011fini belirtti.<\/p>\n<p>Antalya\u2019n\u0131n su alt\u0131 g\u00fczelliklerinin turizmde tan\u0131t\u0131mda kullan\u0131lmas\u0131n\u0131n \u00f6nemli olaca\u011f\u0131n\u0131 kaydeden Vali Karalo\u011flu, &#8220;Antalya\u2019ya ilk g\u00f6reve geldi\u011fimde Alanya gezisinde, su alt\u0131 ma\u011faralar\u0131n\u0131n oldu\u011funu \u00f6\u011frenince kentin su alt\u0131 zenginliklerinin envanterinin \u00e7\u0131kar\u0131lmas\u0131n\u0131 istedik. \u0130lk olarak flora, canl\u0131lar ve bat\u0131klar\u0131yla envanter ortaya \u00e7\u0131kt\u0131. \u015eimdi de filme d\u00f6n\u00fc\u015ft\u00fcr\u00fcld\u00fc. Ne oldu Antalya\u2019n\u0131n tan\u0131t\u0131m\u0131nda ciddi bir fark\u0131ndal\u0131k olu\u015fturduk&#8221; dedi.<\/p>\n<p>&#8220;Antalya dal\u0131\u015f turizminde \u00f6nemli destinasyon&#8221;<\/p>\n<p>Antalya\u2019n\u0131n \u00f6zellikle dal\u0131\u015f turizminde d\u00fcnyan\u0131n \u00e7ok \u00f6nemli merkezlerinden biri haline geldi\u011fini i\u015faret eden Vali M\u00fcnir Karalo\u011flu, &#8220;K\u0131z\u0131ldeniz\u2019den sonra en \u00e7ok bilinen su alt\u0131 dal\u0131\u015f destinasyonlar\u0131n birisi oldu. Kemer, Ka\u015f, Kalkan, Alanya ile Antalya alternatif turizmde \u00f6nemli alanlar\u0131m\u0131zdan biri oldu. Kitap ve tan\u0131t\u0131m filmimizin yap\u0131l\u0131\u015f amac\u0131 buydu. Bir festivalde filmin birincilik almas\u0131 bizi mutlu etti&#8221; ifadelerine yer verdi.<\/p>\n<p>17 dakikal\u0131k ve 4 dilde Antalya\u2019n\u0131n su alt\u0131 zenginliklerinin anlat\u0131ld\u0131\u011f\u0131 filmde Antalya Valisi M\u00fcnir Karalo\u011flu\u2019nun dal\u0131\u015f yapt\u0131\u011f\u0131 g\u00f6r\u00fcnt\u00fclere de yer verildi.<div class=\"tiled-gallery type-rectangular tiled-gallery-unresized\" data-original-width=\"500\" data-carousel-extra='null' itemscope itemtype=\"http:\/\/schema.org\/ImageGallery\" > <div class=\"gallery-row\" style=\"width: 500px; height: 222px;\" data-original-width=\"500\" data-original-height=\"222\" > <div class=\"gallery-group images-1\" style=\"width: 335px; height: 222px;\" data-original-width=\"335\" data-original-height=\"222\" > <div class=\"tiled-gallery-item tiled-gallery-item-large\" itemprop=\"associatedMedia\" itemscope itemtype=\"http:\/\/schema.org\/ImageObject\"> <a href=\"http:\/\/www.tvturk.com\/index.php\/antalyanin-su-alti-zenginlikleri-filmine-buyuk-odul\/antalyanin-su-alti-zenginlikleri-filmine-buyuk-odul-3\/\" border=\"0\" itemprop=\"url\"> <meta itemprop=\"width\" content=\"331\"> <meta itemprop=\"height\" content=\"218\"> <img decoding=\"async\" class=\"\" data-attachment-id=\"124871\" data-orig-file=\"http:\/\/www.tvturk.com\/wp-content\/uploads\/2019\/04\/antalyanin-su-alti-zenginlikleri-filmine-buyuk-odul_07a948f.jpg\" data-orig-size=\"1000,659\" data-comments-opened=\"\" data-image-meta=\"{&quot;aperture&quot;:&quot;0&quot;,&quot;credit&quot;:&quot;IHA&quot;,&quot;camera&quot;:&quot;&quot;,&quot;caption&quot;:&quot;NTALYA VAL\\u0130L\\u0130\\u011e\\u0130\\u2019N\\u0130N DESTE\\u011e\\u0130YLE YAKLA\\u015eIK B\\u0130R YIL S\\u00dcREN \\u00c7ALI\\u015eMA SONUNDA HAZIRLANAN \\u0022 SU ALTI CENNET\\u0130 ANTALYA \\u0022 F\\u0130LM\\u0130 AVRUPA\\u2019DA D\\u00dcZENLENEN PAF TACHOV (\\u00c7EK CUMHUR\\u0130YET\\u0130) F\\u0130LM FEST\\u0130VAL\\u0130\\u2019NDE PROFESYONEL KATEGOR\\u0130DE B\\u0130R\\u0130NC\\u0130L\\u0130K \\u00d6D\\u00dcL\\u00dcN\\u00dc KAZANDI. 17 DAK\\u0130KALIK VE 4 D\\u0130LDE ANTALYA\\u2019NIN SU ALTI ZENG\\u0130NL\\u0130KLER\\u0130N\\u0130N ANLATILDI\\u011eI F\\u0130LMDE ANTALYA VAL\\u0130S\\u0130 M\\u00dcN\\u0130R KARALO\\u011eLU\\u2019NUN DALI\\u015e YAPTI\\u011eI G\\u00d6R\\u00dcNT\\u00dcLERE DE YER VER\\u0130LD\\u0130. (\\u0130SA AKAR - MUSTAFA B\\u00dcRGE\\\/ANTALYA-\\u0130HA)&quot;,&quot;created_timestamp&quot;:&quot;0&quot;,&quot;copyright&quot;:&quot;\\u0130HLAS HABER AJANSI, www.iha.com.tr&quot;,&quot;focal_length&quot;:&quot;0&quot;,&quot;iso&quot;:&quot;0&quot;,&quot;shutter_speed&quot;:&quot;0&quot;,&quot;title&quot;:&quot;ANTALYA\\u0027NIN SU ALTI ZENG\\u0130NL\\u0130KLER\\u0130 F\\u0130LM\\u0130NE B\\u00dcY\\u00dcK \\u00d6D\\u00dcL ANTALYA VAL\\u0130L\\u0130\\u011e\\u0130N\\u0130N DESTE\\u011e\\u0130YLE YAKLA\\u015eIK B\\u0130R YIL S\\u00dcREN \\u00c7ALI\\u015eMA SONUNDA HAZIRLANAN \\u0022SU ALTI CENNET\\u0130 ANTALYA\\u0022 F\\u0130LM\\u0130 AVRUPA\\u2019DA D\\u00dcZENLENEN PAF TACHOV (\\u00c7EK CUMHUR\\u0130YET\\u0130) F\\u0130LM FEST\\u0130VAL\\u0130\\u2019NDE PROFESYONEL KATEGOR\\u0130DE B\\u0130R\\u0130NC\\u0130L\\u0130K \\u00d6D\\u00dcL\\u00dcN\\u00dc KAZANDI F\\u0130LMLE NESL\\u0130 TEHL\\u0130KE ALTINDA OLAN AKDEN\\u0130Z FOKU, ORFOZ, LAHOZ G\\u0130B\\u0130 B\\u0130R\\u00c7OK T\\u00dcR\\u00dcN YANI SIRA SU ALTI YA\\u015eAMINA KATKI SA\\u011eLAYAN BATIKLAR VE ANT\\u0130K ESERLER DE YER ALDI F\\u0130LMLE ANTALYA\\u0027NIN SU ALTI ZENG\\u0130NL\\u0130KLER\\u0130N\\u0130N TANITILIP, DALI\\u015e TUR\\u0130ZM\\u0130NDEN DAHA FAZLA PAY ALMAK HEDEFLEN\\u0130YOR&quot;,&quot;orientation&quot;:&quot;0&quot;}\" data-image-title=\"Antalya\u2019n\u0131n su alt\u0131 zenginlikleri filmine b\u00fcy\u00fck \u00f6d\u00fcl\" data-image-description=\"&lt;p&gt;Antalya\u2019n\u0131n su alt\u0131 zenginlikleri filmine b\u00fcy\u00fck \u00f6d\u00fcl&lt;\/p&gt; \" data-medium-file=\"https:\/\/i0.wp.com\/www.tvturk.com\/wp-content\/uploads\/2019\/04\/antalyanin-su-alti-zenginlikleri-filmine-buyuk-odul_07a948f.jpg?fit=300%2C198\" data-large-file=\"https:\/\/i0.wp.com\/www.tvturk.com\/wp-content\/uploads\/2019\/04\/antalyanin-su-alti-zenginlikleri-filmine-buyuk-odul_07a948f.jpg?fit=1000%2C659\" src=\"https:\/\/i0.wp.com\/www.tvturk.com\/wp-content\/uploads\/2019\/04\/antalyanin-su-alti-zenginlikleri-filmine-buyuk-odul_07a948f.jpg?w=331&#038;h=218\" srcset=\"https:\/\/i0.wp.com\/www.tvturk.com\/wp-content\/uploads\/2019\/04\/antalyanin-su-alti-zenginlikleri-filmine-buyuk-odul_07a948f.jpg?w=1000 1000w, https:\/\/i0.wp.com\/www.tvturk.com\/wp-content\/uploads\/2019\/04\/antalyanin-su-alti-zenginlikleri-filmine-buyuk-odul_07a948f.jpg?resize=150%2C99 150w, https:\/\/i0.wp.com\/www.tvturk.com\/wp-content\/uploads\/2019\/04\/antalyanin-su-alti-zenginlikleri-filmine-buyuk-odul_07a948f.jpg?resize=300%2C198 300w, https:\/\/i0.wp.com\/www.tvturk.com\/wp-content\/uploads\/2019\/04\/antalyanin-su-alti-zenginlikleri-filmine-buyuk-odul_07a948f.jpg?resize=768%2C506 768w, https:\/\/i0.wp.com\/www.tvturk.com\/wp-content\/uploads\/2019\/04\/antalyanin-su-alti-zenginlikleri-filmine-buyuk-odul_07a948f.jpg?resize=170%2C113 170w, https:\/\/i0.wp.com\/www.tvturk.com\/wp-content\/uploads\/2019\/04\/antalyanin-su-alti-zenginlikleri-filmine-buyuk-odul_07a948f.jpg?resize=120%2C80 120w\" width=\"331\" height=\"218\" loading=\"lazy\" data-original-width=\"331\" data-original-height=\"218\" itemprop=\"http:\/\/schema.org\/image\" title=\"Antalya\u2019n\u0131n su alt\u0131 zenginlikleri filmine b\u00fcy\u00fck \u00f6d\u00fcl\" alt=\"Antalya\u2019n\u0131n su alt\u0131 zenginlikleri filmine b\u00fcy\u00fck \u00f6d\u00fcl\" style=\"width: 331px; height: 218px;\" \/> <\/a> <\/div> <\/div> <!-- close group --> <div class=\"gallery-group images-2\" style=\"width: 165px; height: 222px;\" data-original-width=\"165\" data-original-height=\"222\" > <div class=\"tiled-gallery-item tiled-gallery-item-small\" itemprop=\"associatedMedia\" itemscope itemtype=\"http:\/\/schema.org\/ImageObject\"> <a href=\"http:\/\/www.tvturk.com\/index.php\/antalyanin-su-alti-zenginlikleri-filmine-buyuk-odul\/antalyanin-su-alti-zenginlikleri-filmine-buyuk-odul-4\/\" border=\"0\" itemprop=\"url\"> <meta itemprop=\"width\" content=\"161\"> <meta itemprop=\"height\" content=\"107\"> <img decoding=\"async\" class=\"\" data-attachment-id=\"124872\" data-orig-file=\"http:\/\/www.tvturk.com\/wp-content\/uploads\/2019\/04\/antalyanin-su-alti-zenginlikleri-filmine-buyuk-odul_822c2f5.jpg\" data-orig-size=\"1000,662\" data-comments-opened=\"\" data-image-meta=\"{&quot;aperture&quot;:&quot;0&quot;,&quot;credit&quot;:&quot;IHA&quot;,&quot;camera&quot;:&quot;&quot;,&quot;caption&quot;:&quot;NTALYA VAL\\u0130L\\u0130\\u011e\\u0130\\u2019N\\u0130N DESTE\\u011e\\u0130YLE YAKLA\\u015eIK B\\u0130R YIL S\\u00dcREN \\u00c7ALI\\u015eMA SONUNDA HAZIRLANAN \\u0022 SU ALTI CENNET\\u0130 ANTALYA \\u0022 F\\u0130LM\\u0130 AVRUPA\\u2019DA D\\u00dcZENLENEN PAF TACHOV (\\u00c7EK CUMHUR\\u0130YET\\u0130) F\\u0130LM FEST\\u0130VAL\\u0130\\u2019NDE PROFESYONEL KATEGOR\\u0130DE B\\u0130R\\u0130NC\\u0130L\\u0130K \\u00d6D\\u00dcL\\u00dcN\\u00dc KAZANDI. 17 DAK\\u0130KALIK VE 4 D\\u0130LDE ANTALYA\\u2019NIN SU ALTI ZENG\\u0130NL\\u0130KLER\\u0130N\\u0130N ANLATILDI\\u011eI F\\u0130LMDE ANTALYA VAL\\u0130S\\u0130 M\\u00dcN\\u0130R KARALO\\u011eLU\\u2019NUN DALI\\u015e YAPTI\\u011eI G\\u00d6R\\u00dcNT\\u00dcLERE DE YER VER\\u0130LD\\u0130. (\\u0130SA AKAR - MUSTAFA B\\u00dcRGE\\\/ANTALYA-\\u0130HA)&quot;,&quot;created_timestamp&quot;:&quot;0&quot;,&quot;copyright&quot;:&quot;\\u0130HLAS HABER AJANSI, www.iha.com.tr&quot;,&quot;focal_length&quot;:&quot;0&quot;,&quot;iso&quot;:&quot;0&quot;,&quot;shutter_speed&quot;:&quot;0&quot;,&quot;title&quot;:&quot;ANTALYA\\u0027NIN SU ALTI ZENG\\u0130NL\\u0130KLER\\u0130 F\\u0130LM\\u0130NE B\\u00dcY\\u00dcK \\u00d6D\\u00dcL ANTALYA VAL\\u0130L\\u0130\\u011e\\u0130N\\u0130N DESTE\\u011e\\u0130YLE YAKLA\\u015eIK B\\u0130R YIL S\\u00dcREN \\u00c7ALI\\u015eMA SONUNDA HAZIRLANAN \\u0022SU ALTI CENNET\\u0130 ANTALYA\\u0022 F\\u0130LM\\u0130 AVRUPA\\u2019DA D\\u00dcZENLENEN PAF TACHOV (\\u00c7EK CUMHUR\\u0130YET\\u0130) F\\u0130LM FEST\\u0130VAL\\u0130\\u2019NDE PROFESYONEL KATEGOR\\u0130DE B\\u0130R\\u0130NC\\u0130L\\u0130K \\u00d6D\\u00dcL\\u00dcN\\u00dc KAZANDI F\\u0130LMLE NESL\\u0130 TEHL\\u0130KE ALTINDA OLAN AKDEN\\u0130Z FOKU, ORFOZ, LAHOZ G\\u0130B\\u0130 B\\u0130R\\u00c7OK T\\u00dcR\\u00dcN YANI SIRA SU ALTI YA\\u015eAMINA KATKI SA\\u011eLAYAN BATIKLAR VE ANT\\u0130K ESERLER DE YER ALDI F\\u0130LMLE ANTALYA\\u0027NIN SU ALTI ZENG\\u0130NL\\u0130KLER\\u0130N\\u0130N TANITILIP, DALI\\u015e TUR\\u0130ZM\\u0130NDEN DAHA FAZLA PAY ALMAK HEDEFLEN\\u0130YOR&quot;,&quot;orientation&quot;:&quot;0&quot;}\" data-image-title=\"Antalya\u2019n\u0131n su alt\u0131 zenginlikleri filmine b\u00fcy\u00fck \u00f6d\u00fcl\" data-image-description=\"&lt;p&gt;Antalya\u2019n\u0131n su alt\u0131 zenginlikleri filmine b\u00fcy\u00fck \u00f6d\u00fcl&lt;\/p&gt; \" data-medium-file=\"https:\/\/i0.wp.com\/www.tvturk.com\/wp-content\/uploads\/2019\/04\/antalyanin-su-alti-zenginlikleri-filmine-buyuk-odul_822c2f5.jpg?fit=300%2C199\" data-large-file=\"https:\/\/i0.wp.com\/www.tvturk.com\/wp-content\/uploads\/2019\/04\/antalyanin-su-alti-zenginlikleri-filmine-buyuk-odul_822c2f5.jpg?fit=1000%2C662\" src=\"https:\/\/i0.wp.com\/www.tvturk.com\/wp-content\/uploads\/2019\/04\/antalyanin-su-alti-zenginlikleri-filmine-buyuk-odul_822c2f5.jpg?w=161&#038;h=107\" srcset=\"https:\/\/i0.wp.com\/www.tvturk.com\/wp-content\/uploads\/2019\/04\/antalyanin-su-alti-zenginlikleri-filmine-buyuk-odul_822c2f5.jpg?w=1000 1000w, https:\/\/i0.wp.com\/www.tvturk.com\/wp-content\/uploads\/2019\/04\/antalyanin-su-alti-zenginlikleri-filmine-buyuk-odul_822c2f5.jpg?resize=150%2C99 150w, https:\/\/i0.wp.com\/www.tvturk.com\/wp-content\/uploads\/2019\/04\/antalyanin-su-alti-zenginlikleri-filmine-buyuk-odul_822c2f5.jpg?resize=300%2C200 300w, https:\/\/i0.wp.com\/www.tvturk.com\/wp-content\/uploads\/2019\/04\/antalyanin-su-alti-zenginlikleri-filmine-buyuk-odul_822c2f5.jpg?resize=768%2C508 768w, https:\/\/i0.wp.com\/www.tvturk.com\/wp-content\/uploads\/2019\/04\/antalyanin-su-alti-zenginlikleri-filmine-buyuk-odul_822c2f5.jpg?resize=170%2C113 170w, https:\/\/i0.wp.com\/www.tvturk.com\/wp-content\/uploads\/2019\/04\/antalyanin-su-alti-zenginlikleri-filmine-buyuk-odul_822c2f5.jpg?resize=120%2C80 120w\" width=\"161\" height=\"107\" loading=\"lazy\" data-original-width=\"161\" data-original-height=\"107\" itemprop=\"http:\/\/schema.org\/image\" title=\"Antalya\u2019n\u0131n su alt\u0131 zenginlikleri filmine b\u00fcy\u00fck \u00f6d\u00fcl\" alt=\"Antalya\u2019n\u0131n su alt\u0131 zenginlikleri filmine b\u00fcy\u00fck \u00f6d\u00fcl\" style=\"width: 161px; height: 107px;\" \/> <\/a> <\/div> <div class=\"tiled-gallery-item tiled-gallery-item-small\" itemprop=\"associatedMedia\" itemscope itemtype=\"http:\/\/schema.org\/ImageObject\"> <a href=\"http:\/\/www.tvturk.com\/index.php\/antalyanin-su-alti-zenginlikleri-filmine-buyuk-odul\/antalyanin-su-alti-zenginlikleri-filmine-buyuk-odul-5\/\" border=\"0\" itemprop=\"url\"> <meta itemprop=\"width\" content=\"161\"> <meta itemprop=\"height\" content=\"107\"> <img decoding=\"async\" class=\"\" data-attachment-id=\"124873\" data-orig-file=\"http:\/\/www.tvturk.com\/wp-content\/uploads\/2019\/04\/antalyanin-su-alti-zenginlikleri-filmine-buyuk-odul_1aaa0b6.jpg\" data-orig-size=\"1000,666\" data-comments-opened=\"\" data-image-meta=\"{&quot;aperture&quot;:&quot;0&quot;,&quot;credit&quot;:&quot;IHA&quot;,&quot;camera&quot;:&quot;&quot;,&quot;caption&quot;:&quot;NTALYA VAL\\u0130L\\u0130\\u011e\\u0130\\u2019N\\u0130N DESTE\\u011e\\u0130YLE YAKLA\\u015eIK B\\u0130R YIL S\\u00dcREN \\u00c7ALI\\u015eMA SONUNDA HAZIRLANAN \\u0022 SU ALTI CENNET\\u0130 ANTALYA \\u0022 F\\u0130LM\\u0130 AVRUPA\\u2019DA D\\u00dcZENLENEN PAF TACHOV (\\u00c7EK CUMHUR\\u0130YET\\u0130) F\\u0130LM FEST\\u0130VAL\\u0130\\u2019NDE PROFESYONEL KATEGOR\\u0130DE B\\u0130R\\u0130NC\\u0130L\\u0130K \\u00d6D\\u00dcL\\u00dcN\\u00dc KAZANDI. 17 DAK\\u0130KALIK VE 4 D\\u0130LDE ANTALYA\\u2019NIN SU ALTI ZENG\\u0130NL\\u0130KLER\\u0130N\\u0130N ANLATILDI\\u011eI F\\u0130LMDE ANTALYA VAL\\u0130S\\u0130 M\\u00dcN\\u0130R KARALO\\u011eLU\\u2019NUN DALI\\u015e YAPTI\\u011eI G\\u00d6R\\u00dcNT\\u00dcLERE DE YER VER\\u0130LD\\u0130. (\\u0130SA AKAR - MUSTAFA B\\u00dcRGE\\\/ANTALYA-\\u0130HA)&quot;,&quot;created_timestamp&quot;:&quot;0&quot;,&quot;copyright&quot;:&quot;\\u0130HLAS HABER AJANSI, www.iha.com.tr&quot;,&quot;focal_length&quot;:&quot;0&quot;,&quot;iso&quot;:&quot;0&quot;,&quot;shutter_speed&quot;:&quot;0&quot;,&quot;title&quot;:&quot;ANTALYA\\u0027NIN SU ALTI ZENG\\u0130NL\\u0130KLER\\u0130 F\\u0130LM\\u0130NE B\\u00dcY\\u00dcK \\u00d6D\\u00dcL ANTALYA VAL\\u0130L\\u0130\\u011e\\u0130N\\u0130N DESTE\\u011e\\u0130YLE YAKLA\\u015eIK B\\u0130R YIL S\\u00dcREN \\u00c7ALI\\u015eMA SONUNDA HAZIRLANAN \\u0022SU ALTI CENNET\\u0130 ANTALYA\\u0022 F\\u0130LM\\u0130 AVRUPA\\u2019DA D\\u00dcZENLENEN PAF TACHOV (\\u00c7EK CUMHUR\\u0130YET\\u0130) F\\u0130LM FEST\\u0130VAL\\u0130\\u2019NDE PROFESYONEL KATEGOR\\u0130DE B\\u0130R\\u0130NC\\u0130L\\u0130K \\u00d6D\\u00dcL\\u00dcN\\u00dc KAZANDI F\\u0130LMLE NESL\\u0130 TEHL\\u0130KE ALTINDA OLAN AKDEN\\u0130Z FOKU, ORFOZ, LAHOZ G\\u0130B\\u0130 B\\u0130R\\u00c7OK T\\u00dcR\\u00dcN YANI SIRA SU ALTI YA\\u015eAMINA KATKI SA\\u011eLAYAN BATIKLAR VE ANT\\u0130K ESERLER DE YER ALDI F\\u0130LMLE ANTALYA\\u0027NIN SU ALTI ZENG\\u0130NL\\u0130KLER\\u0130N\\u0130N TANITILIP, DALI\\u015e TUR\\u0130ZM\\u0130NDEN DAHA FAZLA PAY ALMAK HEDEFLEN\\u0130YOR&quot;,&quot;orientation&quot;:&quot;0&quot;}\" data-image-title=\"Antalya\u2019n\u0131n su alt\u0131 zenginlikleri filmine b\u00fcy\u00fck \u00f6d\u00fcl\" data-image-description=\"&lt;p&gt;Antalya\u2019n\u0131n su alt\u0131 zenginlikleri filmine b\u00fcy\u00fck \u00f6d\u00fcl&lt;\/p&gt; \" data-medium-file=\"https:\/\/i0.wp.com\/www.tvturk.com\/wp-content\/uploads\/2019\/04\/antalyanin-su-alti-zenginlikleri-filmine-buyuk-odul_1aaa0b6.jpg?fit=300%2C200\" data-large-file=\"https:\/\/i0.wp.com\/www.tvturk.com\/wp-content\/uploads\/2019\/04\/antalyanin-su-alti-zenginlikleri-filmine-buyuk-odul_1aaa0b6.jpg?fit=1000%2C666\" src=\"https:\/\/i0.wp.com\/www.tvturk.com\/wp-content\/uploads\/2019\/04\/antalyanin-su-alti-zenginlikleri-filmine-buyuk-odul_1aaa0b6.jpg?w=161&#038;h=107\" srcset=\"https:\/\/i0.wp.com\/www.tvturk.com\/wp-content\/uploads\/2019\/04\/antalyanin-su-alti-zenginlikleri-filmine-buyuk-odul_1aaa0b6.jpg?w=1000 1000w, https:\/\/i0.wp.com\/www.tvturk.com\/wp-content\/uploads\/2019\/04\/antalyanin-su-alti-zenginlikleri-filmine-buyuk-odul_1aaa0b6.jpg?resize=150%2C100 150w, https:\/\/i0.wp.com\/www.tvturk.com\/wp-content\/uploads\/2019\/04\/antalyanin-su-alti-zenginlikleri-filmine-buyuk-odul_1aaa0b6.jpg?resize=300%2C200 300w, https:\/\/i0.wp.com\/www.tvturk.com\/wp-content\/uploads\/2019\/04\/antalyanin-su-alti-zenginlikleri-filmine-buyuk-odul_1aaa0b6.jpg?resize=768%2C511 768w, https:\/\/i0.wp.com\/www.tvturk.com\/wp-content\/uploads\/2019\/04\/antalyanin-su-alti-zenginlikleri-filmine-buyuk-odul_1aaa0b6.jpg?resize=170%2C113 170w, https:\/\/i0.wp.com\/www.tvturk.com\/wp-content\/uploads\/2019\/04\/antalyanin-su-alti-zenginlikleri-filmine-buyuk-odul_1aaa0b6.jpg?resize=120%2C80 120w\" width=\"161\" height=\"107\" loading=\"lazy\" data-original-width=\"161\" data-original-height=\"107\" itemprop=\"http:\/\/schema.org\/image\" title=\"Antalya\u2019n\u0131n su alt\u0131 zenginlikleri filmine b\u00fcy\u00fck \u00f6d\u00fcl\" alt=\"Antalya\u2019n\u0131n su alt\u0131 zenginlikleri filmine b\u00fcy\u00fck \u00f6d\u00fcl\" style=\"width: 161px; height: 107px;\" \/> <\/a> <\/div> <\/div> <!-- close group --> <\/div> <!-- close row --> <div class=\"gallery-row\" style=\"width: 500px; height: 176px;\" data-original-width=\"500\" data-original-height=\"176\" > <div class=\"gallery-group images-1\" style=\"width: 258px; height: 176px;\" data-original-width=\"258\" data-original-height=\"176\" > <div class=\"tiled-gallery-item tiled-gallery-item-large\" itemprop=\"associatedMedia\" itemscope itemtype=\"http:\/\/schema.org\/ImageObject\"> <a href=\"http:\/\/www.tvturk.com\/index.php\/antalyanin-su-alti-zenginlikleri-filmine-buyuk-odul\/antalyanin-su-alti-zenginlikleri-filmine-buyuk-odul-6\/\" border=\"0\" itemprop=\"url\"> <meta itemprop=\"width\" content=\"254\"> <meta itemprop=\"height\" content=\"172\"> <img decoding=\"async\" class=\"\" data-attachment-id=\"124874\" data-orig-file=\"http:\/\/www.tvturk.com\/wp-content\/uploads\/2019\/04\/antalyanin-su-alti-zenginlikleri-filmine-buyuk-odul_590cd58.jpg\" data-orig-size=\"1000,676\" data-comments-opened=\"\" data-image-meta=\"{&quot;aperture&quot;:&quot;0&quot;,&quot;credit&quot;:&quot;IHA&quot;,&quot;camera&quot;:&quot;&quot;,&quot;caption&quot;:&quot;NTALYA VAL\\u0130L\\u0130\\u011e\\u0130\\u2019N\\u0130N DESTE\\u011e\\u0130YLE YAKLA\\u015eIK B\\u0130R YIL S\\u00dcREN \\u00c7ALI\\u015eMA SONUNDA HAZIRLANAN \\u0022 SU ALTI CENNET\\u0130 ANTALYA \\u0022 F\\u0130LM\\u0130 AVRUPA\\u2019DA D\\u00dcZENLENEN PAF TACHOV (\\u00c7EK CUMHUR\\u0130YET\\u0130) F\\u0130LM FEST\\u0130VAL\\u0130\\u2019NDE PROFESYONEL KATEGOR\\u0130DE B\\u0130R\\u0130NC\\u0130L\\u0130K \\u00d6D\\u00dcL\\u00dcN\\u00dc KAZANDI. 17 DAK\\u0130KALIK VE 4 D\\u0130LDE ANTALYA\\u2019NIN SU ALTI ZENG\\u0130NL\\u0130KLER\\u0130N\\u0130N ANLATILDI\\u011eI F\\u0130LMDE ANTALYA VAL\\u0130S\\u0130 M\\u00dcN\\u0130R KARALO\\u011eLU\\u2019NUN DALI\\u015e YAPTI\\u011eI G\\u00d6R\\u00dcNT\\u00dcLERE DE YER VER\\u0130LD\\u0130. (\\u0130SA AKAR - MUSTAFA B\\u00dcRGE\\\/ANTALYA-\\u0130HA)&quot;,&quot;created_timestamp&quot;:&quot;0&quot;,&quot;copyright&quot;:&quot;\\u0130HLAS HABER AJANSI, www.iha.com.tr&quot;,&quot;focal_length&quot;:&quot;0&quot;,&quot;iso&quot;:&quot;0&quot;,&quot;shutter_speed&quot;:&quot;0&quot;,&quot;title&quot;:&quot;ANTALYA\\u0027NIN SU ALTI ZENG\\u0130NL\\u0130KLER\\u0130 F\\u0130LM\\u0130NE B\\u00dcY\\u00dcK \\u00d6D\\u00dcL ANTALYA VAL\\u0130L\\u0130\\u011e\\u0130N\\u0130N DESTE\\u011e\\u0130YLE YAKLA\\u015eIK B\\u0130R YIL S\\u00dcREN \\u00c7ALI\\u015eMA SONUNDA HAZIRLANAN \\u0022SU ALTI CENNET\\u0130 ANTALYA\\u0022 F\\u0130LM\\u0130 AVRUPA\\u2019DA D\\u00dcZENLENEN PAF TACHOV (\\u00c7EK CUMHUR\\u0130YET\\u0130) F\\u0130LM FEST\\u0130VAL\\u0130\\u2019NDE PROFESYONEL KATEGOR\\u0130DE B\\u0130R\\u0130NC\\u0130L\\u0130K \\u00d6D\\u00dcL\\u00dcN\\u00dc KAZANDI F\\u0130LMLE NESL\\u0130 TEHL\\u0130KE ALTINDA OLAN AKDEN\\u0130Z FOKU, ORFOZ, LAHOZ G\\u0130B\\u0130 B\\u0130R\\u00c7OK T\\u00dcR\\u00dcN YANI SIRA SU ALTI YA\\u015eAMINA KATKI SA\\u011eLAYAN BATIKLAR VE ANT\\u0130K ESERLER DE YER ALDI F\\u0130LMLE ANTALYA\\u0027NIN SU ALTI ZENG\\u0130NL\\u0130KLER\\u0130N\\u0130N TANITILIP, DALI\\u015e TUR\\u0130ZM\\u0130NDEN DAHA FAZLA PAY ALMAK HEDEFLEN\\u0130YOR&quot;,&quot;orientation&quot;:&quot;0&quot;}\" data-image-title=\"Antalya\u2019n\u0131n su alt\u0131 zenginlikleri filmine b\u00fcy\u00fck \u00f6d\u00fcl\" data-image-description=\"&lt;p&gt;Antalya\u2019n\u0131n su alt\u0131 zenginlikleri filmine b\u00fcy\u00fck \u00f6d\u00fcl&lt;\/p&gt; \" data-medium-file=\"https:\/\/i0.wp.com\/www.tvturk.com\/wp-content\/uploads\/2019\/04\/antalyanin-su-alti-zenginlikleri-filmine-buyuk-odul_590cd58.jpg?fit=300%2C203\" data-large-file=\"https:\/\/i0.wp.com\/www.tvturk.com\/wp-content\/uploads\/2019\/04\/antalyanin-su-alti-zenginlikleri-filmine-buyuk-odul_590cd58.jpg?fit=1000%2C676\" src=\"https:\/\/i0.wp.com\/www.tvturk.com\/wp-content\/uploads\/2019\/04\/antalyanin-su-alti-zenginlikleri-filmine-buyuk-odul_590cd58.jpg?w=254&#038;h=172\" srcset=\"https:\/\/i0.wp.com\/www.tvturk.com\/wp-content\/uploads\/2019\/04\/antalyanin-su-alti-zenginlikleri-filmine-buyuk-odul_590cd58.jpg?w=1000 1000w, https:\/\/i0.wp.com\/www.tvturk.com\/wp-content\/uploads\/2019\/04\/antalyanin-su-alti-zenginlikleri-filmine-buyuk-odul_590cd58.jpg?resize=150%2C101 150w, https:\/\/i0.wp.com\/www.tvturk.com\/wp-content\/uploads\/2019\/04\/antalyanin-su-alti-zenginlikleri-filmine-buyuk-odul_590cd58.jpg?resize=300%2C203 300w, https:\/\/i0.wp.com\/www.tvturk.com\/wp-content\/uploads\/2019\/04\/antalyanin-su-alti-zenginlikleri-filmine-buyuk-odul_590cd58.jpg?resize=768%2C519 768w, https:\/\/i0.wp.com\/www.tvturk.com\/wp-content\/uploads\/2019\/04\/antalyanin-su-alti-zenginlikleri-filmine-buyuk-odul_590cd58.jpg?resize=120%2C80 120w, https:\/\/i0.wp.com\/www.tvturk.com\/wp-content\/uploads\/2019\/04\/antalyanin-su-alti-zenginlikleri-filmine-buyuk-odul_590cd58.jpg?resize=80%2C55 80w\" width=\"254\" height=\"172\" loading=\"lazy\" data-original-width=\"254\" data-original-height=\"172\" itemprop=\"http:\/\/schema.org\/image\" title=\"Antalya\u2019n\u0131n su alt\u0131 zenginlikleri filmine b\u00fcy\u00fck \u00f6d\u00fcl\" alt=\"Antalya\u2019n\u0131n su alt\u0131 zenginlikleri filmine b\u00fcy\u00fck \u00f6d\u00fcl\" style=\"width: 254px; height: 172px;\" \/> <\/a> <\/div> <\/div> <!-- close group --> <div class=\"gallery-group images-1\" style=\"width: 242px; height: 176px;\" data-original-width=\"242\" data-original-height=\"176\" > <div class=\"tiled-gallery-item tiled-gallery-item-small\" itemprop=\"associatedMedia\" itemscope itemtype=\"http:\/\/schema.org\/ImageObject\"> <a href=\"http:\/\/www.tvturk.com\/index.php\/antalyanin-su-alti-zenginlikleri-filmine-buyuk-odul\/antalyanin-su-alti-zenginlikleri-filmine-buyuk-odul-7\/\" border=\"0\" itemprop=\"url\"> <meta itemprop=\"width\" content=\"238\"> <meta itemprop=\"height\" content=\"172\"> <img decoding=\"async\" class=\"\" data-attachment-id=\"124875\" data-orig-file=\"http:\/\/www.tvturk.com\/wp-content\/uploads\/2019\/04\/antalyanin-su-alti-zenginlikleri-filmine-buyuk-odul_f7bb7be.jpg\" data-orig-size=\"1000,724\" data-comments-opened=\"\" data-image-meta=\"{&quot;aperture&quot;:&quot;0&quot;,&quot;credit&quot;:&quot;IHA&quot;,&quot;camera&quot;:&quot;&quot;,&quot;caption&quot;:&quot;NTALYA VAL\\u0130L\\u0130\\u011e\\u0130\\u2019N\\u0130N DESTE\\u011e\\u0130YLE YAKLA\\u015eIK B\\u0130R YIL S\\u00dcREN \\u00c7ALI\\u015eMA SONUNDA HAZIRLANAN \\u0022 SU ALTI CENNET\\u0130 ANTALYA \\u0022 F\\u0130LM\\u0130 AVRUPA\\u2019DA D\\u00dcZENLENEN PAF TACHOV (\\u00c7EK CUMHUR\\u0130YET\\u0130) F\\u0130LM FEST\\u0130VAL\\u0130\\u2019NDE PROFESYONEL KATEGOR\\u0130DE B\\u0130R\\u0130NC\\u0130L\\u0130K \\u00d6D\\u00dcL\\u00dcN\\u00dc KAZANDI. 17 DAK\\u0130KALIK VE 4 D\\u0130LDE ANTALYA\\u2019NIN SU ALTI ZENG\\u0130NL\\u0130KLER\\u0130N\\u0130N ANLATILDI\\u011eI F\\u0130LMDE ANTALYA VAL\\u0130S\\u0130 M\\u00dcN\\u0130R KARALO\\u011eLU\\u2019NUN DALI\\u015e YAPTI\\u011eI G\\u00d6R\\u00dcNT\\u00dcLERE DE YER VER\\u0130LD\\u0130. (\\u0130SA AKAR - MUSTAFA B\\u00dcRGE\\\/ANTALYA-\\u0130HA)&quot;,&quot;created_timestamp&quot;:&quot;0&quot;,&quot;copyright&quot;:&quot;\\u0130HLAS HABER AJANSI, www.iha.com.tr&quot;,&quot;focal_length&quot;:&quot;0&quot;,&quot;iso&quot;:&quot;0&quot;,&quot;shutter_speed&quot;:&quot;0&quot;,&quot;title&quot;:&quot;ANTALYA\\u0027NIN SU ALTI ZENG\\u0130NL\\u0130KLER\\u0130 F\\u0130LM\\u0130NE B\\u00dcY\\u00dcK \\u00d6D\\u00dcL ANTALYA VAL\\u0130L\\u0130\\u011e\\u0130N\\u0130N DESTE\\u011e\\u0130YLE YAKLA\\u015eIK B\\u0130R YIL S\\u00dcREN \\u00c7ALI\\u015eMA SONUNDA HAZIRLANAN \\u0022SU ALTI CENNET\\u0130 ANTALYA\\u0022 F\\u0130LM\\u0130 AVRUPA\\u2019DA D\\u00dcZENLENEN PAF TACHOV (\\u00c7EK CUMHUR\\u0130YET\\u0130) F\\u0130LM FEST\\u0130VAL\\u0130\\u2019NDE PROFESYONEL KATEGOR\\u0130DE B\\u0130R\\u0130NC\\u0130L\\u0130K \\u00d6D\\u00dcL\\u00dcN\\u00dc KAZANDI F\\u0130LMLE NESL\\u0130 TEHL\\u0130KE ALTINDA OLAN AKDEN\\u0130Z FOKU, ORFOZ, LAHOZ G\\u0130B\\u0130 B\\u0130R\\u00c7OK T\\u00dcR\\u00dcN YANI SIRA SU ALTI YA\\u015eAMINA KATKI SA\\u011eLAYAN BATIKLAR VE ANT\\u0130K ESERLER DE YER ALDI F\\u0130LMLE ANTALYA\\u0027NIN SU ALTI ZENG\\u0130NL\\u0130KLER\\u0130N\\u0130N TANITILIP, DALI\\u015e TUR\\u0130ZM\\u0130NDEN DAHA FAZLA PAY ALMAK HEDEFLEN\\u0130YOR&quot;,&quot;orientation&quot;:&quot;0&quot;}\" data-image-title=\"Antalya\u2019n\u0131n su alt\u0131 zenginlikleri filmine b\u00fcy\u00fck \u00f6d\u00fcl\" data-image-description=\"&lt;p&gt;Antalya\u2019n\u0131n su alt\u0131 zenginlikleri filmine b\u00fcy\u00fck \u00f6d\u00fcl&lt;\/p&gt; \" data-medium-file=\"https:\/\/i0.wp.com\/www.tvturk.com\/wp-content\/uploads\/2019\/04\/antalyanin-su-alti-zenginlikleri-filmine-buyuk-odul_f7bb7be.jpg?fit=300%2C217\" data-large-file=\"https:\/\/i0.wp.com\/www.tvturk.com\/wp-content\/uploads\/2019\/04\/antalyanin-su-alti-zenginlikleri-filmine-buyuk-odul_f7bb7be.jpg?fit=1000%2C724\" src=\"https:\/\/i0.wp.com\/www.tvturk.com\/wp-content\/uploads\/2019\/04\/antalyanin-su-alti-zenginlikleri-filmine-buyuk-odul_f7bb7be.jpg?w=238&#038;h=172\" srcset=\"https:\/\/i0.wp.com\/www.tvturk.com\/wp-content\/uploads\/2019\/04\/antalyanin-su-alti-zenginlikleri-filmine-buyuk-odul_f7bb7be.jpg?w=1000 1000w, https:\/\/i0.wp.com\/www.tvturk.com\/wp-content\/uploads\/2019\/04\/antalyanin-su-alti-zenginlikleri-filmine-buyuk-odul_f7bb7be.jpg?resize=150%2C109 150w, https:\/\/i0.wp.com\/www.tvturk.com\/wp-content\/uploads\/2019\/04\/antalyanin-su-alti-zenginlikleri-filmine-buyuk-odul_f7bb7be.jpg?resize=300%2C217 300w, https:\/\/i0.wp.com\/www.tvturk.com\/wp-content\/uploads\/2019\/04\/antalyanin-su-alti-zenginlikleri-filmine-buyuk-odul_f7bb7be.jpg?resize=768%2C556 768w\" width=\"238\" height=\"172\" loading=\"lazy\" data-original-width=\"238\" data-original-height=\"172\" itemprop=\"http:\/\/schema.org\/image\" title=\"Antalya\u2019n\u0131n su alt\u0131 zenginlikleri filmine b\u00fcy\u00fck \u00f6d\u00fcl\" alt=\"Antalya\u2019n\u0131n su alt\u0131 zenginlikleri filmine b\u00fcy\u00fck \u00f6d\u00fcl\" style=\"width: 238px; height: 172px;\" \/> <\/a> <\/div> <\/div> <!-- close group --> <\/div> <!-- close row --> <div class=\"gallery-row\" style=\"width: 500px; height: 230px;\" data-original-width=\"500\" data-original-height=\"230\" > <div class=\"gallery-group images-2\" style=\"width: 158px; height: 230px;\" data-original-width=\"158\" data-original-height=\"230\" > <div class=\"tiled-gallery-item tiled-gallery-item-small\" itemprop=\"associatedMedia\" itemscope itemtype=\"http:\/\/schema.org\/ImageObject\"> <a href=\"http:\/\/www.tvturk.com\/index.php\/antalyanin-su-alti-zenginlikleri-filmine-buyuk-odul\/antalyanin-su-alti-zenginlikleri-filmine-buyuk-odul-8\/\" border=\"0\" itemprop=\"url\"> <meta itemprop=\"width\" content=\"154\"> <meta itemprop=\"height\" content=\"96\"> <img decoding=\"async\" class=\"\" data-attachment-id=\"124876\" data-orig-file=\"http:\/\/www.tvturk.com\/wp-content\/uploads\/2019\/04\/antalyanin-su-alti-zenginlikleri-filmine-buyuk-odul_97a100a.jpg\" data-orig-size=\"1000,623\" data-comments-opened=\"\" data-image-meta=\"{&quot;aperture&quot;:&quot;0&quot;,&quot;credit&quot;:&quot;IHA&quot;,&quot;camera&quot;:&quot;&quot;,&quot;caption&quot;:&quot;NTALYA VAL\\u0130L\\u0130\\u011e\\u0130\\u2019N\\u0130N DESTE\\u011e\\u0130YLE YAKLA\\u015eIK B\\u0130R YIL S\\u00dcREN \\u00c7ALI\\u015eMA SONUNDA HAZIRLANAN \\u0022 SU ALTI CENNET\\u0130 ANTALYA \\u0022 F\\u0130LM\\u0130 AVRUPA\\u2019DA D\\u00dcZENLENEN PAF TACHOV (\\u00c7EK CUMHUR\\u0130YET\\u0130) F\\u0130LM FEST\\u0130VAL\\u0130\\u2019NDE PROFESYONEL KATEGOR\\u0130DE B\\u0130R\\u0130NC\\u0130L\\u0130K \\u00d6D\\u00dcL\\u00dcN\\u00dc KAZANDI. 17 DAK\\u0130KALIK VE 4 D\\u0130LDE ANTALYA\\u2019NIN SU ALTI ZENG\\u0130NL\\u0130KLER\\u0130N\\u0130N ANLATILDI\\u011eI F\\u0130LMDE ANTALYA VAL\\u0130S\\u0130 M\\u00dcN\\u0130R KARALO\\u011eLU\\u2019NUN DALI\\u015e YAPTI\\u011eI G\\u00d6R\\u00dcNT\\u00dcLERE DE YER VER\\u0130LD\\u0130. (\\u0130SA AKAR - MUSTAFA B\\u00dcRGE\\\/ANTALYA-\\u0130HA)&quot;,&quot;created_timestamp&quot;:&quot;0&quot;,&quot;copyright&quot;:&quot;\\u0130HLAS HABER AJANSI, www.iha.com.tr&quot;,&quot;focal_length&quot;:&quot;0&quot;,&quot;iso&quot;:&quot;0&quot;,&quot;shutter_speed&quot;:&quot;0&quot;,&quot;title&quot;:&quot;ANTALYA\\u0027NIN SU ALTI ZENG\\u0130NL\\u0130KLER\\u0130 F\\u0130LM\\u0130NE B\\u00dcY\\u00dcK \\u00d6D\\u00dcL ANTALYA VAL\\u0130L\\u0130\\u011e\\u0130N\\u0130N DESTE\\u011e\\u0130YLE YAKLA\\u015eIK B\\u0130R YIL S\\u00dcREN \\u00c7ALI\\u015eMA SONUNDA HAZIRLANAN \\u0022SU ALTI CENNET\\u0130 ANTALYA\\u0022 F\\u0130LM\\u0130 AVRUPA\\u2019DA D\\u00dcZENLENEN PAF TACHOV (\\u00c7EK CUMHUR\\u0130YET\\u0130) F\\u0130LM FEST\\u0130VAL\\u0130\\u2019NDE PROFESYONEL KATEGOR\\u0130DE B\\u0130R\\u0130NC\\u0130L\\u0130K \\u00d6D\\u00dcL\\u00dcN\\u00dc KAZANDI F\\u0130LMLE NESL\\u0130 TEHL\\u0130KE ALTINDA OLAN AKDEN\\u0130Z FOKU, ORFOZ, LAHOZ G\\u0130B\\u0130 B\\u0130R\\u00c7OK T\\u00dcR\\u00dcN YANI SIRA SU ALTI YA\\u015eAMINA KATKI SA\\u011eLAYAN BATIKLAR VE ANT\\u0130K ESERLER DE YER ALDI F\\u0130LMLE ANTALYA\\u0027NIN SU ALTI ZENG\\u0130NL\\u0130KLER\\u0130N\\u0130N TANITILIP, DALI\\u015e TUR\\u0130ZM\\u0130NDEN DAHA FAZLA PAY ALMAK HEDEFLEN\\u0130YOR&quot;,&quot;orientation&quot;:&quot;0&quot;}\" data-image-title=\"Antalya\u2019n\u0131n su alt\u0131 zenginlikleri filmine b\u00fcy\u00fck \u00f6d\u00fcl\" data-image-description=\"&lt;p&gt;Antalya\u2019n\u0131n su alt\u0131 zenginlikleri filmine b\u00fcy\u00fck \u00f6d\u00fcl&lt;\/p&gt; \" data-medium-file=\"https:\/\/i0.wp.com\/www.tvturk.com\/wp-content\/uploads\/2019\/04\/antalyanin-su-alti-zenginlikleri-filmine-buyuk-odul_97a100a.jpg?fit=300%2C187\" data-large-file=\"https:\/\/i0.wp.com\/www.tvturk.com\/wp-content\/uploads\/2019\/04\/antalyanin-su-alti-zenginlikleri-filmine-buyuk-odul_97a100a.jpg?fit=1000%2C623\" src=\"https:\/\/i0.wp.com\/www.tvturk.com\/wp-content\/uploads\/2019\/04\/antalyanin-su-alti-zenginlikleri-filmine-buyuk-odul_97a100a.jpg?w=154&#038;h=96\" srcset=\"https:\/\/i0.wp.com\/www.tvturk.com\/wp-content\/uploads\/2019\/04\/antalyanin-su-alti-zenginlikleri-filmine-buyuk-odul_97a100a.jpg?w=1000 1000w, https:\/\/i0.wp.com\/www.tvturk.com\/wp-content\/uploads\/2019\/04\/antalyanin-su-alti-zenginlikleri-filmine-buyuk-odul_97a100a.jpg?resize=150%2C93 150w, https:\/\/i0.wp.com\/www.tvturk.com\/wp-content\/uploads\/2019\/04\/antalyanin-su-alti-zenginlikleri-filmine-buyuk-odul_97a100a.jpg?resize=300%2C187 300w, https:\/\/i0.wp.com\/www.tvturk.com\/wp-content\/uploads\/2019\/04\/antalyanin-su-alti-zenginlikleri-filmine-buyuk-odul_97a100a.jpg?resize=768%2C478 768w, https:\/\/i0.wp.com\/www.tvturk.com\/wp-content\/uploads\/2019\/04\/antalyanin-su-alti-zenginlikleri-filmine-buyuk-odul_97a100a.jpg?resize=243%2C150 243w, https:\/\/i0.wp.com\/www.tvturk.com\/wp-content\/uploads\/2019\/04\/antalyanin-su-alti-zenginlikleri-filmine-buyuk-odul_97a100a.jpg?resize=460%2C290 460w\" width=\"154\" height=\"96\" loading=\"lazy\" data-original-width=\"154\" data-original-height=\"96\" itemprop=\"http:\/\/schema.org\/image\" title=\"Antalya\u2019n\u0131n su alt\u0131 zenginlikleri filmine b\u00fcy\u00fck \u00f6d\u00fcl\" alt=\"Antalya\u2019n\u0131n su alt\u0131 zenginlikleri filmine b\u00fcy\u00fck \u00f6d\u00fcl\" style=\"width: 154px; height: 96px;\" \/> <\/a> <\/div> <div class=\"tiled-gallery-item tiled-gallery-item-small\" itemprop=\"associatedMedia\" itemscope itemtype=\"http:\/\/schema.org\/ImageObject\"> <a href=\"http:\/\/www.tvturk.com\/index.php\/antalyanin-su-alti-zenginlikleri-filmine-buyuk-odul\/antalyanin-su-alti-zenginlikleri-filmine-buyuk-odul-9\/\" border=\"0\" itemprop=\"url\"> <meta itemprop=\"width\" content=\"154\"> <meta itemprop=\"height\" content=\"126\"> <img decoding=\"async\" class=\"\" data-attachment-id=\"124877\" data-orig-file=\"http:\/\/www.tvturk.com\/wp-content\/uploads\/2019\/04\/antalyanin-su-alti-zenginlikleri-filmine-buyuk-odul_955b308.jpg\" data-orig-size=\"1000,821\" data-comments-opened=\"\" data-image-meta=\"{&quot;aperture&quot;:&quot;0&quot;,&quot;credit&quot;:&quot;IHA&quot;,&quot;camera&quot;:&quot;&quot;,&quot;caption&quot;:&quot;TAHSE\\u0130N CEYLAN, ALDI\\u011eI \\u00d6D\\u00dcL\\u00dc PAYLA\\u015eTI. (\\u0130SA AKAR - MUSTAFA B\\u00dcRGE\\\/ANTALYA-\\u0130HA)&quot;,&quot;created_timestamp&quot;:&quot;0&quot;,&quot;copyright&quot;:&quot;\\u0130HLAS HABER AJANSI, www.iha.com.tr&quot;,&quot;focal_length&quot;:&quot;0&quot;,&quot;iso&quot;:&quot;0&quot;,&quot;shutter_speed&quot;:&quot;0&quot;,&quot;title&quot;:&quot;ANTALYA\\u0027NIN SU ALTI ZENG\\u0130NL\\u0130KLER\\u0130 F\\u0130LM\\u0130NE B\\u00dcY\\u00dcK \\u00d6D\\u00dcL ANTALYA VAL\\u0130L\\u0130\\u011e\\u0130N\\u0130N DESTE\\u011e\\u0130YLE YAKLA\\u015eIK B\\u0130R YIL S\\u00dcREN \\u00c7ALI\\u015eMA SONUNDA HAZIRLANAN \\u0022SU ALTI CENNET\\u0130 ANTALYA\\u0022 F\\u0130LM\\u0130 AVRUPA\\u2019DA D\\u00dcZENLENEN PAF TACHOV (\\u00c7EK CUMHUR\\u0130YET\\u0130) F\\u0130LM FEST\\u0130VAL\\u0130\\u2019NDE PROFESYONEL KATEGOR\\u0130DE B\\u0130R\\u0130NC\\u0130L\\u0130K \\u00d6D\\u00dcL\\u00dcN\\u00dc KAZANDI F\\u0130LMLE NESL\\u0130 TEHL\\u0130KE ALTINDA OLAN AKDEN\\u0130Z FOKU, ORFOZ, LAHOZ G\\u0130B\\u0130 B\\u0130R\\u00c7OK T\\u00dcR\\u00dcN YANI SIRA SU ALTI YA\\u015eAMINA KATKI SA\\u011eLAYAN BATIKLAR VE ANT\\u0130K ESERLER DE YER ALDI F\\u0130LMLE ANTALYA\\u0027NIN SU ALTI ZENG\\u0130NL\\u0130KLER\\u0130N\\u0130N TANITILIP, DALI\\u015e TUR\\u0130ZM\\u0130NDEN DAHA FAZLA PAY ALMAK HEDEFLEN\\u0130YOR&quot;,&quot;orientation&quot;:&quot;0&quot;}\" data-image-title=\"Antalya\u2019n\u0131n su alt\u0131 zenginlikleri filmine b\u00fcy\u00fck \u00f6d\u00fcl\" data-image-description=\"&lt;p&gt;Antalya\u2019n\u0131n su alt\u0131 zenginlikleri filmine b\u00fcy\u00fck \u00f6d\u00fcl&lt;\/p&gt; \" data-medium-file=\"https:\/\/i0.wp.com\/www.tvturk.com\/wp-content\/uploads\/2019\/04\/antalyanin-su-alti-zenginlikleri-filmine-buyuk-odul_955b308.jpg?fit=300%2C246\" data-large-file=\"https:\/\/i0.wp.com\/www.tvturk.com\/wp-content\/uploads\/2019\/04\/antalyanin-su-alti-zenginlikleri-filmine-buyuk-odul_955b308.jpg?fit=1000%2C821\" src=\"https:\/\/i0.wp.com\/www.tvturk.com\/wp-content\/uploads\/2019\/04\/antalyanin-su-alti-zenginlikleri-filmine-buyuk-odul_955b308.jpg?w=154&#038;h=126\" srcset=\"https:\/\/i0.wp.com\/www.tvturk.com\/wp-content\/uploads\/2019\/04\/antalyanin-su-alti-zenginlikleri-filmine-buyuk-odul_955b308.jpg?w=1000 1000w, https:\/\/i0.wp.com\/www.tvturk.com\/wp-content\/uploads\/2019\/04\/antalyanin-su-alti-zenginlikleri-filmine-buyuk-odul_955b308.jpg?resize=150%2C123 150w, https:\/\/i0.wp.com\/www.tvturk.com\/wp-content\/uploads\/2019\/04\/antalyanin-su-alti-zenginlikleri-filmine-buyuk-odul_955b308.jpg?resize=300%2C246 300w, https:\/\/i0.wp.com\/www.tvturk.com\/wp-content\/uploads\/2019\/04\/antalyanin-su-alti-zenginlikleri-filmine-buyuk-odul_955b308.jpg?resize=768%2C631 768w\" width=\"154\" height=\"126\" loading=\"lazy\" data-original-width=\"154\" data-original-height=\"126\" itemprop=\"http:\/\/schema.org\/image\" title=\"Antalya\u2019n\u0131n su alt\u0131 zenginlikleri filmine b\u00fcy\u00fck \u00f6d\u00fcl\" alt=\"Antalya\u2019n\u0131n su alt\u0131 zenginlikleri filmine b\u00fcy\u00fck \u00f6d\u00fcl\" style=\"width: 154px; height: 126px;\" \/> <\/a> <\/div> <\/div> <!-- close group --> <div class=\"gallery-group images-1\" style=\"width: 342px; height: 230px;\" data-original-width=\"342\" data-original-height=\"230\" > <div class=\"tiled-gallery-item tiled-gallery-item-large\" itemprop=\"associatedMedia\" itemscope itemtype=\"http:\/\/schema.org\/ImageObject\"> <a href=\"http:\/\/www.tvturk.com\/index.php\/antalyanin-su-alti-zenginlikleri-filmine-buyuk-odul\/antalyanin-su-alti-zenginlikleri-filmine-buyuk-odul-10\/\" border=\"0\" itemprop=\"url\"> <meta itemprop=\"width\" content=\"338\"> <meta itemprop=\"height\" content=\"226\"> <img decoding=\"async\" class=\"\" data-attachment-id=\"124878\" data-orig-file=\"http:\/\/www.tvturk.com\/wp-content\/uploads\/2019\/04\/antalyanin-su-alti-zenginlikleri-filmine-buyuk-odul_cf0d2f7.jpg\" data-orig-size=\"1000,667\" data-comments-opened=\"\" data-image-meta=\"{&quot;aperture&quot;:&quot;0&quot;,&quot;credit&quot;:&quot;IHA&quot;,&quot;camera&quot;:&quot;&quot;,&quot;caption&quot;:&quot;NTALYA VAL\\u0130L\\u0130\\u011e\\u0130\\u2019N\\u0130N DESTE\\u011e\\u0130YLE YAKLA\\u015eIK B\\u0130R YIL S\\u00dcREN \\u00c7ALI\\u015eMA SONUNDA HAZIRLANAN \\u0022 SU ALTI CENNET\\u0130 ANTALYA \\u0022 F\\u0130LM\\u0130 AVRUPA\\u2019DA D\\u00dcZENLENEN PAF TACHOV (\\u00c7EK CUMHUR\\u0130YET\\u0130) F\\u0130LM FEST\\u0130VAL\\u0130\\u2019NDE PROFESYONEL KATEGOR\\u0130DE B\\u0130R\\u0130NC\\u0130L\\u0130K \\u00d6D\\u00dcL\\u00dcN\\u00dc KAZANDI. 17 DAK\\u0130KALIK VE 4 D\\u0130LDE ANTALYA\\u2019NIN SU ALTI ZENG\\u0130NL\\u0130KLER\\u0130N\\u0130N ANLATILDI\\u011eI F\\u0130LMDE ANTALYA VAL\\u0130S\\u0130 M\\u00dcN\\u0130R KARALO\\u011eLU\\u2019NUN DALI\\u015e YAPTI\\u011eI G\\u00d6R\\u00dcNT\\u00dcLERE DE YER VER\\u0130LD\\u0130. (\\u0130SA AKAR - MUSTAFA B\\u00dcRGE\\\/ANTALYA-\\u0130HA)&quot;,&quot;created_timestamp&quot;:&quot;0&quot;,&quot;copyright&quot;:&quot;\\u0130HLAS HABER AJANSI, www.iha.com.tr&quot;,&quot;focal_length&quot;:&quot;0&quot;,&quot;iso&quot;:&quot;0&quot;,&quot;shutter_speed&quot;:&quot;0&quot;,&quot;title&quot;:&quot;ANTALYA\\u0027NIN SU ALTI ZENG\\u0130NL\\u0130KLER\\u0130 F\\u0130LM\\u0130NE B\\u00dcY\\u00dcK \\u00d6D\\u00dcL ANTALYA VAL\\u0130L\\u0130\\u011e\\u0130N\\u0130N DESTE\\u011e\\u0130YLE YAKLA\\u015eIK B\\u0130R YIL S\\u00dcREN \\u00c7ALI\\u015eMA SONUNDA HAZIRLANAN \\u0022SU ALTI CENNET\\u0130 ANTALYA\\u0022 F\\u0130LM\\u0130 AVRUPA\\u2019DA D\\u00dcZENLENEN PAF TACHOV (\\u00c7EK CUMHUR\\u0130YET\\u0130) F\\u0130LM FEST\\u0130VAL\\u0130\\u2019NDE PROFESYONEL KATEGOR\\u0130DE B\\u0130R\\u0130NC\\u0130L\\u0130K \\u00d6D\\u00dcL\\u00dcN\\u00dc KAZANDI F\\u0130LMLE NESL\\u0130 TEHL\\u0130KE ALTINDA OLAN AKDEN\\u0130Z FOKU, ORFOZ, LAHOZ G\\u0130B\\u0130 B\\u0130R\\u00c7OK T\\u00dcR\\u00dcN YANI SIRA SU ALTI YA\\u015eAMINA KATKI SA\\u011eLAYAN BATIKLAR VE ANT\\u0130K ESERLER DE YER ALDI F\\u0130LMLE ANTALYA\\u0027NIN SU ALTI ZENG\\u0130NL\\u0130KLER\\u0130N\\u0130N TANITILIP, DALI\\u015e TUR\\u0130ZM\\u0130NDEN DAHA FAZLA PAY ALMAK HEDEFLEN\\u0130YOR&quot;,&quot;orientation&quot;:&quot;0&quot;}\" data-image-title=\"Antalya\u2019n\u0131n su alt\u0131 zenginlikleri filmine b\u00fcy\u00fck \u00f6d\u00fcl\" data-image-description=\"&lt;p&gt;Antalya\u2019n\u0131n su alt\u0131 zenginlikleri filmine b\u00fcy\u00fck \u00f6d\u00fcl&lt;\/p&gt; \" data-medium-file=\"https:\/\/i0.wp.com\/www.tvturk.com\/wp-content\/uploads\/2019\/04\/antalyanin-su-alti-zenginlikleri-filmine-buyuk-odul_cf0d2f7.jpg?fit=300%2C200\" data-large-file=\"https:\/\/i0.wp.com\/www.tvturk.com\/wp-content\/uploads\/2019\/04\/antalyanin-su-alti-zenginlikleri-filmine-buyuk-odul_cf0d2f7.jpg?fit=1000%2C667\" src=\"https:\/\/i0.wp.com\/www.tvturk.com\/wp-content\/uploads\/2019\/04\/antalyanin-su-alti-zenginlikleri-filmine-buyuk-odul_cf0d2f7.jpg?w=338&#038;h=226\" srcset=\"https:\/\/i0.wp.com\/www.tvturk.com\/wp-content\/uploads\/2019\/04\/antalyanin-su-alti-zenginlikleri-filmine-buyuk-odul_cf0d2f7.jpg?w=1000 1000w, https:\/\/i0.wp.com\/www.tvturk.com\/wp-content\/uploads\/2019\/04\/antalyanin-su-alti-zenginlikleri-filmine-buyuk-odul_cf0d2f7.jpg?resize=150%2C100 150w, https:\/\/i0.wp.com\/www.tvturk.com\/wp-content\/uploads\/2019\/04\/antalyanin-su-alti-zenginlikleri-filmine-buyuk-odul_cf0d2f7.jpg?resize=300%2C200 300w, https:\/\/i0.wp.com\/www.tvturk.com\/wp-content\/uploads\/2019\/04\/antalyanin-su-alti-zenginlikleri-filmine-buyuk-odul_cf0d2f7.jpg?resize=768%2C512 768w, https:\/\/i0.wp.com\/www.tvturk.com\/wp-content\/uploads\/2019\/04\/antalyanin-su-alti-zenginlikleri-filmine-buyuk-odul_cf0d2f7.jpg?resize=170%2C113 170w, https:\/\/i0.wp.com\/www.tvturk.com\/wp-content\/uploads\/2019\/04\/antalyanin-su-alti-zenginlikleri-filmine-buyuk-odul_cf0d2f7.jpg?resize=120%2C80 120w\" width=\"338\" height=\"226\" loading=\"lazy\" data-original-width=\"338\" data-original-height=\"226\" itemprop=\"http:\/\/schema.org\/image\" title=\"Antalya\u2019n\u0131n su alt\u0131 zenginlikleri filmine b\u00fcy\u00fck \u00f6d\u00fcl\" alt=\"Antalya\u2019n\u0131n su alt\u0131 zenginlikleri filmine b\u00fcy\u00fck \u00f6d\u00fcl\" style=\"width: 338px; height: 226px;\" \/> <\/a> <\/div> <\/div> <!-- close group --> <\/div> <!-- close row --> <div class=\"gallery-row\" style=\"width: 500px; height: 171px;\" data-original-width=\"500\" data-original-height=\"171\" > <div class=\"gallery-group images-1\" style=\"width: 246px; height: 171px;\" data-original-width=\"246\" data-original-height=\"171\" > <div class=\"tiled-gallery-item tiled-gallery-item-small\" itemprop=\"associatedMedia\" itemscope itemtype=\"http:\/\/schema.org\/ImageObject\"> <a href=\"http:\/\/www.tvturk.com\/index.php\/antalyanin-su-alti-zenginlikleri-filmine-buyuk-odul\/antalyanin-su-alti-zenginlikleri-filmine-buyuk-odul-11\/\" border=\"0\" itemprop=\"url\"> <meta itemprop=\"width\" content=\"242\"> <meta itemprop=\"height\" content=\"167\"> <img decoding=\"async\" class=\"\" data-attachment-id=\"124879\" data-orig-file=\"http:\/\/www.tvturk.com\/wp-content\/uploads\/2019\/04\/antalyanin-su-alti-zenginlikleri-filmine-buyuk-odul_9ba1151.jpg\" data-orig-size=\"1000,691\" data-comments-opened=\"\" data-image-meta=\"{&quot;aperture&quot;:&quot;0&quot;,&quot;credit&quot;:&quot;IHA&quot;,&quot;camera&quot;:&quot;&quot;,&quot;caption&quot;:&quot;NTALYA VAL\\u0130L\\u0130\\u011e\\u0130\\u2019N\\u0130N DESTE\\u011e\\u0130YLE YAKLA\\u015eIK B\\u0130R YIL S\\u00dcREN \\u00c7ALI\\u015eMA SONUNDA HAZIRLANAN \\u0022 SU ALTI CENNET\\u0130 ANTALYA \\u0022 F\\u0130LM\\u0130 AVRUPA\\u2019DA D\\u00dcZENLENEN PAF TACHOV (\\u00c7EK CUMHUR\\u0130YET\\u0130) F\\u0130LM FEST\\u0130VAL\\u0130\\u2019NDE PROFESYONEL KATEGOR\\u0130DE B\\u0130R\\u0130NC\\u0130L\\u0130K \\u00d6D\\u00dcL\\u00dcN\\u00dc KAZANDI. 17 DAK\\u0130KALIK VE 4 D\\u0130LDE ANTALYA\\u2019NIN SU ALTI ZENG\\u0130NL\\u0130KLER\\u0130N\\u0130N ANLATILDI\\u011eI F\\u0130LMDE ANTALYA VAL\\u0130S\\u0130 M\\u00dcN\\u0130R KARALO\\u011eLU\\u2019NUN DALI\\u015e YAPTI\\u011eI G\\u00d6R\\u00dcNT\\u00dcLERE DE YER VER\\u0130LD\\u0130. (\\u0130SA AKAR - MUSTAFA B\\u00dcRGE\\\/ANTALYA-\\u0130HA)&quot;,&quot;created_timestamp&quot;:&quot;0&quot;,&quot;copyright&quot;:&quot;\\u0130HLAS HABER AJANSI, www.iha.com.tr&quot;,&quot;focal_length&quot;:&quot;0&quot;,&quot;iso&quot;:&quot;0&quot;,&quot;shutter_speed&quot;:&quot;0&quot;,&quot;title&quot;:&quot;ANTALYA\\u0027NIN SU ALTI ZENG\\u0130NL\\u0130KLER\\u0130 F\\u0130LM\\u0130NE B\\u00dcY\\u00dcK \\u00d6D\\u00dcL ANTALYA VAL\\u0130L\\u0130\\u011e\\u0130N\\u0130N DESTE\\u011e\\u0130YLE YAKLA\\u015eIK B\\u0130R YIL S\\u00dcREN \\u00c7ALI\\u015eMA SONUNDA HAZIRLANAN \\u0022SU ALTI CENNET\\u0130 ANTALYA\\u0022 F\\u0130LM\\u0130 AVRUPA\\u2019DA D\\u00dcZENLENEN PAF TACHOV (\\u00c7EK CUMHUR\\u0130YET\\u0130) F\\u0130LM FEST\\u0130VAL\\u0130\\u2019NDE PROFESYONEL KATEGOR\\u0130DE B\\u0130R\\u0130NC\\u0130L\\u0130K \\u00d6D\\u00dcL\\u00dcN\\u00dc KAZANDI F\\u0130LMLE NESL\\u0130 TEHL\\u0130KE ALTINDA OLAN AKDEN\\u0130Z FOKU, ORFOZ, LAHOZ G\\u0130B\\u0130 B\\u0130R\\u00c7OK T\\u00dcR\\u00dcN YANI SIRA SU ALTI YA\\u015eAMINA KATKI SA\\u011eLAYAN BATIKLAR VE ANT\\u0130K ESERLER DE YER ALDI F\\u0130LMLE ANTALYA\\u0027NIN SU ALTI ZENG\\u0130NL\\u0130KLER\\u0130N\\u0130N TANITILIP, DALI\\u015e TUR\\u0130ZM\\u0130NDEN DAHA FAZLA PAY ALMAK HEDEFLEN\\u0130YOR&quot;,&quot;orientation&quot;:&quot;0&quot;}\" data-image-title=\"Antalya\u2019n\u0131n su alt\u0131 zenginlikleri filmine b\u00fcy\u00fck \u00f6d\u00fcl\" data-image-description=\"&lt;p&gt;Antalya\u2019n\u0131n su alt\u0131 zenginlikleri filmine b\u00fcy\u00fck \u00f6d\u00fcl&lt;\/p&gt; \" data-medium-file=\"https:\/\/i0.wp.com\/www.tvturk.com\/wp-content\/uploads\/2019\/04\/antalyanin-su-alti-zenginlikleri-filmine-buyuk-odul_9ba1151.jpg?fit=300%2C207\" data-large-file=\"https:\/\/i0.wp.com\/www.tvturk.com\/wp-content\/uploads\/2019\/04\/antalyanin-su-alti-zenginlikleri-filmine-buyuk-odul_9ba1151.jpg?fit=1000%2C691\" src=\"https:\/\/i0.wp.com\/www.tvturk.com\/wp-content\/uploads\/2019\/04\/antalyanin-su-alti-zenginlikleri-filmine-buyuk-odul_9ba1151.jpg?w=242&#038;h=167\" srcset=\"https:\/\/i0.wp.com\/www.tvturk.com\/wp-content\/uploads\/2019\/04\/antalyanin-su-alti-zenginlikleri-filmine-buyuk-odul_9ba1151.jpg?w=1000 1000w, https:\/\/i0.wp.com\/www.tvturk.com\/wp-content\/uploads\/2019\/04\/antalyanin-su-alti-zenginlikleri-filmine-buyuk-odul_9ba1151.jpg?resize=150%2C104 150w, https:\/\/i0.wp.com\/www.tvturk.com\/wp-content\/uploads\/2019\/04\/antalyanin-su-alti-zenginlikleri-filmine-buyuk-odul_9ba1151.jpg?resize=300%2C207 300w, https:\/\/i0.wp.com\/www.tvturk.com\/wp-content\/uploads\/2019\/04\/antalyanin-su-alti-zenginlikleri-filmine-buyuk-odul_9ba1151.jpg?resize=768%2C531 768w, https:\/\/i0.wp.com\/www.tvturk.com\/wp-content\/uploads\/2019\/04\/antalyanin-su-alti-zenginlikleri-filmine-buyuk-odul_9ba1151.jpg?resize=80%2C55 80w\" width=\"242\" height=\"167\" loading=\"lazy\" data-original-width=\"242\" data-original-height=\"167\" itemprop=\"http:\/\/schema.org\/image\" title=\"Antalya\u2019n\u0131n su alt\u0131 zenginlikleri filmine b\u00fcy\u00fck \u00f6d\u00fcl\" alt=\"Antalya\u2019n\u0131n su alt\u0131 zenginlikleri filmine b\u00fcy\u00fck \u00f6d\u00fcl\" style=\"width: 242px; height: 167px;\" \/> <\/a> <\/div> <\/div> <!-- close group --> <div class=\"gallery-group images-1\" style=\"width: 254px; height: 171px;\" data-original-width=\"254\" data-original-height=\"171\" > <div class=\"tiled-gallery-item tiled-gallery-item-large\" itemprop=\"associatedMedia\" itemscope itemtype=\"http:\/\/schema.org\/ImageObject\"> <a href=\"http:\/\/www.tvturk.com\/index.php\/antalyanin-su-alti-zenginlikleri-filmine-buyuk-odul\/antalyanin-su-alti-zenginlikleri-filmine-buyuk-odul-12\/\" border=\"0\" itemprop=\"url\"> <meta itemprop=\"width\" content=\"250\"> <meta itemprop=\"height\" content=\"167\"> <img decoding=\"async\" class=\"\" data-attachment-id=\"124880\" data-orig-file=\"http:\/\/www.tvturk.com\/wp-content\/uploads\/2019\/04\/antalyanin-su-alti-zenginlikleri-filmine-buyuk-odul_b1fa285.jpg\" data-orig-size=\"1000,667\" data-comments-opened=\"\" data-image-meta=\"{&quot;aperture&quot;:&quot;0&quot;,&quot;credit&quot;:&quot;IHA&quot;,&quot;camera&quot;:&quot;&quot;,&quot;caption&quot;:&quot;NTALYA VAL\\u0130L\\u0130\\u011e\\u0130\\u2019N\\u0130N DESTE\\u011e\\u0130YLE YAKLA\\u015eIK B\\u0130R YIL S\\u00dcREN \\u00c7ALI\\u015eMA SONUNDA HAZIRLANAN \\u0022 SU ALTI CENNET\\u0130 ANTALYA \\u0022 F\\u0130LM\\u0130 AVRUPA\\u2019DA D\\u00dcZENLENEN PAF TACHOV (\\u00c7EK CUMHUR\\u0130YET\\u0130) F\\u0130LM FEST\\u0130VAL\\u0130\\u2019NDE PROFESYONEL KATEGOR\\u0130DE B\\u0130R\\u0130NC\\u0130L\\u0130K \\u00d6D\\u00dcL\\u00dcN\\u00dc KAZANDI. 17 DAK\\u0130KALIK VE 4 D\\u0130LDE ANTALYA\\u2019NIN SU ALTI ZENG\\u0130NL\\u0130KLER\\u0130N\\u0130N ANLATILDI\\u011eI F\\u0130LMDE ANTALYA VAL\\u0130S\\u0130 M\\u00dcN\\u0130R KARALO\\u011eLU\\u2019NUN DALI\\u015e YAPTI\\u011eI G\\u00d6R\\u00dcNT\\u00dcLERE DE YER VER\\u0130LD\\u0130. (\\u0130SA AKAR - MUSTAFA B\\u00dcRGE\\\/ANTALYA-\\u0130HA)&quot;,&quot;created_timestamp&quot;:&quot;0&quot;,&quot;copyright&quot;:&quot;\\u0130HLAS HABER AJANSI, www.iha.com.tr&quot;,&quot;focal_length&quot;:&quot;0&quot;,&quot;iso&quot;:&quot;0&quot;,&quot;shutter_speed&quot;:&quot;0&quot;,&quot;title&quot;:&quot;ANTALYA\\u0027NIN SU ALTI ZENG\\u0130NL\\u0130KLER\\u0130 F\\u0130LM\\u0130NE B\\u00dcY\\u00dcK \\u00d6D\\u00dcL ANTALYA VAL\\u0130L\\u0130\\u011e\\u0130N\\u0130N DESTE\\u011e\\u0130YLE YAKLA\\u015eIK B\\u0130R YIL S\\u00dcREN \\u00c7ALI\\u015eMA SONUNDA HAZIRLANAN \\u0022SU ALTI CENNET\\u0130 ANTALYA\\u0022 F\\u0130LM\\u0130 AVRUPA\\u2019DA D\\u00dcZENLENEN PAF TACHOV (\\u00c7EK CUMHUR\\u0130YET\\u0130) F\\u0130LM FEST\\u0130VAL\\u0130\\u2019NDE PROFESYONEL KATEGOR\\u0130DE B\\u0130R\\u0130NC\\u0130L\\u0130K \\u00d6D\\u00dcL\\u00dcN\\u00dc KAZANDI F\\u0130LMLE NESL\\u0130 TEHL\\u0130KE ALTINDA OLAN AKDEN\\u0130Z FOKU, ORFOZ, LAHOZ G\\u0130B\\u0130 B\\u0130R\\u00c7OK T\\u00dcR\\u00dcN YANI SIRA SU ALTI YA\\u015eAMINA KATKI SA\\u011eLAYAN BATIKLAR VE ANT\\u0130K ESERLER DE YER ALDI F\\u0130LMLE ANTALYA\\u0027NIN SU ALTI ZENG\\u0130NL\\u0130KLER\\u0130N\\u0130N TANITILIP, DALI\\u015e TUR\\u0130ZM\\u0130NDEN DAHA FAZLA PAY ALMAK HEDEFLEN\\u0130YOR&quot;,&quot;orientation&quot;:&quot;0&quot;}\" data-image-title=\"Antalya\u2019n\u0131n su alt\u0131 zenginlikleri filmine b\u00fcy\u00fck \u00f6d\u00fcl\" data-image-description=\"&lt;p&gt;Antalya\u2019n\u0131n su alt\u0131 zenginlikleri filmine b\u00fcy\u00fck \u00f6d\u00fcl&lt;\/p&gt; \" data-medium-file=\"https:\/\/i0.wp.com\/www.tvturk.com\/wp-content\/uploads\/2019\/04\/antalyanin-su-alti-zenginlikleri-filmine-buyuk-odul_b1fa285.jpg?fit=300%2C200\" data-large-file=\"https:\/\/i0.wp.com\/www.tvturk.com\/wp-content\/uploads\/2019\/04\/antalyanin-su-alti-zenginlikleri-filmine-buyuk-odul_b1fa285.jpg?fit=1000%2C667\" src=\"https:\/\/i0.wp.com\/www.tvturk.com\/wp-content\/uploads\/2019\/04\/antalyanin-su-alti-zenginlikleri-filmine-buyuk-odul_b1fa285.jpg?w=250&#038;h=167\" srcset=\"https:\/\/i0.wp.com\/www.tvturk.com\/wp-content\/uploads\/2019\/04\/antalyanin-su-alti-zenginlikleri-filmine-buyuk-odul_b1fa285.jpg?w=1000 1000w, https:\/\/i0.wp.com\/www.tvturk.com\/wp-content\/uploads\/2019\/04\/antalyanin-su-alti-zenginlikleri-filmine-buyuk-odul_b1fa285.jpg?resize=150%2C100 150w, https:\/\/i0.wp.com\/www.tvturk.com\/wp-content\/uploads\/2019\/04\/antalyanin-su-alti-zenginlikleri-filmine-buyuk-odul_b1fa285.jpg?resize=300%2C200 300w, https:\/\/i0.wp.com\/www.tvturk.com\/wp-content\/uploads\/2019\/04\/antalyanin-su-alti-zenginlikleri-filmine-buyuk-odul_b1fa285.jpg?resize=768%2C512 768w, https:\/\/i0.wp.com\/www.tvturk.com\/wp-content\/uploads\/2019\/04\/antalyanin-su-alti-zenginlikleri-filmine-buyuk-odul_b1fa285.jpg?resize=170%2C113 170w, https:\/\/i0.wp.com\/www.tvturk.com\/wp-content\/uploads\/2019\/04\/antalyanin-su-alti-zenginlikleri-filmine-buyuk-odul_b1fa285.jpg?resize=120%2C80 120w\" width=\"250\" height=\"167\" loading=\"lazy\" data-original-width=\"250\" data-original-height=\"167\" itemprop=\"http:\/\/schema.org\/image\" title=\"Antalya\u2019n\u0131n su alt\u0131 zenginlikleri filmine b\u00fcy\u00fck \u00f6d\u00fcl\" alt=\"Antalya\u2019n\u0131n su alt\u0131 zenginlikleri filmine b\u00fcy\u00fck \u00f6d\u00fcl\" style=\"width: 250px; height: 167px;\" \/> <\/a> <\/div> <\/div> <!-- close group --> <\/div> <!-- close row --> <div class=\"gallery-row\" style=\"width: 500px; height: 226px;\" data-original-width=\"500\" data-original-height=\"226\" > <div class=\"gallery-group images-1\" style=\"width: 337px; height: 226px;\" data-original-width=\"337\" data-original-height=\"226\" > <div class=\"tiled-gallery-item tiled-gallery-item-large\" itemprop=\"associatedMedia\" itemscope itemtype=\"http:\/\/schema.org\/ImageObject\"> <a href=\"http:\/\/www.tvturk.com\/index.php\/antalyanin-su-alti-zenginlikleri-filmine-buyuk-odul\/antalyanin-su-alti-zenginlikleri-filmine-buyuk-odul-13\/\" border=\"0\" itemprop=\"url\"> <meta itemprop=\"width\" content=\"333\"> <meta itemprop=\"height\" content=\"222\"> <img decoding=\"async\" class=\"\" data-attachment-id=\"124881\" data-orig-file=\"http:\/\/www.tvturk.com\/wp-content\/uploads\/2019\/04\/antalyanin-su-alti-zenginlikleri-filmine-buyuk-odul_966fd8f.jpg\" data-orig-size=\"1000,667\" data-comments-opened=\"\" data-image-meta=\"{&quot;aperture&quot;:&quot;0&quot;,&quot;credit&quot;:&quot;IHA&quot;,&quot;camera&quot;:&quot;&quot;,&quot;caption&quot;:&quot;NTALYA VAL\\u0130L\\u0130\\u011e\\u0130\\u2019N\\u0130N DESTE\\u011e\\u0130YLE YAKLA\\u015eIK B\\u0130R YIL S\\u00dcREN \\u00c7ALI\\u015eMA SONUNDA HAZIRLANAN \\u0022 SU ALTI CENNET\\u0130 ANTALYA \\u0022 F\\u0130LM\\u0130 AVRUPA\\u2019DA D\\u00dcZENLENEN PAF TACHOV (\\u00c7EK CUMHUR\\u0130YET\\u0130) F\\u0130LM FEST\\u0130VAL\\u0130\\u2019NDE PROFESYONEL KATEGOR\\u0130DE B\\u0130R\\u0130NC\\u0130L\\u0130K \\u00d6D\\u00dcL\\u00dcN\\u00dc KAZANDI. 17 DAK\\u0130KALIK VE 4 D\\u0130LDE ANTALYA\\u2019NIN SU ALTI ZENG\\u0130NL\\u0130KLER\\u0130N\\u0130N ANLATILDI\\u011eI F\\u0130LMDE ANTALYA VAL\\u0130S\\u0130 M\\u00dcN\\u0130R KARALO\\u011eLU\\u2019NUN DALI\\u015e YAPTI\\u011eI G\\u00d6R\\u00dcNT\\u00dcLERE DE YER VER\\u0130LD\\u0130. (\\u0130SA AKAR - MUSTAFA B\\u00dcRGE\\\/ANTALYA-\\u0130HA)&quot;,&quot;created_timestamp&quot;:&quot;0&quot;,&quot;copyright&quot;:&quot;\\u0130HLAS HABER AJANSI, www.iha.com.tr&quot;,&quot;focal_length&quot;:&quot;0&quot;,&quot;iso&quot;:&quot;0&quot;,&quot;shutter_speed&quot;:&quot;0&quot;,&quot;title&quot;:&quot;ANTALYA\\u0027NIN SU ALTI ZENG\\u0130NL\\u0130KLER\\u0130 F\\u0130LM\\u0130NE B\\u00dcY\\u00dcK \\u00d6D\\u00dcL ANTALYA VAL\\u0130L\\u0130\\u011e\\u0130N\\u0130N DESTE\\u011e\\u0130YLE YAKLA\\u015eIK B\\u0130R YIL S\\u00dcREN \\u00c7ALI\\u015eMA SONUNDA HAZIRLANAN \\u0022SU ALTI CENNET\\u0130 ANTALYA\\u0022 F\\u0130LM\\u0130 AVRUPA\\u2019DA D\\u00dcZENLENEN PAF TACHOV (\\u00c7EK CUMHUR\\u0130YET\\u0130) F\\u0130LM FEST\\u0130VAL\\u0130\\u2019NDE PROFESYONEL KATEGOR\\u0130DE B\\u0130R\\u0130NC\\u0130L\\u0130K \\u00d6D\\u00dcL\\u00dcN\\u00dc KAZANDI F\\u0130LMLE NESL\\u0130 TEHL\\u0130KE ALTINDA OLAN AKDEN\\u0130Z FOKU, ORFOZ, LAHOZ G\\u0130B\\u0130 B\\u0130R\\u00c7OK T\\u00dcR\\u00dcN YANI SIRA SU ALTI YA\\u015eAMINA KATKI SA\\u011eLAYAN BATIKLAR VE ANT\\u0130K ESERLER DE YER ALDI F\\u0130LMLE ANTALYA\\u0027NIN SU ALTI ZENG\\u0130NL\\u0130KLER\\u0130N\\u0130N TANITILIP, DALI\\u015e TUR\\u0130ZM\\u0130NDEN DAHA FAZLA PAY ALMAK HEDEFLEN\\u0130YOR&quot;,&quot;orientation&quot;:&quot;0&quot;}\" data-image-title=\"Antalya\u2019n\u0131n su alt\u0131 zenginlikleri filmine b\u00fcy\u00fck \u00f6d\u00fcl\" data-image-description=\"&lt;p&gt;Antalya\u2019n\u0131n su alt\u0131 zenginlikleri filmine b\u00fcy\u00fck \u00f6d\u00fcl&lt;\/p&gt; \" data-medium-file=\"https:\/\/i0.wp.com\/www.tvturk.com\/wp-content\/uploads\/2019\/04\/antalyanin-su-alti-zenginlikleri-filmine-buyuk-odul_966fd8f.jpg?fit=300%2C200\" data-large-file=\"https:\/\/i0.wp.com\/www.tvturk.com\/wp-content\/uploads\/2019\/04\/antalyanin-su-alti-zenginlikleri-filmine-buyuk-odul_966fd8f.jpg?fit=1000%2C667\" src=\"https:\/\/i0.wp.com\/www.tvturk.com\/wp-content\/uploads\/2019\/04\/antalyanin-su-alti-zenginlikleri-filmine-buyuk-odul_966fd8f.jpg?w=333&#038;h=222\" srcset=\"https:\/\/i0.wp.com\/www.tvturk.com\/wp-content\/uploads\/2019\/04\/antalyanin-su-alti-zenginlikleri-filmine-buyuk-odul_966fd8f.jpg?w=1000 1000w, https:\/\/i0.wp.com\/www.tvturk.com\/wp-content\/uploads\/2019\/04\/antalyanin-su-alti-zenginlikleri-filmine-buyuk-odul_966fd8f.jpg?resize=150%2C100 150w, https:\/\/i0.wp.com\/www.tvturk.com\/wp-content\/uploads\/2019\/04\/antalyanin-su-alti-zenginlikleri-filmine-buyuk-odul_966fd8f.jpg?resize=300%2C200 300w, https:\/\/i0.wp.com\/www.tvturk.com\/wp-content\/uploads\/2019\/04\/antalyanin-su-alti-zenginlikleri-filmine-buyuk-odul_966fd8f.jpg?resize=768%2C512 768w, https:\/\/i0.wp.com\/www.tvturk.com\/wp-content\/uploads\/2019\/04\/antalyanin-su-alti-zenginlikleri-filmine-buyuk-odul_966fd8f.jpg?resize=170%2C113 170w, https:\/\/i0.wp.com\/www.tvturk.com\/wp-content\/uploads\/2019\/04\/antalyanin-su-alti-zenginlikleri-filmine-buyuk-odul_966fd8f.jpg?resize=120%2C80 120w\" width=\"333\" height=\"222\" loading=\"lazy\" data-original-width=\"333\" data-original-height=\"222\" itemprop=\"http:\/\/schema.org\/image\" title=\"Antalya\u2019n\u0131n su alt\u0131 zenginlikleri filmine b\u00fcy\u00fck \u00f6d\u00fcl\" alt=\"Antalya\u2019n\u0131n su alt\u0131 zenginlikleri filmine b\u00fcy\u00fck \u00f6d\u00fcl\" style=\"width: 333px; height: 222px;\" \/> <\/a> <\/div> <\/div> <!-- close group --> <div class=\"gallery-group images-2\" style=\"width: 163px; height: 226px;\" data-original-width=\"163\" data-original-height=\"226\" > <div class=\"tiled-gallery-item tiled-gallery-item-small\" itemprop=\"associatedMedia\" itemscope itemtype=\"http:\/\/schema.org\/ImageObject\"> <a href=\"http:\/\/www.tvturk.com\/index.php\/antalyanin-su-alti-zenginlikleri-filmine-buyuk-odul\/antalyanin-su-alti-zenginlikleri-filmine-buyuk-odul-14\/\" border=\"0\" itemprop=\"url\"> <meta itemprop=\"width\" content=\"159\"> <meta itemprop=\"height\" content=\"112\"> <img decoding=\"async\" class=\"\" data-attachment-id=\"124882\" data-orig-file=\"http:\/\/www.tvturk.com\/wp-content\/uploads\/2019\/04\/antalyanin-su-alti-zenginlikleri-filmine-buyuk-odul_e53cf02.jpg\" data-orig-size=\"1000,700\" data-comments-opened=\"\" data-image-meta=\"{&quot;aperture&quot;:&quot;0&quot;,&quot;credit&quot;:&quot;IHA&quot;,&quot;camera&quot;:&quot;&quot;,&quot;caption&quot;:&quot;NTALYA VAL\\u0130L\\u0130\\u011e\\u0130\\u2019N\\u0130N DESTE\\u011e\\u0130YLE YAKLA\\u015eIK B\\u0130R YIL S\\u00dcREN \\u00c7ALI\\u015eMA SONUNDA HAZIRLANAN \\u0022 SU ALTI CENNET\\u0130 ANTALYA \\u0022 F\\u0130LM\\u0130 AVRUPA\\u2019DA D\\u00dcZENLENEN PAF TACHOV (\\u00c7EK CUMHUR\\u0130YET\\u0130) F\\u0130LM FEST\\u0130VAL\\u0130\\u2019NDE PROFESYONEL KATEGOR\\u0130DE B\\u0130R\\u0130NC\\u0130L\\u0130K \\u00d6D\\u00dcL\\u00dcN\\u00dc KAZANDI. 17 DAK\\u0130KALIK VE 4 D\\u0130LDE ANTALYA\\u2019NIN SU ALTI ZENG\\u0130NL\\u0130KLER\\u0130N\\u0130N ANLATILDI\\u011eI F\\u0130LMDE ANTALYA VAL\\u0130S\\u0130 M\\u00dcN\\u0130R KARALO\\u011eLU\\u2019NUN DALI\\u015e YAPTI\\u011eI G\\u00d6R\\u00dcNT\\u00dcLERE DE YER VER\\u0130LD\\u0130. (\\u0130SA AKAR - MUSTAFA B\\u00dcRGE\\\/ANTALYA-\\u0130HA)&quot;,&quot;created_timestamp&quot;:&quot;0&quot;,&quot;copyright&quot;:&quot;\\u0130HLAS HABER AJANSI, www.iha.com.tr&quot;,&quot;focal_length&quot;:&quot;0&quot;,&quot;iso&quot;:&quot;0&quot;,&quot;shutter_speed&quot;:&quot;0&quot;,&quot;title&quot;:&quot;ANTALYA\\u0027NIN SU ALTI ZENG\\u0130NL\\u0130KLER\\u0130 F\\u0130LM\\u0130NE B\\u00dcY\\u00dcK \\u00d6D\\u00dcL ANTALYA VAL\\u0130L\\u0130\\u011e\\u0130N\\u0130N DESTE\\u011e\\u0130YLE YAKLA\\u015eIK B\\u0130R YIL S\\u00dcREN \\u00c7ALI\\u015eMA SONUNDA HAZIRLANAN \\u0022SU ALTI CENNET\\u0130 ANTALYA\\u0022 F\\u0130LM\\u0130 AVRUPA\\u2019DA D\\u00dcZENLENEN PAF TACHOV (\\u00c7EK CUMHUR\\u0130YET\\u0130) F\\u0130LM FEST\\u0130VAL\\u0130\\u2019NDE PROFESYONEL KATEGOR\\u0130DE B\\u0130R\\u0130NC\\u0130L\\u0130K \\u00d6D\\u00dcL\\u00dcN\\u00dc KAZANDI F\\u0130LMLE NESL\\u0130 TEHL\\u0130KE ALTINDA OLAN AKDEN\\u0130Z FOKU, ORFOZ, LAHOZ G\\u0130B\\u0130 B\\u0130R\\u00c7OK T\\u00dcR\\u00dcN YANI SIRA SU ALTI YA\\u015eAMINA KATKI SA\\u011eLAYAN BATIKLAR VE ANT\\u0130K ESERLER DE YER ALDI F\\u0130LMLE ANTALYA\\u0027NIN SU ALTI ZENG\\u0130NL\\u0130KLER\\u0130N\\u0130N TANITILIP, DALI\\u015e TUR\\u0130ZM\\u0130NDEN DAHA FAZLA PAY ALMAK HEDEFLEN\\u0130YOR&quot;,&quot;orientation&quot;:&quot;0&quot;}\" data-image-title=\"Antalya\u2019n\u0131n su alt\u0131 zenginlikleri filmine b\u00fcy\u00fck \u00f6d\u00fcl\" data-image-description=\"&lt;p&gt;Antalya\u2019n\u0131n su alt\u0131 zenginlikleri filmine b\u00fcy\u00fck \u00f6d\u00fcl&lt;\/p&gt; \" data-medium-file=\"https:\/\/i0.wp.com\/www.tvturk.com\/wp-content\/uploads\/2019\/04\/antalyanin-su-alti-zenginlikleri-filmine-buyuk-odul_e53cf02.jpg?fit=300%2C210\" data-large-file=\"https:\/\/i0.wp.com\/www.tvturk.com\/wp-content\/uploads\/2019\/04\/antalyanin-su-alti-zenginlikleri-filmine-buyuk-odul_e53cf02.jpg?fit=1000%2C700\" src=\"https:\/\/i0.wp.com\/www.tvturk.com\/wp-content\/uploads\/2019\/04\/antalyanin-su-alti-zenginlikleri-filmine-buyuk-odul_e53cf02.jpg?w=159&#038;h=112\" srcset=\"https:\/\/i0.wp.com\/www.tvturk.com\/wp-content\/uploads\/2019\/04\/antalyanin-su-alti-zenginlikleri-filmine-buyuk-odul_e53cf02.jpg?w=1000 1000w, https:\/\/i0.wp.com\/www.tvturk.com\/wp-content\/uploads\/2019\/04\/antalyanin-su-alti-zenginlikleri-filmine-buyuk-odul_e53cf02.jpg?resize=150%2C105 150w, https:\/\/i0.wp.com\/www.tvturk.com\/wp-content\/uploads\/2019\/04\/antalyanin-su-alti-zenginlikleri-filmine-buyuk-odul_e53cf02.jpg?resize=300%2C210 300w, https:\/\/i0.wp.com\/www.tvturk.com\/wp-content\/uploads\/2019\/04\/antalyanin-su-alti-zenginlikleri-filmine-buyuk-odul_e53cf02.jpg?resize=768%2C538 768w, https:\/\/i0.wp.com\/www.tvturk.com\/wp-content\/uploads\/2019\/04\/antalyanin-su-alti-zenginlikleri-filmine-buyuk-odul_e53cf02.jpg?resize=80%2C55 80w\" width=\"159\" height=\"112\" loading=\"lazy\" data-original-width=\"159\" data-original-height=\"112\" itemprop=\"http:\/\/schema.org\/image\" title=\"Antalya\u2019n\u0131n su alt\u0131 zenginlikleri filmine b\u00fcy\u00fck \u00f6d\u00fcl\" alt=\"Antalya\u2019n\u0131n su alt\u0131 zenginlikleri filmine b\u00fcy\u00fck \u00f6d\u00fcl\" style=\"width: 159px; height: 112px;\" \/> <\/a> <\/div> <div class=\"tiled-gallery-item tiled-gallery-item-small\" itemprop=\"associatedMedia\" itemscope itemtype=\"http:\/\/schema.org\/ImageObject\"> <a href=\"http:\/\/www.tvturk.com\/index.php\/antalyanin-su-alti-zenginlikleri-filmine-buyuk-odul\/antalyanin-su-alti-zenginlikleri-filmine-buyuk-odul-15\/\" border=\"0\" itemprop=\"url\"> <meta itemprop=\"width\" content=\"159\"> <meta itemprop=\"height\" content=\"106\"> <img decoding=\"async\" class=\"\" data-attachment-id=\"124883\" data-orig-file=\"http:\/\/www.tvturk.com\/wp-content\/uploads\/2019\/04\/antalyanin-su-alti-zenginlikleri-filmine-buyuk-odul_59938ba.jpg\" data-orig-size=\"1000,667\" data-comments-opened=\"\" data-image-meta=\"{&quot;aperture&quot;:&quot;0&quot;,&quot;credit&quot;:&quot;IHA&quot;,&quot;camera&quot;:&quot;&quot;,&quot;caption&quot;:&quot;NTALYA VAL\\u0130L\\u0130\\u011e\\u0130\\u2019N\\u0130N DESTE\\u011e\\u0130YLE YAKLA\\u015eIK B\\u0130R YIL S\\u00dcREN \\u00c7ALI\\u015eMA SONUNDA HAZIRLANAN \\u0022 SU ALTI CENNET\\u0130 ANTALYA \\u0022 F\\u0130LM\\u0130 AVRUPA\\u2019DA D\\u00dcZENLENEN PAF TACHOV (\\u00c7EK CUMHUR\\u0130YET\\u0130) F\\u0130LM FEST\\u0130VAL\\u0130\\u2019NDE PROFESYONEL KATEGOR\\u0130DE B\\u0130R\\u0130NC\\u0130L\\u0130K \\u00d6D\\u00dcL\\u00dcN\\u00dc KAZANDI. 17 DAK\\u0130KALIK VE 4 D\\u0130LDE ANTALYA\\u2019NIN SU ALTI ZENG\\u0130NL\\u0130KLER\\u0130N\\u0130N ANLATILDI\\u011eI F\\u0130LMDE ANTALYA VAL\\u0130S\\u0130 M\\u00dcN\\u0130R KARALO\\u011eLU\\u2019NUN DALI\\u015e YAPTI\\u011eI G\\u00d6R\\u00dcNT\\u00dcLERE DE YER VER\\u0130LD\\u0130. (\\u0130SA AKAR - MUSTAFA B\\u00dcRGE\\\/ANTALYA-\\u0130HA)&quot;,&quot;created_timestamp&quot;:&quot;0&quot;,&quot;copyright&quot;:&quot;\\u0130HLAS HABER AJANSI, www.iha.com.tr&quot;,&quot;focal_length&quot;:&quot;0&quot;,&quot;iso&quot;:&quot;0&quot;,&quot;shutter_speed&quot;:&quot;0&quot;,&quot;title&quot;:&quot;ANTALYA\\u0027NIN SU ALTI ZENG\\u0130NL\\u0130KLER\\u0130 F\\u0130LM\\u0130NE B\\u00dcY\\u00dcK \\u00d6D\\u00dcL ANTALYA VAL\\u0130L\\u0130\\u011e\\u0130N\\u0130N DESTE\\u011e\\u0130YLE YAKLA\\u015eIK B\\u0130R YIL S\\u00dcREN \\u00c7ALI\\u015eMA SONUNDA HAZIRLANAN \\u0022SU ALTI CENNET\\u0130 ANTALYA\\u0022 F\\u0130LM\\u0130 AVRUPA\\u2019DA D\\u00dcZENLENEN PAF TACHOV (\\u00c7EK CUMHUR\\u0130YET\\u0130) F\\u0130LM FEST\\u0130VAL\\u0130\\u2019NDE PROFESYONEL KATEGOR\\u0130DE B\\u0130R\\u0130NC\\u0130L\\u0130K \\u00d6D\\u00dcL\\u00dcN\\u00dc KAZANDI F\\u0130LMLE NESL\\u0130 TEHL\\u0130KE ALTINDA OLAN AKDEN\\u0130Z FOKU, ORFOZ, LAHOZ G\\u0130B\\u0130 B\\u0130R\\u00c7OK T\\u00dcR\\u00dcN YANI SIRA SU ALTI YA\\u015eAMINA KATKI SA\\u011eLAYAN BATIKLAR VE ANT\\u0130K ESERLER DE YER ALDI F\\u0130LMLE ANTALYA\\u0027NIN SU ALTI ZENG\\u0130NL\\u0130KLER\\u0130N\\u0130N TANITILIP, DALI\\u015e TUR\\u0130ZM\\u0130NDEN DAHA FAZLA PAY ALMAK HEDEFLEN\\u0130YOR&quot;,&quot;orientation&quot;:&quot;0&quot;}\" data-image-title=\"Antalya\u2019n\u0131n su alt\u0131 zenginlikleri filmine b\u00fcy\u00fck \u00f6d\u00fcl\" data-image-description=\"&lt;p&gt;Antalya\u2019n\u0131n su alt\u0131 zenginlikleri filmine b\u00fcy\u00fck \u00f6d\u00fcl&lt;\/p&gt; \" data-medium-file=\"https:\/\/i0.wp.com\/www.tvturk.com\/wp-content\/uploads\/2019\/04\/antalyanin-su-alti-zenginlikleri-filmine-buyuk-odul_59938ba.jpg?fit=300%2C200\" data-large-file=\"https:\/\/i0.wp.com\/www.tvturk.com\/wp-content\/uploads\/2019\/04\/antalyanin-su-alti-zenginlikleri-filmine-buyuk-odul_59938ba.jpg?fit=1000%2C667\" src=\"https:\/\/i0.wp.com\/www.tvturk.com\/wp-content\/uploads\/2019\/04\/antalyanin-su-alti-zenginlikleri-filmine-buyuk-odul_59938ba.jpg?w=159&#038;h=106\" srcset=\"https:\/\/i0.wp.com\/www.tvturk.com\/wp-content\/uploads\/2019\/04\/antalyanin-su-alti-zenginlikleri-filmine-buyuk-odul_59938ba.jpg?w=1000 1000w, https:\/\/i0.wp.com\/www.tvturk.com\/wp-content\/uploads\/2019\/04\/antalyanin-su-alti-zenginlikleri-filmine-buyuk-odul_59938ba.jpg?resize=150%2C100 150w, https:\/\/i0.wp.com\/www.tvturk.com\/wp-content\/uploads\/2019\/04\/antalyanin-su-alti-zenginlikleri-filmine-buyuk-odul_59938ba.jpg?resize=300%2C200 300w, https:\/\/i0.wp.com\/www.tvturk.com\/wp-content\/uploads\/2019\/04\/antalyanin-su-alti-zenginlikleri-filmine-buyuk-odul_59938ba.jpg?resize=768%2C512 768w, https:\/\/i0.wp.com\/www.tvturk.com\/wp-content\/uploads\/2019\/04\/antalyanin-su-alti-zenginlikleri-filmine-buyuk-odul_59938ba.jpg?resize=170%2C113 170w, https:\/\/i0.wp.com\/www.tvturk.com\/wp-content\/uploads\/2019\/04\/antalyanin-su-alti-zenginlikleri-filmine-buyuk-odul_59938ba.jpg?resize=120%2C80 120w\" width=\"159\" height=\"106\" loading=\"lazy\" data-original-width=\"159\" data-original-height=\"106\" itemprop=\"http:\/\/schema.org\/image\" title=\"Antalya\u2019n\u0131n su alt\u0131 zenginlikleri filmine b\u00fcy\u00fck \u00f6d\u00fcl\" alt=\"Antalya\u2019n\u0131n su alt\u0131 zenginlikleri filmine b\u00fcy\u00fck \u00f6d\u00fcl\" style=\"width: 159px; height: 106px;\" \/> <\/a> <\/div> <\/div> <!-- close group --> <\/div> <!-- close row --> <div class=\"gallery-row\" style=\"width: 500px; height: 168px;\" data-original-width=\"500\" data-original-height=\"168\" > <div class=\"gallery-group images-1\" style=\"width: 250px; height: 168px;\" data-original-width=\"250\" data-original-height=\"168\" > <div class=\"tiled-gallery-item tiled-gallery-item-small\" itemprop=\"associatedMedia\" itemscope itemtype=\"http:\/\/schema.org\/ImageObject\"> <a href=\"http:\/\/www.tvturk.com\/index.php\/antalyanin-su-alti-zenginlikleri-filmine-buyuk-odul\/antalyanin-su-alti-zenginlikleri-filmine-buyuk-odul-16\/\" border=\"0\" itemprop=\"url\"> <meta itemprop=\"width\" content=\"246\"> <meta itemprop=\"height\" content=\"164\"> <img decoding=\"async\" class=\"\" data-attachment-id=\"124884\" data-orig-file=\"http:\/\/www.tvturk.com\/wp-content\/uploads\/2019\/04\/antalyanin-su-alti-zenginlikleri-filmine-buyuk-odul_5fbbafd.jpg\" data-orig-size=\"1000,666\" data-comments-opened=\"\" data-image-meta=\"{&quot;aperture&quot;:&quot;0&quot;,&quot;credit&quot;:&quot;IHA&quot;,&quot;camera&quot;:&quot;&quot;,&quot;caption&quot;:&quot;VAL\\u0130 M\\u00dcN\\u0130R KARALO\\u011eLU SU ALTI KAMERASINI \\u0130NCELED\\u0130. (\\u0130SA AKAR - MUSTAFA B\\u00dcRGE\\\/ANTALYA-\\u0130HA)&quot;,&quot;created_timestamp&quot;:&quot;0&quot;,&quot;copyright&quot;:&quot;\\u0130HLAS HABER AJANSI, www.iha.com.tr&quot;,&quot;focal_length&quot;:&quot;0&quot;,&quot;iso&quot;:&quot;0&quot;,&quot;shutter_speed&quot;:&quot;0&quot;,&quot;title&quot;:&quot;ANTALYA\\u0027NIN SU ALTI ZENG\\u0130NL\\u0130KLER\\u0130 F\\u0130LM\\u0130NE B\\u00dcY\\u00dcK \\u00d6D\\u00dcL ANTALYA VAL\\u0130L\\u0130\\u011e\\u0130N\\u0130N DESTE\\u011e\\u0130YLE YAKLA\\u015eIK B\\u0130R YIL S\\u00dcREN \\u00c7ALI\\u015eMA SONUNDA HAZIRLANAN \\u0022SU ALTI CENNET\\u0130 ANTALYA\\u0022 F\\u0130LM\\u0130 AVRUPA\\u2019DA D\\u00dcZENLENEN PAF TACHOV (\\u00c7EK CUMHUR\\u0130YET\\u0130) F\\u0130LM FEST\\u0130VAL\\u0130\\u2019NDE PROFESYONEL KATEGOR\\u0130DE B\\u0130R\\u0130NC\\u0130L\\u0130K \\u00d6D\\u00dcL\\u00dcN\\u00dc KAZANDI F\\u0130LMLE NESL\\u0130 TEHL\\u0130KE ALTINDA OLAN AKDEN\\u0130Z FOKU, ORFOZ, LAHOZ G\\u0130B\\u0130 B\\u0130R\\u00c7OK T\\u00dcR\\u00dcN YANI SIRA SU ALTI YA\\u015eAMINA KATKI SA\\u011eLAYAN BATIKLAR VE ANT\\u0130K ESERLER DE YER ALDI F\\u0130LMLE ANTALYA\\u0027NIN SU ALTI ZENG\\u0130NL\\u0130KLER\\u0130N\\u0130N TANITILIP, DALI\\u015e TUR\\u0130ZM\\u0130NDEN DAHA FAZLA PAY ALMAK HEDEFLEN\\u0130YOR&quot;,&quot;orientation&quot;:&quot;0&quot;}\" data-image-title=\"Antalya\u2019n\u0131n su alt\u0131 zenginlikleri filmine b\u00fcy\u00fck \u00f6d\u00fcl\" data-image-description=\"&lt;p&gt;Antalya\u2019n\u0131n su alt\u0131 zenginlikleri filmine b\u00fcy\u00fck \u00f6d\u00fcl&lt;\/p&gt; \" data-medium-file=\"https:\/\/i0.wp.com\/www.tvturk.com\/wp-content\/uploads\/2019\/04\/antalyanin-su-alti-zenginlikleri-filmine-buyuk-odul_5fbbafd.jpg?fit=300%2C200\" data-large-file=\"https:\/\/i0.wp.com\/www.tvturk.com\/wp-content\/uploads\/2019\/04\/antalyanin-su-alti-zenginlikleri-filmine-buyuk-odul_5fbbafd.jpg?fit=1000%2C666\" src=\"https:\/\/i0.wp.com\/www.tvturk.com\/wp-content\/uploads\/2019\/04\/antalyanin-su-alti-zenginlikleri-filmine-buyuk-odul_5fbbafd.jpg?w=246&#038;h=164\" srcset=\"https:\/\/i0.wp.com\/www.tvturk.com\/wp-content\/uploads\/2019\/04\/antalyanin-su-alti-zenginlikleri-filmine-buyuk-odul_5fbbafd.jpg?w=1000 1000w, https:\/\/i0.wp.com\/www.tvturk.com\/wp-content\/uploads\/2019\/04\/antalyanin-su-alti-zenginlikleri-filmine-buyuk-odul_5fbbafd.jpg?resize=150%2C100 150w, https:\/\/i0.wp.com\/www.tvturk.com\/wp-content\/uploads\/2019\/04\/antalyanin-su-alti-zenginlikleri-filmine-buyuk-odul_5fbbafd.jpg?resize=300%2C200 300w, https:\/\/i0.wp.com\/www.tvturk.com\/wp-content\/uploads\/2019\/04\/antalyanin-su-alti-zenginlikleri-filmine-buyuk-odul_5fbbafd.jpg?resize=768%2C511 768w, https:\/\/i0.wp.com\/www.tvturk.com\/wp-content\/uploads\/2019\/04\/antalyanin-su-alti-zenginlikleri-filmine-buyuk-odul_5fbbafd.jpg?resize=170%2C113 170w, https:\/\/i0.wp.com\/www.tvturk.com\/wp-content\/uploads\/2019\/04\/antalyanin-su-alti-zenginlikleri-filmine-buyuk-odul_5fbbafd.jpg?resize=120%2C80 120w\" width=\"246\" height=\"164\" loading=\"lazy\" data-original-width=\"246\" data-original-height=\"164\" itemprop=\"http:\/\/schema.org\/image\" title=\"Antalya\u2019n\u0131n su alt\u0131 zenginlikleri filmine b\u00fcy\u00fck \u00f6d\u00fcl\" alt=\"Antalya\u2019n\u0131n su alt\u0131 zenginlikleri filmine b\u00fcy\u00fck \u00f6d\u00fcl\" style=\"width: 246px; height: 164px;\" \/> <\/a> <\/div> <\/div> <!-- close group --> <div class=\"gallery-group images-1\" style=\"width: 250px; height: 168px;\" data-original-width=\"250\" data-original-height=\"168\" > <div class=\"tiled-gallery-item tiled-gallery-item-small\" itemprop=\"associatedMedia\" itemscope itemtype=\"http:\/\/schema.org\/ImageObject\"> <a href=\"http:\/\/www.tvturk.com\/index.php\/antalyanin-su-alti-zenginlikleri-filmine-buyuk-odul\/antalyanin-su-alti-zenginlikleri-filmine-buyuk-odul-17\/\" border=\"0\" itemprop=\"url\"> <meta itemprop=\"width\" content=\"246\"> <meta itemprop=\"height\" content=\"164\"> <img decoding=\"async\" class=\"\" data-attachment-id=\"124885\" data-orig-file=\"http:\/\/www.tvturk.com\/wp-content\/uploads\/2019\/04\/antalyanin-su-alti-zenginlikleri-filmine-buyuk-odul_279ebbf.jpg\" data-orig-size=\"1000,666\" data-comments-opened=\"\" data-image-meta=\"{&quot;aperture&quot;:&quot;0&quot;,&quot;credit&quot;:&quot;IHA&quot;,&quot;camera&quot;:&quot;&quot;,&quot;caption&quot;:&quot;VAL\\u0130 KARALO\\u011eLU, K\\u0130TAP \\u0130LE GAZETEC\\u0130LERE POZ VERD\\u0130. (\\u0130SA AKAR - MUSTAFA B\\u00dcRGE\\\/ANTALYA-\\u0130HA)&quot;,&quot;created_timestamp&quot;:&quot;0&quot;,&quot;copyright&quot;:&quot;\\u0130HLAS HABER AJANSI, www.iha.com.tr&quot;,&quot;focal_length&quot;:&quot;0&quot;,&quot;iso&quot;:&quot;0&quot;,&quot;shutter_speed&quot;:&quot;0&quot;,&quot;title&quot;:&quot;ANTALYA\\u0027NIN SU ALTI ZENG\\u0130NL\\u0130KLER\\u0130 F\\u0130LM\\u0130NE B\\u00dcY\\u00dcK \\u00d6D\\u00dcL ANTALYA VAL\\u0130L\\u0130\\u011e\\u0130N\\u0130N DESTE\\u011e\\u0130YLE YAKLA\\u015eIK B\\u0130R YIL S\\u00dcREN \\u00c7ALI\\u015eMA SONUNDA HAZIRLANAN \\u0022SU ALTI CENNET\\u0130 ANTALYA\\u0022 F\\u0130LM\\u0130 AVRUPA\\u2019DA D\\u00dcZENLENEN PAF TACHOV (\\u00c7EK CUMHUR\\u0130YET\\u0130) F\\u0130LM FEST\\u0130VAL\\u0130\\u2019NDE PROFESYONEL KATEGOR\\u0130DE B\\u0130R\\u0130NC\\u0130L\\u0130K \\u00d6D\\u00dcL\\u00dcN\\u00dc KAZANDI F\\u0130LMLE NESL\\u0130 TEHL\\u0130KE ALTINDA OLAN AKDEN\\u0130Z FOKU, ORFOZ, LAHOZ G\\u0130B\\u0130 B\\u0130R\\u00c7OK T\\u00dcR\\u00dcN YANI SIRA SU ALTI YA\\u015eAMINA KATKI SA\\u011eLAYAN BATIKLAR VE ANT\\u0130K ESERLER DE YER ALDI F\\u0130LMLE ANTALYA\\u0027NIN SU ALTI ZENG\\u0130NL\\u0130KLER\\u0130N\\u0130N TANITILIP, DALI\\u015e TUR\\u0130ZM\\u0130NDEN DAHA FAZLA PAY ALMAK HEDEFLEN\\u0130YOR&quot;,&quot;orientation&quot;:&quot;0&quot;}\" data-image-title=\"Antalya\u2019n\u0131n su alt\u0131 zenginlikleri filmine b\u00fcy\u00fck \u00f6d\u00fcl\" data-image-description=\"&lt;p&gt;Antalya\u2019n\u0131n su alt\u0131 zenginlikleri filmine b\u00fcy\u00fck \u00f6d\u00fcl&lt;\/p&gt; \" data-medium-file=\"https:\/\/i0.wp.com\/www.tvturk.com\/wp-content\/uploads\/2019\/04\/antalyanin-su-alti-zenginlikleri-filmine-buyuk-odul_279ebbf.jpg?fit=300%2C200\" data-large-file=\"https:\/\/i0.wp.com\/www.tvturk.com\/wp-content\/uploads\/2019\/04\/antalyanin-su-alti-zenginlikleri-filmine-buyuk-odul_279ebbf.jpg?fit=1000%2C666\" src=\"https:\/\/i0.wp.com\/www.tvturk.com\/wp-content\/uploads\/2019\/04\/antalyanin-su-alti-zenginlikleri-filmine-buyuk-odul_279ebbf.jpg?w=246&#038;h=164\" srcset=\"https:\/\/i0.wp.com\/www.tvturk.com\/wp-content\/uploads\/2019\/04\/antalyanin-su-alti-zenginlikleri-filmine-buyuk-odul_279ebbf.jpg?w=1000 1000w, https:\/\/i0.wp.com\/www.tvturk.com\/wp-content\/uploads\/2019\/04\/antalyanin-su-alti-zenginlikleri-filmine-buyuk-odul_279ebbf.jpg?resize=150%2C100 150w, https:\/\/i0.wp.com\/www.tvturk.com\/wp-content\/uploads\/2019\/04\/antalyanin-su-alti-zenginlikleri-filmine-buyuk-odul_279ebbf.jpg?resize=300%2C200 300w, https:\/\/i0.wp.com\/www.tvturk.com\/wp-content\/uploads\/2019\/04\/antalyanin-su-alti-zenginlikleri-filmine-buyuk-odul_279ebbf.jpg?resize=768%2C511 768w, https:\/\/i0.wp.com\/www.tvturk.com\/wp-content\/uploads\/2019\/04\/antalyanin-su-alti-zenginlikleri-filmine-buyuk-odul_279ebbf.jpg?resize=170%2C113 170w, https:\/\/i0.wp.com\/www.tvturk.com\/wp-content\/uploads\/2019\/04\/antalyanin-su-alti-zenginlikleri-filmine-buyuk-odul_279ebbf.jpg?resize=120%2C80 120w\" width=\"246\" height=\"164\" loading=\"lazy\" data-original-width=\"246\" data-original-height=\"164\" itemprop=\"http:\/\/schema.org\/image\" title=\"Antalya\u2019n\u0131n su alt\u0131 zenginlikleri filmine b\u00fcy\u00fck \u00f6d\u00fcl\" alt=\"Antalya\u2019n\u0131n su alt\u0131 zenginlikleri filmine b\u00fcy\u00fck \u00f6d\u00fcl\" style=\"width: 246px; height: 164px;\" \/> <\/a> <\/div> <\/div> <!-- close group --> <\/div> <!-- close row --> <div class=\"gallery-row\" style=\"width: 500px; height: 688px;\" data-original-width=\"500\" data-original-height=\"688\" > <div class=\"gallery-group images-1\" style=\"width: 500px; height: 688px;\" data-original-width=\"500\" data-original-height=\"688\" > <div class=\"tiled-gallery-item tiled-gallery-item-large\" itemprop=\"associatedMedia\" itemscope itemtype=\"http:\/\/schema.org\/ImageObject\"> <a href=\"http:\/\/www.tvturk.com\/index.php\/antalyanin-su-alti-zenginlikleri-filmine-buyuk-odul\/antalyanin-su-alti-zenginlikleri-filmine-buyuk-odul-18\/\" border=\"0\" itemprop=\"url\"> <meta itemprop=\"width\" content=\"496\"> <meta itemprop=\"height\" content=\"684\"> <img decoding=\"async\" class=\"\" data-attachment-id=\"124886\" data-orig-file=\"http:\/\/www.tvturk.com\/wp-content\/uploads\/2019\/04\/antalyanin-su-alti-zenginlikleri-filmine-buyuk-odul_bb58efc.jpg\" data-orig-size=\"725,1000\" data-comments-opened=\"\" data-image-meta=\"{&quot;aperture&quot;:&quot;0&quot;,&quot;credit&quot;:&quot;IHA&quot;,&quot;camera&quot;:&quot;&quot;,&quot;caption&quot;:&quot;NTALYA VAL\\u0130L\\u0130\\u011e\\u0130\\u2019N\\u0130N DESTE\\u011e\\u0130YLE YAKLA\\u015eIK B\\u0130R YIL S\\u00dcREN \\u00c7ALI\\u015eMA SONUNDA HAZIRLANAN \\u0022 SU ALTI CENNET\\u0130 ANTALYA \\u0022 F\\u0130LM\\u0130 AVRUPA\\u2019DA D\\u00dcZENLENEN PAF TACHOV (\\u00c7EK CUMHUR\\u0130YET\\u0130) F\\u0130LM FEST\\u0130VAL\\u0130\\u2019NDE PROFESYONEL KATEGOR\\u0130DE B\\u0130R\\u0130NC\\u0130L\\u0130K \\u00d6D\\u00dcL\\u00dcN\\u00dc KAZANDI. 17 DAK\\u0130KALIK VE 4 D\\u0130LDE ANTALYA\\u2019NIN SU ALTI ZENG\\u0130NL\\u0130KLER\\u0130N\\u0130N ANLATILDI\\u011eI F\\u0130LMDE ANTALYA VAL\\u0130S\\u0130 M\\u00dcN\\u0130R KARALO\\u011eLU\\u2019NUN DALI\\u015e YAPTI\\u011eI G\\u00d6R\\u00dcNT\\u00dcLERE DE YER VER\\u0130LD\\u0130. (\\u0130SA AKAR - MUSTAFA B\\u00dcRGE\\\/ANTALYA-\\u0130HA)&quot;,&quot;created_timestamp&quot;:&quot;0&quot;,&quot;copyright&quot;:&quot;\\u0130HLAS HABER AJANSI, www.iha.com.tr&quot;,&quot;focal_length&quot;:&quot;0&quot;,&quot;iso&quot;:&quot;0&quot;,&quot;shutter_speed&quot;:&quot;0&quot;,&quot;title&quot;:&quot;ANTALYA\\u0027NIN SU ALTI ZENG\\u0130NL\\u0130KLER\\u0130 F\\u0130LM\\u0130NE B\\u00dcY\\u00dcK \\u00d6D\\u00dcL ANTALYA VAL\\u0130L\\u0130\\u011e\\u0130N\\u0130N DESTE\\u011e\\u0130YLE YAKLA\\u015eIK B\\u0130R YIL S\\u00dcREN \\u00c7ALI\\u015eMA SONUNDA HAZIRLANAN \\u0022SU ALTI CENNET\\u0130 ANTALYA\\u0022 F\\u0130LM\\u0130 AVRUPA\\u2019DA D\\u00dcZENLENEN PAF TACHOV (\\u00c7EK CUMHUR\\u0130YET\\u0130) F\\u0130LM FEST\\u0130VAL\\u0130\\u2019NDE PROFESYONEL KATEGOR\\u0130DE B\\u0130R\\u0130NC\\u0130L\\u0130K \\u00d6D\\u00dcL\\u00dcN\\u00dc KAZANDI F\\u0130LMLE NESL\\u0130 TEHL\\u0130KE ALTINDA OLAN AKDEN\\u0130Z FOKU, ORFOZ, LAHOZ G\\u0130B\\u0130 B\\u0130R\\u00c7OK T\\u00dcR\\u00dcN YANI SIRA SU ALTI YA\\u015eAMINA KATKI SA\\u011eLAYAN BATIKLAR VE ANT\\u0130K ESERLER DE YER ALDI F\\u0130LMLE ANTALYA\\u0027NIN SU ALTI ZENG\\u0130NL\\u0130KLER\\u0130N\\u0130N TANITILIP, DALI\\u015e TUR\\u0130ZM\\u0130NDEN DAHA FAZLA PAY ALMAK HEDEFLEN\\u0130YOR&quot;,&quot;orientation&quot;:&quot;0&quot;}\" data-image-title=\"Antalya\u2019n\u0131n su alt\u0131 zenginlikleri filmine b\u00fcy\u00fck \u00f6d\u00fcl\" data-image-description=\"&lt;p&gt;Antalya\u2019n\u0131n su alt\u0131 zenginlikleri filmine b\u00fcy\u00fck \u00f6d\u00fcl&lt;\/p&gt; \" data-medium-file=\"https:\/\/i0.wp.com\/www.tvturk.com\/wp-content\/uploads\/2019\/04\/antalyanin-su-alti-zenginlikleri-filmine-buyuk-odul_bb58efc.jpg?fit=218%2C300\" data-large-file=\"https:\/\/i0.wp.com\/www.tvturk.com\/wp-content\/uploads\/2019\/04\/antalyanin-su-alti-zenginlikleri-filmine-buyuk-odul_bb58efc.jpg?fit=725%2C1000\" src=\"https:\/\/i0.wp.com\/www.tvturk.com\/wp-content\/uploads\/2019\/04\/antalyanin-su-alti-zenginlikleri-filmine-buyuk-odul_bb58efc.jpg?w=496&#038;h=684\" srcset=\"https:\/\/i0.wp.com\/www.tvturk.com\/wp-content\/uploads\/2019\/04\/antalyanin-su-alti-zenginlikleri-filmine-buyuk-odul_bb58efc.jpg?w=725 725w, https:\/\/i0.wp.com\/www.tvturk.com\/wp-content\/uploads\/2019\/04\/antalyanin-su-alti-zenginlikleri-filmine-buyuk-odul_bb58efc.jpg?resize=109%2C150 109w, https:\/\/i0.wp.com\/www.tvturk.com\/wp-content\/uploads\/2019\/04\/antalyanin-su-alti-zenginlikleri-filmine-buyuk-odul_bb58efc.jpg?resize=218%2C300 218w\" width=\"496\" height=\"684\" loading=\"lazy\" data-original-width=\"496\" data-original-height=\"684\" itemprop=\"http:\/\/schema.org\/image\" title=\"Antalya\u2019n\u0131n su alt\u0131 zenginlikleri filmine b\u00fcy\u00fck \u00f6d\u00fcl\" alt=\"Antalya\u2019n\u0131n su alt\u0131 zenginlikleri filmine b\u00fcy\u00fck \u00f6d\u00fcl\" style=\"width: 496px; height: 684px;\" \/> <\/a> <\/div> <\/div> <!-- close group --> <\/div> <!-- close row --> <\/div><\/p>\n","protected":false},"excerpt":{"rendered":"<p>NTALYA VAL\u0130L\u0130\u011e\u0130\u2019N\u0130N DESTE\u011e\u0130YLE YAKLA\u015eIK B\u0130R YIL S\u00dcREN \u00c7ALI\u015eMA SONUNDA HAZIRLANAN &#8221;  SU ALTI CENNET\u0130 ANTALYA &#8221; F\u0130LM\u0130  AVRUPA\u2019DA D\u00dcZENLENEN PAF TACHOV (\u00c7EK CUMHUR\u0130YET\u0130) F\u0130LM FEST\u0130VAL\u0130\u2019NDE PROFESYONEL KATEGOR\u0130DE B\u0130R\u0130NC\u0130L\u0130K \u00d6D\u00dcL\u00dcN\u00dc KAZANDI. 17 DAK\u0130KALIK VE 4 D\u0130LDE ANTALYA\u2019NIN SU ALTI ZENG\u0130NL\u0130KLER\u0130N\u0130N ANLATILDI\u011eI F\u0130LMDE ANTALYA VAL\u0130S\u0130 M\u00dcN\u0130R KARALO\u011eLU\u2019NUN DALI\u015e YAPTI\u011eI G\u00d6R\u00dcNT\u00dcLERE DE YER VER\u0130LD\u0130.<\/p>\n","protected":false},"author":1,"featured_media":124870,"comment_status":"closed","ping_status":"open","sticky":false,"template":"","format":"standard","meta":{"jetpack_post_was_ever_published":false,"_jetpack_newsletter_access":"","_jetpack_dont_email_post_to_subs":false,"_jetpack_newsletter_tier_id":0,"_jetpack_memberships_contains_paywalled_content":false,"_jetpack_memberships_contains_paid_content":false,"footnotes":"","jetpack_publicize_message":"","jetpack_publicize_feature_enabled":true,"jetpack_social_post_already_shared":true,"jetpack_social_options":{"image_generator_settings":{"template":"highway","default_image_id":0,"font":"","enabled":false},"version":2}},"categories":[1],"tags":[1567,11990,545,29594,4204,29593],"class_list":["post-124869","post","type-post","status-publish","format-standard","has-post-thumbnail","hentry","category-genel","tag-alti","tag-antalyanin","tag-buyuk","tag-filmine","tag-odul","tag-zenginlikleri"],"jetpack_publicize_connections":[],"jetpack_featured_media_url":"https:\/\/i0.wp.com\/www.tvturk.com\/wp-content\/uploads\/2019\/04\/antalyanin-su-alti-zenginlikleri-filmine-buyuk-odul_3e71ec3.jpg?fit=1000%2C725","jetpack_sharing_enabled":true,"jetpack_shortlink":"https:\/\/wp.me\/paKIfm-wu1","_links":{"self":[{"href":"http:\/\/www.tvturk.com\/index.php\/wp-json\/wp\/v2\/posts\/124869","targetHints":{"allow":["GET"]}}],"collection":[{"href":"http:\/\/www.tvturk.com\/index.php\/wp-json\/wp\/v2\/posts"}],"about":[{"href":"http:\/\/www.tvturk.com\/index.php\/wp-json\/wp\/v2\/types\/post"}],"author":[{"embeddable":true,"href":"http:\/\/www.tvturk.com\/index.php\/wp-json\/wp\/v2\/users\/1"}],"replies":[{"embeddable":true,"href":"http:\/\/www.tvturk.com\/index.php\/wp-json\/wp\/v2\/comments?post=124869"}],"version-history":[{"count":1,"href":"http:\/\/www.tvturk.com\/index.php\/wp-json\/wp\/v2\/posts\/124869\/revisions"}],"predecessor-version":[{"id":124887,"href":"http:\/\/www.tvturk.com\/index.php\/wp-json\/wp\/v2\/posts\/124869\/revisions\/124887"}],"wp:featuredmedia":[{"embeddable":true,"href":"http:\/\/www.tvturk.com\/index.php\/wp-json\/wp\/v2\/media\/124870"}],"wp:attachment":[{"href":"http:\/\/www.tvturk.com\/index.php\/wp-json\/wp\/v2\/media?parent=124869"}],"wp:term":[{"taxonomy":"category","embeddable":true,"href":"http:\/\/www.tvturk.com\/index.php\/wp-json\/wp\/v2\/categories?post=124869"},{"taxonomy":"post_tag","embeddable":true,"href":"http:\/\/www.tvturk.com\/index.php\/wp-json\/wp\/v2\/tags?post=124869"}],"curies":[{"name":"wp","href":"https:\/\/api.w.org\/{rel}","templated":true}]}}