{"id":12503,"date":"2019-02-08T14:38:48","date_gmt":"2019-02-08T11:38:48","guid":{"rendered":"http:\/\/www.tvturk.com\/index.php\/ilk-defa-hirsizin-girdigi-koyun-hirsizlik-zanlilarina-ceza-yagdi\/"},"modified":"2019-02-08T14:38:49","modified_gmt":"2019-02-08T11:38:49","slug":"ilk-defa-hirsizin-girdigi-koyun-hirsizlik-zanlilarina-ceza-yagdi","status":"publish","type":"post","link":"http:\/\/www.tvturk.com\/index.php\/ilk-defa-hirsizin-girdigi-koyun-hirsizlik-zanlilarina-ceza-yagdi\/","title":{"rendered":"\u0130lk defa h\u0131rs\u0131z\u0131n girdi\u011fi k\u00f6y\u00fcn h\u0131rs\u0131zl\u0131k zanl\u0131lar\u0131na ceza ya\u011fd\u0131"},"content":{"rendered":"<p>Giresun\u2019un Ke\u015fap \u0130l\u00e7esinde ba\u011fl\u0131 Sayca k\u00f6y\u00fcnde 3 y\u0131l \u00f6nce ya\u015fanan h\u0131rs\u0131zl\u0131k olay\u0131na ili\u015fkin mahkeme karar\u0131n\u0131 a\u00e7\u0131klad\u0131. K\u00f6y tarihine giren ilk h\u0131rs\u0131zl\u0131k olay\u0131n\u0131n 3 san\u0131\u011f\u0131 A.K, M.O ve N.K\u2019ya ayr\u0131 ayr\u0131 9\u2019ar y\u0131l 5\u2019er ay hapis cezas\u0131na \u00e7arpt\u0131rd\u0131.<\/p>\n<p>Olay, 10 Ocak 2016 y\u0131l\u0131nda 5 h\u0131rs\u0131z\u0131n Halil Soydam\u2019\u0131n evine girerek 3 ton a\u011f\u0131rl\u0131\u011f\u0131ndaki 38 \u00e7uval f\u0131nd\u0131\u011f\u0131 \u00e7almas\u0131yla meydan gelmi\u015fti. Jandarman\u0131n titiz \u00e7al\u0131\u015fmas\u0131 sonucu yakalanan h\u0131rs\u0131zlar\u0131n 3 y\u0131ld\u0131r s\u00fcren davas\u0131 sonu\u00e7land\u0131.<\/p>\n<p>5 san\u0131ktan ikisinin cezaevinde, \u00fc\u00e7\u00fcn\u00fcn ise tutuksuz yarg\u0131land\u0131\u011f\u0131 davada hakim karar\u0131n\u0131 a\u00e7\u0131klad\u0131.<\/p>\n<p>\u0130lgili maddelere g\u00f6re 3 san\u0131\u011fa \u2018h\u0131rs\u0131zl\u0131k, konut dokunulmazl\u0131\u011f\u0131n\u0131 ihlali, mala zarar vermek, su\u00e7u birden fazla ki\u015fiyle gece i\u015flemekten\u2019 dolay\u0131 ayr\u0131 ayr\u0131 9\u2019ar y\u0131l 5\u2019er ay hapis cezas\u0131na \u00e7arpt\u0131rd\u0131. 2 san\u0131k ise beraat etti.<\/p>\n<p>Olay\u0131n ard\u0131ndan h\u0131rs\u0131zlar\u0131n jandarman\u0131n titiz \u00e7al\u0131\u015fmas\u0131yla yakaland\u0131\u011f\u0131n\u0131 ve davan\u0131n 3 y\u0131ld\u0131r s\u00fcrd\u00fc\u011f\u00fcn\u00fc belirten ma\u011fdur Halil Saydam, adaletin yerini buldu\u011funu s\u00f6yledi.<\/p>\n<p>Ge\u00e7te olsa adaletin yerini buldu\u011funu ifade eden Saydam, \u201c3 y\u0131ld\u0131r devam eden yarg\u0131lama sonunda 5 h\u0131rs\u0131zdan \u00fc\u00e7\u00fcne ayr\u0131 ayr\u0131 olmak \u00fczere h\u0131rs\u0131zl\u0131k, konut dokunulmazl\u0131\u011f\u0131n\u0131 ihlali, mala zarar vermek, su\u00e7u birden fazla ki\u015fiyle gece i\u015flemekten dolay\u0131 9 y\u0131l 5 ay net hapis cezas\u0131 verildi. Ge\u00e7te olsa yine yarg\u0131ya hukuka te\u015fekk\u00fcr ediyorum, ya\u015fas\u0131n adalet diyorum\u201d dedi.<\/p>\n<p>\u201cCeza verilen 3 ki\u015finin ikisinin halen cezaevinde yatmakta bir tanesi ise d\u0131\u015farda gerekli i\u015flemlerin h\u0131zla yap\u0131laca\u011f\u0131n\u0131 inan\u0131yorum\u201d diyen Saydam, k\u00f6y\u00fcn\u00fcn ilk h\u0131rs\u0131zl\u0131k olay\u0131n\u0131n san\u0131klar\u0131n\u0131n ald\u0131\u011f\u0131 cezadan dolay\u0131 memnun oldu\u011funu kaydetti. Saydam, \u201cK\u00f6y\u00fcm\u00fcz 1935\u2019de mahalle stat\u00fcs\u00fcnden k\u00f6y haline geldi. K\u00f6y kay\u0131tlar\u0131na ge\u00e7en ilk h\u0131rs\u0131zl\u0131k budur. Bu zaman kadar hi\u00e7bir olay olmam\u0131\u015ft\u0131. K\u00f6y\u00fcm\u00fcz o y\u00fczden g\u00fcvenli bir yerdi. Ancak sonradan her yerde oldu\u011fu gibi k\u00f6y\u00fcm\u00fczde de bu gelenek bozuldu. Yine de ilk h\u0131rs\u0131zl\u0131k olay\u0131n\u0131n cezas\u0131n\u0131n kesildi\u011fi i\u00e7in ge\u00e7te olsa mutluyum\u201d \u015feklinde konu\u015ftu.<div class=\"tiled-gallery type-rectangular tiled-gallery-unresized\" data-original-width=\"500\" data-carousel-extra='null' itemscope itemtype=\"http:\/\/schema.org\/ImageGallery\" > <div class=\"gallery-row\" style=\"width: 500px; height: 749px;\" data-original-width=\"500\" data-original-height=\"749\" > <div class=\"gallery-group images-1\" style=\"width: 500px; height: 749px;\" data-original-width=\"500\" data-original-height=\"749\" > <div class=\"tiled-gallery-item tiled-gallery-item-large\" itemprop=\"associatedMedia\" itemscope itemtype=\"http:\/\/schema.org\/ImageObject\"> <a href=\"http:\/\/www.tvturk.com\/index.php\/ilk-defa-hirsizin-girdigi-koyun-hirsizlik-zanlilarina-ceza-yagdi\/ilk-defa-hirsizin-girdigi-koyun-hirsizlik-zanlilarina-ceza-yagdi-3\/\" border=\"0\" itemprop=\"url\"> <meta itemprop=\"width\" content=\"496\"> <meta itemprop=\"height\" content=\"745\"> <img decoding=\"async\" class=\"\" data-attachment-id=\"12505\" data-orig-file=\"http:\/\/www.tvturk.com\/wp-content\/uploads\/2019\/02\/ilk-defa-hirsizin-girdigi-koyun-hirsizlik-zanlilarina-ceza-yagdi_7591c6f.jpg\" data-orig-size=\"666,1000\" data-comments-opened=\"\" data-image-meta=\"{&quot;aperture&quot;:&quot;0&quot;,&quot;credit&quot;:&quot;IHA&quot;,&quot;camera&quot;:&quot;&quot;,&quot;caption&quot;:&quot;G\\u0130RESUN\\u2019UN KE\\u015eAP \\u0130L\\u00c7ES\\u0130NDE BA\\u011eLI SAYCA K\\u00d6Y\\u00dcNDE 3 YIL \\u00d6NCE YA\\u015eANAN HIRSIZLIK OLAYINA \\u0130L\\u0130\\u015eK\\u0130N MAHKEME KARARINI A\\u00c7IKLADI. K\\u00d6Y TAR\\u0130H\\u0130NE G\\u0130REN \\u0130LK HIRSIZLIK OLAYININ 3 SANI\\u011eI A.K, M.O VE N.K\\u2019YA AYRI AYRI 9 YIL 5 AY TOPLAMDA \\u0130SE 28 YIL 3 AY HAP\\u0130S CEZASI VER\\u0130LD\\u0130. (MA\\u011eDUR HAL\\u0130L SAYDAM) (RESUL YANBUL\\\/G\\u0130RESUN-\\u0130HA)&quot;,&quot;created_timestamp&quot;:&quot;0&quot;,&quot;copyright&quot;:&quot;\\u0130HLAS HABER AJANSI, www.iha.com.tr&quot;,&quot;focal_length&quot;:&quot;0&quot;,&quot;iso&quot;:&quot;0&quot;,&quot;shutter_speed&quot;:&quot;0&quot;,&quot;title&quot;:&quot;\\u0130LK DEFA HIRSIZIN G\\u0130RD\\u0130\\u011e\\u0130 K\\u00d6Y\\u00dcN HIRSIZLIK ZANLILARINA CEZA YA\\u011eDI K\\u00d6Y TAR\\u0130H\\u0130N\\u0130N \\u0130LK HIRSIZLIK OLAYININ 3 ZANLISINA MAHKEME AYRI AYRI 9\\u0027AR YIL 5\\u0027ER AY HAP\\u0130S CEZASINA \\u00c7ARPTIRDI&quot;,&quot;orientation&quot;:&quot;0&quot;}\" data-image-title=\"\u0130lk defa h\u0131rs\u0131z\u0131n girdi\u011fi k\u00f6y\u00fcn h\u0131rs\u0131zl\u0131k zanl\u0131lar\u0131na ceza ya\u011fd\u0131\" data-image-description=\"&lt;p&gt;\u0130lk defa h\u0131rs\u0131z\u0131n girdi\u011fi k\u00f6y\u00fcn h\u0131rs\u0131zl\u0131k zanl\u0131lar\u0131na ceza ya\u011fd\u0131&lt;\/p&gt; \" data-medium-file=\"https:\/\/i0.wp.com\/www.tvturk.com\/wp-content\/uploads\/2019\/02\/ilk-defa-hirsizin-girdigi-koyun-hirsizlik-zanlilarina-ceza-yagdi_7591c6f.jpg?fit=200%2C300\" data-large-file=\"https:\/\/i0.wp.com\/www.tvturk.com\/wp-content\/uploads\/2019\/02\/ilk-defa-hirsizin-girdigi-koyun-hirsizlik-zanlilarina-ceza-yagdi_7591c6f.jpg?fit=666%2C1000\" src=\"https:\/\/i0.wp.com\/www.tvturk.com\/wp-content\/uploads\/2019\/02\/ilk-defa-hirsizin-girdigi-koyun-hirsizlik-zanlilarina-ceza-yagdi_7591c6f.jpg?w=496&#038;h=745\" srcset=\"https:\/\/i0.wp.com\/www.tvturk.com\/wp-content\/uploads\/2019\/02\/ilk-defa-hirsizin-girdigi-koyun-hirsizlik-zanlilarina-ceza-yagdi_7591c6f.jpg?w=666 666w, https:\/\/i0.wp.com\/www.tvturk.com\/wp-content\/uploads\/2019\/02\/ilk-defa-hirsizin-girdigi-koyun-hirsizlik-zanlilarina-ceza-yagdi_7591c6f.jpg?resize=100%2C150 100w, https:\/\/i0.wp.com\/www.tvturk.com\/wp-content\/uploads\/2019\/02\/ilk-defa-hirsizin-girdigi-koyun-hirsizlik-zanlilarina-ceza-yagdi_7591c6f.jpg?resize=200%2C300 200w\" width=\"496\" height=\"745\" loading=\"lazy\" data-original-width=\"496\" data-original-height=\"745\" itemprop=\"http:\/\/schema.org\/image\" title=\"\u0130lk defa h\u0131rs\u0131z\u0131n girdi\u011fi k\u00f6y\u00fcn h\u0131rs\u0131zl\u0131k zanl\u0131lar\u0131na ceza ya\u011fd\u0131\" alt=\"\u0130lk defa h\u0131rs\u0131z\u0131n girdi\u011fi k\u00f6y\u00fcn h\u0131rs\u0131zl\u0131k zanl\u0131lar\u0131na ceza ya\u011fd\u0131\" style=\"width: 496px; height: 745px;\" \/> <\/a> <\/div> <\/div> <!-- close group --> <\/div> <!-- close row --> <\/div><\/p>\n","protected":false},"excerpt":{"rendered":"<p>G\u0130RESUN\u2019UN KE\u015eAP \u0130L\u00c7ES\u0130NDE BA\u011eLI SAYCA K\u00d6Y\u00dcNDE 3 YIL \u00d6NCE YA\u015eANAN HIRSIZLIK OLAYINA \u0130L\u0130\u015eK\u0130N MAHKEME KARARINI A\u00c7IKLADI. K\u00d6Y TAR\u0130H\u0130NE G\u0130REN \u0130LK HIRSIZLIK OLAYININ 3 SANI\u011eI A.K, M.O VE N.K\u2019YA AYRI AYRI 9 YIL 5 AY TOPLAMDA \u0130SE 28 YIL 3 AY HAP\u0130S CEZASI VER\u0130LD\u0130.<\/p>\n","protected":false},"author":1,"featured_media":12504,"comment_status":"closed","ping_status":"open","sticky":false,"template":"","format":"standard","meta":{"jetpack_post_was_ever_published":false,"_jetpack_newsletter_access":"","_jetpack_dont_email_post_to_subs":false,"_jetpack_newsletter_tier_id":0,"_jetpack_memberships_contains_paywalled_content":false,"_jetpack_memberships_contains_paid_content":false,"footnotes":"","jetpack_publicize_message":"","jetpack_publicize_feature_enabled":true,"jetpack_social_post_already_shared":false,"jetpack_social_options":{"image_generator_settings":{"template":"highway","default_image_id":0,"font":"","enabled":false},"version":2}},"categories":[655],"tags":[236,6371,5550,6372,1372,37,6373,6375,6374],"class_list":["post-12503","post","type-post","status-publish","format-standard","has-post-thumbnail","hentry","category-son-dakika","tag-ceza","tag-defa","tag-girdigi","tag-hirsizin","tag-hirsizlik","tag-ilk","tag-koyun","tag-yagdi","tag-zanlilarina"],"jetpack_publicize_connections":[],"jetpack_featured_media_url":"https:\/\/i0.wp.com\/www.tvturk.com\/wp-content\/uploads\/2019\/02\/ilk-defa-hirsizin-girdigi-koyun-hirsizlik-zanlilarina-ceza-yagdi_6ae8388.jpg?fit=1000%2C664","jetpack_sharing_enabled":true,"jetpack_shortlink":"https:\/\/wp.me\/paKIfm-3fF","_links":{"self":[{"href":"http:\/\/www.tvturk.com\/index.php\/wp-json\/wp\/v2\/posts\/12503","targetHints":{"allow":["GET"]}}],"collection":[{"href":"http:\/\/www.tvturk.com\/index.php\/wp-json\/wp\/v2\/posts"}],"about":[{"href":"http:\/\/www.tvturk.com\/index.php\/wp-json\/wp\/v2\/types\/post"}],"author":[{"embeddable":true,"href":"http:\/\/www.tvturk.com\/index.php\/wp-json\/wp\/v2\/users\/1"}],"replies":[{"embeddable":true,"href":"http:\/\/www.tvturk.com\/index.php\/wp-json\/wp\/v2\/comments?post=12503"}],"version-history":[{"count":1,"href":"http:\/\/www.tvturk.com\/index.php\/wp-json\/wp\/v2\/posts\/12503\/revisions"}],"predecessor-version":[{"id":12506,"href":"http:\/\/www.tvturk.com\/index.php\/wp-json\/wp\/v2\/posts\/12503\/revisions\/12506"}],"wp:featuredmedia":[{"embeddable":true,"href":"http:\/\/www.tvturk.com\/index.php\/wp-json\/wp\/v2\/media\/12504"}],"wp:attachment":[{"href":"http:\/\/www.tvturk.com\/index.php\/wp-json\/wp\/v2\/media?parent=12503"}],"wp:term":[{"taxonomy":"category","embeddable":true,"href":"http:\/\/www.tvturk.com\/index.php\/wp-json\/wp\/v2\/categories?post=12503"},{"taxonomy":"post_tag","embeddable":true,"href":"http:\/\/www.tvturk.com\/index.php\/wp-json\/wp\/v2\/tags?post=12503"}],"curies":[{"name":"wp","href":"https:\/\/api.w.org\/{rel}","templated":true}]}}