{"id":125097,"date":"2019-04-05T11:23:26","date_gmt":"2019-04-05T08:23:26","guid":{"rendered":"http:\/\/www.tvturk.com\/index.php\/guti-gelecek-sezon-teknik-direktor-olmak-istiyorum\/"},"modified":"2019-04-05T11:23:26","modified_gmt":"2019-04-05T08:23:26","slug":"guti-gelecek-sezon-teknik-direktor-olmak-istiyorum","status":"publish","type":"post","link":"http:\/\/www.tvturk.com\/index.php\/guti-gelecek-sezon-teknik-direktor-olmak-istiyorum\/","title":{"rendered":"Guti: &#8220;Gelecek sezon teknik direkt\u00f6r olmak istiyorum&#8221;"},"content":{"rendered":"<p>Be\u015fikta\u015f\u2019ta yard\u0131mc\u0131 antren\u00f6rl\u00fck yapan Guti, gelecek sezon teknik direkt\u00f6rl\u00fck yapmak istedi\u011fini s\u00f6yledi.<\/p>\n<p>Bir d\u00f6nem siyah-beyazl\u0131 tak\u0131m\u0131n formas\u0131n\u0131 da terleten eski \u0130spanyol y\u0131ld\u0131z Guti, Marca gazetesine a\u00e7\u0131klamalarda bulundu. Sezon sonunda \u015eenol G\u00fcne\u015f\u2019in Milli Tak\u0131m\u2019\u0131n ba\u015f\u0131na ge\u00e7ecek olmas\u0131yla Be\u015fikta\u015f Teknik Direkt\u00f6rl\u00fc\u011f\u00fc i\u00e7in ad\u0131 ge\u00e7en Guti, \u201cGelecek sezon teknik direkt\u00f6r olarak \u00e7al\u0131\u015fmay\u0131 hedefliyorum\u201d dedi.<\/p>\n<p>&#8220;Kariyerimi geli\u015ftirmeye \u00e7al\u0131\u015f\u0131yorum&#8221;<\/p>\n<p>Guti, &#8220;Be\u015fikta\u015f\u2019ta antren\u00f6r olarak \u00f6nemli bir tecr\u00fcbe ediniyorum. A\u00e7\u0131k\u00e7as\u0131 b\u00f6yle bir konumda oldu\u011fum i\u00e7in mutluyum. Kariyerimi geli\u015ftirmeye \u00e7al\u0131\u015f\u0131yorum. Buras\u0131 geli\u015fimim i\u00e7in bana yard\u0131mc\u0131 oluyor. Olmak istedi\u011fim konuma gelmem i\u00e7in destek oluyor. Kolay ve basit olmad\u0131\u011f\u0131n\u0131 biliyorum, bu bir ger\u00e7ek&#8221; ifadelerini kulland\u0131.<\/p>\n<p>&#8220;Be\u015fikta\u015f\u2019ta mutluyum&#8221;<\/p>\n<p>Bir d\u00f6nem Real Madrid\u2019in altyap\u0131 tak\u0131m\u0131n\u0131n ba\u015f\u0131nda g\u00f6rev alan Guti, &#8220;Real Madrid\u2019in altyap\u0131 tak\u0131m\u0131n\u0131 y\u00f6netmekle Be\u015fikta\u015f\u2019ta yard\u0131mc\u0131 antren\u00f6r olmak aras\u0131nda fark var. Gen\u00e7 tak\u0131mda kazanmak istiyorsun ama as\u0131l futbolcular\u0131n e\u011fitilmesini hedefliyorsun. Profesyonel olmalar\u0131n\u0131 istiyorsun. Be\u015fikta\u015f ise kupalar kazanmak zorunda olan ve sava\u015fan bir kul\u00fcp. S\u00fcper Lig\u2019de yar\u0131\u015fmak kolay de\u011fil. \u0130\u015fler iyi gitmezse bunun karma\u015f\u0131k olaca\u011f\u0131n\u0131 biliyordum. Tecr\u00fcbe kazan\u0131yorum ve Be\u015fikta\u015f\u2019ta mutluyum&#8221; diye konu\u015ftu.<\/p>\n<p>&#8220;B\u00fcy\u00fck bir co\u015fkuyla bekliyorum&#8221;<\/p>\n<p>Gelecek sezon Be\u015fikta\u015f\u2019ta kal\u0131p kalmayaca\u011f\u0131yla ilgili konu\u015fan Guti, &#8220;Real Madrid\u2019den ayr\u0131ld\u0131m \u00e7\u00fcnk\u00fc geli\u015fmeliydim. Gelecek sezon teknik direkt\u00f6r olarak \u00e7al\u0131\u015fmak istiyorum. Be\u015fikta\u015f\u2019ta mutluyum ama gelecekte ne olaca\u011f\u0131n\u0131 bilemezsiniz. \u015eu anda att\u0131\u011f\u0131m ad\u0131mlardan memnunum. Heyecanl\u0131 bir \u015fekilde, b\u00fcy\u00fck bir co\u015fkuyla bekliyorum. Bu yaz olaca\u011f\u0131n\u0131 umuyorum&#8221; \u015feklinde konu\u015ftu.<\/p>\n<p>\u0130spanyol antren\u00f6r, &#8220;\u015eu anda hem kafa olarak hem de teknik anlamda kendimi haz\u0131rl\u0131yorum. Birinci teknik adaml\u0131\u011fa haz\u0131rlan\u0131yorum. Bunun i\u00e7in de her \u015feyi yapmal\u0131y\u0131m, biliyorum&#8221; dedi.<\/p>\n","protected":false},"excerpt":{"rendered":"<p>BE\u015e\u0130KTA\u015e&#8217;TA YARDIMCI ANTREN\u00d6RL\u00dcK YAPAN GUT\u0130, GELECEK SEZON TEKN\u0130K D\u0130REKT\u00d6RL\u00dcK YAPMAK \u0130STED\u0130\u011e\u0130N\u0130 S\u00d6YLED\u0130.<\/p>\n","protected":false},"author":1,"featured_media":125098,"comment_status":"closed","ping_status":"open","sticky":false,"template":"","format":"standard","meta":{"jetpack_post_was_ever_published":false,"_jetpack_newsletter_access":"","_jetpack_dont_email_post_to_subs":false,"_jetpack_newsletter_tier_id":0,"_jetpack_memberships_contains_paywalled_content":false,"_jetpack_memberships_contains_paid_content":false,"footnotes":"","jetpack_publicize_message":"","jetpack_publicize_feature_enabled":true,"jetpack_social_post_already_shared":true,"jetpack_social_options":{"image_generator_settings":{"template":"highway","default_image_id":0,"font":"","enabled":false},"version":2}},"categories":[657],"tags":[2083,81,23142,12605,1364,4954,2082],"class_list":["post-125097","post","type-post","status-publish","format-standard","has-post-thumbnail","hentry","category-spor","tag-direktor","tag-gelecek","tag-guti","tag-istiyorum","tag-olmak","tag-sezon","tag-teknik"],"jetpack_publicize_connections":[],"jetpack_featured_media_url":"https:\/\/i0.wp.com\/www.tvturk.com\/wp-content\/uploads\/2019\/04\/guti-gelecek-sezon-teknik-direktor-olmak-istiyorum_2be1c60.jpg?fit=932%2C1000","jetpack_sharing_enabled":true,"jetpack_shortlink":"https:\/\/wp.me\/paKIfm-wxH","_links":{"self":[{"href":"http:\/\/www.tvturk.com\/index.php\/wp-json\/wp\/v2\/posts\/125097","targetHints":{"allow":["GET"]}}],"collection":[{"href":"http:\/\/www.tvturk.com\/index.php\/wp-json\/wp\/v2\/posts"}],"about":[{"href":"http:\/\/www.tvturk.com\/index.php\/wp-json\/wp\/v2\/types\/post"}],"author":[{"embeddable":true,"href":"http:\/\/www.tvturk.com\/index.php\/wp-json\/wp\/v2\/users\/1"}],"replies":[{"embeddable":true,"href":"http:\/\/www.tvturk.com\/index.php\/wp-json\/wp\/v2\/comments?post=125097"}],"version-history":[{"count":0,"href":"http:\/\/www.tvturk.com\/index.php\/wp-json\/wp\/v2\/posts\/125097\/revisions"}],"wp:featuredmedia":[{"embeddable":true,"href":"http:\/\/www.tvturk.com\/index.php\/wp-json\/wp\/v2\/media\/125098"}],"wp:attachment":[{"href":"http:\/\/www.tvturk.com\/index.php\/wp-json\/wp\/v2\/media?parent=125097"}],"wp:term":[{"taxonomy":"category","embeddable":true,"href":"http:\/\/www.tvturk.com\/index.php\/wp-json\/wp\/v2\/categories?post=125097"},{"taxonomy":"post_tag","embeddable":true,"href":"http:\/\/www.tvturk.com\/index.php\/wp-json\/wp\/v2\/tags?post=125097"}],"curies":[{"name":"wp","href":"https:\/\/api.w.org\/{rel}","templated":true}]}}