{"id":125115,"date":"2019-04-05T11:28:30","date_gmt":"2019-04-05T08:28:30","guid":{"rendered":"http:\/\/www.tvturk.com\/index.php\/evkur-yeni-malatyaspor-bu-kez-ligde-galatasarayin-konugu\/"},"modified":"2019-04-05T11:28:32","modified_gmt":"2019-04-05T08:28:32","slug":"evkur-yeni-malatyaspor-bu-kez-ligde-galatasarayin-konugu","status":"publish","type":"post","link":"http:\/\/www.tvturk.com\/index.php\/evkur-yeni-malatyaspor-bu-kez-ligde-galatasarayin-konugu\/","title":{"rendered":"Evkur Yeni Malatyaspor bu kez ligde Galatasaray\u2019\u0131n konu\u011fu"},"content":{"rendered":"<p>Evkur Yeni Malatyaspor S\u00fcper Lig\u2019in 27. haftas\u0131nda deplasmanda Galatasaray ile oynayaca\u011f\u0131 ma\u00e7\u0131n haz\u0131rl\u0131klar\u0131n\u0131 s\u00fcrd\u00fcr\u00fcyor.<\/p>\n<p>Galatasaray ile oynanan kupa ma\u00e7\u0131nda ayak parma\u011f\u0131 k\u0131r\u0131lan defans oyuncusu Mustafa Akba\u015f\u2019\u0131n kat\u0131lmad\u0131\u011f\u0131 \u00e7al\u0131\u015fmada taktik \u00e7ift kale ma\u00e7 yapan Malatya ekibi, ma\u00e7 saatini beklemeye ba\u015flad\u0131. Mustafa Akba\u015f\u2019\u0131n yar\u0131n Galatasaray kar\u015f\u0131s\u0131nda oynayamayaca\u011f\u0131, yerine Robin Yal\u00e7\u0131n\u2019\u0131n savunmada g\u00f6rev alaca\u011f\u0131 belirtildi.<\/p>\n<p>Ba\u015fak\u015fehir Tesisleri\u2019nde yap\u0131lan son antrenmanda futbolcular\u0131na ma\u00e7la ilgili uyar\u0131larda bulunan Teknik Direkt\u00f6r Erol Bulut\u2019un, yar\u0131nki 90 dakikan\u0131n kupa ma\u00e7\u0131ndan daha zorlu ge\u00e7ece\u011fini s\u00f6yledi\u011fi \u00f6\u011frenildi.<\/p>\n<p>Evkur Yeni Malatyaspor\u2019un yar\u0131n saat 19.00\u2019da oynanacak Galatasaray kar\u015f\u0131la\u015fmas\u0131na Farnolle, Chabake, Mina, Robin, B\u00fclent, Donald, Murat, Guilherme, Aleksic, Adem ve Kamara on biriyle \u00e7\u0131kmas\u0131 bekleniyor.<\/p>\n<p>Malatya ekibi, S\u00fcper Lig\u2019in ilk yar\u0131s\u0131nda iki tak\u0131m aras\u0131nda Malatya\u2019da oynanan kar\u015f\u0131la\u015fmay\u0131 Donald ve Adem\u2019in kaydetti\u011fi gollerle 2-0 kazanm\u0131\u015ft\u0131.<\/p>\n<p>Galatasaray ile Evkur Yeni Malatyaspor Ziraat T\u00fcrkiye Kupas\u0131 Yar\u0131 Final ilk ma\u00e7\u0131nda ise 0-0 berabere kald\u0131.<div class=\"tiled-gallery type-rectangular tiled-gallery-unresized\" data-original-width=\"500\" data-carousel-extra='null' itemscope itemtype=\"http:\/\/schema.org\/ImageGallery\" > <div class=\"gallery-row\" style=\"width: 500px; height: 168px;\" data-original-width=\"500\" data-original-height=\"168\" > <div class=\"gallery-group images-1\" style=\"width: 250px; height: 168px;\" data-original-width=\"250\" data-original-height=\"168\" > <div class=\"tiled-gallery-item tiled-gallery-item-small\" itemprop=\"associatedMedia\" itemscope itemtype=\"http:\/\/schema.org\/ImageObject\"> <a href=\"http:\/\/www.tvturk.com\/index.php\/evkur-yeni-malatyaspor-bu-kez-ligde-galatasarayin-konugu\/evkur-yeni-malatyaspor-bu-kez-ligde-galatasarayin-konugu-3\/\" border=\"0\" itemprop=\"url\"> <meta itemprop=\"width\" content=\"246\"> <meta itemprop=\"height\" content=\"164\"> <img decoding=\"async\" class=\"\" data-attachment-id=\"125117\" data-orig-file=\"http:\/\/www.tvturk.com\/wp-content\/uploads\/2019\/04\/evkur-yeni-malatyaspor-bu-kez-ligde-galatasarayin-konugu_b37cd7d.jpg\" data-orig-size=\"960,639\" data-comments-opened=\"\" data-image-meta=\"{&quot;aperture&quot;:&quot;0&quot;,&quot;credit&quot;:&quot;IHA&quot;,&quot;camera&quot;:&quot;&quot;,&quot;caption&quot;:&quot;EVKUR YEN\\u0130 MALATYASPOR S\\u00dcPER L\\u0130G\\u2019\\u0130N 27. HAFTASINDA DEPLASMANDA GALATASARAY \\u0130LE OYNAYACA\\u011eI MA\\u00c7IN HAZIRLIKLARINI S\\u00dcRD\\u00dcR\\u00dcYOR. (MEHMET T\\u00dcREL\\\/MALATYA-\\u0130HA)&quot;,&quot;created_timestamp&quot;:&quot;0&quot;,&quot;copyright&quot;:&quot;\\u0130HLAS HABER AJANSI, www.iha.com.tr&quot;,&quot;focal_length&quot;:&quot;0&quot;,&quot;iso&quot;:&quot;0&quot;,&quot;shutter_speed&quot;:&quot;0&quot;,&quot;title&quot;:&quot;EVKUR YEN\\u0130 MALATYASPOR BU KEZ L\\u0130GDE GALATASARAY\\u2019IN KONU\\u011eU&quot;,&quot;orientation&quot;:&quot;0&quot;}\" data-image-title=\"Evkur Yeni Malatyaspor bu kez ligde Galatasaray\u2019\u0131n konu\u011fu\" data-image-description=\"&lt;p&gt;Evkur Yeni Malatyaspor bu kez ligde Galatasaray\u2019\u0131n konu\u011fu&lt;\/p&gt; \" data-medium-file=\"https:\/\/i0.wp.com\/www.tvturk.com\/wp-content\/uploads\/2019\/04\/evkur-yeni-malatyaspor-bu-kez-ligde-galatasarayin-konugu_b37cd7d.jpg?fit=300%2C200\" data-large-file=\"https:\/\/i0.wp.com\/www.tvturk.com\/wp-content\/uploads\/2019\/04\/evkur-yeni-malatyaspor-bu-kez-ligde-galatasarayin-konugu_b37cd7d.jpg?fit=960%2C639\" src=\"https:\/\/i0.wp.com\/www.tvturk.com\/wp-content\/uploads\/2019\/04\/evkur-yeni-malatyaspor-bu-kez-ligde-galatasarayin-konugu_b37cd7d.jpg?w=246&#038;h=164\" srcset=\"https:\/\/i0.wp.com\/www.tvturk.com\/wp-content\/uploads\/2019\/04\/evkur-yeni-malatyaspor-bu-kez-ligde-galatasarayin-konugu_b37cd7d.jpg?w=960 960w, https:\/\/i0.wp.com\/www.tvturk.com\/wp-content\/uploads\/2019\/04\/evkur-yeni-malatyaspor-bu-kez-ligde-galatasarayin-konugu_b37cd7d.jpg?resize=150%2C100 150w, https:\/\/i0.wp.com\/www.tvturk.com\/wp-content\/uploads\/2019\/04\/evkur-yeni-malatyaspor-bu-kez-ligde-galatasarayin-konugu_b37cd7d.jpg?resize=300%2C200 300w, https:\/\/i0.wp.com\/www.tvturk.com\/wp-content\/uploads\/2019\/04\/evkur-yeni-malatyaspor-bu-kez-ligde-galatasarayin-konugu_b37cd7d.jpg?resize=768%2C511 768w, https:\/\/i0.wp.com\/www.tvturk.com\/wp-content\/uploads\/2019\/04\/evkur-yeni-malatyaspor-bu-kez-ligde-galatasarayin-konugu_b37cd7d.jpg?resize=170%2C113 170w, https:\/\/i0.wp.com\/www.tvturk.com\/wp-content\/uploads\/2019\/04\/evkur-yeni-malatyaspor-bu-kez-ligde-galatasarayin-konugu_b37cd7d.jpg?resize=120%2C80 120w\" width=\"246\" height=\"164\" loading=\"lazy\" data-original-width=\"246\" data-original-height=\"164\" itemprop=\"http:\/\/schema.org\/image\" title=\"Evkur Yeni Malatyaspor bu kez ligde Galatasaray\u2019\u0131n konu\u011fu\" alt=\"Evkur Yeni Malatyaspor bu kez ligde Galatasaray\u2019\u0131n konu\u011fu\" style=\"width: 246px; height: 164px;\" \/> <\/a> <\/div> <\/div> <!-- close group --> <div class=\"gallery-group images-1\" style=\"width: 250px; height: 168px;\" data-original-width=\"250\" data-original-height=\"168\" > <div class=\"tiled-gallery-item tiled-gallery-item-small\" itemprop=\"associatedMedia\" itemscope itemtype=\"http:\/\/schema.org\/ImageObject\"> <a href=\"http:\/\/www.tvturk.com\/index.php\/evkur-yeni-malatyaspor-bu-kez-ligde-galatasarayin-konugu\/evkur-yeni-malatyaspor-bu-kez-ligde-galatasarayin-konugu-4\/\" border=\"0\" itemprop=\"url\"> <meta itemprop=\"width\" content=\"246\"> <meta itemprop=\"height\" content=\"164\"> <img decoding=\"async\" class=\"\" data-attachment-id=\"125118\" data-orig-file=\"http:\/\/www.tvturk.com\/wp-content\/uploads\/2019\/04\/evkur-yeni-malatyaspor-bu-kez-ligde-galatasarayin-konugu_c1e107f.jpg\" data-orig-size=\"960,639\" data-comments-opened=\"\" data-image-meta=\"{&quot;aperture&quot;:&quot;0&quot;,&quot;credit&quot;:&quot;IHA&quot;,&quot;camera&quot;:&quot;&quot;,&quot;caption&quot;:&quot;EVKUR YEN\\u0130 MALATYASPOR S\\u00dcPER L\\u0130G\\u2019\\u0130N 27. HAFTASINDA DEPLASMANDA GALATASARAY \\u0130LE OYNAYACA\\u011eI MA\\u00c7IN HAZIRLIKLARINI S\\u00dcRD\\u00dcR\\u00dcYOR. (MEHMET T\\u00dcREL\\\/MALATYA-\\u0130HA)&quot;,&quot;created_timestamp&quot;:&quot;0&quot;,&quot;copyright&quot;:&quot;\\u0130HLAS HABER AJANSI, www.iha.com.tr&quot;,&quot;focal_length&quot;:&quot;0&quot;,&quot;iso&quot;:&quot;0&quot;,&quot;shutter_speed&quot;:&quot;0&quot;,&quot;title&quot;:&quot;EVKUR YEN\\u0130 MALATYASPOR BU KEZ L\\u0130GDE GALATASARAY\\u2019IN KONU\\u011eU&quot;,&quot;orientation&quot;:&quot;0&quot;}\" data-image-title=\"Evkur Yeni Malatyaspor bu kez ligde Galatasaray\u2019\u0131n konu\u011fu\" data-image-description=\"&lt;p&gt;Evkur Yeni Malatyaspor bu kez ligde Galatasaray\u2019\u0131n konu\u011fu&lt;\/p&gt; \" data-medium-file=\"https:\/\/i0.wp.com\/www.tvturk.com\/wp-content\/uploads\/2019\/04\/evkur-yeni-malatyaspor-bu-kez-ligde-galatasarayin-konugu_c1e107f.jpg?fit=300%2C200\" data-large-file=\"https:\/\/i0.wp.com\/www.tvturk.com\/wp-content\/uploads\/2019\/04\/evkur-yeni-malatyaspor-bu-kez-ligde-galatasarayin-konugu_c1e107f.jpg?fit=960%2C639\" src=\"https:\/\/i0.wp.com\/www.tvturk.com\/wp-content\/uploads\/2019\/04\/evkur-yeni-malatyaspor-bu-kez-ligde-galatasarayin-konugu_c1e107f.jpg?w=246&#038;h=164\" srcset=\"https:\/\/i0.wp.com\/www.tvturk.com\/wp-content\/uploads\/2019\/04\/evkur-yeni-malatyaspor-bu-kez-ligde-galatasarayin-konugu_c1e107f.jpg?w=960 960w, https:\/\/i0.wp.com\/www.tvturk.com\/wp-content\/uploads\/2019\/04\/evkur-yeni-malatyaspor-bu-kez-ligde-galatasarayin-konugu_c1e107f.jpg?resize=150%2C100 150w, https:\/\/i0.wp.com\/www.tvturk.com\/wp-content\/uploads\/2019\/04\/evkur-yeni-malatyaspor-bu-kez-ligde-galatasarayin-konugu_c1e107f.jpg?resize=300%2C200 300w, https:\/\/i0.wp.com\/www.tvturk.com\/wp-content\/uploads\/2019\/04\/evkur-yeni-malatyaspor-bu-kez-ligde-galatasarayin-konugu_c1e107f.jpg?resize=768%2C511 768w, https:\/\/i0.wp.com\/www.tvturk.com\/wp-content\/uploads\/2019\/04\/evkur-yeni-malatyaspor-bu-kez-ligde-galatasarayin-konugu_c1e107f.jpg?resize=170%2C113 170w, https:\/\/i0.wp.com\/www.tvturk.com\/wp-content\/uploads\/2019\/04\/evkur-yeni-malatyaspor-bu-kez-ligde-galatasarayin-konugu_c1e107f.jpg?resize=120%2C80 120w\" width=\"246\" height=\"164\" loading=\"lazy\" data-original-width=\"246\" data-original-height=\"164\" itemprop=\"http:\/\/schema.org\/image\" title=\"Evkur Yeni Malatyaspor bu kez ligde Galatasaray\u2019\u0131n konu\u011fu\" alt=\"Evkur Yeni Malatyaspor bu kez ligde Galatasaray\u2019\u0131n konu\u011fu\" style=\"width: 246px; height: 164px;\" \/> <\/a> <\/div> <\/div> <!-- close group --> <\/div> <!-- close row --> <\/div><\/p>\n","protected":false},"excerpt":{"rendered":"<p>EVKUR YEN\u0130 MALATYASPOR S\u00dcPER L\u0130G\u2019\u0130N 27. HAFTASINDA DEPLASMANDA GALATASARAY \u0130LE OYNAYACA\u011eI MA\u00c7IN HAZIRLIKLARINI S\u00dcRD\u00dcR\u00dcYOR.<\/p>\n","protected":false},"author":1,"featured_media":125116,"comment_status":"closed","ping_status":"open","sticky":false,"template":"","format":"standard","meta":{"jetpack_post_was_ever_published":false,"_jetpack_newsletter_access":"","_jetpack_dont_email_post_to_subs":false,"_jetpack_newsletter_tier_id":0,"_jetpack_memberships_contains_paywalled_content":false,"_jetpack_memberships_contains_paid_content":false,"footnotes":"","jetpack_publicize_message":"","jetpack_publicize_feature_enabled":true,"jetpack_social_post_already_shared":true,"jetpack_social_options":{"image_generator_settings":{"template":"highway","default_image_id":0,"font":"","enabled":false},"version":2}},"categories":[657],"tags":[14168,17835,1497,7542,8715,528,87],"class_list":["post-125115","post","type-post","status-publish","format-standard","has-post-thumbnail","hentry","category-spor","tag-evkur","tag-galatasarayin","tag-kez","tag-konugu","tag-ligde","tag-malatyaspor","tag-yeni"],"jetpack_publicize_connections":[],"jetpack_featured_media_url":"https:\/\/i0.wp.com\/www.tvturk.com\/wp-content\/uploads\/2019\/04\/evkur-yeni-malatyaspor-bu-kez-ligde-galatasarayin-konugu_9ba7a98.jpg?fit=960%2C639","jetpack_sharing_enabled":true,"jetpack_shortlink":"https:\/\/wp.me\/paKIfm-wxZ","_links":{"self":[{"href":"http:\/\/www.tvturk.com\/index.php\/wp-json\/wp\/v2\/posts\/125115","targetHints":{"allow":["GET"]}}],"collection":[{"href":"http:\/\/www.tvturk.com\/index.php\/wp-json\/wp\/v2\/posts"}],"about":[{"href":"http:\/\/www.tvturk.com\/index.php\/wp-json\/wp\/v2\/types\/post"}],"author":[{"embeddable":true,"href":"http:\/\/www.tvturk.com\/index.php\/wp-json\/wp\/v2\/users\/1"}],"replies":[{"embeddable":true,"href":"http:\/\/www.tvturk.com\/index.php\/wp-json\/wp\/v2\/comments?post=125115"}],"version-history":[{"count":1,"href":"http:\/\/www.tvturk.com\/index.php\/wp-json\/wp\/v2\/posts\/125115\/revisions"}],"predecessor-version":[{"id":125119,"href":"http:\/\/www.tvturk.com\/index.php\/wp-json\/wp\/v2\/posts\/125115\/revisions\/125119"}],"wp:featuredmedia":[{"embeddable":true,"href":"http:\/\/www.tvturk.com\/index.php\/wp-json\/wp\/v2\/media\/125116"}],"wp:attachment":[{"href":"http:\/\/www.tvturk.com\/index.php\/wp-json\/wp\/v2\/media?parent=125115"}],"wp:term":[{"taxonomy":"category","embeddable":true,"href":"http:\/\/www.tvturk.com\/index.php\/wp-json\/wp\/v2\/categories?post=125115"},{"taxonomy":"post_tag","embeddable":true,"href":"http:\/\/www.tvturk.com\/index.php\/wp-json\/wp\/v2\/tags?post=125115"}],"curies":[{"name":"wp","href":"https:\/\/api.w.org\/{rel}","templated":true}]}}