{"id":125455,"date":"2019-04-05T14:42:29","date_gmt":"2019-04-05T11:42:29","guid":{"rendered":"http:\/\/www.tvturk.com\/index.php\/galatasaray-derneklerine-fenerbahcenin-kampanyasina-1905-tl-ile-katilim-cagrisi\/"},"modified":"2019-04-05T14:42:29","modified_gmt":"2019-04-05T11:42:29","slug":"galatasaray-derneklerine-fenerbahcenin-kampanyasina-1905-tl-ile-katilim-cagrisi","status":"publish","type":"post","link":"http:\/\/www.tvturk.com\/index.php\/galatasaray-derneklerine-fenerbahcenin-kampanyasina-1905-tl-ile-katilim-cagrisi\/","title":{"rendered":"Galatasaray derneklerine, Fenerbah\u00e7e\u2019nin kampanyas\u0131na 1905 TL ile kat\u0131l\u0131m \u00e7a\u011fr\u0131s\u0131"},"content":{"rendered":"<p>Konya Galatasarayl\u0131lar Derne\u011fi ve GS Dernekleri Platformu Ba\u015fkan\u0131 S\u0131tk\u0131 Korkmaz, t\u00fcm Galatasaray derneklerini, Fenerbah\u00e7e Kul\u00fcb\u00fc\u2019n\u00fcn ba\u015flatt\u0131\u011f\u0131 \u2019Fener ol\u2019 kampanyas\u0131na \u2019Fener ol\u2019may\u0131z ama Fenersiz de ol\u2019may\u0131z\u2019 slogan\u0131yla kat\u0131lmaya \u00e7a\u011f\u0131rd\u0131.<\/p>\n<p>Konya Galatasaray Taraftarlar Derne\u011fi ve Galatasaray Dernekleri Platformu Ba\u015fkan\u0131 S\u0131tk\u0131 Korkmaz yapt\u0131\u011f\u0131 a\u00e7\u0131klamada, Fenerbah\u00e7e Kul\u00fcb\u00fc taraf\u0131ndan ba\u015flat\u0131lan \u2019Fener Ol\u2019 projesini de\u011ferlendirdi. Konuya Fenerbah\u00e7e\u2019nin i\u00e7 meselesi ya da sadece Fenerbah\u00e7elileri ilgilendiren bir durum g\u00f6z\u00fcyle bakmad\u0131klar\u0131n\u0131 ifade eden S\u0131tk\u0131 Korkmaz, \u201cGerek sportif ba\u015far\u0131da gerekse de ekonomik anlamda Fenerbah\u00e7e\u2019nin tarihinin en k\u00f6t\u00fc durumunda olmas\u0131 herkesten \u00f6nce bizleri \u00fczmektedir. \u00c7\u00fcnk\u00fc Galatasaray ruhu, yar\u0131\u015fmac\u0131, rekabeti hayat\u0131n\u0131n her an\u0131nda ya\u015famak isteyen, dinamizmi seven, dinamizmini korumak i\u00e7in de ezeli rakiplerinin kendisini arzulu bir \u015fekilde takip etmesini umut eden bir ruhtur. Dolay\u0131s\u0131yla Fenerbah\u00e7e\u2019nin son d\u00f6nemde i\u00e7ine d\u00fc\u015ft\u00fc\u011f\u00fc durum en \u00e7ok da biz Galatasarayl\u0131lar\u0131 \u00fczmektedir. Gerek sportif gerekse de ekonomik anlamda \u00e7\u00f6ken Fenerbah\u00e7e\u2019nin oldu\u011fu lig, Galatasaray i\u00e7in yar\u0131\u015fmas\u0131z, tats\u0131z ve tutsuz bir ligdir\u201d dedi.<\/p>\n<p>Fenerbah\u00e7e Ba\u015fkan\u0131 Ali Ko\u00e7 taraf\u0131ndan ba\u015flat\u0131lan kampanyay\u0131 olumlu g\u00f6rd\u00fcklerini ifade den Korkmaz projeyi \u2019Fener ol\u2019may\u0131z ama Fenersiz de ol\u2019may\u0131z\u2019 slogan\u0131yla desteklerini kaydetti. Korkmaz, \u201cGalatasaray derneklerine \u00e7a\u011fr\u0131da bulunuyor, Fenerbah\u00e7e\u2019nin kampanyas\u0131na 1905\u2019er TL katk\u0131da bulunmalar\u0131n\u0131 istiyorum. Konya Galatasaray Taraftarlar Derne\u011fi olarak ayn\u0131 miktarda bir yard\u0131mda bulunaca\u011f\u0131z. \u015eimdiden kampanyan\u0131n hay\u0131rl\u0131 olmas\u0131n\u0131 diliyor ve Fenerbah\u00e7e\u2019nin eski g\u00fcnlerine d\u00f6nerek arzulu takibini s\u00fcrd\u00fcrmesini temenni ediyorum \u201d diye konu\u015ftu.<\/p>\n","protected":false},"excerpt":{"rendered":"<p>KONYA GALATASARAYLILAR DERNE\u011e\u0130 VE GS DERNEKLER\u0130 PLATFORMU BA\u015eKANI SITKI KORKMAZ, T\u00dcM GALATASARAY DERNEKLER\u0130N\u0130 FENERBAH\u00c7E KUL\u00dcB\u00dc\u2019N\u00dcN BA\u015eLATTI\u011eI \u201cFENER OL\u201d KAMPANYASINA \u201cFENER OL\u2019MAYIZ AMA FENERS\u0130Z DE OL\u2019MAYIZ\u201d SLOGANIYLA KATILMAYA \u00c7A\u011eIRDI.<\/p>\n","protected":false},"author":1,"featured_media":125456,"comment_status":"closed","ping_status":"open","sticky":false,"template":"","format":"standard","meta":{"jetpack_post_was_ever_published":false,"_jetpack_newsletter_access":"","_jetpack_dont_email_post_to_subs":false,"_jetpack_newsletter_tier_id":0,"_jetpack_memberships_contains_paywalled_content":false,"_jetpack_memberships_contains_paid_content":false,"footnotes":"","jetpack_publicize_message":"","jetpack_publicize_feature_enabled":true,"jetpack_social_post_already_shared":true,"jetpack_social_options":{"image_generator_settings":{"template":"highway","default_image_id":0,"font":"","enabled":false},"version":2}},"categories":[657],"tags":[16658,29680,5140,10000,1976,192,4647,2315],"class_list":["post-125455","post","type-post","status-publish","format-standard","has-post-thumbnail","hentry","category-spor","tag-fenerbahcenin","tag-29680","tag-cagrisi","tag-derneklerine","tag-galatasaray","tag-ile","tag-kampanyasina","tag-katilim"],"jetpack_publicize_connections":[],"jetpack_featured_media_url":"https:\/\/i0.wp.com\/www.tvturk.com\/wp-content\/uploads\/2019\/04\/galatasaray-derneklerine-fenerbahcenin-kampanyasina-1905-tl-ile-katilim-cagrisi_5079354.jpg?fit=750%2C1000","jetpack_sharing_enabled":true,"jetpack_shortlink":"https:\/\/wp.me\/paKIfm-wDt","_links":{"self":[{"href":"http:\/\/www.tvturk.com\/index.php\/wp-json\/wp\/v2\/posts\/125455","targetHints":{"allow":["GET"]}}],"collection":[{"href":"http:\/\/www.tvturk.com\/index.php\/wp-json\/wp\/v2\/posts"}],"about":[{"href":"http:\/\/www.tvturk.com\/index.php\/wp-json\/wp\/v2\/types\/post"}],"author":[{"embeddable":true,"href":"http:\/\/www.tvturk.com\/index.php\/wp-json\/wp\/v2\/users\/1"}],"replies":[{"embeddable":true,"href":"http:\/\/www.tvturk.com\/index.php\/wp-json\/wp\/v2\/comments?post=125455"}],"version-history":[{"count":0,"href":"http:\/\/www.tvturk.com\/index.php\/wp-json\/wp\/v2\/posts\/125455\/revisions"}],"wp:featuredmedia":[{"embeddable":true,"href":"http:\/\/www.tvturk.com\/index.php\/wp-json\/wp\/v2\/media\/125456"}],"wp:attachment":[{"href":"http:\/\/www.tvturk.com\/index.php\/wp-json\/wp\/v2\/media?parent=125455"}],"wp:term":[{"taxonomy":"category","embeddable":true,"href":"http:\/\/www.tvturk.com\/index.php\/wp-json\/wp\/v2\/categories?post=125455"},{"taxonomy":"post_tag","embeddable":true,"href":"http:\/\/www.tvturk.com\/index.php\/wp-json\/wp\/v2\/tags?post=125455"}],"curies":[{"name":"wp","href":"https:\/\/api.w.org\/{rel}","templated":true}]}}