{"id":125517,"date":"2019-04-05T15:02:34","date_gmt":"2019-04-05T12:02:34","guid":{"rendered":"http:\/\/www.tvturk.com\/index.php\/gelecegin-sampiyonlari-afyonda-secilecek\/"},"modified":"2019-04-05T15:02:34","modified_gmt":"2019-04-05T12:02:34","slug":"gelecegin-sampiyonlari-afyonda-secilecek","status":"publish","type":"post","link":"http:\/\/www.tvturk.com\/index.php\/gelecegin-sampiyonlari-afyonda-secilecek\/","title":{"rendered":"Gelece\u011fin \u015fampiyonlar\u0131 Afyon\u2019da se\u00e7ilecek"},"content":{"rendered":"<p>Afyonkarahisar Belediyesi taraf\u0131ndan yap\u0131lan Afyon Motor Sporlar\u0131 Merkezi\u2019nde gelece\u011fin yar\u0131\u015f\u00e7\u0131lar\u0131n\u0131n yeti\u015fece\u011fi CF Moto 250 Kupas\u0131 se\u00e7meleri yap\u0131lacak.<\/p>\n<p>T\u00fcrkiye Motosiklet Federasyonu ve sponsor firma i\u015fbirli\u011fi ile ilk kez ger\u00e7ekle\u015ftirilecek CF Moto 250 Kupas\u0131 i\u00e7in T\u00fcrkiye genelinden gen\u00e7 yetenekler yar\u0131n ve Pazar g\u00fcn\u00fc Afyonkarahisar\u2019a gelecek.<\/p>\n<p>Afyonkarahisar Belediyesi\u2019nin katk\u0131lar\u0131yla Motosiklet Federasyonu ve ilgili firma taraf\u0131ndan yap\u0131lacak \u2018CF Moto 250 Kupas\u0131 i\u00e7in T\u00fcrkiye genelinden gen\u00e7 yetenekler Afyonkarahisar\u2019a gelecek. 6-7 Nisan tarihlerinde yap\u0131lacak se\u00e7melere 100\u2019e yak\u0131n ya\u015flar\u0131 13 ila 18 aras\u0131ndaki gen\u00e7ler kat\u0131lacak.<\/p>\n<p>D\u00fcnyada kendi kategorisinde lider olan CF Moto sponsorlu\u011funda \u00fclkemizdeki yetenekli gen\u00e7ler \u2018CF Moto 250 Kupas\u0131\u2019 ile hayallerine kavu\u015facak. Gelece\u011fin yar\u0131\u015f\u00e7\u0131lar\u0131n\u0131n haz\u0131rlanaca\u011f\u0131 kupada, hedeflerini ger\u00e7ekle\u015ftirmek isteyen 13-18 ya\u015f aral\u0131\u011f\u0131ndaki t\u00fcm gen\u00e7lere do\u011fru motosiklet kullanma ve yar\u0131\u015f e\u011fitimleri verilecek. T\u00fcrkiye Motosiklet Federasyonu\u2019nun resmi internet sitesi \u00fczerinden \u00fccretsiz olarak yap\u0131lacak kay\u0131tlar\u0131n ard\u0131ndan se\u00e7meler, Afyon Motor Sporlar\u0131 Merkezi\u2019nde 06-07 Nisan 2019 tarihlerinde d\u00fczenlenecek. Se\u00e7melere kat\u0131lacak adaylara ekipman deste\u011fi de sa\u011flanacak.<\/p>\n","protected":false},"excerpt":{"rendered":"<p>AFYONKARAH\u0130SAR BELED\u0130YES\u0130 TARAFINDAN YAPILAN AFYON MOTOR SPORLARI MERKEZ\u0130\u2019NDE GELECE\u011e\u0130N YARI\u015e\u00c7ILARININ YET\u0130\u015eECE\u011e\u0130 CF MOTO 250 KUPASI SE\u00c7MELER\u0130 YAPILACAK.<\/p>\n","protected":false},"author":1,"featured_media":125518,"comment_status":"closed","ping_status":"open","sticky":false,"template":"","format":"standard","meta":{"jetpack_post_was_ever_published":false,"_jetpack_newsletter_access":"","_jetpack_dont_email_post_to_subs":false,"_jetpack_newsletter_tier_id":0,"_jetpack_memberships_contains_paywalled_content":false,"_jetpack_memberships_contains_paid_content":false,"footnotes":"","jetpack_publicize_message":"","jetpack_publicize_feature_enabled":true,"jetpack_social_post_already_shared":true,"jetpack_social_options":{"image_generator_settings":{"template":"highway","default_image_id":0,"font":"","enabled":false},"version":2}},"categories":[657],"tags":[7762,2337,2743,8413],"class_list":["post-125517","post","type-post","status-publish","format-standard","has-post-thumbnail","hentry","category-spor","tag-afyonda","tag-gelecegin","tag-sampiyonlari","tag-secilecek"],"jetpack_publicize_connections":[],"jetpack_featured_media_url":"https:\/\/i0.wp.com\/www.tvturk.com\/wp-content\/uploads\/2019\/04\/gelecegin-sampiyonlari-afyonda-secilecek_e31dac8.jpg?fit=1000%2C685","jetpack_sharing_enabled":true,"jetpack_shortlink":"https:\/\/wp.me\/paKIfm-wEt","_links":{"self":[{"href":"http:\/\/www.tvturk.com\/index.php\/wp-json\/wp\/v2\/posts\/125517","targetHints":{"allow":["GET"]}}],"collection":[{"href":"http:\/\/www.tvturk.com\/index.php\/wp-json\/wp\/v2\/posts"}],"about":[{"href":"http:\/\/www.tvturk.com\/index.php\/wp-json\/wp\/v2\/types\/post"}],"author":[{"embeddable":true,"href":"http:\/\/www.tvturk.com\/index.php\/wp-json\/wp\/v2\/users\/1"}],"replies":[{"embeddable":true,"href":"http:\/\/www.tvturk.com\/index.php\/wp-json\/wp\/v2\/comments?post=125517"}],"version-history":[{"count":0,"href":"http:\/\/www.tvturk.com\/index.php\/wp-json\/wp\/v2\/posts\/125517\/revisions"}],"wp:featuredmedia":[{"embeddable":true,"href":"http:\/\/www.tvturk.com\/index.php\/wp-json\/wp\/v2\/media\/125518"}],"wp:attachment":[{"href":"http:\/\/www.tvturk.com\/index.php\/wp-json\/wp\/v2\/media?parent=125517"}],"wp:term":[{"taxonomy":"category","embeddable":true,"href":"http:\/\/www.tvturk.com\/index.php\/wp-json\/wp\/v2\/categories?post=125517"},{"taxonomy":"post_tag","embeddable":true,"href":"http:\/\/www.tvturk.com\/index.php\/wp-json\/wp\/v2\/tags?post=125517"}],"curies":[{"name":"wp","href":"https:\/\/api.w.org\/{rel}","templated":true}]}}