{"id":125569,"date":"2019-04-05T15:34:28","date_gmt":"2019-04-05T12:34:28","guid":{"rendered":"http:\/\/www.tvturk.com\/index.php\/fikret-orman-yeni-teknik-direktoru-secimden-sonra-aciklayacagiz\/"},"modified":"2019-04-05T15:34:30","modified_gmt":"2019-04-05T12:34:30","slug":"fikret-orman-yeni-teknik-direktoru-secimden-sonra-aciklayacagiz","status":"publish","type":"post","link":"http:\/\/www.tvturk.com\/index.php\/fikret-orman-yeni-teknik-direktoru-secimden-sonra-aciklayacagiz\/","title":{"rendered":"Fikret Orman: \u201cYeni teknik direkt\u00f6r\u00fc se\u00e7imden sonra a\u00e7\u0131klayaca\u011f\u0131z\u201d"},"content":{"rendered":"<p>Be\u015fikta\u015f Ba\u015fkan\u0131 Fikret Orman, siyah-beyazl\u0131lar\u0131n yeni teknik direkt\u00f6r\u00fcn\u00fc ba\u015fkanl\u0131k se\u00e7iminden sonra a\u00e7\u0131klayacaklar\u0131n\u0131 ve netle\u015fmi\u015f bir isim olmad\u0131\u011f\u0131n\u0131 s\u00f6yledi.<\/p>\n<p>Be\u015fikta\u015f Ba\u015fkan\u0131 Fikret Orman, Artvin\u2019in Hopa il\u00e7esinde Be\u015fikta\u015fl\u0131 bir i\u015f adam\u0131n\u0131 katk\u0131lar\u0131yla yap\u0131lan anaokulu a\u00e7\u0131l\u0131\u015f\u0131na kat\u0131ld\u0131. Burada d\u00fczenlenen t\u00f6renin ard\u0131ndan bas\u0131n mensuplar\u0131n\u0131n sorular\u0131n\u0131 yan\u0131tlad\u0131. T\u00fcrkiye Futbol Federasyonu Ba\u015fkanl\u0131\u011f\u0131 i\u00e7in isminin ge\u00e7mesi ile ilgili a\u00e7\u0131klama yapan Orman, \u201cFederasyon se\u00e7imi 1 Haziran\u2019da, o zamana kadar \u00e7ok s\u00fcre var. O i\u015flerin alt\u0131ndan \u00e7ok sular akar\u201d dedi.<\/p>\n<p>\u201cYeni teknik direkt\u00f6r se\u00e7imden sonra a\u00e7\u0131klayaca\u011f\u0131z\u201d<\/p>\n<p>Be\u015fikta\u015f Teknik Direkt\u00f6r\u00fc \u015eenol G\u00fcne\u015f\u2019in A Milli Futbol Tak\u0131m\u0131\u2019n\u0131n ba\u015f\u0131na ge\u00e7mesinin ard\u0131ndan yeni teknik direkt\u00f6r kim olacak sorusu \u00fczerine Ba\u015fkan Orman, \u201c\u015eu an Be\u015fikta\u015f\u2019\u0131n se\u00e7imi var. Se\u00e7imden sonra a\u00e7\u0131klayaca\u011f\u0131z. Akl\u0131m\u0131zda netle\u015fmi\u015f bir isim yok\u201d diye konu\u015ftu.<\/p>\n<p>\u201cDorukhan ile ilgili gelen resmi bir teklif yok\u201d<\/p>\n<p>Gen\u00e7 futbolcu Dorukhan Tok\u00f6z i\u00e7in tekliflerin geldi\u011fi haberlerinin yaz\u0131ld\u0131\u011f\u0131n\u0131 fakat kendisinin bilgisi olmad\u0131\u011f\u0131n\u0131 belirten Fikret Orman, &#8220;Ge\u00e7en senede Vida 25\u2019e gitti, 35\u2019e gitti denildi. \u015eimdi Dorukhan ba\u015flad\u0131. Be\u015fikta\u015f\u2019a gelmi\u015f resmi bir teklif yok\u201d \u015feklinde konu\u015ftu.<\/p>\n<p>Ba\u015fkan Fikret Orman son olarak Be\u015fikta\u015f\u2019\u0131n efsane ba\u015fkan\u0131 S\u00fcleyman Seba\u2019n\u0131n bug\u00fcn do\u011fum g\u00fcn\u00fc oldu\u011funu hat\u0131rlatarak, \u201cAllah gani gani rahmet eylesin. Camiam\u0131z\u0131n \u00f6nemli bir ismiydi. Bug\u00fcnde burada bir okul a\u00e7t\u0131k. Bir s\u0131n\u0131fa onun ismini verdik. G\u00fczel oldu, onu da yad etmi\u015f olduk&#8221; ifadelerini kulland\u0131.<div class=\"tiled-gallery type-rectangular tiled-gallery-unresized\" data-original-width=\"500\" data-carousel-extra='null' itemscope itemtype=\"http:\/\/schema.org\/ImageGallery\" > <div class=\"gallery-row\" style=\"width: 500px; height: 334px;\" data-original-width=\"500\" data-original-height=\"334\" > <div class=\"gallery-group images-1\" style=\"width: 500px; height: 334px;\" data-original-width=\"500\" data-original-height=\"334\" > <div class=\"tiled-gallery-item tiled-gallery-item-large\" itemprop=\"associatedMedia\" itemscope itemtype=\"http:\/\/schema.org\/ImageObject\"> <a href=\"http:\/\/www.tvturk.com\/index.php\/fikret-orman-yeni-teknik-direktoru-secimden-sonra-aciklayacagiz\/fikret-orman-yeni-teknik-direktoru-secimden-sonra-aciklayacagiz-3\/\" border=\"0\" itemprop=\"url\"> <meta itemprop=\"width\" content=\"496\"> <meta itemprop=\"height\" content=\"330\"> <img decoding=\"async\" class=\"\" data-attachment-id=\"125571\" data-orig-file=\"http:\/\/www.tvturk.com\/wp-content\/uploads\/2019\/04\/fikret-orman-yeni-teknik-direktoru-secimden-sonra-aciklayacagiz_7353b79.jpg\" data-orig-size=\"1000,666\" data-comments-opened=\"\" data-image-meta=\"{&quot;aperture&quot;:&quot;0&quot;,&quot;credit&quot;:&quot;IHA&quot;,&quot;camera&quot;:&quot;&quot;,&quot;caption&quot;:&quot;BE\\u015e\\u0130KTA\\u015e KUL\\u00dcB\\u00dc BA\\u015eKANI F\\u0130KRET ORMAN, ARTV\\u0130N\\u2019\\u0130N HOPA \\u0130L\\u00c7ES\\u0130NDE BE\\u015e\\u0130KTA\\u015eLI B\\u0130R \\u0130\\u015e ADAMINI KATKILARIYLA YAPILAN ANAOKULU A\\u00c7ILI\\u015eINA KATILDI. BURADA D\\u00dcZENLENEN T\\u00d6REN\\u0130N ARDINDAN BASIN MENSUPLARININ SORULARINI YANITLADI. (ADEM G\\u00dcNG\\u00d6R\\\/ARTV\\u0130N-\\u0130HA)&quot;,&quot;created_timestamp&quot;:&quot;0&quot;,&quot;copyright&quot;:&quot;\\u0130HLAS HABER AJANSI, www.iha.com.tr&quot;,&quot;focal_length&quot;:&quot;0&quot;,&quot;iso&quot;:&quot;0&quot;,&quot;shutter_speed&quot;:&quot;0&quot;,&quot;title&quot;:&quot;F\\u0130KRET ORMAN: \\u201cYEN\\u0130 TEKN\\u0130K D\\u0130REKT\\u00d6R\\u00dc SE\\u00c7\\u0130MDEN SONRA A\\u00c7IKLAYACA\\u011eIZ\\u201d&quot;,&quot;orientation&quot;:&quot;0&quot;}\" data-image-title=\"Fikret Orman: \u201cYeni teknik direkt\u00f6r\u00fc se\u00e7imden sonra a\u00e7\u0131klayaca\u011f\u0131z\u201d\" data-image-description=\"&lt;p&gt;Fikret Orman: \u201cYeni teknik direkt\u00f6r\u00fc se\u00e7imden sonra a\u00e7\u0131klayaca\u011f\u0131z\u201d&lt;\/p&gt; \" data-medium-file=\"https:\/\/i0.wp.com\/www.tvturk.com\/wp-content\/uploads\/2019\/04\/fikret-orman-yeni-teknik-direktoru-secimden-sonra-aciklayacagiz_7353b79.jpg?fit=300%2C200\" data-large-file=\"https:\/\/i0.wp.com\/www.tvturk.com\/wp-content\/uploads\/2019\/04\/fikret-orman-yeni-teknik-direktoru-secimden-sonra-aciklayacagiz_7353b79.jpg?fit=1000%2C666\" src=\"https:\/\/i0.wp.com\/www.tvturk.com\/wp-content\/uploads\/2019\/04\/fikret-orman-yeni-teknik-direktoru-secimden-sonra-aciklayacagiz_7353b79.jpg?w=496&#038;h=330\" srcset=\"https:\/\/i0.wp.com\/www.tvturk.com\/wp-content\/uploads\/2019\/04\/fikret-orman-yeni-teknik-direktoru-secimden-sonra-aciklayacagiz_7353b79.jpg?w=1000 1000w, https:\/\/i0.wp.com\/www.tvturk.com\/wp-content\/uploads\/2019\/04\/fikret-orman-yeni-teknik-direktoru-secimden-sonra-aciklayacagiz_7353b79.jpg?resize=150%2C100 150w, https:\/\/i0.wp.com\/www.tvturk.com\/wp-content\/uploads\/2019\/04\/fikret-orman-yeni-teknik-direktoru-secimden-sonra-aciklayacagiz_7353b79.jpg?resize=300%2C200 300w, https:\/\/i0.wp.com\/www.tvturk.com\/wp-content\/uploads\/2019\/04\/fikret-orman-yeni-teknik-direktoru-secimden-sonra-aciklayacagiz_7353b79.jpg?resize=768%2C511 768w, https:\/\/i0.wp.com\/www.tvturk.com\/wp-content\/uploads\/2019\/04\/fikret-orman-yeni-teknik-direktoru-secimden-sonra-aciklayacagiz_7353b79.jpg?resize=170%2C113 170w, https:\/\/i0.wp.com\/www.tvturk.com\/wp-content\/uploads\/2019\/04\/fikret-orman-yeni-teknik-direktoru-secimden-sonra-aciklayacagiz_7353b79.jpg?resize=120%2C80 120w\" width=\"496\" height=\"330\" loading=\"lazy\" data-original-width=\"496\" data-original-height=\"330\" itemprop=\"http:\/\/schema.org\/image\" title=\"Fikret Orman: \u201cYeni teknik direkt\u00f6r\u00fc se\u00e7imden sonra a\u00e7\u0131klayaca\u011f\u0131z\u201d\" alt=\"Fikret Orman: \u201cYeni teknik direkt\u00f6r\u00fc se\u00e7imden sonra a\u00e7\u0131klayaca\u011f\u0131z\u201d\" style=\"width: 496px; height: 330px;\" \/> <\/a> <\/div> <\/div> <!-- close group --> <\/div> <!-- close row --> <\/div><\/p>\n","protected":false},"excerpt":{"rendered":"<p>BE\u015e\u0130KTA\u015e KUL\u00dcB\u00dc BA\u015eKANI F\u0130KRET ORMAN, ARTV\u0130N\u2019\u0130N HOPA \u0130L\u00c7ES\u0130NDE BE\u015e\u0130KTA\u015eLI B\u0130R \u0130\u015e ADAMINI KATKILARIYLA YAPILAN ANAOKULU A\u00c7ILI\u015eINA KATILDI. BURADA D\u00dcZENLENEN T\u00d6REN\u0130N ARDINDAN BASIN MENSUPLARININ SORULARINI YANITLADI.<\/p>\n","protected":false},"author":1,"featured_media":125570,"comment_status":"closed","ping_status":"open","sticky":false,"template":"","format":"standard","meta":{"jetpack_post_was_ever_published":false,"_jetpack_newsletter_access":"","_jetpack_dont_email_post_to_subs":false,"_jetpack_newsletter_tier_id":0,"_jetpack_memberships_contains_paywalled_content":false,"_jetpack_memberships_contains_paid_content":false,"footnotes":"","jetpack_publicize_message":"","jetpack_publicize_feature_enabled":true,"jetpack_social_post_already_shared":true,"jetpack_social_options":{"image_generator_settings":{"template":"highway","default_image_id":0,"font":"","enabled":false},"version":2}},"categories":[657],"tags":[18135,10790,4919,2404,28680,2022,2082,87],"class_list":["post-125569","post","type-post","status-publish","format-standard","has-post-thumbnail","hentry","category-spor","tag-aciklayacagiz","tag-direktoru","tag-fikret","tag-orman","tag-secimden","tag-sonra","tag-teknik","tag-yeni"],"jetpack_publicize_connections":[],"jetpack_featured_media_url":"https:\/\/i0.wp.com\/www.tvturk.com\/wp-content\/uploads\/2019\/04\/fikret-orman-yeni-teknik-direktoru-secimden-sonra-aciklayacagiz_8d1619a.jpg?fit=1000%2C666","jetpack_sharing_enabled":true,"jetpack_shortlink":"https:\/\/wp.me\/paKIfm-wFj","_links":{"self":[{"href":"http:\/\/www.tvturk.com\/index.php\/wp-json\/wp\/v2\/posts\/125569","targetHints":{"allow":["GET"]}}],"collection":[{"href":"http:\/\/www.tvturk.com\/index.php\/wp-json\/wp\/v2\/posts"}],"about":[{"href":"http:\/\/www.tvturk.com\/index.php\/wp-json\/wp\/v2\/types\/post"}],"author":[{"embeddable":true,"href":"http:\/\/www.tvturk.com\/index.php\/wp-json\/wp\/v2\/users\/1"}],"replies":[{"embeddable":true,"href":"http:\/\/www.tvturk.com\/index.php\/wp-json\/wp\/v2\/comments?post=125569"}],"version-history":[{"count":1,"href":"http:\/\/www.tvturk.com\/index.php\/wp-json\/wp\/v2\/posts\/125569\/revisions"}],"predecessor-version":[{"id":125572,"href":"http:\/\/www.tvturk.com\/index.php\/wp-json\/wp\/v2\/posts\/125569\/revisions\/125572"}],"wp:featuredmedia":[{"embeddable":true,"href":"http:\/\/www.tvturk.com\/index.php\/wp-json\/wp\/v2\/media\/125570"}],"wp:attachment":[{"href":"http:\/\/www.tvturk.com\/index.php\/wp-json\/wp\/v2\/media?parent=125569"}],"wp:term":[{"taxonomy":"category","embeddable":true,"href":"http:\/\/www.tvturk.com\/index.php\/wp-json\/wp\/v2\/categories?post=125569"},{"taxonomy":"post_tag","embeddable":true,"href":"http:\/\/www.tvturk.com\/index.php\/wp-json\/wp\/v2\/tags?post=125569"}],"curies":[{"name":"wp","href":"https:\/\/api.w.org\/{rel}","templated":true}]}}