{"id":125609,"date":"2019-04-05T16:03:53","date_gmt":"2019-04-05T13:03:53","guid":{"rendered":"http:\/\/www.tvturk.com\/index.php\/multeciler-atina-tren-istasyonunu-isgal-etti\/"},"modified":"2019-04-05T16:03:58","modified_gmt":"2019-04-05T13:03:58","slug":"multeciler-atina-tren-istasyonunu-isgal-etti","status":"publish","type":"post","link":"http:\/\/www.tvturk.com\/index.php\/multeciler-atina-tren-istasyonunu-isgal-etti\/","title":{"rendered":"M\u00fclteciler Atina tren istasyonunu i\u015fgal etti"},"content":{"rendered":"<p>Yunanistan\u2019da ya\u015fayan m\u00fclteciler ba\u015fkent Atina\u2019daki ana tren istasyonunu i\u015fgal etti. M\u00fclteciler s\u0131n\u0131ra eri\u015fim ve di\u011fer AB \u00fclkelerine ge\u00e7i\u015f i\u00e7in protesto g\u00f6sterisi ger\u00e7ekle\u015ftirdi.<\/p>\n<p>Yunanistan\u2019da onlarca m\u00fclteci ba\u015fkent Atina\u2019daki Larissis \u0130stasyonu\u2019nu i\u015fgal ederek s\u0131n\u0131ra eri\u015fim ve di\u011fer AB \u00fclkelerine ge\u00e7i\u015f i\u00e7in protesto g\u00f6sterisi yapt\u0131. M\u00fclteciler, hep bir a\u011f\u0131zdan \u2019Almanya\u2019 diye slogan att\u0131.<\/p>\n<p>Selanik \u015fehri yak\u0131nlar\u0131ndaki Diavata m\u00fclteci kamp\u0131nda benzer olaylar ve arbedelerin ya\u015fanmas\u0131ndan bir ka\u00e7 saat sonra ya\u015fanan protesto, ba\u015fkent Atina\u2019y\u0131 kuzeye ba\u011flayan Larissis \u0130stasyonu\u2019nun kapanmas\u0131na neden oldu.<\/p>\n<p>Yetkililer, Atina\u2019da ger\u00e7ekle\u015ftirilen g\u00f6steriye son g\u00fcnlerde sosyal medyada yap\u0131lan isimsiz \u00e7a\u011fr\u0131lar\u0131n yol a\u00e7t\u0131\u011f\u0131n\u0131 ve insan haklar\u0131 gruplar\u0131n\u0131n m\u00fcltecilere onlar\u0131 Kuzey Makedonya Cumhuriyeti\u2019ne ve oradan di\u011fer AB \u00fclkelerine ge\u00e7meleri i\u00e7in yard\u0131m edeceklerini s\u00f6yledikleri a\u00e7\u0131kland\u0131. Ancak hem Yunan h\u00fckumeti hem de Birle\u015fmi\u015f Milletler (BM) M\u00fclteci Ajans\u0131 b\u00f6yle bir olas\u0131l\u0131\u011f\u0131n olmad\u0131\u011f\u0131n\u0131 belirtti.<\/p>\n<p>G\u00f6\u00e7 Bakanl\u0131\u011f\u0131 Genel Sekreteri Miltiadis Klapas, bug\u00fcn yap\u0131lan g\u00f6sterinin Avrupa Birli\u011fi\u2019ne verilen bir mesaj oldu\u011funu s\u00f6yledi. Klapas, &#8220;Avrupa bunun kendisinin \u00e7\u00f6zmesi gereken bir problem oldu\u011funu anlamal\u0131&#8221; dedi.<\/p>\n<p>\u00d6zellikle Suriye i\u00e7 sava\u015f\u0131n\u0131n tetikledi\u011fi g\u00f6\u00e7 ak\u0131n\u0131 sonras\u0131nda Yunanistan\u2019da 70 binden fazla m\u00fcltecinin ya\u015fad\u0131\u011f\u0131na inan\u0131l\u0131yor.<\/p>\n<p>Di\u011fer AB \u00fclkelerinin s\u0131n\u0131rlar\u0131n\u0131 kapatmaya ba\u015flad\u0131ktan sonra \u00f6zellikle Suriye, Irak ve Afganistan\u2019dan gelen 8 bin m\u00fclteci i\u00e7in 2016\u2019da s\u0131n\u0131rdaki Idomeni kasabas\u0131nda bir \u00e7ad\u0131r kent kurulmu\u015ftu. Kamp daha sonra Yunan makamlar\u0131nca kald\u0131r\u0131ld\u0131 ve m\u00fclteciler \u00fclke genelinde a\u00e7\u0131lan tesislere yerle\u015ftirildi.<\/p>\n<p>Divata kamp\u0131nda d\u00fcn ve bug\u00fcn g\u00fcvenlik g\u00fc\u00e7leri ve m\u00fclteciler aras\u0131nda arbede \u00e7\u0131kt\u0131 ve g\u00fcvenlik g\u00fc\u00e7leri g\u00f6z ya\u015fart\u0131c\u0131 gaz kulland\u0131.<div class=\"tiled-gallery type-rectangular tiled-gallery-unresized\" data-original-width=\"500\" data-carousel-extra='null' itemscope itemtype=\"http:\/\/schema.org\/ImageGallery\" > <div class=\"gallery-row\" style=\"width: 500px; height: 224px;\" data-original-width=\"500\" data-original-height=\"224\" > <div class=\"gallery-group images-1\" style=\"width: 334px; height: 224px;\" data-original-width=\"334\" data-original-height=\"224\" > <div class=\"tiled-gallery-item tiled-gallery-item-large\" itemprop=\"associatedMedia\" itemscope itemtype=\"http:\/\/schema.org\/ImageObject\"> <a href=\"http:\/\/www.tvturk.com\/index.php\/multeciler-atina-tren-istasyonunu-isgal-etti\/multeciler-atina-tren-istasyonunu-isgal-etti-3\/\" border=\"0\" itemprop=\"url\"> <meta itemprop=\"width\" content=\"330\"> <meta itemprop=\"height\" content=\"220\"> <img decoding=\"async\" class=\"\" data-attachment-id=\"125611\" data-orig-file=\"http:\/\/www.tvturk.com\/wp-content\/uploads\/2019\/04\/multeciler-atina-tren-istasyonunu-isgal-etti_8ffa703.jpg\" data-orig-size=\"1000,666\" data-comments-opened=\"\" data-image-meta=\"{&quot;aperture&quot;:&quot;0&quot;,&quot;credit&quot;:&quot;IHA&quot;,&quot;camera&quot;:&quot;&quot;,&quot;caption&quot;:&quot;YUNAN\\u0130STAN\\u2019DA YA\\u015eAYAN M\\u00dcLTEC\\u0130LER BA\\u015eKENT AT\\u0130NA\\u0027DAK\\u0130 ANA TREN \\u0130STASYONUNU \\u0130\\u015eGAL ETT\\u0130. M\\u00dcLTEC\\u0130LER SINIRA ER\\u0130\\u015e\\u0130M VE D\\u0130\\u011eER AB \\u00dcLKELER\\u0130NE GE\\u00c7\\u0130\\u015e \\u0130\\u00c7\\u0130N PROTESTO G\\u00d6STER\\u0130S\\u0130 GER\\u00c7EKLE\\u015eT\\u0130RD\\u0130. (\\u0130HA\\\/AT\\u0130NA-\\u0130HA)&quot;,&quot;created_timestamp&quot;:&quot;0&quot;,&quot;copyright&quot;:&quot;\\u0130HLAS HABER AJANSI, www.iha.com.tr&quot;,&quot;focal_length&quot;:&quot;0&quot;,&quot;iso&quot;:&quot;0&quot;,&quot;shutter_speed&quot;:&quot;0&quot;,&quot;title&quot;:&quot;M\\u00dcLTEC\\u0130LER AT\\u0130NA TREN \\u0130STASYONUNU \\u0130\\u015eGAL ETT\\u0130&quot;,&quot;orientation&quot;:&quot;0&quot;}\" data-image-title=\"M\u00fclteciler Atina tren istasyonunu i\u015fgal etti\" data-image-description=\"&lt;p&gt;M\u00fclteciler Atina tren istasyonunu i\u015fgal etti&lt;\/p&gt; \" data-medium-file=\"https:\/\/i0.wp.com\/www.tvturk.com\/wp-content\/uploads\/2019\/04\/multeciler-atina-tren-istasyonunu-isgal-etti_8ffa703.jpg?fit=300%2C200\" data-large-file=\"https:\/\/i0.wp.com\/www.tvturk.com\/wp-content\/uploads\/2019\/04\/multeciler-atina-tren-istasyonunu-isgal-etti_8ffa703.jpg?fit=1000%2C666\" src=\"https:\/\/i0.wp.com\/www.tvturk.com\/wp-content\/uploads\/2019\/04\/multeciler-atina-tren-istasyonunu-isgal-etti_8ffa703.jpg?w=330&#038;h=220\" srcset=\"https:\/\/i0.wp.com\/www.tvturk.com\/wp-content\/uploads\/2019\/04\/multeciler-atina-tren-istasyonunu-isgal-etti_8ffa703.jpg?w=1000 1000w, https:\/\/i0.wp.com\/www.tvturk.com\/wp-content\/uploads\/2019\/04\/multeciler-atina-tren-istasyonunu-isgal-etti_8ffa703.jpg?resize=150%2C100 150w, https:\/\/i0.wp.com\/www.tvturk.com\/wp-content\/uploads\/2019\/04\/multeciler-atina-tren-istasyonunu-isgal-etti_8ffa703.jpg?resize=300%2C200 300w, https:\/\/i0.wp.com\/www.tvturk.com\/wp-content\/uploads\/2019\/04\/multeciler-atina-tren-istasyonunu-isgal-etti_8ffa703.jpg?resize=768%2C511 768w, https:\/\/i0.wp.com\/www.tvturk.com\/wp-content\/uploads\/2019\/04\/multeciler-atina-tren-istasyonunu-isgal-etti_8ffa703.jpg?resize=170%2C113 170w, https:\/\/i0.wp.com\/www.tvturk.com\/wp-content\/uploads\/2019\/04\/multeciler-atina-tren-istasyonunu-isgal-etti_8ffa703.jpg?resize=120%2C80 120w\" width=\"330\" height=\"220\" loading=\"lazy\" data-original-width=\"330\" data-original-height=\"220\" itemprop=\"http:\/\/schema.org\/image\" title=\"M\u00fclteciler Atina tren istasyonunu i\u015fgal etti\" alt=\"M\u00fclteciler Atina tren istasyonunu i\u015fgal etti\" style=\"width: 330px; height: 220px;\" \/> <\/a> <\/div> <\/div> <!-- close group --> <div class=\"gallery-group images-2\" style=\"width: 166px; height: 224px;\" data-original-width=\"166\" data-original-height=\"224\" > <div class=\"tiled-gallery-item tiled-gallery-item-small\" itemprop=\"associatedMedia\" itemscope itemtype=\"http:\/\/schema.org\/ImageObject\"> <a href=\"http:\/\/www.tvturk.com\/index.php\/multeciler-atina-tren-istasyonunu-isgal-etti\/multeciler-atina-tren-istasyonunu-isgal-etti-4\/\" border=\"0\" itemprop=\"url\"> <meta itemprop=\"width\" content=\"162\"> <meta itemprop=\"height\" content=\"108\"> <img decoding=\"async\" class=\"\" data-attachment-id=\"125612\" data-orig-file=\"http:\/\/www.tvturk.com\/wp-content\/uploads\/2019\/04\/multeciler-atina-tren-istasyonunu-isgal-etti_9b49b58.jpg\" data-orig-size=\"1000,666\" data-comments-opened=\"\" data-image-meta=\"{&quot;aperture&quot;:&quot;0&quot;,&quot;credit&quot;:&quot;IHA&quot;,&quot;camera&quot;:&quot;&quot;,&quot;caption&quot;:&quot;YUNAN\\u0130STAN\\u2019DA YA\\u015eAYAN M\\u00dcLTEC\\u0130LER BA\\u015eKENT AT\\u0130NA\\u0027DAK\\u0130 ANA TREN \\u0130STASYONUNU \\u0130\\u015eGAL ETT\\u0130. M\\u00dcLTEC\\u0130LER SINIRA ER\\u0130\\u015e\\u0130M VE D\\u0130\\u011eER AB \\u00dcLKELER\\u0130NE GE\\u00c7\\u0130\\u015e \\u0130\\u00c7\\u0130N PROTESTO G\\u00d6STER\\u0130S\\u0130 GER\\u00c7EKLE\\u015eT\\u0130RD\\u0130. (\\u0130HA\\\/AT\\u0130NA-\\u0130HA)&quot;,&quot;created_timestamp&quot;:&quot;0&quot;,&quot;copyright&quot;:&quot;\\u0130HLAS HABER AJANSI, www.iha.com.tr&quot;,&quot;focal_length&quot;:&quot;0&quot;,&quot;iso&quot;:&quot;0&quot;,&quot;shutter_speed&quot;:&quot;0&quot;,&quot;title&quot;:&quot;M\\u00dcLTEC\\u0130LER AT\\u0130NA TREN \\u0130STASYONUNU \\u0130\\u015eGAL ETT\\u0130&quot;,&quot;orientation&quot;:&quot;0&quot;}\" data-image-title=\"M\u00fclteciler Atina tren istasyonunu i\u015fgal etti\" data-image-description=\"&lt;p&gt;M\u00fclteciler Atina tren istasyonunu i\u015fgal etti&lt;\/p&gt; \" data-medium-file=\"https:\/\/i0.wp.com\/www.tvturk.com\/wp-content\/uploads\/2019\/04\/multeciler-atina-tren-istasyonunu-isgal-etti_9b49b58.jpg?fit=300%2C200\" data-large-file=\"https:\/\/i0.wp.com\/www.tvturk.com\/wp-content\/uploads\/2019\/04\/multeciler-atina-tren-istasyonunu-isgal-etti_9b49b58.jpg?fit=1000%2C666\" src=\"https:\/\/i0.wp.com\/www.tvturk.com\/wp-content\/uploads\/2019\/04\/multeciler-atina-tren-istasyonunu-isgal-etti_9b49b58.jpg?w=162&#038;h=108\" srcset=\"https:\/\/i0.wp.com\/www.tvturk.com\/wp-content\/uploads\/2019\/04\/multeciler-atina-tren-istasyonunu-isgal-etti_9b49b58.jpg?w=1000 1000w, https:\/\/i0.wp.com\/www.tvturk.com\/wp-content\/uploads\/2019\/04\/multeciler-atina-tren-istasyonunu-isgal-etti_9b49b58.jpg?resize=150%2C100 150w, https:\/\/i0.wp.com\/www.tvturk.com\/wp-content\/uploads\/2019\/04\/multeciler-atina-tren-istasyonunu-isgal-etti_9b49b58.jpg?resize=300%2C200 300w, https:\/\/i0.wp.com\/www.tvturk.com\/wp-content\/uploads\/2019\/04\/multeciler-atina-tren-istasyonunu-isgal-etti_9b49b58.jpg?resize=768%2C511 768w, https:\/\/i0.wp.com\/www.tvturk.com\/wp-content\/uploads\/2019\/04\/multeciler-atina-tren-istasyonunu-isgal-etti_9b49b58.jpg?resize=170%2C113 170w, https:\/\/i0.wp.com\/www.tvturk.com\/wp-content\/uploads\/2019\/04\/multeciler-atina-tren-istasyonunu-isgal-etti_9b49b58.jpg?resize=120%2C80 120w\" width=\"162\" height=\"108\" loading=\"lazy\" data-original-width=\"162\" data-original-height=\"108\" itemprop=\"http:\/\/schema.org\/image\" title=\"M\u00fclteciler Atina tren istasyonunu i\u015fgal etti\" alt=\"M\u00fclteciler Atina tren istasyonunu i\u015fgal etti\" style=\"width: 162px; height: 108px;\" \/> <\/a> <\/div> <div class=\"tiled-gallery-item tiled-gallery-item-small\" itemprop=\"associatedMedia\" itemscope itemtype=\"http:\/\/schema.org\/ImageObject\"> <a href=\"http:\/\/www.tvturk.com\/index.php\/multeciler-atina-tren-istasyonunu-isgal-etti\/multeciler-atina-tren-istasyonunu-isgal-etti-5\/\" border=\"0\" itemprop=\"url\"> <meta itemprop=\"width\" content=\"162\"> <meta itemprop=\"height\" content=\"108\"> <img decoding=\"async\" class=\"\" data-attachment-id=\"125613\" data-orig-file=\"http:\/\/www.tvturk.com\/wp-content\/uploads\/2019\/04\/multeciler-atina-tren-istasyonunu-isgal-etti_ea27c27.jpg\" data-orig-size=\"1000,666\" data-comments-opened=\"\" data-image-meta=\"{&quot;aperture&quot;:&quot;0&quot;,&quot;credit&quot;:&quot;IHA&quot;,&quot;camera&quot;:&quot;&quot;,&quot;caption&quot;:&quot;YUNAN\\u0130STAN\\u2019DA YA\\u015eAYAN M\\u00dcLTEC\\u0130LER BA\\u015eKENT AT\\u0130NA\\u0027DAK\\u0130 ANA TREN \\u0130STASYONUNU \\u0130\\u015eGAL ETT\\u0130. M\\u00dcLTEC\\u0130LER SINIRA ER\\u0130\\u015e\\u0130M VE D\\u0130\\u011eER AB \\u00dcLKELER\\u0130NE GE\\u00c7\\u0130\\u015e \\u0130\\u00c7\\u0130N PROTESTO G\\u00d6STER\\u0130S\\u0130 GER\\u00c7EKLE\\u015eT\\u0130RD\\u0130. (\\u0130HA\\\/AT\\u0130NA-\\u0130HA)&quot;,&quot;created_timestamp&quot;:&quot;0&quot;,&quot;copyright&quot;:&quot;\\u0130HLAS HABER AJANSI, www.iha.com.tr&quot;,&quot;focal_length&quot;:&quot;0&quot;,&quot;iso&quot;:&quot;0&quot;,&quot;shutter_speed&quot;:&quot;0&quot;,&quot;title&quot;:&quot;M\\u00dcLTEC\\u0130LER AT\\u0130NA TREN \\u0130STASYONUNU \\u0130\\u015eGAL ETT\\u0130&quot;,&quot;orientation&quot;:&quot;0&quot;}\" data-image-title=\"M\u00fclteciler Atina tren istasyonunu i\u015fgal etti\" data-image-description=\"&lt;p&gt;M\u00fclteciler Atina tren istasyonunu i\u015fgal etti&lt;\/p&gt; \" data-medium-file=\"https:\/\/i0.wp.com\/www.tvturk.com\/wp-content\/uploads\/2019\/04\/multeciler-atina-tren-istasyonunu-isgal-etti_ea27c27.jpg?fit=300%2C200\" data-large-file=\"https:\/\/i0.wp.com\/www.tvturk.com\/wp-content\/uploads\/2019\/04\/multeciler-atina-tren-istasyonunu-isgal-etti_ea27c27.jpg?fit=1000%2C666\" src=\"https:\/\/i0.wp.com\/www.tvturk.com\/wp-content\/uploads\/2019\/04\/multeciler-atina-tren-istasyonunu-isgal-etti_ea27c27.jpg?w=162&#038;h=108\" srcset=\"https:\/\/i0.wp.com\/www.tvturk.com\/wp-content\/uploads\/2019\/04\/multeciler-atina-tren-istasyonunu-isgal-etti_ea27c27.jpg?w=1000 1000w, https:\/\/i0.wp.com\/www.tvturk.com\/wp-content\/uploads\/2019\/04\/multeciler-atina-tren-istasyonunu-isgal-etti_ea27c27.jpg?resize=150%2C100 150w, https:\/\/i0.wp.com\/www.tvturk.com\/wp-content\/uploads\/2019\/04\/multeciler-atina-tren-istasyonunu-isgal-etti_ea27c27.jpg?resize=300%2C200 300w, https:\/\/i0.wp.com\/www.tvturk.com\/wp-content\/uploads\/2019\/04\/multeciler-atina-tren-istasyonunu-isgal-etti_ea27c27.jpg?resize=768%2C511 768w, https:\/\/i0.wp.com\/www.tvturk.com\/wp-content\/uploads\/2019\/04\/multeciler-atina-tren-istasyonunu-isgal-etti_ea27c27.jpg?resize=170%2C113 170w, https:\/\/i0.wp.com\/www.tvturk.com\/wp-content\/uploads\/2019\/04\/multeciler-atina-tren-istasyonunu-isgal-etti_ea27c27.jpg?resize=120%2C80 120w\" width=\"162\" height=\"108\" loading=\"lazy\" data-original-width=\"162\" data-original-height=\"108\" itemprop=\"http:\/\/schema.org\/image\" title=\"M\u00fclteciler Atina tren istasyonunu i\u015fgal etti\" alt=\"M\u00fclteciler Atina tren istasyonunu i\u015fgal etti\" style=\"width: 162px; height: 108px;\" \/> <\/a> <\/div> <\/div> <!-- close group --> <\/div> <!-- close row --> <div class=\"gallery-row\" style=\"width: 500px; height: 168px;\" data-original-width=\"500\" data-original-height=\"168\" > <div class=\"gallery-group images-1\" style=\"width: 250px; height: 168px;\" data-original-width=\"250\" data-original-height=\"168\" > <div class=\"tiled-gallery-item tiled-gallery-item-small\" itemprop=\"associatedMedia\" itemscope itemtype=\"http:\/\/schema.org\/ImageObject\"> <a href=\"http:\/\/www.tvturk.com\/index.php\/multeciler-atina-tren-istasyonunu-isgal-etti\/multeciler-atina-tren-istasyonunu-isgal-etti-6\/\" border=\"0\" itemprop=\"url\"> <meta itemprop=\"width\" content=\"246\"> <meta itemprop=\"height\" content=\"164\"> <img decoding=\"async\" class=\"\" data-attachment-id=\"125614\" data-orig-file=\"http:\/\/www.tvturk.com\/wp-content\/uploads\/2019\/04\/multeciler-atina-tren-istasyonunu-isgal-etti_c33c726.jpg\" data-orig-size=\"1000,666\" data-comments-opened=\"\" data-image-meta=\"{&quot;aperture&quot;:&quot;0&quot;,&quot;credit&quot;:&quot;IHA&quot;,&quot;camera&quot;:&quot;&quot;,&quot;caption&quot;:&quot;YUNAN\\u0130STAN\\u2019DA YA\\u015eAYAN M\\u00dcLTEC\\u0130LER BA\\u015eKENT AT\\u0130NA\\u0027DAK\\u0130 ANA TREN \\u0130STASYONUNU \\u0130\\u015eGAL ETT\\u0130. M\\u00dcLTEC\\u0130LER SINIRA ER\\u0130\\u015e\\u0130M VE D\\u0130\\u011eER AB \\u00dcLKELER\\u0130NE GE\\u00c7\\u0130\\u015e \\u0130\\u00c7\\u0130N PROTESTO G\\u00d6STER\\u0130S\\u0130 GER\\u00c7EKLE\\u015eT\\u0130RD\\u0130. (\\u0130HA\\\/AT\\u0130NA-\\u0130HA)&quot;,&quot;created_timestamp&quot;:&quot;0&quot;,&quot;copyright&quot;:&quot;\\u0130HLAS HABER AJANSI, www.iha.com.tr&quot;,&quot;focal_length&quot;:&quot;0&quot;,&quot;iso&quot;:&quot;0&quot;,&quot;shutter_speed&quot;:&quot;0&quot;,&quot;title&quot;:&quot;M\\u00dcLTEC\\u0130LER AT\\u0130NA TREN \\u0130STASYONUNU \\u0130\\u015eGAL ETT\\u0130&quot;,&quot;orientation&quot;:&quot;0&quot;}\" data-image-title=\"M\u00fclteciler Atina tren istasyonunu i\u015fgal etti\" data-image-description=\"&lt;p&gt;M\u00fclteciler Atina tren istasyonunu i\u015fgal etti&lt;\/p&gt; \" data-medium-file=\"https:\/\/i0.wp.com\/www.tvturk.com\/wp-content\/uploads\/2019\/04\/multeciler-atina-tren-istasyonunu-isgal-etti_c33c726.jpg?fit=300%2C200\" data-large-file=\"https:\/\/i0.wp.com\/www.tvturk.com\/wp-content\/uploads\/2019\/04\/multeciler-atina-tren-istasyonunu-isgal-etti_c33c726.jpg?fit=1000%2C666\" src=\"https:\/\/i0.wp.com\/www.tvturk.com\/wp-content\/uploads\/2019\/04\/multeciler-atina-tren-istasyonunu-isgal-etti_c33c726.jpg?w=246&#038;h=164\" srcset=\"https:\/\/i0.wp.com\/www.tvturk.com\/wp-content\/uploads\/2019\/04\/multeciler-atina-tren-istasyonunu-isgal-etti_c33c726.jpg?w=1000 1000w, https:\/\/i0.wp.com\/www.tvturk.com\/wp-content\/uploads\/2019\/04\/multeciler-atina-tren-istasyonunu-isgal-etti_c33c726.jpg?resize=150%2C100 150w, https:\/\/i0.wp.com\/www.tvturk.com\/wp-content\/uploads\/2019\/04\/multeciler-atina-tren-istasyonunu-isgal-etti_c33c726.jpg?resize=300%2C200 300w, https:\/\/i0.wp.com\/www.tvturk.com\/wp-content\/uploads\/2019\/04\/multeciler-atina-tren-istasyonunu-isgal-etti_c33c726.jpg?resize=768%2C511 768w, https:\/\/i0.wp.com\/www.tvturk.com\/wp-content\/uploads\/2019\/04\/multeciler-atina-tren-istasyonunu-isgal-etti_c33c726.jpg?resize=170%2C113 170w, https:\/\/i0.wp.com\/www.tvturk.com\/wp-content\/uploads\/2019\/04\/multeciler-atina-tren-istasyonunu-isgal-etti_c33c726.jpg?resize=120%2C80 120w\" width=\"246\" height=\"164\" loading=\"lazy\" data-original-width=\"246\" data-original-height=\"164\" itemprop=\"http:\/\/schema.org\/image\" title=\"M\u00fclteciler Atina tren istasyonunu i\u015fgal etti\" alt=\"M\u00fclteciler Atina tren istasyonunu i\u015fgal etti\" style=\"width: 246px; height: 164px;\" \/> <\/a> <\/div> <\/div> <!-- close group --> <div class=\"gallery-group images-1\" style=\"width: 250px; height: 168px;\" data-original-width=\"250\" data-original-height=\"168\" > <div class=\"tiled-gallery-item tiled-gallery-item-small\" itemprop=\"associatedMedia\" itemscope itemtype=\"http:\/\/schema.org\/ImageObject\"> <a href=\"http:\/\/www.tvturk.com\/index.php\/multeciler-atina-tren-istasyonunu-isgal-etti\/multeciler-atina-tren-istasyonunu-isgal-etti-7\/\" border=\"0\" itemprop=\"url\"> <meta itemprop=\"width\" content=\"246\"> <meta itemprop=\"height\" content=\"164\"> <img decoding=\"async\" class=\"\" data-attachment-id=\"125615\" data-orig-file=\"http:\/\/www.tvturk.com\/wp-content\/uploads\/2019\/04\/multeciler-atina-tren-istasyonunu-isgal-etti_199ec2c.jpg\" data-orig-size=\"1000,666\" data-comments-opened=\"\" data-image-meta=\"{&quot;aperture&quot;:&quot;0&quot;,&quot;credit&quot;:&quot;IHA&quot;,&quot;camera&quot;:&quot;&quot;,&quot;caption&quot;:&quot;YUNAN\\u0130STAN\\u2019DA YA\\u015eAYAN M\\u00dcLTEC\\u0130LER BA\\u015eKENT AT\\u0130NA\\u0027DAK\\u0130 ANA TREN \\u0130STASYONUNU \\u0130\\u015eGAL ETT\\u0130. M\\u00dcLTEC\\u0130LER SINIRA ER\\u0130\\u015e\\u0130M VE D\\u0130\\u011eER AB \\u00dcLKELER\\u0130NE GE\\u00c7\\u0130\\u015e \\u0130\\u00c7\\u0130N PROTESTO G\\u00d6STER\\u0130S\\u0130 GER\\u00c7EKLE\\u015eT\\u0130RD\\u0130. (\\u0130HA\\\/AT\\u0130NA-\\u0130HA)&quot;,&quot;created_timestamp&quot;:&quot;0&quot;,&quot;copyright&quot;:&quot;\\u0130HLAS HABER AJANSI, www.iha.com.tr&quot;,&quot;focal_length&quot;:&quot;0&quot;,&quot;iso&quot;:&quot;0&quot;,&quot;shutter_speed&quot;:&quot;0&quot;,&quot;title&quot;:&quot;M\\u00dcLTEC\\u0130LER AT\\u0130NA TREN \\u0130STASYONUNU \\u0130\\u015eGAL ETT\\u0130&quot;,&quot;orientation&quot;:&quot;0&quot;}\" data-image-title=\"M\u00fclteciler Atina tren istasyonunu i\u015fgal etti\" data-image-description=\"&lt;p&gt;M\u00fclteciler Atina tren istasyonunu i\u015fgal etti&lt;\/p&gt; \" data-medium-file=\"https:\/\/i0.wp.com\/www.tvturk.com\/wp-content\/uploads\/2019\/04\/multeciler-atina-tren-istasyonunu-isgal-etti_199ec2c.jpg?fit=300%2C200\" data-large-file=\"https:\/\/i0.wp.com\/www.tvturk.com\/wp-content\/uploads\/2019\/04\/multeciler-atina-tren-istasyonunu-isgal-etti_199ec2c.jpg?fit=1000%2C666\" src=\"https:\/\/i0.wp.com\/www.tvturk.com\/wp-content\/uploads\/2019\/04\/multeciler-atina-tren-istasyonunu-isgal-etti_199ec2c.jpg?w=246&#038;h=164\" srcset=\"https:\/\/i0.wp.com\/www.tvturk.com\/wp-content\/uploads\/2019\/04\/multeciler-atina-tren-istasyonunu-isgal-etti_199ec2c.jpg?w=1000 1000w, https:\/\/i0.wp.com\/www.tvturk.com\/wp-content\/uploads\/2019\/04\/multeciler-atina-tren-istasyonunu-isgal-etti_199ec2c.jpg?resize=150%2C100 150w, https:\/\/i0.wp.com\/www.tvturk.com\/wp-content\/uploads\/2019\/04\/multeciler-atina-tren-istasyonunu-isgal-etti_199ec2c.jpg?resize=300%2C200 300w, https:\/\/i0.wp.com\/www.tvturk.com\/wp-content\/uploads\/2019\/04\/multeciler-atina-tren-istasyonunu-isgal-etti_199ec2c.jpg?resize=768%2C511 768w, https:\/\/i0.wp.com\/www.tvturk.com\/wp-content\/uploads\/2019\/04\/multeciler-atina-tren-istasyonunu-isgal-etti_199ec2c.jpg?resize=170%2C113 170w, https:\/\/i0.wp.com\/www.tvturk.com\/wp-content\/uploads\/2019\/04\/multeciler-atina-tren-istasyonunu-isgal-etti_199ec2c.jpg?resize=120%2C80 120w\" width=\"246\" height=\"164\" loading=\"lazy\" data-original-width=\"246\" data-original-height=\"164\" itemprop=\"http:\/\/schema.org\/image\" title=\"M\u00fclteciler Atina tren istasyonunu i\u015fgal etti\" alt=\"M\u00fclteciler Atina tren istasyonunu i\u015fgal etti\" style=\"width: 246px; height: 164px;\" \/> <\/a> <\/div> <\/div> <!-- close group --> <\/div> <!-- close row --> <\/div><\/p>\n","protected":false},"excerpt":{"rendered":"<p>YUNAN\u0130STAN\u2019DA YA\u015eAYAN M\u00dcLTEC\u0130LER BA\u015eKENT AT\u0130NA&#8217;DAK\u0130 ANA TREN \u0130STASYONUNU \u0130\u015eGAL ETT\u0130. M\u00dcLTEC\u0130LER SINIRA ER\u0130\u015e\u0130M VE D\u0130\u011eER AB \u00dcLKELER\u0130NE GE\u00c7\u0130\u015e \u0130\u00c7\u0130N PROTESTO G\u00d6STER\u0130S\u0130 GER\u00c7EKLE\u015eT\u0130RD\u0130.<\/p>\n","protected":false},"author":1,"featured_media":125610,"comment_status":"closed","ping_status":"open","sticky":false,"template":"","format":"standard","meta":{"jetpack_post_was_ever_published":false,"_jetpack_newsletter_access":"","_jetpack_dont_email_post_to_subs":false,"_jetpack_newsletter_tier_id":0,"_jetpack_memberships_contains_paywalled_content":false,"_jetpack_memberships_contains_paid_content":false,"footnotes":"","jetpack_publicize_message":"","jetpack_publicize_feature_enabled":true,"jetpack_social_post_already_shared":true,"jetpack_social_options":{"image_generator_settings":{"template":"highway","default_image_id":0,"font":"","enabled":false},"version":2}},"categories":[10],"tags":[29648,207,29710,29709,3737,5044],"class_list":["post-125609","post","type-post","status-publish","format-standard","has-post-thumbnail","hentry","category-dunya","tag-atina","tag-etti","tag-isgal","tag-istasyonunu","tag-multeciler","tag-tren"],"jetpack_publicize_connections":[],"jetpack_featured_media_url":"https:\/\/i0.wp.com\/www.tvturk.com\/wp-content\/uploads\/2019\/04\/multeciler-atina-tren-istasyonunu-isgal-etti_3aed920.jpg?fit=1000%2C666","jetpack_sharing_enabled":true,"jetpack_shortlink":"https:\/\/wp.me\/paKIfm-wFX","_links":{"self":[{"href":"http:\/\/www.tvturk.com\/index.php\/wp-json\/wp\/v2\/posts\/125609","targetHints":{"allow":["GET"]}}],"collection":[{"href":"http:\/\/www.tvturk.com\/index.php\/wp-json\/wp\/v2\/posts"}],"about":[{"href":"http:\/\/www.tvturk.com\/index.php\/wp-json\/wp\/v2\/types\/post"}],"author":[{"embeddable":true,"href":"http:\/\/www.tvturk.com\/index.php\/wp-json\/wp\/v2\/users\/1"}],"replies":[{"embeddable":true,"href":"http:\/\/www.tvturk.com\/index.php\/wp-json\/wp\/v2\/comments?post=125609"}],"version-history":[{"count":1,"href":"http:\/\/www.tvturk.com\/index.php\/wp-json\/wp\/v2\/posts\/125609\/revisions"}],"predecessor-version":[{"id":125616,"href":"http:\/\/www.tvturk.com\/index.php\/wp-json\/wp\/v2\/posts\/125609\/revisions\/125616"}],"wp:featuredmedia":[{"embeddable":true,"href":"http:\/\/www.tvturk.com\/index.php\/wp-json\/wp\/v2\/media\/125610"}],"wp:attachment":[{"href":"http:\/\/www.tvturk.com\/index.php\/wp-json\/wp\/v2\/media?parent=125609"}],"wp:term":[{"taxonomy":"category","embeddable":true,"href":"http:\/\/www.tvturk.com\/index.php\/wp-json\/wp\/v2\/categories?post=125609"},{"taxonomy":"post_tag","embeddable":true,"href":"http:\/\/www.tvturk.com\/index.php\/wp-json\/wp\/v2\/tags?post=125609"}],"curies":[{"name":"wp","href":"https:\/\/api.w.org\/{rel}","templated":true}]}}