{"id":12568,"date":"2019-02-08T14:46:56","date_gmt":"2019-02-08T11:46:56","guid":{"rendered":"http:\/\/www.tvturk.com\/index.php\/dortyolda-bagimlilik-ile-mucadele-koordinasyon-kurulu-toplantisi\/"},"modified":"2019-02-08T14:46:57","modified_gmt":"2019-02-08T11:46:57","slug":"dortyolda-bagimlilik-ile-mucadele-koordinasyon-kurulu-toplantisi","status":"publish","type":"post","link":"http:\/\/www.tvturk.com\/index.php\/dortyolda-bagimlilik-ile-mucadele-koordinasyon-kurulu-toplantisi\/","title":{"rendered":"D\u00f6rtyol\u2019da Ba\u011f\u0131ml\u0131l\u0131k ile M\u00fccadele Koordinasyon Kurulu Toplant\u0131s\u0131"},"content":{"rendered":"<p>Hatay\u2019\u0131n D\u00f6rtyol il\u00e7esinde \u201cBa\u011f\u0131ml\u0131l\u0131k ile M\u00fccadele Koordinasyon Kurulu Toplant\u0131s\u0131\u201d ger\u00e7ekle\u015ftirildi.<\/p>\n<p>Kaymakam Murat Bulacak, toplant\u0131da, ba\u011f\u0131ml\u0131l\u0131kla m\u00fccadelenin bir s\u00fcre\u00e7 oldu\u011funu, s\u00fcrecin ise en iyi \u015fekilde y\u00fcr\u00fct\u00fclmesi gerekti\u011fini belirterek, &#8220;\u00dclke genelinde oldu\u011fu gibi il\u00e7emizde de ba\u011f\u0131ml\u0131l\u0131kla ilgili kolluk kuvvetlerimiz ve ilgili birimlerimiz ile birlikte etkin m\u00fccadele i\u00e7in \u00e7al\u0131\u015fmalar\u0131m\u0131z s\u00fcr\u00fcyor. Sa\u011fl\u0131k m\u00fcd\u00fcrl\u00fc\u011f\u00fcm\u00fczce \u00f6zellikle bu y\u0131l, Kur\u2019an kurslar\u0131, gen\u00e7lik merkezleri, okullar ve kafe gibi gen\u00e7lerin bulundu\u011fu yerlerin idarecilerine uyu\u015fturucu ile m\u00fccadele e\u011fitimi verildi. E\u011fitim \u00f6\u011fretim d\u00f6nemi boyunca da bu e\u011fitimler devam edecek. Okul \u00f6nlerinde tedbirleri artt\u0131rarak, polis ve jandarma birimlerimizce \u00f6\u011frenci olmayan  \u015fah\u0131slar\u0131n okul \u00f6nlerine girmelerine m\u00fcsaade edilmemekte, \u00f6zellikle parklar, okul yak\u0131nlar\u0131ndaki kafeler, sat\u0131\u015f b\u00fcfeleri gibi yerlerde denetimler ve kontrollerimiz aral\u0131ks\u0131z s\u00fcrecek&#8221; dedi.<\/p>\n<p>\u0130l\u00e7e Sa\u011fl\u0131k M\u00fcd\u00fcr\u00fc Dr. Halil Canbolat ve Psikolog Duygu Dastar taraf\u0131ndan kurulun \u00e7al\u0131\u015fmalar\u0131 hakk\u0131nda sinevizyon e\u015fli\u011finde bilgiler verildi.<div class=\"tiled-gallery type-rectangular tiled-gallery-unresized\" data-original-width=\"500\" data-carousel-extra='null' itemscope itemtype=\"http:\/\/schema.org\/ImageGallery\" > <div class=\"gallery-row\" style=\"width: 500px; height: 335px;\" data-original-width=\"500\" data-original-height=\"335\" > <div class=\"gallery-group images-1\" style=\"width: 500px; height: 335px;\" data-original-width=\"500\" data-original-height=\"335\" > <div class=\"tiled-gallery-item tiled-gallery-item-large\" itemprop=\"associatedMedia\" itemscope itemtype=\"http:\/\/schema.org\/ImageObject\"> <a href=\"http:\/\/www.tvturk.com\/index.php\/dortyolda-bagimlilik-ile-mucadele-koordinasyon-kurulu-toplantisi\/dortyolda-bagimlilik-ile-mucadele-koordinasyon-kurulu-toplantisi-3\/\" border=\"0\" itemprop=\"url\"> <meta itemprop=\"width\" content=\"496\"> <meta itemprop=\"height\" content=\"331\"> <img decoding=\"async\" class=\"\" data-attachment-id=\"12570\" data-orig-file=\"http:\/\/www.tvturk.com\/wp-content\/uploads\/2019\/02\/dortyolda-bagimlilik-ile-mucadele-koordinasyon-kurulu-toplantisi_6969d52.jpg\" data-orig-size=\"1000,668\" data-comments-opened=\"\" data-image-meta=\"{&quot;aperture&quot;:&quot;0&quot;,&quot;credit&quot;:&quot;IHA&quot;,&quot;camera&quot;:&quot;&quot;,&quot;caption&quot;:&quot;HATAY\\u2019IN D\\u00d6RTYOL \\u0130L\\u00c7ES\\u0130NDE \\u201cBA\\u011eIMLILIK \\u0130LE M\\u00dcCADELE KOORD\\u0130NASYON KURULU TOPLANTISI\\u201d GER\\u00c7EKLE\\u015eT\\u0130R\\u0130LD\\u0130. (NECAT\\u0130 \\u0130VG\\u0130N\\\/HATAY-\\u0130HA)&quot;,&quot;created_timestamp&quot;:&quot;0&quot;,&quot;copyright&quot;:&quot;\\u0130HLAS HABER AJANSI, www.iha.com.tr&quot;,&quot;focal_length&quot;:&quot;0&quot;,&quot;iso&quot;:&quot;0&quot;,&quot;shutter_speed&quot;:&quot;0&quot;,&quot;title&quot;:&quot;D\\u00d6RTYOL\\u2019DA BA\\u011eIMLILIK \\u0130LE M\\u00dcCADELE KOORD\\u0130NASYON KURULU TOPLANTISI&quot;,&quot;orientation&quot;:&quot;0&quot;}\" data-image-title=\"D\u00f6rtyol\u2019da Ba\u011f\u0131ml\u0131l\u0131k ile M\u00fccadele Koordinasyon Kurulu Toplant\u0131s\u0131\" data-image-description=\"&lt;p&gt;D\u00f6rtyol\u2019da Ba\u011f\u0131ml\u0131l\u0131k ile M\u00fccadele Koordinasyon Kurulu Toplant\u0131s\u0131&lt;\/p&gt; \" data-medium-file=\"https:\/\/i0.wp.com\/www.tvturk.com\/wp-content\/uploads\/2019\/02\/dortyolda-bagimlilik-ile-mucadele-koordinasyon-kurulu-toplantisi_6969d52.jpg?fit=300%2C200\" data-large-file=\"https:\/\/i0.wp.com\/www.tvturk.com\/wp-content\/uploads\/2019\/02\/dortyolda-bagimlilik-ile-mucadele-koordinasyon-kurulu-toplantisi_6969d52.jpg?fit=1000%2C668\" src=\"https:\/\/i0.wp.com\/www.tvturk.com\/wp-content\/uploads\/2019\/02\/dortyolda-bagimlilik-ile-mucadele-koordinasyon-kurulu-toplantisi_6969d52.jpg?w=496&#038;h=331\" srcset=\"https:\/\/i0.wp.com\/www.tvturk.com\/wp-content\/uploads\/2019\/02\/dortyolda-bagimlilik-ile-mucadele-koordinasyon-kurulu-toplantisi_6969d52.jpg?w=1000 1000w, https:\/\/i0.wp.com\/www.tvturk.com\/wp-content\/uploads\/2019\/02\/dortyolda-bagimlilik-ile-mucadele-koordinasyon-kurulu-toplantisi_6969d52.jpg?resize=150%2C100 150w, https:\/\/i0.wp.com\/www.tvturk.com\/wp-content\/uploads\/2019\/02\/dortyolda-bagimlilik-ile-mucadele-koordinasyon-kurulu-toplantisi_6969d52.jpg?resize=300%2C200 300w, https:\/\/i0.wp.com\/www.tvturk.com\/wp-content\/uploads\/2019\/02\/dortyolda-bagimlilik-ile-mucadele-koordinasyon-kurulu-toplantisi_6969d52.jpg?resize=768%2C513 768w, https:\/\/i0.wp.com\/www.tvturk.com\/wp-content\/uploads\/2019\/02\/dortyolda-bagimlilik-ile-mucadele-koordinasyon-kurulu-toplantisi_6969d52.jpg?resize=170%2C113 170w, https:\/\/i0.wp.com\/www.tvturk.com\/wp-content\/uploads\/2019\/02\/dortyolda-bagimlilik-ile-mucadele-koordinasyon-kurulu-toplantisi_6969d52.jpg?resize=120%2C80 120w\" width=\"496\" height=\"331\" loading=\"lazy\" data-original-width=\"496\" data-original-height=\"331\" itemprop=\"http:\/\/schema.org\/image\" title=\"D\u00f6rtyol\u2019da Ba\u011f\u0131ml\u0131l\u0131k ile M\u00fccadele Koordinasyon Kurulu Toplant\u0131s\u0131\" alt=\"D\u00f6rtyol\u2019da Ba\u011f\u0131ml\u0131l\u0131k ile M\u00fccadele Koordinasyon Kurulu Toplant\u0131s\u0131\" style=\"width: 496px; height: 331px;\" \/> <\/a> <\/div> <\/div> <!-- close group --> <\/div> <!-- close row --> <\/div><\/p>\n","protected":false},"excerpt":{"rendered":"<p>HATAY\u2019IN D\u00d6RTYOL \u0130L\u00c7ES\u0130NDE \u201cBA\u011eIMLILIK \u0130LE M\u00dcCADELE KOORD\u0130NASYON KURULU TOPLANTISI\u201d GER\u00c7EKLE\u015eT\u0130R\u0130LD\u0130.<\/p>\n","protected":false},"author":1,"featured_media":12569,"comment_status":"closed","ping_status":"open","sticky":false,"template":"","format":"standard","meta":{"jetpack_post_was_ever_published":false,"_jetpack_newsletter_access":"","_jetpack_dont_email_post_to_subs":false,"_jetpack_newsletter_tier_id":0,"_jetpack_memberships_contains_paywalled_content":false,"_jetpack_memberships_contains_paid_content":false,"footnotes":"","jetpack_publicize_message":"","jetpack_publicize_feature_enabled":true,"jetpack_social_post_already_shared":false,"jetpack_social_options":{"image_generator_settings":{"template":"highway","default_image_id":0,"font":"","enabled":false},"version":2}},"categories":[655],"tags":[1527,6407,192,358,247,888,347],"class_list":["post-12568","post","type-post","status-publish","format-standard","has-post-thumbnail","hentry","category-son-dakika","tag-bagimlilik","tag-dortyolda","tag-ile","tag-koordinasyon","tag-kurulu","tag-mucadele","tag-toplantisi"],"jetpack_publicize_connections":[],"jetpack_featured_media_url":"https:\/\/i0.wp.com\/www.tvturk.com\/wp-content\/uploads\/2019\/02\/dortyolda-bagimlilik-ile-mucadele-koordinasyon-kurulu-toplantisi_44c9d42.jpg?fit=1000%2C584","jetpack_sharing_enabled":true,"jetpack_shortlink":"https:\/\/wp.me\/paKIfm-3gI","_links":{"self":[{"href":"http:\/\/www.tvturk.com\/index.php\/wp-json\/wp\/v2\/posts\/12568","targetHints":{"allow":["GET"]}}],"collection":[{"href":"http:\/\/www.tvturk.com\/index.php\/wp-json\/wp\/v2\/posts"}],"about":[{"href":"http:\/\/www.tvturk.com\/index.php\/wp-json\/wp\/v2\/types\/post"}],"author":[{"embeddable":true,"href":"http:\/\/www.tvturk.com\/index.php\/wp-json\/wp\/v2\/users\/1"}],"replies":[{"embeddable":true,"href":"http:\/\/www.tvturk.com\/index.php\/wp-json\/wp\/v2\/comments?post=12568"}],"version-history":[{"count":1,"href":"http:\/\/www.tvturk.com\/index.php\/wp-json\/wp\/v2\/posts\/12568\/revisions"}],"predecessor-version":[{"id":12571,"href":"http:\/\/www.tvturk.com\/index.php\/wp-json\/wp\/v2\/posts\/12568\/revisions\/12571"}],"wp:featuredmedia":[{"embeddable":true,"href":"http:\/\/www.tvturk.com\/index.php\/wp-json\/wp\/v2\/media\/12569"}],"wp:attachment":[{"href":"http:\/\/www.tvturk.com\/index.php\/wp-json\/wp\/v2\/media?parent=12568"}],"wp:term":[{"taxonomy":"category","embeddable":true,"href":"http:\/\/www.tvturk.com\/index.php\/wp-json\/wp\/v2\/categories?post=12568"},{"taxonomy":"post_tag","embeddable":true,"href":"http:\/\/www.tvturk.com\/index.php\/wp-json\/wp\/v2\/tags?post=12568"}],"curies":[{"name":"wp","href":"https:\/\/api.w.org\/{rel}","templated":true}]}}