{"id":125740,"date":"2019-04-05T16:46:37","date_gmt":"2019-04-05T13:46:37","guid":{"rendered":"http:\/\/www.tvturk.com\/index.php\/turkiye-gencler-greko-romen-gures-sampiyonasi-sakaryada-basladi\/"},"modified":"2019-04-05T16:46:39","modified_gmt":"2019-04-05T13:46:39","slug":"turkiye-gencler-greko-romen-gures-sampiyonasi-sakaryada-basladi","status":"publish","type":"post","link":"http:\/\/www.tvturk.com\/index.php\/turkiye-gencler-greko-romen-gures-sampiyonasi-sakaryada-basladi\/","title":{"rendered":"T\u00fcrkiye Gen\u00e7ler Greko-Romen G\u00fcre\u015f \u015eampiyonas\u0131 Sakarya\u2019da ba\u015flad\u0131"},"content":{"rendered":"<p>Bu y\u0131l Sakarya\u2019da d\u00fczenlenen ve 500 sporcunun ter d\u00f6kece\u011fi T\u00fcrkiye Gen\u00e7ler Greko-Romen G\u00fcre\u015f \u015eampiyonas\u0131 ba\u015flad\u0131.<\/p>\n<p>Sabah seans\u0131nda 60-67-77-87 ve 130 kilolarda eleme m\u00fcsabakalar\u0131 yap\u0131ld\u0131. Sonras\u0131nda ise \u015fampiyonan\u0131n a\u00e7\u0131l\u0131\u015f t\u00f6reni d\u00fczenlendi. T\u00f6rende bir konu\u015fma yapan T\u00fcrkiye G\u00fcre\u015f Federasyonu Ba\u015fkan\u0131 Musa Ayd\u0131n, \u201c\u00dclkemizin de\u011fi\u015fik yerlerinden 500 g\u00fcre\u015f\u00e7imiz burada mindere \u00e7\u0131kacaklar. Onlar\u0131n m\u00fccadele azmini g\u00f6rd\u00fck\u00e7e \u00e7ok mutlu oluyoruz. Dereceye giren g\u00fcre\u015f\u00e7iler bizleri uluslararas\u0131 arenada temsil edecekler. Ba\u015far\u0131 e\u011fer devaml\u0131 olursa ba\u015far\u0131d\u0131r. Kal\u0131c\u0131 ba\u015far\u0131lar elde etmek i\u00e7in yola \u00e7\u0131kt\u0131k. G\u00f6reve geldi\u011fimiz ilk g\u00fcn altyap\u0131 \u00e7al\u0131\u015fmalar\u0131m\u0131z\u0131 h\u0131zland\u0131rd\u0131k. Bug\u00fcn gelinen noktada gen\u00e7lerimiz uluslararas\u0131 alanlarda bizleri ba\u015far\u0131yla temsil ediyorlar. Burada m\u00fccadele eden gen\u00e7lerin i\u00e7inden de mutlaka Avrupa, d\u00fcnya ve olimpiyat \u015fampiyonlar\u0131 \u00e7\u0131kacakt\u0131r. Bunu g\u00f6r\u00fcyoruz. T\u00fcrkiye \u015eampiyonas\u0131\u2019nda m\u00fccadele eden t\u00fcm gen\u00e7lerimize ba\u015far\u0131lar diliyorum\u201d \u015feklinde konu\u015ftu.<\/p>\n<p>Sakarya Gen\u00e7lik Hizmetleri ve Spor \u0130l M\u00fcd\u00fcr\u00fc Murat Acar ise b\u00f6ylesine \u00f6nemli bir \u015fampiyonaya ev sahipli\u011fi yapt\u0131klar\u0131 i\u00e7in mutlu olduklar\u0131n\u0131 belirterek, t\u00fcm kat\u0131l\u0131mc\u0131lara ba\u015far\u0131lar diledi.<\/p>\n<p>Konu\u015fmalar\u0131n ard\u0131ndan \u015fampiyonaya emeklerinden dolay\u0131 Ba\u015fkan Musa Ayd\u0131n, 25. d\u00f6nem Ak Parti Milletvekili Ali \u0130nci ile Gen\u00e7lik Hizmetleri ve Spor \u0130l M\u00fcd\u00fcr\u00fc Murat Acar, Sakarya G\u00fcre\u015f \u0130l Temsilcisi Necati Eker ve Uluslararas\u0131 eski hakem Suat Beyenal\u2019a plaket taktim etti.<\/p>\n<p>A\u00e7\u0131l\u0131\u015f t\u00f6reninin ard\u0131ndan m\u00fcsabakalara devam edildi. T\u00fcrkiye Gen\u00e7ler Greko-Romen G\u00fcre\u015f \u015eampiyonas\u0131\u2019nda yar\u0131n 60-67-77-87-130 kilolarda repesaj, 3\/5 ve final m\u00fcsabakalar\u0131yla 55-63-72-82-97 kilolarda eleme, yar\u0131 final ma\u00e7lar\u0131 yap\u0131lacak. \u015eampiyona pazar g\u00fcn\u00fc yap\u0131lacak olan 55-63-72-82-97 kilolarda 3\/5 ve final kar\u015f\u0131la\u015fmas\u0131yla sona erecek.<div class=\"tiled-gallery type-rectangular tiled-gallery-unresized\" data-original-width=\"500\" data-carousel-extra='null' itemscope itemtype=\"http:\/\/schema.org\/ImageGallery\" > <div class=\"gallery-row\" style=\"width: 500px; height: 240px;\" data-original-width=\"500\" data-original-height=\"240\" > <div class=\"gallery-group images-1\" style=\"width: 319px; height: 240px;\" data-original-width=\"319\" data-original-height=\"240\" > <div class=\"tiled-gallery-item tiled-gallery-item-large\" itemprop=\"associatedMedia\" itemscope itemtype=\"http:\/\/schema.org\/ImageObject\"> <a href=\"http:\/\/www.tvturk.com\/index.php\/turkiye-gencler-greko-romen-gures-sampiyonasi-sakaryada-basladi\/turkiye-gencler-greko-romen-gures-sampiyonasi-sakaryada-basladi-3\/\" border=\"0\" itemprop=\"url\"> <meta itemprop=\"width\" content=\"315\"> <meta itemprop=\"height\" content=\"236\"> <img decoding=\"async\" class=\"\" data-attachment-id=\"125742\" data-orig-file=\"http:\/\/www.tvturk.com\/wp-content\/uploads\/2019\/04\/turkiye-gencler-greko-romen-gures-sampiyonasi-sakaryada-basladi_65a721e.jpg\" data-orig-size=\"1000,750\" data-comments-opened=\"\" data-image-meta=\"{&quot;aperture&quot;:&quot;0&quot;,&quot;credit&quot;:&quot;IHA&quot;,&quot;camera&quot;:&quot;&quot;,&quot;caption&quot;:&quot;BU YIL SAKARYA\\u2019DA D\\u00dcZENLENEN VE 500 SPORCUNUN TER D\\u00d6KECE\\u011e\\u0130 T\\u00dcRK\\u0130YE GEN\\u00c7LER GREKO-ROMEN G\\u00dcRE\\u015e \\u015eAMP\\u0130YONASI BA\\u015eLADI. (\\u0130HA\\\/\\u0130STANBUL-\\u0130HA)&quot;,&quot;created_timestamp&quot;:&quot;0&quot;,&quot;copyright&quot;:&quot;\\u0130HLAS HABER AJANSI, www.iha.com.tr&quot;,&quot;focal_length&quot;:&quot;0&quot;,&quot;iso&quot;:&quot;0&quot;,&quot;shutter_speed&quot;:&quot;0&quot;,&quot;title&quot;:&quot;T\\u00dcRK\\u0130YE GEN\\u00c7LER GREKO-ROMEN G\\u00dcRE\\u015e \\u015eAMP\\u0130YONASI SAKARYA\\u0027DA BA\\u015eLADI&quot;,&quot;orientation&quot;:&quot;0&quot;}\" data-image-title=\"T\u00fcrkiye Gen\u00e7ler Greko-Romen G\u00fcre\u015f \u015eampiyonas\u0131 Sakarya\u2019da ba\u015flad\u0131\" data-image-description=\"&lt;p&gt;T\u00fcrkiye Gen\u00e7ler Greko-Romen G\u00fcre\u015f \u015eampiyonas\u0131 Sakarya\u2019da ba\u015flad\u0131&lt;\/p&gt; \" data-medium-file=\"https:\/\/i0.wp.com\/www.tvturk.com\/wp-content\/uploads\/2019\/04\/turkiye-gencler-greko-romen-gures-sampiyonasi-sakaryada-basladi_65a721e.jpg?fit=300%2C225\" data-large-file=\"https:\/\/i0.wp.com\/www.tvturk.com\/wp-content\/uploads\/2019\/04\/turkiye-gencler-greko-romen-gures-sampiyonasi-sakaryada-basladi_65a721e.jpg?fit=1000%2C750\" src=\"https:\/\/i0.wp.com\/www.tvturk.com\/wp-content\/uploads\/2019\/04\/turkiye-gencler-greko-romen-gures-sampiyonasi-sakaryada-basladi_65a721e.jpg?w=315&#038;h=236\" srcset=\"https:\/\/i0.wp.com\/www.tvturk.com\/wp-content\/uploads\/2019\/04\/turkiye-gencler-greko-romen-gures-sampiyonasi-sakaryada-basladi_65a721e.jpg?w=1000 1000w, https:\/\/i0.wp.com\/www.tvturk.com\/wp-content\/uploads\/2019\/04\/turkiye-gencler-greko-romen-gures-sampiyonasi-sakaryada-basladi_65a721e.jpg?resize=150%2C113 150w, https:\/\/i0.wp.com\/www.tvturk.com\/wp-content\/uploads\/2019\/04\/turkiye-gencler-greko-romen-gures-sampiyonasi-sakaryada-basladi_65a721e.jpg?resize=300%2C225 300w, https:\/\/i0.wp.com\/www.tvturk.com\/wp-content\/uploads\/2019\/04\/turkiye-gencler-greko-romen-gures-sampiyonasi-sakaryada-basladi_65a721e.jpg?resize=768%2C576 768w\" width=\"315\" height=\"236\" loading=\"lazy\" data-original-width=\"315\" data-original-height=\"236\" itemprop=\"http:\/\/schema.org\/image\" title=\"T\u00fcrkiye Gen\u00e7ler Greko-Romen G\u00fcre\u015f \u015eampiyonas\u0131 Sakarya\u2019da ba\u015flad\u0131\" alt=\"T\u00fcrkiye Gen\u00e7ler Greko-Romen G\u00fcre\u015f \u015eampiyonas\u0131 Sakarya\u2019da ba\u015flad\u0131\" style=\"width: 315px; height: 236px;\" \/> <\/a> <\/div> <\/div> <!-- close group --> <div class=\"gallery-group images-1\" style=\"width: 181px; height: 240px;\" data-original-width=\"181\" data-original-height=\"240\" > <div class=\"tiled-gallery-item tiled-gallery-item-small\" itemprop=\"associatedMedia\" itemscope itemtype=\"http:\/\/schema.org\/ImageObject\"> <a href=\"http:\/\/www.tvturk.com\/index.php\/turkiye-gencler-greko-romen-gures-sampiyonasi-sakaryada-basladi\/turkiye-gencler-greko-romen-gures-sampiyonasi-sakaryada-basladi-4\/\" border=\"0\" itemprop=\"url\"> <meta itemprop=\"width\" content=\"177\"> <meta itemprop=\"height\" content=\"236\"> <img decoding=\"async\" class=\"\" data-attachment-id=\"125743\" data-orig-file=\"http:\/\/www.tvturk.com\/wp-content\/uploads\/2019\/04\/turkiye-gencler-greko-romen-gures-sampiyonasi-sakaryada-basladi_5bc903a.jpg\" data-orig-size=\"750,1000\" data-comments-opened=\"\" data-image-meta=\"{&quot;aperture&quot;:&quot;0&quot;,&quot;credit&quot;:&quot;IHA&quot;,&quot;camera&quot;:&quot;&quot;,&quot;caption&quot;:&quot;BU YIL SAKARYA\\u2019DA D\\u00dcZENLENEN VE 500 SPORCUNUN TER D\\u00d6KECE\\u011e\\u0130 T\\u00dcRK\\u0130YE GEN\\u00c7LER GREKO-ROMEN G\\u00dcRE\\u015e \\u015eAMP\\u0130YONASI BA\\u015eLADI. (\\u0130HA\\\/\\u0130STANBUL-\\u0130HA)&quot;,&quot;created_timestamp&quot;:&quot;0&quot;,&quot;copyright&quot;:&quot;\\u0130HLAS HABER AJANSI, www.iha.com.tr&quot;,&quot;focal_length&quot;:&quot;0&quot;,&quot;iso&quot;:&quot;0&quot;,&quot;shutter_speed&quot;:&quot;0&quot;,&quot;title&quot;:&quot;T\\u00dcRK\\u0130YE GEN\\u00c7LER GREKO-ROMEN G\\u00dcRE\\u015e \\u015eAMP\\u0130YONASI SAKARYA\\u0027DA BA\\u015eLADI&quot;,&quot;orientation&quot;:&quot;0&quot;}\" data-image-title=\"T\u00fcrkiye Gen\u00e7ler Greko-Romen G\u00fcre\u015f \u015eampiyonas\u0131 Sakarya\u2019da ba\u015flad\u0131\" data-image-description=\"&lt;p&gt;T\u00fcrkiye Gen\u00e7ler Greko-Romen G\u00fcre\u015f \u015eampiyonas\u0131 Sakarya\u2019da ba\u015flad\u0131&lt;\/p&gt; \" data-medium-file=\"https:\/\/i0.wp.com\/www.tvturk.com\/wp-content\/uploads\/2019\/04\/turkiye-gencler-greko-romen-gures-sampiyonasi-sakaryada-basladi_5bc903a.jpg?fit=225%2C300\" data-large-file=\"https:\/\/i0.wp.com\/www.tvturk.com\/wp-content\/uploads\/2019\/04\/turkiye-gencler-greko-romen-gures-sampiyonasi-sakaryada-basladi_5bc903a.jpg?fit=750%2C1000\" src=\"https:\/\/i0.wp.com\/www.tvturk.com\/wp-content\/uploads\/2019\/04\/turkiye-gencler-greko-romen-gures-sampiyonasi-sakaryada-basladi_5bc903a.jpg?w=177&#038;h=236\" srcset=\"https:\/\/i0.wp.com\/www.tvturk.com\/wp-content\/uploads\/2019\/04\/turkiye-gencler-greko-romen-gures-sampiyonasi-sakaryada-basladi_5bc903a.jpg?w=750 750w, https:\/\/i0.wp.com\/www.tvturk.com\/wp-content\/uploads\/2019\/04\/turkiye-gencler-greko-romen-gures-sampiyonasi-sakaryada-basladi_5bc903a.jpg?resize=113%2C150 113w, https:\/\/i0.wp.com\/www.tvturk.com\/wp-content\/uploads\/2019\/04\/turkiye-gencler-greko-romen-gures-sampiyonasi-sakaryada-basladi_5bc903a.jpg?resize=225%2C300 225w\" width=\"177\" height=\"236\" loading=\"lazy\" data-original-width=\"177\" data-original-height=\"236\" itemprop=\"http:\/\/schema.org\/image\" title=\"T\u00fcrkiye Gen\u00e7ler Greko-Romen G\u00fcre\u015f \u015eampiyonas\u0131 Sakarya\u2019da ba\u015flad\u0131\" alt=\"T\u00fcrkiye Gen\u00e7ler Greko-Romen G\u00fcre\u015f \u015eampiyonas\u0131 Sakarya\u2019da ba\u015flad\u0131\" style=\"width: 177px; height: 236px;\" \/> <\/a> <\/div> <\/div> <!-- close group --> <\/div> <!-- close row --> <\/div><\/p>\n","protected":false},"excerpt":{"rendered":"<p>BU YIL SAKARYA\u2019DA D\u00dcZENLENEN VE 500 SPORCUNUN TER D\u00d6KECE\u011e\u0130 T\u00dcRK\u0130YE GEN\u00c7LER GREKO-ROMEN G\u00dcRE\u015e \u015eAMP\u0130YONASI BA\u015eLADI.<\/p>\n","protected":false},"author":1,"featured_media":125741,"comment_status":"closed","ping_status":"open","sticky":false,"template":"","format":"standard","meta":{"jetpack_post_was_ever_published":false,"_jetpack_newsletter_access":"","_jetpack_dont_email_post_to_subs":false,"_jetpack_newsletter_tier_id":0,"_jetpack_memberships_contains_paywalled_content":false,"_jetpack_memberships_contains_paid_content":false,"footnotes":"","jetpack_publicize_message":"","jetpack_publicize_feature_enabled":true,"jetpack_social_post_already_shared":true,"jetpack_social_options":{"image_generator_settings":{"template":"highway","default_image_id":0,"font":"","enabled":false},"version":2}},"categories":[657],"tags":[55,1622,29727,8355,2200,395,453],"class_list":["post-125740","post","type-post","status-publish","format-standard","has-post-thumbnail","hentry","category-spor","tag-basladi","tag-gencler","tag-greko-romen","tag-gures","tag-sakaryada","tag-sampiyonasi","tag-turkiye"],"jetpack_publicize_connections":[],"jetpack_featured_media_url":"https:\/\/i0.wp.com\/www.tvturk.com\/wp-content\/uploads\/2019\/04\/turkiye-gencler-greko-romen-gures-sampiyonasi-sakaryada-basladi_04d189d.jpg?fit=1000%2C750","jetpack_sharing_enabled":true,"jetpack_shortlink":"https:\/\/wp.me\/paKIfm-wI4","_links":{"self":[{"href":"http:\/\/www.tvturk.com\/index.php\/wp-json\/wp\/v2\/posts\/125740","targetHints":{"allow":["GET"]}}],"collection":[{"href":"http:\/\/www.tvturk.com\/index.php\/wp-json\/wp\/v2\/posts"}],"about":[{"href":"http:\/\/www.tvturk.com\/index.php\/wp-json\/wp\/v2\/types\/post"}],"author":[{"embeddable":true,"href":"http:\/\/www.tvturk.com\/index.php\/wp-json\/wp\/v2\/users\/1"}],"replies":[{"embeddable":true,"href":"http:\/\/www.tvturk.com\/index.php\/wp-json\/wp\/v2\/comments?post=125740"}],"version-history":[{"count":1,"href":"http:\/\/www.tvturk.com\/index.php\/wp-json\/wp\/v2\/posts\/125740\/revisions"}],"predecessor-version":[{"id":125744,"href":"http:\/\/www.tvturk.com\/index.php\/wp-json\/wp\/v2\/posts\/125740\/revisions\/125744"}],"wp:featuredmedia":[{"embeddable":true,"href":"http:\/\/www.tvturk.com\/index.php\/wp-json\/wp\/v2\/media\/125741"}],"wp:attachment":[{"href":"http:\/\/www.tvturk.com\/index.php\/wp-json\/wp\/v2\/media?parent=125740"}],"wp:term":[{"taxonomy":"category","embeddable":true,"href":"http:\/\/www.tvturk.com\/index.php\/wp-json\/wp\/v2\/categories?post=125740"},{"taxonomy":"post_tag","embeddable":true,"href":"http:\/\/www.tvturk.com\/index.php\/wp-json\/wp\/v2\/tags?post=125740"}],"curies":[{"name":"wp","href":"https:\/\/api.w.org\/{rel}","templated":true}]}}