{"id":125761,"date":"2019-04-05T17:23:41","date_gmt":"2019-04-05T14:23:41","guid":{"rendered":"http:\/\/www.tvturk.com\/index.php\/cumhuriyetin-ilk-cagdas-ressami-mihri-musfik-adina-atolye-acildi\/"},"modified":"2019-04-05T17:23:49","modified_gmt":"2019-04-05T14:23:49","slug":"cumhuriyetin-ilk-cagdas-ressami-mihri-musfik-adina-atolye-acildi","status":"publish","type":"post","link":"http:\/\/www.tvturk.com\/index.php\/cumhuriyetin-ilk-cagdas-ressami-mihri-musfik-adina-atolye-acildi\/","title":{"rendered":"Cumhuriyetin ilk \u00e7a\u011fda\u015f ressam\u0131 Mihri M\u00fc\u015ffik ad\u0131na at\u00f6lye a\u00e7\u0131ld\u0131"},"content":{"rendered":"<p>\u015eanl\u0131urfa\u2019n\u0131n Siverek il\u00e7esinde T\u00fcrkiye\u2019de \u00e7a\u011fda\u015f resim \u00e7al\u0131\u015fmalar\u0131n\u0131 ba\u015flatan kad\u0131n ressam  Mihri M\u00fc\u015ffik ad\u0131na at\u00f6lye a\u00e7\u0131ld\u0131.<\/p>\n<p>Gazi Pa\u015fa \u0130lkokulunda Karacada\u011f Kalk\u0131nma Ajans\u0131\u2019n\u0131n deste\u011fiyle \u201cMihri M\u00fc\u015ffik: T\u00fcm Renklerin Beyaza D\u00f6n\u00fc\u015f\u00fcm\u00fc\u201d projesi kapsam\u0131nda ana s\u0131n\u0131f\u0131 \u00f6\u011frencilerini el becerilerini geli\u015ftirece\u011fi at\u00f6lyenin a\u00e7\u0131l\u0131\u015f\u0131 ger\u00e7ekle\u015ftirildi.<\/p>\n<p>T\u00fcrkiye\u2019de \u00e7a\u011fda\u015f resim \u00e7al\u0131\u015fmalar\u0131n\u0131 ba\u015flatan kad\u0131n ressam olarak bilinen Mihri M\u00fc\u015ffik ad\u0131na kurulan at\u00f6lyenin a\u00e7\u0131l\u0131\u015f\u0131na Siverek Kaymakam\u0131 Mustafa \u00c7ifti\u00e7iler, Siverek Emniyet M\u00fcd\u00fcr\u00fc Teoman Y\u0131ld\u0131r\u0131m, Siverek Milli E\u011fitim M\u00fcd\u00fcr\u00fc Nuri Kapano\u011flu, \u00f6\u011fretmenler ve \u00e7ok say\u0131da kurum amiri kat\u0131ld\u0131.<\/p>\n<p>Mihri M\u00fc\u015ffik kimdir<\/p>\n<p>Mihri M\u00fc\u015ffik, T\u00fcrkiye\u2019de \u00e7a\u011fda\u015f resim \u00e7al\u0131\u015fmalar\u0131n\u0131 ba\u015flatan kad\u0131n ressam olarak bilinir. \u00d6zellikle portreleriyle tan\u0131nd\u0131. Bir \u00e7ok tan\u0131nm\u0131\u015f ki\u015finin portrelerini yapt\u0131. Portresini yapt\u0131\u011f\u0131 tan\u0131nan isimler aras\u0131nda Mustafa Kemal Atat\u00fcrk ve Papa XV. Benedict de bulunuyor. K\u0131z \u00f6\u011frencilerin devam etti\u011fi bir G\u00fczel Sanatlar Akademisi olan \u0130nas (K\u0131z) Sanayi Nefise Mektebi\u2019nin ilk kad\u0131n y\u00f6neticisi oldu; pek \u00e7ok kad\u0131n ressam\u0131n yeti\u015fmesine eme\u011fi ge\u00e7ti. Resme olan tutkusu nedeniyle aristokrat ya\u015fam\u0131n\u0131 terk etti, bohem ve yoksul bir ya\u015fam s\u00fcrd\u00fc.<div class=\"tiled-gallery type-rectangular tiled-gallery-unresized\" data-original-width=\"500\" data-carousel-extra='null' itemscope itemtype=\"http:\/\/schema.org\/ImageGallery\" > <div class=\"gallery-row\" style=\"width: 500px; height: 222px;\" data-original-width=\"500\" data-original-height=\"222\" > <div class=\"gallery-group images-1\" style=\"width: 335px; height: 222px;\" data-original-width=\"335\" data-original-height=\"222\" > <div class=\"tiled-gallery-item tiled-gallery-item-large\" itemprop=\"associatedMedia\" itemscope itemtype=\"http:\/\/schema.org\/ImageObject\"> <a href=\"http:\/\/www.tvturk.com\/index.php\/cumhuriyetin-ilk-cagdas-ressami-mihri-musfik-adina-atolye-acildi\/cumhuriyetin-ilk-cagdas-ressami-mihri-musfik-adina-atolye-acildi-3\/\" border=\"0\" itemprop=\"url\"> <meta itemprop=\"width\" content=\"331\"> <meta itemprop=\"height\" content=\"218\"> <img decoding=\"async\" class=\"\" data-attachment-id=\"125763\" data-orig-file=\"http:\/\/www.tvturk.com\/wp-content\/uploads\/2019\/04\/cumhuriyetin-ilk-cagdas-ressami-mihri-musfik-adina-atolye-acildi_910166d.jpg\" data-orig-size=\"1000,659\" data-comments-opened=\"\" data-image-meta=\"{&quot;aperture&quot;:&quot;0&quot;,&quot;credit&quot;:&quot;IHA&quot;,&quot;camera&quot;:&quot;&quot;,&quot;caption&quot;:&quot;GAZ\\u0130 PA\\u015eA \\u0130LKOKULUNDA KARACADA\\u011e KALKINMA AJANSI\\u0027NIN DESTE\\u011e\\u0130YLE \\u201cM\\u0130HR\\u0130 M\\u00dc\\u015eF\\u0130K: T\\u00dcM RENKLER\\u0130N BEYAZA D\\u00d6N\\u00dc\\u015e\\u00dcM\\u00dc\\u201d PROJES\\u0130 KAPSAMINDA ANA SINIFI \\u00d6\\u011eRENC\\u0130LER\\u0130N\\u0130 EL BECER\\u0130LER\\u0130N\\u0130 GEL\\u0130\\u015eT\\u0130RECE\\u011e\\u0130 AT\\u00d6LYEN\\u0130N A\\u00c7ILI\\u015eI GER\\u00c7EKLE\\u015eT\\u0130R\\u0130LD\\u0130. (MEVL\\u00dcT BAYRAKTAR\\\/\\u015eANLIURFA-\\u0130HA)&quot;,&quot;created_timestamp&quot;:&quot;0&quot;,&quot;copyright&quot;:&quot;\\u0130HLAS HABER AJANSI, www.iha.com.tr&quot;,&quot;focal_length&quot;:&quot;0&quot;,&quot;iso&quot;:&quot;0&quot;,&quot;shutter_speed&quot;:&quot;0&quot;,&quot;title&quot;:&quot;CUMHUR\\u0130YET\\u0130N \\u0130LK \\u00c7A\\u011eDA\\u015e RESSAMI M\\u0130HR\\u0130 M\\u00dc\\u015eF\\u0130K ADINA AT\\u00d6LYE A\\u00c7ILDI&quot;,&quot;orientation&quot;:&quot;0&quot;}\" data-image-title=\"Cumhuriyetin ilk \u00e7a\u011fda\u015f ressam\u0131 Mihri M\u00fc\u015ffik ad\u0131na at\u00f6lye a\u00e7\u0131ld\u0131\" data-image-description=\"&lt;p&gt;Cumhuriyetin ilk \u00e7a\u011fda\u015f ressam\u0131 Mihri M\u00fc\u015ffik ad\u0131na at\u00f6lye a\u00e7\u0131ld\u0131&lt;\/p&gt; \" data-medium-file=\"https:\/\/i0.wp.com\/www.tvturk.com\/wp-content\/uploads\/2019\/04\/cumhuriyetin-ilk-cagdas-ressami-mihri-musfik-adina-atolye-acildi_910166d.jpg?fit=300%2C198\" data-large-file=\"https:\/\/i0.wp.com\/www.tvturk.com\/wp-content\/uploads\/2019\/04\/cumhuriyetin-ilk-cagdas-ressami-mihri-musfik-adina-atolye-acildi_910166d.jpg?fit=1000%2C659\" src=\"https:\/\/i0.wp.com\/www.tvturk.com\/wp-content\/uploads\/2019\/04\/cumhuriyetin-ilk-cagdas-ressami-mihri-musfik-adina-atolye-acildi_910166d.jpg?w=331&#038;h=218\" srcset=\"https:\/\/i0.wp.com\/www.tvturk.com\/wp-content\/uploads\/2019\/04\/cumhuriyetin-ilk-cagdas-ressami-mihri-musfik-adina-atolye-acildi_910166d.jpg?w=1000 1000w, https:\/\/i0.wp.com\/www.tvturk.com\/wp-content\/uploads\/2019\/04\/cumhuriyetin-ilk-cagdas-ressami-mihri-musfik-adina-atolye-acildi_910166d.jpg?resize=150%2C99 150w, https:\/\/i0.wp.com\/www.tvturk.com\/wp-content\/uploads\/2019\/04\/cumhuriyetin-ilk-cagdas-ressami-mihri-musfik-adina-atolye-acildi_910166d.jpg?resize=300%2C198 300w, https:\/\/i0.wp.com\/www.tvturk.com\/wp-content\/uploads\/2019\/04\/cumhuriyetin-ilk-cagdas-ressami-mihri-musfik-adina-atolye-acildi_910166d.jpg?resize=768%2C506 768w, https:\/\/i0.wp.com\/www.tvturk.com\/wp-content\/uploads\/2019\/04\/cumhuriyetin-ilk-cagdas-ressami-mihri-musfik-adina-atolye-acildi_910166d.jpg?resize=170%2C113 170w, https:\/\/i0.wp.com\/www.tvturk.com\/wp-content\/uploads\/2019\/04\/cumhuriyetin-ilk-cagdas-ressami-mihri-musfik-adina-atolye-acildi_910166d.jpg?resize=120%2C80 120w\" width=\"331\" height=\"218\" loading=\"lazy\" data-original-width=\"331\" data-original-height=\"218\" itemprop=\"http:\/\/schema.org\/image\" title=\"Cumhuriyetin ilk \u00e7a\u011fda\u015f ressam\u0131 Mihri M\u00fc\u015ffik ad\u0131na at\u00f6lye a\u00e7\u0131ld\u0131\" alt=\"Cumhuriyetin ilk \u00e7a\u011fda\u015f ressam\u0131 Mihri M\u00fc\u015ffik ad\u0131na at\u00f6lye a\u00e7\u0131ld\u0131\" style=\"width: 331px; height: 218px;\" \/> <\/a> <\/div> <\/div> <!-- close group --> <div class=\"gallery-group images-2\" style=\"width: 165px; height: 222px;\" data-original-width=\"165\" data-original-height=\"222\" > <div class=\"tiled-gallery-item tiled-gallery-item-small\" itemprop=\"associatedMedia\" itemscope itemtype=\"http:\/\/schema.org\/ImageObject\"> <a href=\"http:\/\/www.tvturk.com\/index.php\/cumhuriyetin-ilk-cagdas-ressami-mihri-musfik-adina-atolye-acildi\/cumhuriyetin-ilk-cagdas-ressami-mihri-musfik-adina-atolye-acildi-4\/\" border=\"0\" itemprop=\"url\"> <meta itemprop=\"width\" content=\"161\"> <meta itemprop=\"height\" content=\"107\"> <img decoding=\"async\" class=\"\" data-attachment-id=\"125764\" data-orig-file=\"http:\/\/www.tvturk.com\/wp-content\/uploads\/2019\/04\/cumhuriyetin-ilk-cagdas-ressami-mihri-musfik-adina-atolye-acildi_e78f80b.jpg\" data-orig-size=\"1000,664\" data-comments-opened=\"\" data-image-meta=\"{&quot;aperture&quot;:&quot;0&quot;,&quot;credit&quot;:&quot;IHA&quot;,&quot;camera&quot;:&quot;&quot;,&quot;caption&quot;:&quot;\\u015eANLIURFA\\u2019NIN S\\u0130VEREK \\u0130L\\u00c7ES\\u0130NDE T\\u00dcRK\\u0130YE\\u0027DE \\u00c7A\\u011eDA\\u015e RES\\u0130M \\u00c7ALI\\u015eMALARINI BA\\u015eLATAN KADIN RESSAM M\\u0130HR\\u0130 M\\u00dc\\u015eF\\u0130K ADINA AT\\u00d6LYE A\\u00c7ILDI. (MEVL\\u00dcT BAYRAKTAR\\\/\\u015eANLIURFA-\\u0130HA)&quot;,&quot;created_timestamp&quot;:&quot;0&quot;,&quot;copyright&quot;:&quot;\\u0130HLAS HABER AJANSI, www.iha.com.tr&quot;,&quot;focal_length&quot;:&quot;0&quot;,&quot;iso&quot;:&quot;0&quot;,&quot;shutter_speed&quot;:&quot;0&quot;,&quot;title&quot;:&quot;CUMHUR\\u0130YET\\u0130N \\u0130LK \\u00c7A\\u011eDA\\u015e RESSAMI M\\u0130HR\\u0130 M\\u00dc\\u015eF\\u0130K ADINA AT\\u00d6LYE A\\u00c7ILDI&quot;,&quot;orientation&quot;:&quot;0&quot;}\" data-image-title=\"Cumhuriyetin ilk \u00e7a\u011fda\u015f ressam\u0131 Mihri M\u00fc\u015ffik ad\u0131na at\u00f6lye a\u00e7\u0131ld\u0131\" data-image-description=\"&lt;p&gt;Cumhuriyetin ilk \u00e7a\u011fda\u015f ressam\u0131 Mihri M\u00fc\u015ffik ad\u0131na at\u00f6lye a\u00e7\u0131ld\u0131&lt;\/p&gt; \" data-medium-file=\"https:\/\/i0.wp.com\/www.tvturk.com\/wp-content\/uploads\/2019\/04\/cumhuriyetin-ilk-cagdas-ressami-mihri-musfik-adina-atolye-acildi_e78f80b.jpg?fit=300%2C199\" data-large-file=\"https:\/\/i0.wp.com\/www.tvturk.com\/wp-content\/uploads\/2019\/04\/cumhuriyetin-ilk-cagdas-ressami-mihri-musfik-adina-atolye-acildi_e78f80b.jpg?fit=1000%2C664\" src=\"https:\/\/i0.wp.com\/www.tvturk.com\/wp-content\/uploads\/2019\/04\/cumhuriyetin-ilk-cagdas-ressami-mihri-musfik-adina-atolye-acildi_e78f80b.jpg?w=161&#038;h=107\" srcset=\"https:\/\/i0.wp.com\/www.tvturk.com\/wp-content\/uploads\/2019\/04\/cumhuriyetin-ilk-cagdas-ressami-mihri-musfik-adina-atolye-acildi_e78f80b.jpg?w=1000 1000w, https:\/\/i0.wp.com\/www.tvturk.com\/wp-content\/uploads\/2019\/04\/cumhuriyetin-ilk-cagdas-ressami-mihri-musfik-adina-atolye-acildi_e78f80b.jpg?resize=150%2C100 150w, https:\/\/i0.wp.com\/www.tvturk.com\/wp-content\/uploads\/2019\/04\/cumhuriyetin-ilk-cagdas-ressami-mihri-musfik-adina-atolye-acildi_e78f80b.jpg?resize=300%2C200 300w, https:\/\/i0.wp.com\/www.tvturk.com\/wp-content\/uploads\/2019\/04\/cumhuriyetin-ilk-cagdas-ressami-mihri-musfik-adina-atolye-acildi_e78f80b.jpg?resize=768%2C510 768w, https:\/\/i0.wp.com\/www.tvturk.com\/wp-content\/uploads\/2019\/04\/cumhuriyetin-ilk-cagdas-ressami-mihri-musfik-adina-atolye-acildi_e78f80b.jpg?resize=170%2C113 170w, https:\/\/i0.wp.com\/www.tvturk.com\/wp-content\/uploads\/2019\/04\/cumhuriyetin-ilk-cagdas-ressami-mihri-musfik-adina-atolye-acildi_e78f80b.jpg?resize=120%2C80 120w\" width=\"161\" height=\"107\" loading=\"lazy\" data-original-width=\"161\" data-original-height=\"107\" itemprop=\"http:\/\/schema.org\/image\" title=\"Cumhuriyetin ilk \u00e7a\u011fda\u015f ressam\u0131 Mihri M\u00fc\u015ffik ad\u0131na at\u00f6lye a\u00e7\u0131ld\u0131\" alt=\"Cumhuriyetin ilk \u00e7a\u011fda\u015f ressam\u0131 Mihri M\u00fc\u015ffik ad\u0131na at\u00f6lye a\u00e7\u0131ld\u0131\" style=\"width: 161px; height: 107px;\" \/> <\/a> <\/div> <div class=\"tiled-gallery-item tiled-gallery-item-small\" itemprop=\"associatedMedia\" itemscope itemtype=\"http:\/\/schema.org\/ImageObject\"> <a href=\"http:\/\/www.tvturk.com\/index.php\/cumhuriyetin-ilk-cagdas-ressami-mihri-musfik-adina-atolye-acildi\/cumhuriyetin-ilk-cagdas-ressami-mihri-musfik-adina-atolye-acildi-5\/\" border=\"0\" itemprop=\"url\"> <meta itemprop=\"width\" content=\"161\"> <meta itemprop=\"height\" content=\"107\"> <img decoding=\"async\" class=\"\" data-attachment-id=\"125765\" data-orig-file=\"http:\/\/www.tvturk.com\/wp-content\/uploads\/2019\/04\/cumhuriyetin-ilk-cagdas-ressami-mihri-musfik-adina-atolye-acildi_3825e8f.jpg\" data-orig-size=\"1000,664\" data-comments-opened=\"\" data-image-meta=\"{&quot;aperture&quot;:&quot;0&quot;,&quot;credit&quot;:&quot;IHA&quot;,&quot;camera&quot;:&quot;&quot;,&quot;caption&quot;:&quot;\\u015eANLIURFA\\u2019NIN S\\u0130VEREK \\u0130L\\u00c7ES\\u0130NDE T\\u00dcRK\\u0130YE\\u0027DE \\u00c7A\\u011eDA\\u015e RES\\u0130M \\u00c7ALI\\u015eMALARINI BA\\u015eLATAN KADIN RESSAM M\\u0130HR\\u0130 M\\u00dc\\u015eF\\u0130K ADINA AT\\u00d6LYE A\\u00c7ILDI. (MEVL\\u00dcT BAYRAKTAR\\\/\\u015eANLIURFA-\\u0130HA)&quot;,&quot;created_timestamp&quot;:&quot;0&quot;,&quot;copyright&quot;:&quot;\\u0130HLAS HABER AJANSI, www.iha.com.tr&quot;,&quot;focal_length&quot;:&quot;0&quot;,&quot;iso&quot;:&quot;0&quot;,&quot;shutter_speed&quot;:&quot;0&quot;,&quot;title&quot;:&quot;CUMHUR\\u0130YET\\u0130N \\u0130LK \\u00c7A\\u011eDA\\u015e RESSAMI M\\u0130HR\\u0130 M\\u00dc\\u015eF\\u0130K ADINA AT\\u00d6LYE A\\u00c7ILDI&quot;,&quot;orientation&quot;:&quot;0&quot;}\" data-image-title=\"Cumhuriyetin ilk \u00e7a\u011fda\u015f ressam\u0131 Mihri M\u00fc\u015ffik ad\u0131na at\u00f6lye a\u00e7\u0131ld\u0131\" data-image-description=\"&lt;p&gt;Cumhuriyetin ilk \u00e7a\u011fda\u015f ressam\u0131 Mihri M\u00fc\u015ffik ad\u0131na at\u00f6lye a\u00e7\u0131ld\u0131&lt;\/p&gt; \" data-medium-file=\"https:\/\/i0.wp.com\/www.tvturk.com\/wp-content\/uploads\/2019\/04\/cumhuriyetin-ilk-cagdas-ressami-mihri-musfik-adina-atolye-acildi_3825e8f.jpg?fit=300%2C199\" data-large-file=\"https:\/\/i0.wp.com\/www.tvturk.com\/wp-content\/uploads\/2019\/04\/cumhuriyetin-ilk-cagdas-ressami-mihri-musfik-adina-atolye-acildi_3825e8f.jpg?fit=1000%2C664\" src=\"https:\/\/i0.wp.com\/www.tvturk.com\/wp-content\/uploads\/2019\/04\/cumhuriyetin-ilk-cagdas-ressami-mihri-musfik-adina-atolye-acildi_3825e8f.jpg?w=161&#038;h=107\" srcset=\"https:\/\/i0.wp.com\/www.tvturk.com\/wp-content\/uploads\/2019\/04\/cumhuriyetin-ilk-cagdas-ressami-mihri-musfik-adina-atolye-acildi_3825e8f.jpg?w=1000 1000w, https:\/\/i0.wp.com\/www.tvturk.com\/wp-content\/uploads\/2019\/04\/cumhuriyetin-ilk-cagdas-ressami-mihri-musfik-adina-atolye-acildi_3825e8f.jpg?resize=150%2C100 150w, https:\/\/i0.wp.com\/www.tvturk.com\/wp-content\/uploads\/2019\/04\/cumhuriyetin-ilk-cagdas-ressami-mihri-musfik-adina-atolye-acildi_3825e8f.jpg?resize=300%2C200 300w, https:\/\/i0.wp.com\/www.tvturk.com\/wp-content\/uploads\/2019\/04\/cumhuriyetin-ilk-cagdas-ressami-mihri-musfik-adina-atolye-acildi_3825e8f.jpg?resize=768%2C510 768w, https:\/\/i0.wp.com\/www.tvturk.com\/wp-content\/uploads\/2019\/04\/cumhuriyetin-ilk-cagdas-ressami-mihri-musfik-adina-atolye-acildi_3825e8f.jpg?resize=170%2C113 170w, https:\/\/i0.wp.com\/www.tvturk.com\/wp-content\/uploads\/2019\/04\/cumhuriyetin-ilk-cagdas-ressami-mihri-musfik-adina-atolye-acildi_3825e8f.jpg?resize=120%2C80 120w\" width=\"161\" height=\"107\" loading=\"lazy\" data-original-width=\"161\" data-original-height=\"107\" itemprop=\"http:\/\/schema.org\/image\" title=\"Cumhuriyetin ilk \u00e7a\u011fda\u015f ressam\u0131 Mihri M\u00fc\u015ffik ad\u0131na at\u00f6lye a\u00e7\u0131ld\u0131\" alt=\"Cumhuriyetin ilk \u00e7a\u011fda\u015f ressam\u0131 Mihri M\u00fc\u015ffik ad\u0131na at\u00f6lye a\u00e7\u0131ld\u0131\" style=\"width: 161px; height: 107px;\" \/> <\/a> <\/div> <\/div> <!-- close group --> <\/div> <!-- close row --> <div class=\"gallery-row\" style=\"width: 500px; height: 256px;\" data-original-width=\"500\" data-original-height=\"256\" > <div class=\"gallery-group images-2\" style=\"width: 212px; height: 256px;\" data-original-width=\"212\" data-original-height=\"256\" > <div class=\"tiled-gallery-item tiled-gallery-item-small\" itemprop=\"associatedMedia\" itemscope itemtype=\"http:\/\/schema.org\/ImageObject\"> <a href=\"http:\/\/www.tvturk.com\/index.php\/cumhuriyetin-ilk-cagdas-ressami-mihri-musfik-adina-atolye-acildi\/cumhuriyetin-ilk-cagdas-ressami-mihri-musfik-adina-atolye-acildi-6\/\" border=\"0\" itemprop=\"url\"> <meta itemprop=\"width\" content=\"208\"> <meta itemprop=\"height\" content=\"110\"> <img decoding=\"async\" class=\"\" data-attachment-id=\"125766\" data-orig-file=\"http:\/\/www.tvturk.com\/wp-content\/uploads\/2019\/04\/cumhuriyetin-ilk-cagdas-ressami-mihri-musfik-adina-atolye-acildi_2513d5f.jpg\" data-orig-size=\"1000,528\" data-comments-opened=\"\" data-image-meta=\"{&quot;aperture&quot;:&quot;0&quot;,&quot;credit&quot;:&quot;IHA&quot;,&quot;camera&quot;:&quot;&quot;,&quot;caption&quot;:&quot;\\u015eANLIURFA\\u2019NIN S\\u0130VEREK \\u0130L\\u00c7ES\\u0130NDE T\\u00dcRK\\u0130YE\\u0027DE \\u00c7A\\u011eDA\\u015e RES\\u0130M \\u00c7ALI\\u015eMALARINI BA\\u015eLATAN KADIN RESSAM M\\u0130HR\\u0130 M\\u00dc\\u015eF\\u0130K ADINA AT\\u00d6LYE A\\u00c7ILDI. (MEVL\\u00dcT BAYRAKTAR\\\/\\u015eANLIURFA-\\u0130HA)&quot;,&quot;created_timestamp&quot;:&quot;0&quot;,&quot;copyright&quot;:&quot;\\u0130HLAS HABER AJANSI, www.iha.com.tr&quot;,&quot;focal_length&quot;:&quot;0&quot;,&quot;iso&quot;:&quot;0&quot;,&quot;shutter_speed&quot;:&quot;0&quot;,&quot;title&quot;:&quot;CUMHUR\\u0130YET\\u0130N \\u0130LK \\u00c7A\\u011eDA\\u015e RESSAMI M\\u0130HR\\u0130 M\\u00dc\\u015eF\\u0130K ADINA AT\\u00d6LYE A\\u00c7ILDI&quot;,&quot;orientation&quot;:&quot;0&quot;}\" data-image-title=\"Cumhuriyetin ilk \u00e7a\u011fda\u015f ressam\u0131 Mihri M\u00fc\u015ffik ad\u0131na at\u00f6lye a\u00e7\u0131ld\u0131\" data-image-description=\"&lt;p&gt;Cumhuriyetin ilk \u00e7a\u011fda\u015f ressam\u0131 Mihri M\u00fc\u015ffik ad\u0131na at\u00f6lye a\u00e7\u0131ld\u0131&lt;\/p&gt; \" data-medium-file=\"https:\/\/i0.wp.com\/www.tvturk.com\/wp-content\/uploads\/2019\/04\/cumhuriyetin-ilk-cagdas-ressami-mihri-musfik-adina-atolye-acildi_2513d5f.jpg?fit=300%2C158\" data-large-file=\"https:\/\/i0.wp.com\/www.tvturk.com\/wp-content\/uploads\/2019\/04\/cumhuriyetin-ilk-cagdas-ressami-mihri-musfik-adina-atolye-acildi_2513d5f.jpg?fit=1000%2C528\" src=\"https:\/\/i0.wp.com\/www.tvturk.com\/wp-content\/uploads\/2019\/04\/cumhuriyetin-ilk-cagdas-ressami-mihri-musfik-adina-atolye-acildi_2513d5f.jpg?w=208&#038;h=110\" srcset=\"https:\/\/i0.wp.com\/www.tvturk.com\/wp-content\/uploads\/2019\/04\/cumhuriyetin-ilk-cagdas-ressami-mihri-musfik-adina-atolye-acildi_2513d5f.jpg?w=1000 1000w, https:\/\/i0.wp.com\/www.tvturk.com\/wp-content\/uploads\/2019\/04\/cumhuriyetin-ilk-cagdas-ressami-mihri-musfik-adina-atolye-acildi_2513d5f.jpg?resize=150%2C79 150w, https:\/\/i0.wp.com\/www.tvturk.com\/wp-content\/uploads\/2019\/04\/cumhuriyetin-ilk-cagdas-ressami-mihri-musfik-adina-atolye-acildi_2513d5f.jpg?resize=300%2C158 300w, https:\/\/i0.wp.com\/www.tvturk.com\/wp-content\/uploads\/2019\/04\/cumhuriyetin-ilk-cagdas-ressami-mihri-musfik-adina-atolye-acildi_2513d5f.jpg?resize=768%2C406 768w\" width=\"208\" height=\"110\" loading=\"lazy\" data-original-width=\"208\" data-original-height=\"110\" itemprop=\"http:\/\/schema.org\/image\" title=\"Cumhuriyetin ilk \u00e7a\u011fda\u015f ressam\u0131 Mihri M\u00fc\u015ffik ad\u0131na at\u00f6lye a\u00e7\u0131ld\u0131\" alt=\"Cumhuriyetin ilk \u00e7a\u011fda\u015f ressam\u0131 Mihri M\u00fc\u015ffik ad\u0131na at\u00f6lye a\u00e7\u0131ld\u0131\" style=\"width: 208px; height: 110px;\" \/> <\/a> <\/div> <div class=\"tiled-gallery-item tiled-gallery-item-small\" itemprop=\"associatedMedia\" itemscope itemtype=\"http:\/\/schema.org\/ImageObject\"> <a href=\"http:\/\/www.tvturk.com\/index.php\/cumhuriyetin-ilk-cagdas-ressami-mihri-musfik-adina-atolye-acildi\/cumhuriyetin-ilk-cagdas-ressami-mihri-musfik-adina-atolye-acildi-7\/\" border=\"0\" itemprop=\"url\"> <meta itemprop=\"width\" content=\"208\"> <meta itemprop=\"height\" content=\"138\"> <img decoding=\"async\" class=\"\" data-attachment-id=\"125767\" data-orig-file=\"http:\/\/www.tvturk.com\/wp-content\/uploads\/2019\/04\/cumhuriyetin-ilk-cagdas-ressami-mihri-musfik-adina-atolye-acildi_085a27a.jpg\" data-orig-size=\"1000,664\" data-comments-opened=\"\" data-image-meta=\"{&quot;aperture&quot;:&quot;0&quot;,&quot;credit&quot;:&quot;IHA&quot;,&quot;camera&quot;:&quot;&quot;,&quot;caption&quot;:&quot;\\u015eANLIURFA\\u2019NIN S\\u0130VEREK \\u0130L\\u00c7ES\\u0130NDE T\\u00dcRK\\u0130YE\\u0027DE \\u00c7A\\u011eDA\\u015e RES\\u0130M \\u00c7ALI\\u015eMALARINI BA\\u015eLATAN KADIN RESSAM M\\u0130HR\\u0130 M\\u00dc\\u015eF\\u0130K ADINA AT\\u00d6LYE A\\u00c7ILDI. (MEVL\\u00dcT BAYRAKTAR\\\/\\u015eANLIURFA-\\u0130HA)&quot;,&quot;created_timestamp&quot;:&quot;0&quot;,&quot;copyright&quot;:&quot;\\u0130HLAS HABER AJANSI, www.iha.com.tr&quot;,&quot;focal_length&quot;:&quot;0&quot;,&quot;iso&quot;:&quot;0&quot;,&quot;shutter_speed&quot;:&quot;0&quot;,&quot;title&quot;:&quot;CUMHUR\\u0130YET\\u0130N \\u0130LK \\u00c7A\\u011eDA\\u015e RESSAMI M\\u0130HR\\u0130 M\\u00dc\\u015eF\\u0130K ADINA AT\\u00d6LYE A\\u00c7ILDI&quot;,&quot;orientation&quot;:&quot;0&quot;}\" data-image-title=\"Cumhuriyetin ilk \u00e7a\u011fda\u015f ressam\u0131 Mihri M\u00fc\u015ffik ad\u0131na at\u00f6lye a\u00e7\u0131ld\u0131\" data-image-description=\"&lt;p&gt;Cumhuriyetin ilk \u00e7a\u011fda\u015f ressam\u0131 Mihri M\u00fc\u015ffik ad\u0131na at\u00f6lye a\u00e7\u0131ld\u0131&lt;\/p&gt; \" data-medium-file=\"https:\/\/i0.wp.com\/www.tvturk.com\/wp-content\/uploads\/2019\/04\/cumhuriyetin-ilk-cagdas-ressami-mihri-musfik-adina-atolye-acildi_085a27a.jpg?fit=300%2C199\" data-large-file=\"https:\/\/i0.wp.com\/www.tvturk.com\/wp-content\/uploads\/2019\/04\/cumhuriyetin-ilk-cagdas-ressami-mihri-musfik-adina-atolye-acildi_085a27a.jpg?fit=1000%2C664\" src=\"https:\/\/i0.wp.com\/www.tvturk.com\/wp-content\/uploads\/2019\/04\/cumhuriyetin-ilk-cagdas-ressami-mihri-musfik-adina-atolye-acildi_085a27a.jpg?w=208&#038;h=138\" srcset=\"https:\/\/i0.wp.com\/www.tvturk.com\/wp-content\/uploads\/2019\/04\/cumhuriyetin-ilk-cagdas-ressami-mihri-musfik-adina-atolye-acildi_085a27a.jpg?w=1000 1000w, https:\/\/i0.wp.com\/www.tvturk.com\/wp-content\/uploads\/2019\/04\/cumhuriyetin-ilk-cagdas-ressami-mihri-musfik-adina-atolye-acildi_085a27a.jpg?resize=150%2C100 150w, https:\/\/i0.wp.com\/www.tvturk.com\/wp-content\/uploads\/2019\/04\/cumhuriyetin-ilk-cagdas-ressami-mihri-musfik-adina-atolye-acildi_085a27a.jpg?resize=300%2C200 300w, https:\/\/i0.wp.com\/www.tvturk.com\/wp-content\/uploads\/2019\/04\/cumhuriyetin-ilk-cagdas-ressami-mihri-musfik-adina-atolye-acildi_085a27a.jpg?resize=768%2C510 768w, https:\/\/i0.wp.com\/www.tvturk.com\/wp-content\/uploads\/2019\/04\/cumhuriyetin-ilk-cagdas-ressami-mihri-musfik-adina-atolye-acildi_085a27a.jpg?resize=170%2C113 170w, https:\/\/i0.wp.com\/www.tvturk.com\/wp-content\/uploads\/2019\/04\/cumhuriyetin-ilk-cagdas-ressami-mihri-musfik-adina-atolye-acildi_085a27a.jpg?resize=120%2C80 120w\" width=\"208\" height=\"138\" loading=\"lazy\" data-original-width=\"208\" data-original-height=\"138\" itemprop=\"http:\/\/schema.org\/image\" title=\"Cumhuriyetin ilk \u00e7a\u011fda\u015f ressam\u0131 Mihri M\u00fc\u015ffik ad\u0131na at\u00f6lye a\u00e7\u0131ld\u0131\" alt=\"Cumhuriyetin ilk \u00e7a\u011fda\u015f ressam\u0131 Mihri M\u00fc\u015ffik ad\u0131na at\u00f6lye a\u00e7\u0131ld\u0131\" style=\"width: 208px; height: 138px;\" \/> <\/a> <\/div> <\/div> <!-- close group --> <div class=\"gallery-group images-1\" style=\"width: 288px; height: 256px;\" data-original-width=\"288\" data-original-height=\"256\" > <div class=\"tiled-gallery-item tiled-gallery-item-large\" itemprop=\"associatedMedia\" itemscope itemtype=\"http:\/\/schema.org\/ImageObject\"> <a href=\"http:\/\/www.tvturk.com\/index.php\/cumhuriyetin-ilk-cagdas-ressami-mihri-musfik-adina-atolye-acildi\/cumhuriyetin-ilk-cagdas-ressami-mihri-musfik-adina-atolye-acildi-8\/\" border=\"0\" itemprop=\"url\"> <meta itemprop=\"width\" content=\"284\"> <meta itemprop=\"height\" content=\"252\"> <img decoding=\"async\" class=\"\" data-attachment-id=\"125768\" data-orig-file=\"http:\/\/www.tvturk.com\/wp-content\/uploads\/2019\/04\/cumhuriyetin-ilk-cagdas-ressami-mihri-musfik-adina-atolye-acildi_692c3bf.jpg\" data-orig-size=\"1000,885\" data-comments-opened=\"\" data-image-meta=\"{&quot;aperture&quot;:&quot;0&quot;,&quot;credit&quot;:&quot;IHA&quot;,&quot;camera&quot;:&quot;&quot;,&quot;caption&quot;:&quot;\\u015eANLIURFA\\u2019NIN S\\u0130VEREK \\u0130L\\u00c7ES\\u0130NDE T\\u00dcRK\\u0130YE\\u0027DE \\u00c7A\\u011eDA\\u015e RES\\u0130M \\u00c7ALI\\u015eMALARINI BA\\u015eLATAN KADIN RESSAM M\\u0130HR\\u0130 M\\u00dc\\u015eF\\u0130K ADINA AT\\u00d6LYE A\\u00c7ILDI. (MEVL\\u00dcT BAYRAKTAR\\\/\\u015eANLIURFA-\\u0130HA)&quot;,&quot;created_timestamp&quot;:&quot;0&quot;,&quot;copyright&quot;:&quot;\\u0130HLAS HABER AJANSI, www.iha.com.tr&quot;,&quot;focal_length&quot;:&quot;0&quot;,&quot;iso&quot;:&quot;0&quot;,&quot;shutter_speed&quot;:&quot;0&quot;,&quot;title&quot;:&quot;CUMHUR\\u0130YET\\u0130N \\u0130LK \\u00c7A\\u011eDA\\u015e RESSAMI M\\u0130HR\\u0130 M\\u00dc\\u015eF\\u0130K ADINA AT\\u00d6LYE A\\u00c7ILDI&quot;,&quot;orientation&quot;:&quot;0&quot;}\" data-image-title=\"Cumhuriyetin ilk \u00e7a\u011fda\u015f ressam\u0131 Mihri M\u00fc\u015ffik ad\u0131na at\u00f6lye a\u00e7\u0131ld\u0131\" data-image-description=\"&lt;p&gt;Cumhuriyetin ilk \u00e7a\u011fda\u015f ressam\u0131 Mihri M\u00fc\u015ffik ad\u0131na at\u00f6lye a\u00e7\u0131ld\u0131&lt;\/p&gt; \" data-medium-file=\"https:\/\/i0.wp.com\/www.tvturk.com\/wp-content\/uploads\/2019\/04\/cumhuriyetin-ilk-cagdas-ressami-mihri-musfik-adina-atolye-acildi_692c3bf.jpg?fit=300%2C266\" data-large-file=\"https:\/\/i0.wp.com\/www.tvturk.com\/wp-content\/uploads\/2019\/04\/cumhuriyetin-ilk-cagdas-ressami-mihri-musfik-adina-atolye-acildi_692c3bf.jpg?fit=1000%2C885\" src=\"https:\/\/i0.wp.com\/www.tvturk.com\/wp-content\/uploads\/2019\/04\/cumhuriyetin-ilk-cagdas-ressami-mihri-musfik-adina-atolye-acildi_692c3bf.jpg?w=284&#038;h=252\" srcset=\"https:\/\/i0.wp.com\/www.tvturk.com\/wp-content\/uploads\/2019\/04\/cumhuriyetin-ilk-cagdas-ressami-mihri-musfik-adina-atolye-acildi_692c3bf.jpg?w=1000 1000w, https:\/\/i0.wp.com\/www.tvturk.com\/wp-content\/uploads\/2019\/04\/cumhuriyetin-ilk-cagdas-ressami-mihri-musfik-adina-atolye-acildi_692c3bf.jpg?resize=150%2C133 150w, https:\/\/i0.wp.com\/www.tvturk.com\/wp-content\/uploads\/2019\/04\/cumhuriyetin-ilk-cagdas-ressami-mihri-musfik-adina-atolye-acildi_692c3bf.jpg?resize=300%2C266 300w, https:\/\/i0.wp.com\/www.tvturk.com\/wp-content\/uploads\/2019\/04\/cumhuriyetin-ilk-cagdas-ressami-mihri-musfik-adina-atolye-acildi_692c3bf.jpg?resize=768%2C680 768w\" width=\"284\" height=\"252\" loading=\"lazy\" data-original-width=\"284\" data-original-height=\"252\" itemprop=\"http:\/\/schema.org\/image\" title=\"Cumhuriyetin ilk \u00e7a\u011fda\u015f ressam\u0131 Mihri M\u00fc\u015ffik ad\u0131na at\u00f6lye a\u00e7\u0131ld\u0131\" alt=\"Cumhuriyetin ilk \u00e7a\u011fda\u015f ressam\u0131 Mihri M\u00fc\u015ffik ad\u0131na at\u00f6lye a\u00e7\u0131ld\u0131\" style=\"width: 284px; height: 252px;\" \/> <\/a> <\/div> <\/div> <!-- close group --> <\/div> <!-- close row --> <div class=\"gallery-row\" style=\"width: 500px; height: 175px;\" data-original-width=\"500\" data-original-height=\"175\" > <div class=\"gallery-group images-1\" style=\"width: 281px; height: 175px;\" data-original-width=\"281\" data-original-height=\"175\" > <div class=\"tiled-gallery-item tiled-gallery-item-large\" itemprop=\"associatedMedia\" itemscope itemtype=\"http:\/\/schema.org\/ImageObject\"> <a href=\"http:\/\/www.tvturk.com\/index.php\/cumhuriyetin-ilk-cagdas-ressami-mihri-musfik-adina-atolye-acildi\/cumhuriyetin-ilk-cagdas-ressami-mihri-musfik-adina-atolye-acildi-9\/\" border=\"0\" itemprop=\"url\"> <meta itemprop=\"width\" content=\"277\"> <meta itemprop=\"height\" content=\"171\"> <img decoding=\"async\" class=\"\" data-attachment-id=\"125769\" data-orig-file=\"http:\/\/www.tvturk.com\/wp-content\/uploads\/2019\/04\/cumhuriyetin-ilk-cagdas-ressami-mihri-musfik-adina-atolye-acildi_54b4f63.jpg\" data-orig-size=\"1000,617\" data-comments-opened=\"\" data-image-meta=\"{&quot;aperture&quot;:&quot;0&quot;,&quot;credit&quot;:&quot;IHA&quot;,&quot;camera&quot;:&quot;&quot;,&quot;caption&quot;:&quot;\\u015eANLIURFA\\u2019NIN S\\u0130VEREK \\u0130L\\u00c7ES\\u0130NDE T\\u00dcRK\\u0130YE\\u0027DE \\u00c7A\\u011eDA\\u015e RES\\u0130M \\u00c7ALI\\u015eMALARINI BA\\u015eLATAN KADIN RESSAM M\\u0130HR\\u0130 M\\u00dc\\u015eF\\u0130K ADINA AT\\u00d6LYE A\\u00c7ILDI. (MEVL\\u00dcT BAYRAKTAR\\\/\\u015eANLIURFA-\\u0130HA)&quot;,&quot;created_timestamp&quot;:&quot;0&quot;,&quot;copyright&quot;:&quot;\\u0130HLAS HABER AJANSI, www.iha.com.tr&quot;,&quot;focal_length&quot;:&quot;0&quot;,&quot;iso&quot;:&quot;0&quot;,&quot;shutter_speed&quot;:&quot;0&quot;,&quot;title&quot;:&quot;CUMHUR\\u0130YET\\u0130N \\u0130LK \\u00c7A\\u011eDA\\u015e RESSAMI M\\u0130HR\\u0130 M\\u00dc\\u015eF\\u0130K ADINA AT\\u00d6LYE A\\u00c7ILDI&quot;,&quot;orientation&quot;:&quot;0&quot;}\" data-image-title=\"Cumhuriyetin ilk \u00e7a\u011fda\u015f ressam\u0131 Mihri M\u00fc\u015ffik ad\u0131na at\u00f6lye a\u00e7\u0131ld\u0131\" data-image-description=\"&lt;p&gt;Cumhuriyetin ilk \u00e7a\u011fda\u015f ressam\u0131 Mihri M\u00fc\u015ffik ad\u0131na at\u00f6lye a\u00e7\u0131ld\u0131&lt;\/p&gt; \" data-medium-file=\"https:\/\/i0.wp.com\/www.tvturk.com\/wp-content\/uploads\/2019\/04\/cumhuriyetin-ilk-cagdas-ressami-mihri-musfik-adina-atolye-acildi_54b4f63.jpg?fit=300%2C185\" data-large-file=\"https:\/\/i0.wp.com\/www.tvturk.com\/wp-content\/uploads\/2019\/04\/cumhuriyetin-ilk-cagdas-ressami-mihri-musfik-adina-atolye-acildi_54b4f63.jpg?fit=1000%2C617\" src=\"https:\/\/i0.wp.com\/www.tvturk.com\/wp-content\/uploads\/2019\/04\/cumhuriyetin-ilk-cagdas-ressami-mihri-musfik-adina-atolye-acildi_54b4f63.jpg?w=277&#038;h=171\" srcset=\"https:\/\/i0.wp.com\/www.tvturk.com\/wp-content\/uploads\/2019\/04\/cumhuriyetin-ilk-cagdas-ressami-mihri-musfik-adina-atolye-acildi_54b4f63.jpg?w=1000 1000w, https:\/\/i0.wp.com\/www.tvturk.com\/wp-content\/uploads\/2019\/04\/cumhuriyetin-ilk-cagdas-ressami-mihri-musfik-adina-atolye-acildi_54b4f63.jpg?resize=150%2C93 150w, https:\/\/i0.wp.com\/www.tvturk.com\/wp-content\/uploads\/2019\/04\/cumhuriyetin-ilk-cagdas-ressami-mihri-musfik-adina-atolye-acildi_54b4f63.jpg?resize=300%2C185 300w, https:\/\/i0.wp.com\/www.tvturk.com\/wp-content\/uploads\/2019\/04\/cumhuriyetin-ilk-cagdas-ressami-mihri-musfik-adina-atolye-acildi_54b4f63.jpg?resize=768%2C474 768w, https:\/\/i0.wp.com\/www.tvturk.com\/wp-content\/uploads\/2019\/04\/cumhuriyetin-ilk-cagdas-ressami-mihri-musfik-adina-atolye-acildi_54b4f63.jpg?resize=243%2C150 243w\" width=\"277\" height=\"171\" loading=\"lazy\" data-original-width=\"277\" data-original-height=\"171\" itemprop=\"http:\/\/schema.org\/image\" title=\"Cumhuriyetin ilk \u00e7a\u011fda\u015f ressam\u0131 Mihri M\u00fc\u015ffik ad\u0131na at\u00f6lye a\u00e7\u0131ld\u0131\" alt=\"Cumhuriyetin ilk \u00e7a\u011fda\u015f ressam\u0131 Mihri M\u00fc\u015ffik ad\u0131na at\u00f6lye a\u00e7\u0131ld\u0131\" style=\"width: 277px; height: 171px;\" \/> <\/a> <\/div> <\/div> <!-- close group --> <div class=\"gallery-group images-1\" style=\"width: 219px; height: 175px;\" data-original-width=\"219\" data-original-height=\"175\" > <div class=\"tiled-gallery-item tiled-gallery-item-small\" itemprop=\"associatedMedia\" itemscope itemtype=\"http:\/\/schema.org\/ImageObject\"> <a href=\"http:\/\/www.tvturk.com\/index.php\/cumhuriyetin-ilk-cagdas-ressami-mihri-musfik-adina-atolye-acildi\/cumhuriyetin-ilk-cagdas-ressami-mihri-musfik-adina-atolye-acildi-10\/\" border=\"0\" itemprop=\"url\"> <meta itemprop=\"width\" content=\"215\"> <meta itemprop=\"height\" content=\"171\"> <img decoding=\"async\" class=\"\" data-attachment-id=\"125770\" data-orig-file=\"http:\/\/www.tvturk.com\/wp-content\/uploads\/2019\/04\/cumhuriyetin-ilk-cagdas-ressami-mihri-musfik-adina-atolye-acildi_df2ec9b.jpg\" data-orig-size=\"1000,792\" data-comments-opened=\"\" data-image-meta=\"{&quot;aperture&quot;:&quot;0&quot;,&quot;credit&quot;:&quot;IHA&quot;,&quot;camera&quot;:&quot;&quot;,&quot;caption&quot;:&quot;\\u015eANLIURFA\\u2019NIN S\\u0130VEREK \\u0130L\\u00c7ES\\u0130NDE T\\u00dcRK\\u0130YE\\u0027DE \\u00c7A\\u011eDA\\u015e RES\\u0130M \\u00c7ALI\\u015eMALARINI BA\\u015eLATAN KADIN RESSAM M\\u0130HR\\u0130 M\\u00dc\\u015eF\\u0130K ADINA AT\\u00d6LYE A\\u00c7ILDI. (MEVL\\u00dcT BAYRAKTAR\\\/\\u015eANLIURFA-\\u0130HA)&quot;,&quot;created_timestamp&quot;:&quot;0&quot;,&quot;copyright&quot;:&quot;\\u0130HLAS HABER AJANSI, www.iha.com.tr&quot;,&quot;focal_length&quot;:&quot;0&quot;,&quot;iso&quot;:&quot;0&quot;,&quot;shutter_speed&quot;:&quot;0&quot;,&quot;title&quot;:&quot;CUMHUR\\u0130YET\\u0130N \\u0130LK \\u00c7A\\u011eDA\\u015e RESSAMI M\\u0130HR\\u0130 M\\u00dc\\u015eF\\u0130K ADINA AT\\u00d6LYE A\\u00c7ILDI&quot;,&quot;orientation&quot;:&quot;0&quot;}\" data-image-title=\"Cumhuriyetin ilk \u00e7a\u011fda\u015f ressam\u0131 Mihri M\u00fc\u015ffik ad\u0131na at\u00f6lye a\u00e7\u0131ld\u0131\" data-image-description=\"&lt;p&gt;Cumhuriyetin ilk \u00e7a\u011fda\u015f ressam\u0131 Mihri M\u00fc\u015ffik ad\u0131na at\u00f6lye a\u00e7\u0131ld\u0131&lt;\/p&gt; \" data-medium-file=\"https:\/\/i0.wp.com\/www.tvturk.com\/wp-content\/uploads\/2019\/04\/cumhuriyetin-ilk-cagdas-ressami-mihri-musfik-adina-atolye-acildi_df2ec9b.jpg?fit=300%2C238\" data-large-file=\"https:\/\/i0.wp.com\/www.tvturk.com\/wp-content\/uploads\/2019\/04\/cumhuriyetin-ilk-cagdas-ressami-mihri-musfik-adina-atolye-acildi_df2ec9b.jpg?fit=1000%2C792\" src=\"https:\/\/i0.wp.com\/www.tvturk.com\/wp-content\/uploads\/2019\/04\/cumhuriyetin-ilk-cagdas-ressami-mihri-musfik-adina-atolye-acildi_df2ec9b.jpg?w=215&#038;h=171\" srcset=\"https:\/\/i0.wp.com\/www.tvturk.com\/wp-content\/uploads\/2019\/04\/cumhuriyetin-ilk-cagdas-ressami-mihri-musfik-adina-atolye-acildi_df2ec9b.jpg?w=1000 1000w, https:\/\/i0.wp.com\/www.tvturk.com\/wp-content\/uploads\/2019\/04\/cumhuriyetin-ilk-cagdas-ressami-mihri-musfik-adina-atolye-acildi_df2ec9b.jpg?resize=150%2C119 150w, https:\/\/i0.wp.com\/www.tvturk.com\/wp-content\/uploads\/2019\/04\/cumhuriyetin-ilk-cagdas-ressami-mihri-musfik-adina-atolye-acildi_df2ec9b.jpg?resize=300%2C238 300w, https:\/\/i0.wp.com\/www.tvturk.com\/wp-content\/uploads\/2019\/04\/cumhuriyetin-ilk-cagdas-ressami-mihri-musfik-adina-atolye-acildi_df2ec9b.jpg?resize=768%2C608 768w\" width=\"215\" height=\"171\" loading=\"lazy\" data-original-width=\"215\" data-original-height=\"171\" itemprop=\"http:\/\/schema.org\/image\" title=\"Cumhuriyetin ilk \u00e7a\u011fda\u015f ressam\u0131 Mihri M\u00fc\u015ffik ad\u0131na at\u00f6lye a\u00e7\u0131ld\u0131\" alt=\"Cumhuriyetin ilk \u00e7a\u011fda\u015f ressam\u0131 Mihri M\u00fc\u015ffik ad\u0131na at\u00f6lye a\u00e7\u0131ld\u0131\" style=\"width: 215px; height: 171px;\" \/> <\/a> <\/div> <\/div> <!-- close group --> <\/div> <!-- close row --> <div class=\"gallery-row\" style=\"width: 500px; height: 350px;\" data-original-width=\"500\" data-original-height=\"350\" > <div class=\"gallery-group images-1\" style=\"width: 500px; height: 350px;\" data-original-width=\"500\" data-original-height=\"350\" > <div class=\"tiled-gallery-item tiled-gallery-item-large\" itemprop=\"associatedMedia\" itemscope itemtype=\"http:\/\/schema.org\/ImageObject\"> <a href=\"http:\/\/www.tvturk.com\/index.php\/cumhuriyetin-ilk-cagdas-ressami-mihri-musfik-adina-atolye-acildi\/cumhuriyetin-ilk-cagdas-ressami-mihri-musfik-adina-atolye-acildi-11\/\" border=\"0\" itemprop=\"url\"> <meta itemprop=\"width\" content=\"496\"> <meta itemprop=\"height\" content=\"346\"> <img decoding=\"async\" class=\"\" data-attachment-id=\"125771\" data-orig-file=\"http:\/\/www.tvturk.com\/wp-content\/uploads\/2019\/04\/cumhuriyetin-ilk-cagdas-ressami-mihri-musfik-adina-atolye-acildi_50660b2.jpg\" data-orig-size=\"1000,698\" data-comments-opened=\"\" data-image-meta=\"{&quot;aperture&quot;:&quot;0&quot;,&quot;credit&quot;:&quot;IHA&quot;,&quot;camera&quot;:&quot;&quot;,&quot;caption&quot;:&quot;\\u015eANLIURFA\\u2019NIN S\\u0130VEREK \\u0130L\\u00c7ES\\u0130NDE T\\u00dcRK\\u0130YE\\u0027DE \\u00c7A\\u011eDA\\u015e RES\\u0130M \\u00c7ALI\\u015eMALARINI BA\\u015eLATAN KADIN RESSAM M\\u0130HR\\u0130 M\\u00dc\\u015eF\\u0130K ADINA AT\\u00d6LYE A\\u00c7ILDI. (MEVL\\u00dcT BAYRAKTAR\\\/\\u015eANLIURFA-\\u0130HA)&quot;,&quot;created_timestamp&quot;:&quot;0&quot;,&quot;copyright&quot;:&quot;\\u0130HLAS HABER AJANSI, www.iha.com.tr&quot;,&quot;focal_length&quot;:&quot;0&quot;,&quot;iso&quot;:&quot;0&quot;,&quot;shutter_speed&quot;:&quot;0&quot;,&quot;title&quot;:&quot;CUMHUR\\u0130YET\\u0130N \\u0130LK \\u00c7A\\u011eDA\\u015e RESSAMI M\\u0130HR\\u0130 M\\u00dc\\u015eF\\u0130K ADINA AT\\u00d6LYE A\\u00c7ILDI&quot;,&quot;orientation&quot;:&quot;0&quot;}\" data-image-title=\"Cumhuriyetin ilk \u00e7a\u011fda\u015f ressam\u0131 Mihri M\u00fc\u015ffik ad\u0131na at\u00f6lye a\u00e7\u0131ld\u0131\" data-image-description=\"&lt;p&gt;Cumhuriyetin ilk \u00e7a\u011fda\u015f ressam\u0131 Mihri M\u00fc\u015ffik ad\u0131na at\u00f6lye a\u00e7\u0131ld\u0131&lt;\/p&gt; \" data-medium-file=\"https:\/\/i0.wp.com\/www.tvturk.com\/wp-content\/uploads\/2019\/04\/cumhuriyetin-ilk-cagdas-ressami-mihri-musfik-adina-atolye-acildi_50660b2.jpg?fit=300%2C209\" data-large-file=\"https:\/\/i0.wp.com\/www.tvturk.com\/wp-content\/uploads\/2019\/04\/cumhuriyetin-ilk-cagdas-ressami-mihri-musfik-adina-atolye-acildi_50660b2.jpg?fit=1000%2C698\" src=\"https:\/\/i0.wp.com\/www.tvturk.com\/wp-content\/uploads\/2019\/04\/cumhuriyetin-ilk-cagdas-ressami-mihri-musfik-adina-atolye-acildi_50660b2.jpg?w=496&#038;h=346\" srcset=\"https:\/\/i0.wp.com\/www.tvturk.com\/wp-content\/uploads\/2019\/04\/cumhuriyetin-ilk-cagdas-ressami-mihri-musfik-adina-atolye-acildi_50660b2.jpg?w=1000 1000w, https:\/\/i0.wp.com\/www.tvturk.com\/wp-content\/uploads\/2019\/04\/cumhuriyetin-ilk-cagdas-ressami-mihri-musfik-adina-atolye-acildi_50660b2.jpg?resize=150%2C105 150w, https:\/\/i0.wp.com\/www.tvturk.com\/wp-content\/uploads\/2019\/04\/cumhuriyetin-ilk-cagdas-ressami-mihri-musfik-adina-atolye-acildi_50660b2.jpg?resize=300%2C209 300w, https:\/\/i0.wp.com\/www.tvturk.com\/wp-content\/uploads\/2019\/04\/cumhuriyetin-ilk-cagdas-ressami-mihri-musfik-adina-atolye-acildi_50660b2.jpg?resize=768%2C536 768w, https:\/\/i0.wp.com\/www.tvturk.com\/wp-content\/uploads\/2019\/04\/cumhuriyetin-ilk-cagdas-ressami-mihri-musfik-adina-atolye-acildi_50660b2.jpg?resize=80%2C55 80w\" width=\"496\" height=\"346\" loading=\"lazy\" data-original-width=\"496\" data-original-height=\"346\" itemprop=\"http:\/\/schema.org\/image\" title=\"Cumhuriyetin ilk \u00e7a\u011fda\u015f ressam\u0131 Mihri M\u00fc\u015ffik ad\u0131na at\u00f6lye a\u00e7\u0131ld\u0131\" alt=\"Cumhuriyetin ilk \u00e7a\u011fda\u015f ressam\u0131 Mihri M\u00fc\u015ffik ad\u0131na at\u00f6lye a\u00e7\u0131ld\u0131\" style=\"width: 496px; height: 346px;\" \/> <\/a> <\/div> <\/div> <!-- close group --> <\/div> <!-- close row --> <\/div><\/p>\n","protected":false},"excerpt":{"rendered":"<p>\u015eANLIURFA\u2019NIN S\u0130VEREK \u0130L\u00c7ES\u0130NDE T\u00dcRK\u0130YE&#8217;DE \u00c7A\u011eDA\u015e RES\u0130M \u00c7ALI\u015eMALARINI BA\u015eLATAN KADIN RESSAM  M\u0130HR\u0130 M\u00dc\u015eF\u0130K ADINA AT\u00d6LYE A\u00c7ILDI.<\/p>\n","protected":false},"author":1,"featured_media":125762,"comment_status":"closed","ping_status":"open","sticky":false,"template":"","format":"standard","meta":{"jetpack_post_was_ever_published":false,"_jetpack_newsletter_access":"","_jetpack_dont_email_post_to_subs":false,"_jetpack_newsletter_tier_id":0,"_jetpack_memberships_contains_paywalled_content":false,"_jetpack_memberships_contains_paid_content":false,"footnotes":"","jetpack_publicize_message":"","jetpack_publicize_feature_enabled":true,"jetpack_social_post_already_shared":true,"jetpack_social_options":{"image_generator_settings":{"template":"highway","default_image_id":0,"font":"","enabled":false},"version":2}},"categories":[656],"tags":[21923,288,11318,18537,29729,37,29731,29732,29730],"class_list":["post-125761","post","type-post","status-publish","format-standard","has-post-thumbnail","hentry","category-kultur-sanat","tag-cagdas","tag-acildi","tag-adina","tag-atolye","tag-cumhuriyetin","tag-ilk","tag-mihri","tag-musfik","tag-ressami"],"jetpack_publicize_connections":[],"jetpack_featured_media_url":"https:\/\/i0.wp.com\/www.tvturk.com\/wp-content\/uploads\/2019\/04\/cumhuriyetin-ilk-cagdas-ressami-mihri-musfik-adina-atolye-acildi_ab4cbed.jpg?fit=1000%2C741","jetpack_sharing_enabled":true,"jetpack_shortlink":"https:\/\/wp.me\/paKIfm-wIp","_links":{"self":[{"href":"http:\/\/www.tvturk.com\/index.php\/wp-json\/wp\/v2\/posts\/125761","targetHints":{"allow":["GET"]}}],"collection":[{"href":"http:\/\/www.tvturk.com\/index.php\/wp-json\/wp\/v2\/posts"}],"about":[{"href":"http:\/\/www.tvturk.com\/index.php\/wp-json\/wp\/v2\/types\/post"}],"author":[{"embeddable":true,"href":"http:\/\/www.tvturk.com\/index.php\/wp-json\/wp\/v2\/users\/1"}],"replies":[{"embeddable":true,"href":"http:\/\/www.tvturk.com\/index.php\/wp-json\/wp\/v2\/comments?post=125761"}],"version-history":[{"count":1,"href":"http:\/\/www.tvturk.com\/index.php\/wp-json\/wp\/v2\/posts\/125761\/revisions"}],"predecessor-version":[{"id":125772,"href":"http:\/\/www.tvturk.com\/index.php\/wp-json\/wp\/v2\/posts\/125761\/revisions\/125772"}],"wp:featuredmedia":[{"embeddable":true,"href":"http:\/\/www.tvturk.com\/index.php\/wp-json\/wp\/v2\/media\/125762"}],"wp:attachment":[{"href":"http:\/\/www.tvturk.com\/index.php\/wp-json\/wp\/v2\/media?parent=125761"}],"wp:term":[{"taxonomy":"category","embeddable":true,"href":"http:\/\/www.tvturk.com\/index.php\/wp-json\/wp\/v2\/categories?post=125761"},{"taxonomy":"post_tag","embeddable":true,"href":"http:\/\/www.tvturk.com\/index.php\/wp-json\/wp\/v2\/tags?post=125761"}],"curies":[{"name":"wp","href":"https:\/\/api.w.org\/{rel}","templated":true}]}}