{"id":125937,"date":"2019-04-05T20:45:10","date_gmt":"2019-04-05T17:45:10","guid":{"rendered":"http:\/\/www.tvturk.com\/index.php\/thynin-35-yolcusuz-ucagi-istanbul-havalimanina-ulasti\/"},"modified":"2019-04-05T20:45:17","modified_gmt":"2019-04-05T17:45:17","slug":"thynin-35-yolcusuz-ucagi-istanbul-havalimanina-ulasti","status":"publish","type":"post","link":"http:\/\/www.tvturk.com\/index.php\/thynin-35-yolcusuz-ucagi-istanbul-havalimanina-ulasti\/","title":{"rendered":"THY\u2019nin 35 yolcusuz u\u00e7a\u011f\u0131 \u0130stanbul Havaliman\u0131\u2019na ula\u015ft\u0131"},"content":{"rendered":"<p>\u0130stanbul Havaliman\u0131\u2019na gece saatlerinde ba\u015flayan ta\u015f\u0131nma g\u00fcn boyunca da devam etti. B\u00fcy\u00fck ta\u015f\u0131nma kapsam\u0131nda \u0130stanbul Havaliman\u0131\u2019na yolcu u\u00e7aklar\u0131n\u0131n bo\u015f olarak intikali s\u00fcrerken, Atat\u00fcrk Havaliman\u0131\u2019ndan kalkan yakla\u015f\u0131k 35 yolcusuz u\u00e7ak, \u0130stanbul Havaliman\u0131\u2019na ula\u015ft\u0131.<\/p>\n<p>\u0130stanbul Havaliman\u0131\u2019na ger\u00e7ekle\u015ftirilen b\u00fcy\u00fck ta\u015f\u0131nma kapsam\u0131nda Atat\u00fcrk Havaliman\u0131\u2019ndan yolcusuz olarak havalanan u\u00e7aklar yeni adreslerine gitmeye devam ediyor. Binlerce tonluk malzemeler t\u0131rlarla karadan ta\u015f\u0131n\u0131rken, havadan da iki havaliman\u0131 aras\u0131ndaki yo\u011fun trafik s\u00fcr\u00fcyor. T\u00fcrk Hava Yollar\u0131na ait dev yolcu u\u00e7aklar\u0131, belli aral\u0131klarla bo\u015f olarak Atat\u00fcrk Havaliman\u0131\u2019dan kalkarak \u0130stanbul Havaliman\u0131\u2019na ini\u015f ger\u00e7ekle\u015ftiriyor. 45 saat s\u00fcrecek ta\u015f\u0131nma s\u00fcresince 150\u2019nin \u00fczerinde u\u00e7a\u011f\u0131n \u0130stanbul Havaliman\u0131\u2019na yolcusuz olarak gelmesi beklenirken, ta\u015f\u0131nman\u0131n ilk g\u00fcn\u00fc olan bu ak\u015fam saatlerine kadar yakla\u015f\u0131k 35 u\u00e7ak \u0130stanbul Havaliman\u0131\u2019na teker koydu.<\/p>\n<p>12 saat s\u00fcreyle u\u00e7u\u015flar durdurulacak<\/p>\n<p>\u00d6te yandan karadan da operasyon s\u00fcrerken ta\u015f\u0131nma kapsam\u0131nda ak\u015fam trafi\u011finin rahatlamas\u0131yla birlikte y\u00fczlerce t\u0131r da yola \u00e7\u0131kacak. Havaliman\u0131 ta\u015f\u0131nma i\u015flemlerinin sorunsuz ger\u00e7ekle\u015ftirilebilmesi i\u00e7in 6 Nisan 02.00 ile 14.00 saatleri aras\u0131nda 12 saat s\u00fcreyle Atat\u00fcrk Havaliman\u0131 ve \u0130stanbul Havaliman\u0131\u2019nda u\u00e7u\u015flar durdurulacak. Ta\u015f\u0131nma sonras\u0131 \u0130stanbul Havaliman\u0131\u2019ndan ilk sefer ise 6 Nisan saat 14.00\u2019da T\u00fcrk Hava Yollar\u0131na ait u\u00e7akla Ankara\u2019ya ger\u00e7ekle\u015ftirilecek.<div class=\"tiled-gallery type-rectangular tiled-gallery-unresized\" data-original-width=\"500\" data-carousel-extra='null' itemscope itemtype=\"http:\/\/schema.org\/ImageGallery\" > <div class=\"gallery-row\" style=\"width: 500px; height: 224px;\" data-original-width=\"500\" data-original-height=\"224\" > <div class=\"gallery-group images-1\" style=\"width: 334px; height: 224px;\" data-original-width=\"334\" data-original-height=\"224\" > <div class=\"tiled-gallery-item tiled-gallery-item-large\" itemprop=\"associatedMedia\" itemscope itemtype=\"http:\/\/schema.org\/ImageObject\"> <a href=\"http:\/\/www.tvturk.com\/index.php\/thynin-35-yolcusuz-ucagi-istanbul-havalimanina-ulasti\/thynin-35-yolcusuz-ucagi-istanbul-havalimanina-ulasti-3\/\" border=\"0\" itemprop=\"url\"> <meta itemprop=\"width\" content=\"330\"> <meta itemprop=\"height\" content=\"220\"> <img decoding=\"async\" class=\"\" data-attachment-id=\"125939\" data-orig-file=\"http:\/\/www.tvturk.com\/wp-content\/uploads\/2019\/04\/thynin-35-yolcusuz-ucagi-istanbul-havalimanina-ulasti_093c0ee.jpg\" data-orig-size=\"1000,666\" data-comments-opened=\"\" data-image-meta=\"{&quot;aperture&quot;:&quot;0&quot;,&quot;credit&quot;:&quot;IHA&quot;,&quot;camera&quot;:&quot;&quot;,&quot;caption&quot;:&quot;\\u0130STANBUL HAVAL\\u0130MANI\\u0027NA GECE SAATLER\\u0130NDE BA\\u015eLAYAN TA\\u015eINMA G\\u00dcN BOYUNCA DA DEVAM ETT\\u0130. B\\u00dcY\\u00dcK TA\\u015eINMA KAPSAMINDA \\u0130STANBUL HAVAL\\u0130MANI\\u2019NA YOLCU U\\u00c7AKLARININ BO\\u015e OLARAK \\u0130NT\\u0130KAL\\u0130 S\\u00dcRERKEN, ATAT\\u00dcRK HAVAL\\u0130MANI\\u2019NDAN KALKAN YAKLA\\u015eIK 35 YOLCUSUZ U\\u00c7AK, \\u0130STANBUL HAVAL\\u0130MANI\\u0027NA ULA\\u015eTI. (FERHAT YASAK - TUNACAN ATALAY\\\/\\u0130STANBUL-\\u0130HA)&quot;,&quot;created_timestamp&quot;:&quot;0&quot;,&quot;copyright&quot;:&quot;\\u0130HLAS HABER AJANSI, www.iha.com.tr&quot;,&quot;focal_length&quot;:&quot;0&quot;,&quot;iso&quot;:&quot;0&quot;,&quot;shutter_speed&quot;:&quot;0&quot;,&quot;title&quot;:&quot;THY\\u2019N\\u0130N 35 YOLCUSUZ U\\u00c7A\\u011eI \\u0130STANBUL HAVAL\\u0130MANI\\u2019NA ULA\\u015eTI&quot;,&quot;orientation&quot;:&quot;0&quot;}\" data-image-title=\"THY\u2019nin 35 yolcusuz u\u00e7a\u011f\u0131 \u0130stanbul Havaliman\u0131\u2019na ula\u015ft\u0131\" data-image-description=\"&lt;p&gt;THY\u2019nin 35 yolcusuz u\u00e7a\u011f\u0131 \u0130stanbul Havaliman\u0131\u2019na ula\u015ft\u0131&lt;\/p&gt; \" data-medium-file=\"https:\/\/i0.wp.com\/www.tvturk.com\/wp-content\/uploads\/2019\/04\/thynin-35-yolcusuz-ucagi-istanbul-havalimanina-ulasti_093c0ee.jpg?fit=300%2C200\" data-large-file=\"https:\/\/i0.wp.com\/www.tvturk.com\/wp-content\/uploads\/2019\/04\/thynin-35-yolcusuz-ucagi-istanbul-havalimanina-ulasti_093c0ee.jpg?fit=1000%2C666\" src=\"https:\/\/i0.wp.com\/www.tvturk.com\/wp-content\/uploads\/2019\/04\/thynin-35-yolcusuz-ucagi-istanbul-havalimanina-ulasti_093c0ee.jpg?w=330&#038;h=220\" srcset=\"https:\/\/i0.wp.com\/www.tvturk.com\/wp-content\/uploads\/2019\/04\/thynin-35-yolcusuz-ucagi-istanbul-havalimanina-ulasti_093c0ee.jpg?w=1000 1000w, https:\/\/i0.wp.com\/www.tvturk.com\/wp-content\/uploads\/2019\/04\/thynin-35-yolcusuz-ucagi-istanbul-havalimanina-ulasti_093c0ee.jpg?resize=150%2C100 150w, https:\/\/i0.wp.com\/www.tvturk.com\/wp-content\/uploads\/2019\/04\/thynin-35-yolcusuz-ucagi-istanbul-havalimanina-ulasti_093c0ee.jpg?resize=300%2C200 300w, https:\/\/i0.wp.com\/www.tvturk.com\/wp-content\/uploads\/2019\/04\/thynin-35-yolcusuz-ucagi-istanbul-havalimanina-ulasti_093c0ee.jpg?resize=768%2C511 768w, https:\/\/i0.wp.com\/www.tvturk.com\/wp-content\/uploads\/2019\/04\/thynin-35-yolcusuz-ucagi-istanbul-havalimanina-ulasti_093c0ee.jpg?resize=170%2C113 170w, https:\/\/i0.wp.com\/www.tvturk.com\/wp-content\/uploads\/2019\/04\/thynin-35-yolcusuz-ucagi-istanbul-havalimanina-ulasti_093c0ee.jpg?resize=120%2C80 120w\" width=\"330\" height=\"220\" loading=\"lazy\" data-original-width=\"330\" data-original-height=\"220\" itemprop=\"http:\/\/schema.org\/image\" title=\"THY\u2019nin 35 yolcusuz u\u00e7a\u011f\u0131 \u0130stanbul Havaliman\u0131\u2019na ula\u015ft\u0131\" alt=\"THY\u2019nin 35 yolcusuz u\u00e7a\u011f\u0131 \u0130stanbul Havaliman\u0131\u2019na ula\u015ft\u0131\" style=\"width: 330px; height: 220px;\" \/> <\/a> <\/div> <\/div> <!-- close group --> <div class=\"gallery-group images-2\" style=\"width: 166px; height: 224px;\" data-original-width=\"166\" data-original-height=\"224\" > <div class=\"tiled-gallery-item tiled-gallery-item-small\" itemprop=\"associatedMedia\" itemscope itemtype=\"http:\/\/schema.org\/ImageObject\"> <a href=\"http:\/\/www.tvturk.com\/index.php\/thynin-35-yolcusuz-ucagi-istanbul-havalimanina-ulasti\/thynin-35-yolcusuz-ucagi-istanbul-havalimanina-ulasti-4\/\" border=\"0\" itemprop=\"url\"> <meta itemprop=\"width\" content=\"162\"> <meta itemprop=\"height\" content=\"108\"> <img decoding=\"async\" class=\"\" data-attachment-id=\"125940\" data-orig-file=\"http:\/\/www.tvturk.com\/wp-content\/uploads\/2019\/04\/thynin-35-yolcusuz-ucagi-istanbul-havalimanina-ulasti_32849d2.jpg\" data-orig-size=\"1000,666\" data-comments-opened=\"\" data-image-meta=\"{&quot;aperture&quot;:&quot;0&quot;,&quot;credit&quot;:&quot;IHA&quot;,&quot;camera&quot;:&quot;&quot;,&quot;caption&quot;:&quot;\\u0130STANBUL HAVAL\\u0130MANI\\u0027NA GECE SAATLER\\u0130NDE BA\\u015eLAYAN TA\\u015eINMA G\\u00dcN BOYUNCA DA DEVAM ETT\\u0130. B\\u00dcY\\u00dcK TA\\u015eINMA KAPSAMINDA \\u0130STANBUL HAVAL\\u0130MANI\\u2019NA YOLCU U\\u00c7AKLARININ BO\\u015e OLARAK \\u0130NT\\u0130KAL\\u0130 S\\u00dcRERKEN, ATAT\\u00dcRK HAVAL\\u0130MANI\\u2019NDAN KALKAN YAKLA\\u015eIK 35 YOLCUSUZ U\\u00c7AK, \\u0130STANBUL HAVAL\\u0130MANI\\u0027NA ULA\\u015eTI. (FERHAT YASAK - TUNACAN ATALAY\\\/\\u0130STANBUL-\\u0130HA)&quot;,&quot;created_timestamp&quot;:&quot;0&quot;,&quot;copyright&quot;:&quot;\\u0130HLAS HABER AJANSI, www.iha.com.tr&quot;,&quot;focal_length&quot;:&quot;0&quot;,&quot;iso&quot;:&quot;0&quot;,&quot;shutter_speed&quot;:&quot;0&quot;,&quot;title&quot;:&quot;THY\\u2019N\\u0130N 35 YOLCUSUZ U\\u00c7A\\u011eI \\u0130STANBUL HAVAL\\u0130MANI\\u2019NA ULA\\u015eTI&quot;,&quot;orientation&quot;:&quot;0&quot;}\" data-image-title=\"THY\u2019nin 35 yolcusuz u\u00e7a\u011f\u0131 \u0130stanbul Havaliman\u0131\u2019na ula\u015ft\u0131\" data-image-description=\"&lt;p&gt;THY\u2019nin 35 yolcusuz u\u00e7a\u011f\u0131 \u0130stanbul Havaliman\u0131\u2019na ula\u015ft\u0131&lt;\/p&gt; \" data-medium-file=\"https:\/\/i0.wp.com\/www.tvturk.com\/wp-content\/uploads\/2019\/04\/thynin-35-yolcusuz-ucagi-istanbul-havalimanina-ulasti_32849d2.jpg?fit=300%2C200\" data-large-file=\"https:\/\/i0.wp.com\/www.tvturk.com\/wp-content\/uploads\/2019\/04\/thynin-35-yolcusuz-ucagi-istanbul-havalimanina-ulasti_32849d2.jpg?fit=1000%2C666\" src=\"https:\/\/i0.wp.com\/www.tvturk.com\/wp-content\/uploads\/2019\/04\/thynin-35-yolcusuz-ucagi-istanbul-havalimanina-ulasti_32849d2.jpg?w=162&#038;h=108\" srcset=\"https:\/\/i0.wp.com\/www.tvturk.com\/wp-content\/uploads\/2019\/04\/thynin-35-yolcusuz-ucagi-istanbul-havalimanina-ulasti_32849d2.jpg?w=1000 1000w, https:\/\/i0.wp.com\/www.tvturk.com\/wp-content\/uploads\/2019\/04\/thynin-35-yolcusuz-ucagi-istanbul-havalimanina-ulasti_32849d2.jpg?resize=150%2C100 150w, https:\/\/i0.wp.com\/www.tvturk.com\/wp-content\/uploads\/2019\/04\/thynin-35-yolcusuz-ucagi-istanbul-havalimanina-ulasti_32849d2.jpg?resize=300%2C200 300w, https:\/\/i0.wp.com\/www.tvturk.com\/wp-content\/uploads\/2019\/04\/thynin-35-yolcusuz-ucagi-istanbul-havalimanina-ulasti_32849d2.jpg?resize=768%2C511 768w, https:\/\/i0.wp.com\/www.tvturk.com\/wp-content\/uploads\/2019\/04\/thynin-35-yolcusuz-ucagi-istanbul-havalimanina-ulasti_32849d2.jpg?resize=170%2C113 170w, https:\/\/i0.wp.com\/www.tvturk.com\/wp-content\/uploads\/2019\/04\/thynin-35-yolcusuz-ucagi-istanbul-havalimanina-ulasti_32849d2.jpg?resize=120%2C80 120w\" width=\"162\" height=\"108\" loading=\"lazy\" data-original-width=\"162\" data-original-height=\"108\" itemprop=\"http:\/\/schema.org\/image\" title=\"THY\u2019nin 35 yolcusuz u\u00e7a\u011f\u0131 \u0130stanbul Havaliman\u0131\u2019na ula\u015ft\u0131\" alt=\"THY\u2019nin 35 yolcusuz u\u00e7a\u011f\u0131 \u0130stanbul Havaliman\u0131\u2019na ula\u015ft\u0131\" style=\"width: 162px; height: 108px;\" \/> <\/a> <\/div> <div class=\"tiled-gallery-item tiled-gallery-item-small\" itemprop=\"associatedMedia\" itemscope itemtype=\"http:\/\/schema.org\/ImageObject\"> <a href=\"http:\/\/www.tvturk.com\/index.php\/thynin-35-yolcusuz-ucagi-istanbul-havalimanina-ulasti\/thynin-35-yolcusuz-ucagi-istanbul-havalimanina-ulasti-5\/\" border=\"0\" itemprop=\"url\"> <meta itemprop=\"width\" content=\"162\"> <meta itemprop=\"height\" content=\"108\"> <img decoding=\"async\" class=\"\" data-attachment-id=\"125941\" data-orig-file=\"http:\/\/www.tvturk.com\/wp-content\/uploads\/2019\/04\/thynin-35-yolcusuz-ucagi-istanbul-havalimanina-ulasti_7a7a5ec.jpg\" data-orig-size=\"1000,666\" data-comments-opened=\"\" data-image-meta=\"{&quot;aperture&quot;:&quot;0&quot;,&quot;credit&quot;:&quot;IHA&quot;,&quot;camera&quot;:&quot;&quot;,&quot;caption&quot;:&quot;\\u0130STANBUL HAVAL\\u0130MANI\\u0027NA GECE SAATLER\\u0130NDE BA\\u015eLAYAN TA\\u015eINMA G\\u00dcN BOYUNCA DA DEVAM ETT\\u0130. B\\u00dcY\\u00dcK TA\\u015eINMA KAPSAMINDA \\u0130STANBUL HAVAL\\u0130MANI\\u2019NA YOLCU U\\u00c7AKLARININ BO\\u015e OLARAK \\u0130NT\\u0130KAL\\u0130 S\\u00dcRERKEN, ATAT\\u00dcRK HAVAL\\u0130MANI\\u2019NDAN KALKAN YAKLA\\u015eIK 35 YOLCUSUZ U\\u00c7AK, \\u0130STANBUL HAVAL\\u0130MANI\\u0027NA ULA\\u015eTI. (FERHAT YASAK - TUNACAN ATALAY\\\/\\u0130STANBUL-\\u0130HA)&quot;,&quot;created_timestamp&quot;:&quot;0&quot;,&quot;copyright&quot;:&quot;\\u0130HLAS HABER AJANSI, www.iha.com.tr&quot;,&quot;focal_length&quot;:&quot;0&quot;,&quot;iso&quot;:&quot;0&quot;,&quot;shutter_speed&quot;:&quot;0&quot;,&quot;title&quot;:&quot;THY\\u2019N\\u0130N 35 YOLCUSUZ U\\u00c7A\\u011eI \\u0130STANBUL HAVAL\\u0130MANI\\u2019NA ULA\\u015eTI&quot;,&quot;orientation&quot;:&quot;0&quot;}\" data-image-title=\"THY\u2019nin 35 yolcusuz u\u00e7a\u011f\u0131 \u0130stanbul Havaliman\u0131\u2019na ula\u015ft\u0131\" data-image-description=\"&lt;p&gt;THY\u2019nin 35 yolcusuz u\u00e7a\u011f\u0131 \u0130stanbul Havaliman\u0131\u2019na ula\u015ft\u0131&lt;\/p&gt; \" data-medium-file=\"https:\/\/i0.wp.com\/www.tvturk.com\/wp-content\/uploads\/2019\/04\/thynin-35-yolcusuz-ucagi-istanbul-havalimanina-ulasti_7a7a5ec.jpg?fit=300%2C200\" data-large-file=\"https:\/\/i0.wp.com\/www.tvturk.com\/wp-content\/uploads\/2019\/04\/thynin-35-yolcusuz-ucagi-istanbul-havalimanina-ulasti_7a7a5ec.jpg?fit=1000%2C666\" src=\"https:\/\/i0.wp.com\/www.tvturk.com\/wp-content\/uploads\/2019\/04\/thynin-35-yolcusuz-ucagi-istanbul-havalimanina-ulasti_7a7a5ec.jpg?w=162&#038;h=108\" srcset=\"https:\/\/i0.wp.com\/www.tvturk.com\/wp-content\/uploads\/2019\/04\/thynin-35-yolcusuz-ucagi-istanbul-havalimanina-ulasti_7a7a5ec.jpg?w=1000 1000w, https:\/\/i0.wp.com\/www.tvturk.com\/wp-content\/uploads\/2019\/04\/thynin-35-yolcusuz-ucagi-istanbul-havalimanina-ulasti_7a7a5ec.jpg?resize=150%2C100 150w, https:\/\/i0.wp.com\/www.tvturk.com\/wp-content\/uploads\/2019\/04\/thynin-35-yolcusuz-ucagi-istanbul-havalimanina-ulasti_7a7a5ec.jpg?resize=300%2C200 300w, https:\/\/i0.wp.com\/www.tvturk.com\/wp-content\/uploads\/2019\/04\/thynin-35-yolcusuz-ucagi-istanbul-havalimanina-ulasti_7a7a5ec.jpg?resize=768%2C511 768w, https:\/\/i0.wp.com\/www.tvturk.com\/wp-content\/uploads\/2019\/04\/thynin-35-yolcusuz-ucagi-istanbul-havalimanina-ulasti_7a7a5ec.jpg?resize=170%2C113 170w, https:\/\/i0.wp.com\/www.tvturk.com\/wp-content\/uploads\/2019\/04\/thynin-35-yolcusuz-ucagi-istanbul-havalimanina-ulasti_7a7a5ec.jpg?resize=120%2C80 120w\" width=\"162\" height=\"108\" loading=\"lazy\" data-original-width=\"162\" data-original-height=\"108\" itemprop=\"http:\/\/schema.org\/image\" title=\"THY\u2019nin 35 yolcusuz u\u00e7a\u011f\u0131 \u0130stanbul Havaliman\u0131\u2019na ula\u015ft\u0131\" alt=\"THY\u2019nin 35 yolcusuz u\u00e7a\u011f\u0131 \u0130stanbul Havaliman\u0131\u2019na ula\u015ft\u0131\" style=\"width: 162px; height: 108px;\" \/> <\/a> <\/div> <\/div> <!-- close group --> <\/div> <!-- close row --> <div class=\"gallery-row\" style=\"width: 500px; height: 112px;\" data-original-width=\"500\" data-original-height=\"112\" > <div class=\"gallery-group images-1\" style=\"width: 167px; height: 112px;\" data-original-width=\"167\" data-original-height=\"112\" > <div class=\"tiled-gallery-item tiled-gallery-item-small\" itemprop=\"associatedMedia\" itemscope itemtype=\"http:\/\/schema.org\/ImageObject\"> <a href=\"http:\/\/www.tvturk.com\/index.php\/thynin-35-yolcusuz-ucagi-istanbul-havalimanina-ulasti\/thynin-35-yolcusuz-ucagi-istanbul-havalimanina-ulasti-6\/\" border=\"0\" itemprop=\"url\"> <meta itemprop=\"width\" content=\"163\"> <meta itemprop=\"height\" content=\"108\"> <img decoding=\"async\" class=\"\" data-attachment-id=\"125942\" data-orig-file=\"http:\/\/www.tvturk.com\/wp-content\/uploads\/2019\/04\/thynin-35-yolcusuz-ucagi-istanbul-havalimanina-ulasti_760a89d.jpg\" data-orig-size=\"1000,666\" data-comments-opened=\"\" data-image-meta=\"{&quot;aperture&quot;:&quot;0&quot;,&quot;credit&quot;:&quot;IHA&quot;,&quot;camera&quot;:&quot;&quot;,&quot;caption&quot;:&quot;\\u0130STANBUL HAVAL\\u0130MANI\\u0027NA GECE SAATLER\\u0130NDE BA\\u015eLAYAN TA\\u015eINMA G\\u00dcN BOYUNCA DA DEVAM ETT\\u0130. B\\u00dcY\\u00dcK TA\\u015eINMA KAPSAMINDA \\u0130STANBUL HAVAL\\u0130MANI\\u2019NA YOLCU U\\u00c7AKLARININ BO\\u015e OLARAK \\u0130NT\\u0130KAL\\u0130 S\\u00dcRERKEN, ATAT\\u00dcRK HAVAL\\u0130MANI\\u2019NDAN KALKAN YAKLA\\u015eIK 35 YOLCUSUZ U\\u00c7AK, \\u0130STANBUL HAVAL\\u0130MANI\\u0027NA ULA\\u015eTI. (FERHAT YASAK - TUNACAN ATALAY\\\/\\u0130STANBUL-\\u0130HA)&quot;,&quot;created_timestamp&quot;:&quot;0&quot;,&quot;copyright&quot;:&quot;\\u0130HLAS HABER AJANSI, www.iha.com.tr&quot;,&quot;focal_length&quot;:&quot;0&quot;,&quot;iso&quot;:&quot;0&quot;,&quot;shutter_speed&quot;:&quot;0&quot;,&quot;title&quot;:&quot;THY\\u2019N\\u0130N 35 YOLCUSUZ U\\u00c7A\\u011eI \\u0130STANBUL HAVAL\\u0130MANI\\u2019NA ULA\\u015eTI&quot;,&quot;orientation&quot;:&quot;0&quot;}\" data-image-title=\"THY\u2019nin 35 yolcusuz u\u00e7a\u011f\u0131 \u0130stanbul Havaliman\u0131\u2019na ula\u015ft\u0131\" data-image-description=\"&lt;p&gt;THY\u2019nin 35 yolcusuz u\u00e7a\u011f\u0131 \u0130stanbul Havaliman\u0131\u2019na ula\u015ft\u0131&lt;\/p&gt; \" data-medium-file=\"https:\/\/i0.wp.com\/www.tvturk.com\/wp-content\/uploads\/2019\/04\/thynin-35-yolcusuz-ucagi-istanbul-havalimanina-ulasti_760a89d.jpg?fit=300%2C200\" data-large-file=\"https:\/\/i0.wp.com\/www.tvturk.com\/wp-content\/uploads\/2019\/04\/thynin-35-yolcusuz-ucagi-istanbul-havalimanina-ulasti_760a89d.jpg?fit=1000%2C666\" src=\"https:\/\/i0.wp.com\/www.tvturk.com\/wp-content\/uploads\/2019\/04\/thynin-35-yolcusuz-ucagi-istanbul-havalimanina-ulasti_760a89d.jpg?w=163&#038;h=108\" srcset=\"https:\/\/i0.wp.com\/www.tvturk.com\/wp-content\/uploads\/2019\/04\/thynin-35-yolcusuz-ucagi-istanbul-havalimanina-ulasti_760a89d.jpg?w=1000 1000w, https:\/\/i0.wp.com\/www.tvturk.com\/wp-content\/uploads\/2019\/04\/thynin-35-yolcusuz-ucagi-istanbul-havalimanina-ulasti_760a89d.jpg?resize=150%2C100 150w, https:\/\/i0.wp.com\/www.tvturk.com\/wp-content\/uploads\/2019\/04\/thynin-35-yolcusuz-ucagi-istanbul-havalimanina-ulasti_760a89d.jpg?resize=300%2C200 300w, https:\/\/i0.wp.com\/www.tvturk.com\/wp-content\/uploads\/2019\/04\/thynin-35-yolcusuz-ucagi-istanbul-havalimanina-ulasti_760a89d.jpg?resize=768%2C511 768w, https:\/\/i0.wp.com\/www.tvturk.com\/wp-content\/uploads\/2019\/04\/thynin-35-yolcusuz-ucagi-istanbul-havalimanina-ulasti_760a89d.jpg?resize=170%2C113 170w, https:\/\/i0.wp.com\/www.tvturk.com\/wp-content\/uploads\/2019\/04\/thynin-35-yolcusuz-ucagi-istanbul-havalimanina-ulasti_760a89d.jpg?resize=120%2C80 120w\" width=\"163\" height=\"108\" loading=\"lazy\" data-original-width=\"163\" data-original-height=\"108\" itemprop=\"http:\/\/schema.org\/image\" title=\"THY\u2019nin 35 yolcusuz u\u00e7a\u011f\u0131 \u0130stanbul Havaliman\u0131\u2019na ula\u015ft\u0131\" alt=\"THY\u2019nin 35 yolcusuz u\u00e7a\u011f\u0131 \u0130stanbul Havaliman\u0131\u2019na ula\u015ft\u0131\" style=\"width: 163px; height: 108px;\" \/> <\/a> <\/div> <\/div> <!-- close group --> <div class=\"gallery-group images-1\" style=\"width: 167px; height: 112px;\" data-original-width=\"167\" data-original-height=\"112\" > <div class=\"tiled-gallery-item tiled-gallery-item-small\" itemprop=\"associatedMedia\" itemscope itemtype=\"http:\/\/schema.org\/ImageObject\"> <a href=\"http:\/\/www.tvturk.com\/index.php\/thynin-35-yolcusuz-ucagi-istanbul-havalimanina-ulasti\/thynin-35-yolcusuz-ucagi-istanbul-havalimanina-ulasti-7\/\" border=\"0\" itemprop=\"url\"> <meta itemprop=\"width\" content=\"163\"> <meta itemprop=\"height\" content=\"108\"> <img decoding=\"async\" class=\"\" data-attachment-id=\"125943\" data-orig-file=\"http:\/\/www.tvturk.com\/wp-content\/uploads\/2019\/04\/thynin-35-yolcusuz-ucagi-istanbul-havalimanina-ulasti_a64be66.jpg\" data-orig-size=\"1000,666\" data-comments-opened=\"\" data-image-meta=\"{&quot;aperture&quot;:&quot;0&quot;,&quot;credit&quot;:&quot;IHA&quot;,&quot;camera&quot;:&quot;&quot;,&quot;caption&quot;:&quot;\\u0130STANBUL HAVAL\\u0130MANI\\u0027NA GECE SAATLER\\u0130NDE BA\\u015eLAYAN TA\\u015eINMA G\\u00dcN BOYUNCA DA DEVAM ETT\\u0130. B\\u00dcY\\u00dcK TA\\u015eINMA KAPSAMINDA \\u0130STANBUL HAVAL\\u0130MANI\\u2019NA YOLCU U\\u00c7AKLARININ BO\\u015e OLARAK \\u0130NT\\u0130KAL\\u0130 S\\u00dcRERKEN, ATAT\\u00dcRK HAVAL\\u0130MANI\\u2019NDAN KALKAN YAKLA\\u015eIK 35 YOLCUSUZ U\\u00c7AK, \\u0130STANBUL HAVAL\\u0130MANI\\u0027NA ULA\\u015eTI. (FERHAT YASAK - TUNACAN ATALAY\\\/\\u0130STANBUL-\\u0130HA)&quot;,&quot;created_timestamp&quot;:&quot;0&quot;,&quot;copyright&quot;:&quot;\\u0130HLAS HABER AJANSI, www.iha.com.tr&quot;,&quot;focal_length&quot;:&quot;0&quot;,&quot;iso&quot;:&quot;0&quot;,&quot;shutter_speed&quot;:&quot;0&quot;,&quot;title&quot;:&quot;THY\\u2019N\\u0130N 35 YOLCUSUZ U\\u00c7A\\u011eI \\u0130STANBUL HAVAL\\u0130MANI\\u2019NA ULA\\u015eTI&quot;,&quot;orientation&quot;:&quot;0&quot;}\" data-image-title=\"THY\u2019nin 35 yolcusuz u\u00e7a\u011f\u0131 \u0130stanbul Havaliman\u0131\u2019na ula\u015ft\u0131\" data-image-description=\"&lt;p&gt;THY\u2019nin 35 yolcusuz u\u00e7a\u011f\u0131 \u0130stanbul Havaliman\u0131\u2019na ula\u015ft\u0131&lt;\/p&gt; \" data-medium-file=\"https:\/\/i0.wp.com\/www.tvturk.com\/wp-content\/uploads\/2019\/04\/thynin-35-yolcusuz-ucagi-istanbul-havalimanina-ulasti_a64be66.jpg?fit=300%2C200\" data-large-file=\"https:\/\/i0.wp.com\/www.tvturk.com\/wp-content\/uploads\/2019\/04\/thynin-35-yolcusuz-ucagi-istanbul-havalimanina-ulasti_a64be66.jpg?fit=1000%2C666\" src=\"https:\/\/i0.wp.com\/www.tvturk.com\/wp-content\/uploads\/2019\/04\/thynin-35-yolcusuz-ucagi-istanbul-havalimanina-ulasti_a64be66.jpg?w=163&#038;h=108\" srcset=\"https:\/\/i0.wp.com\/www.tvturk.com\/wp-content\/uploads\/2019\/04\/thynin-35-yolcusuz-ucagi-istanbul-havalimanina-ulasti_a64be66.jpg?w=1000 1000w, https:\/\/i0.wp.com\/www.tvturk.com\/wp-content\/uploads\/2019\/04\/thynin-35-yolcusuz-ucagi-istanbul-havalimanina-ulasti_a64be66.jpg?resize=150%2C100 150w, https:\/\/i0.wp.com\/www.tvturk.com\/wp-content\/uploads\/2019\/04\/thynin-35-yolcusuz-ucagi-istanbul-havalimanina-ulasti_a64be66.jpg?resize=300%2C200 300w, https:\/\/i0.wp.com\/www.tvturk.com\/wp-content\/uploads\/2019\/04\/thynin-35-yolcusuz-ucagi-istanbul-havalimanina-ulasti_a64be66.jpg?resize=768%2C511 768w, https:\/\/i0.wp.com\/www.tvturk.com\/wp-content\/uploads\/2019\/04\/thynin-35-yolcusuz-ucagi-istanbul-havalimanina-ulasti_a64be66.jpg?resize=170%2C113 170w, https:\/\/i0.wp.com\/www.tvturk.com\/wp-content\/uploads\/2019\/04\/thynin-35-yolcusuz-ucagi-istanbul-havalimanina-ulasti_a64be66.jpg?resize=120%2C80 120w\" width=\"163\" height=\"108\" loading=\"lazy\" data-original-width=\"163\" data-original-height=\"108\" itemprop=\"http:\/\/schema.org\/image\" title=\"THY\u2019nin 35 yolcusuz u\u00e7a\u011f\u0131 \u0130stanbul Havaliman\u0131\u2019na ula\u015ft\u0131\" alt=\"THY\u2019nin 35 yolcusuz u\u00e7a\u011f\u0131 \u0130stanbul Havaliman\u0131\u2019na ula\u015ft\u0131\" style=\"width: 163px; height: 108px;\" \/> <\/a> <\/div> <\/div> <!-- close group --> <div class=\"gallery-group images-1\" style=\"width: 166px; height: 112px;\" data-original-width=\"166\" data-original-height=\"112\" > <div class=\"tiled-gallery-item tiled-gallery-item-small\" itemprop=\"associatedMedia\" itemscope itemtype=\"http:\/\/schema.org\/ImageObject\"> <a href=\"http:\/\/www.tvturk.com\/index.php\/thynin-35-yolcusuz-ucagi-istanbul-havalimanina-ulasti\/thynin-35-yolcusuz-ucagi-istanbul-havalimanina-ulasti-8\/\" border=\"0\" itemprop=\"url\"> <meta itemprop=\"width\" content=\"162\"> <meta itemprop=\"height\" content=\"108\"> <img decoding=\"async\" class=\"\" data-attachment-id=\"125944\" data-orig-file=\"http:\/\/www.tvturk.com\/wp-content\/uploads\/2019\/04\/thynin-35-yolcusuz-ucagi-istanbul-havalimanina-ulasti_91a404d.jpg\" data-orig-size=\"1000,666\" data-comments-opened=\"\" data-image-meta=\"{&quot;aperture&quot;:&quot;0&quot;,&quot;credit&quot;:&quot;IHA&quot;,&quot;camera&quot;:&quot;&quot;,&quot;caption&quot;:&quot;\\u0130STANBUL HAVAL\\u0130MANI\\u0027NA GECE SAATLER\\u0130NDE BA\\u015eLAYAN TA\\u015eINMA G\\u00dcN BOYUNCA DA DEVAM ETT\\u0130. B\\u00dcY\\u00dcK TA\\u015eINMA KAPSAMINDA \\u0130STANBUL HAVAL\\u0130MANI\\u2019NA YOLCU U\\u00c7AKLARININ BO\\u015e OLARAK \\u0130NT\\u0130KAL\\u0130 S\\u00dcRERKEN, ATAT\\u00dcRK HAVAL\\u0130MANI\\u2019NDAN KALKAN YAKLA\\u015eIK 35 YOLCUSUZ U\\u00c7AK, \\u0130STANBUL HAVAL\\u0130MANI\\u0027NA ULA\\u015eTI. (FERHAT YASAK - TUNACAN ATALAY\\\/\\u0130STANBUL-\\u0130HA)&quot;,&quot;created_timestamp&quot;:&quot;0&quot;,&quot;copyright&quot;:&quot;\\u0130HLAS HABER AJANSI, www.iha.com.tr&quot;,&quot;focal_length&quot;:&quot;0&quot;,&quot;iso&quot;:&quot;0&quot;,&quot;shutter_speed&quot;:&quot;0&quot;,&quot;title&quot;:&quot;THY\\u2019N\\u0130N 35 YOLCUSUZ U\\u00c7A\\u011eI \\u0130STANBUL HAVAL\\u0130MANI\\u2019NA ULA\\u015eTI&quot;,&quot;orientation&quot;:&quot;0&quot;}\" data-image-title=\"THY\u2019nin 35 yolcusuz u\u00e7a\u011f\u0131 \u0130stanbul Havaliman\u0131\u2019na ula\u015ft\u0131\" data-image-description=\"&lt;p&gt;THY\u2019nin 35 yolcusuz u\u00e7a\u011f\u0131 \u0130stanbul Havaliman\u0131\u2019na ula\u015ft\u0131&lt;\/p&gt; \" data-medium-file=\"https:\/\/i0.wp.com\/www.tvturk.com\/wp-content\/uploads\/2019\/04\/thynin-35-yolcusuz-ucagi-istanbul-havalimanina-ulasti_91a404d.jpg?fit=300%2C200\" data-large-file=\"https:\/\/i0.wp.com\/www.tvturk.com\/wp-content\/uploads\/2019\/04\/thynin-35-yolcusuz-ucagi-istanbul-havalimanina-ulasti_91a404d.jpg?fit=1000%2C666\" src=\"https:\/\/i0.wp.com\/www.tvturk.com\/wp-content\/uploads\/2019\/04\/thynin-35-yolcusuz-ucagi-istanbul-havalimanina-ulasti_91a404d.jpg?w=162&#038;h=108\" srcset=\"https:\/\/i0.wp.com\/www.tvturk.com\/wp-content\/uploads\/2019\/04\/thynin-35-yolcusuz-ucagi-istanbul-havalimanina-ulasti_91a404d.jpg?w=1000 1000w, https:\/\/i0.wp.com\/www.tvturk.com\/wp-content\/uploads\/2019\/04\/thynin-35-yolcusuz-ucagi-istanbul-havalimanina-ulasti_91a404d.jpg?resize=150%2C100 150w, https:\/\/i0.wp.com\/www.tvturk.com\/wp-content\/uploads\/2019\/04\/thynin-35-yolcusuz-ucagi-istanbul-havalimanina-ulasti_91a404d.jpg?resize=300%2C200 300w, https:\/\/i0.wp.com\/www.tvturk.com\/wp-content\/uploads\/2019\/04\/thynin-35-yolcusuz-ucagi-istanbul-havalimanina-ulasti_91a404d.jpg?resize=768%2C511 768w, https:\/\/i0.wp.com\/www.tvturk.com\/wp-content\/uploads\/2019\/04\/thynin-35-yolcusuz-ucagi-istanbul-havalimanina-ulasti_91a404d.jpg?resize=170%2C113 170w, https:\/\/i0.wp.com\/www.tvturk.com\/wp-content\/uploads\/2019\/04\/thynin-35-yolcusuz-ucagi-istanbul-havalimanina-ulasti_91a404d.jpg?resize=120%2C80 120w\" width=\"162\" height=\"108\" loading=\"lazy\" data-original-width=\"162\" data-original-height=\"108\" itemprop=\"http:\/\/schema.org\/image\" title=\"THY\u2019nin 35 yolcusuz u\u00e7a\u011f\u0131 \u0130stanbul Havaliman\u0131\u2019na ula\u015ft\u0131\" alt=\"THY\u2019nin 35 yolcusuz u\u00e7a\u011f\u0131 \u0130stanbul Havaliman\u0131\u2019na ula\u015ft\u0131\" style=\"width: 162px; height: 108px;\" \/> <\/a> <\/div> <\/div> <!-- close group --> <\/div> <!-- close row --> <div class=\"gallery-row\" style=\"width: 500px; height: 168px;\" data-original-width=\"500\" data-original-height=\"168\" > <div class=\"gallery-group images-1\" style=\"width: 250px; height: 168px;\" data-original-width=\"250\" data-original-height=\"168\" > <div class=\"tiled-gallery-item tiled-gallery-item-small\" itemprop=\"associatedMedia\" itemscope itemtype=\"http:\/\/schema.org\/ImageObject\"> <a href=\"http:\/\/www.tvturk.com\/index.php\/thynin-35-yolcusuz-ucagi-istanbul-havalimanina-ulasti\/thynin-35-yolcusuz-ucagi-istanbul-havalimanina-ulasti-9\/\" border=\"0\" itemprop=\"url\"> <meta itemprop=\"width\" content=\"246\"> <meta itemprop=\"height\" content=\"164\"> <img decoding=\"async\" class=\"\" data-attachment-id=\"125945\" data-orig-file=\"http:\/\/www.tvturk.com\/wp-content\/uploads\/2019\/04\/thynin-35-yolcusuz-ucagi-istanbul-havalimanina-ulasti_4fc1ab6.jpg\" data-orig-size=\"1000,666\" data-comments-opened=\"\" data-image-meta=\"{&quot;aperture&quot;:&quot;0&quot;,&quot;credit&quot;:&quot;IHA&quot;,&quot;camera&quot;:&quot;&quot;,&quot;caption&quot;:&quot;\\u0130STANBUL HAVAL\\u0130MANI\\u0027NA GECE SAATLER\\u0130NDE BA\\u015eLAYAN TA\\u015eINMA G\\u00dcN BOYUNCA DA DEVAM ETT\\u0130. B\\u00dcY\\u00dcK TA\\u015eINMA KAPSAMINDA \\u0130STANBUL HAVAL\\u0130MANI\\u2019NA YOLCU U\\u00c7AKLARININ BO\\u015e OLARAK \\u0130NT\\u0130KAL\\u0130 S\\u00dcRERKEN, ATAT\\u00dcRK HAVAL\\u0130MANI\\u2019NDAN KALKAN YAKLA\\u015eIK 35 YOLCUSUZ U\\u00c7AK, \\u0130STANBUL HAVAL\\u0130MANI\\u0027NA ULA\\u015eTI. (FERHAT YASAK - TUNACAN ATALAY\\\/\\u0130STANBUL-\\u0130HA)&quot;,&quot;created_timestamp&quot;:&quot;0&quot;,&quot;copyright&quot;:&quot;\\u0130HLAS HABER AJANSI, www.iha.com.tr&quot;,&quot;focal_length&quot;:&quot;0&quot;,&quot;iso&quot;:&quot;0&quot;,&quot;shutter_speed&quot;:&quot;0&quot;,&quot;title&quot;:&quot;THY\\u2019N\\u0130N 35 YOLCUSUZ U\\u00c7A\\u011eI \\u0130STANBUL HAVAL\\u0130MANI\\u2019NA ULA\\u015eTI&quot;,&quot;orientation&quot;:&quot;0&quot;}\" data-image-title=\"THY\u2019nin 35 yolcusuz u\u00e7a\u011f\u0131 \u0130stanbul Havaliman\u0131\u2019na ula\u015ft\u0131\" data-image-description=\"&lt;p&gt;THY\u2019nin 35 yolcusuz u\u00e7a\u011f\u0131 \u0130stanbul Havaliman\u0131\u2019na ula\u015ft\u0131&lt;\/p&gt; \" data-medium-file=\"https:\/\/i0.wp.com\/www.tvturk.com\/wp-content\/uploads\/2019\/04\/thynin-35-yolcusuz-ucagi-istanbul-havalimanina-ulasti_4fc1ab6.jpg?fit=300%2C200\" data-large-file=\"https:\/\/i0.wp.com\/www.tvturk.com\/wp-content\/uploads\/2019\/04\/thynin-35-yolcusuz-ucagi-istanbul-havalimanina-ulasti_4fc1ab6.jpg?fit=1000%2C666\" src=\"https:\/\/i0.wp.com\/www.tvturk.com\/wp-content\/uploads\/2019\/04\/thynin-35-yolcusuz-ucagi-istanbul-havalimanina-ulasti_4fc1ab6.jpg?w=246&#038;h=164\" srcset=\"https:\/\/i0.wp.com\/www.tvturk.com\/wp-content\/uploads\/2019\/04\/thynin-35-yolcusuz-ucagi-istanbul-havalimanina-ulasti_4fc1ab6.jpg?w=1000 1000w, https:\/\/i0.wp.com\/www.tvturk.com\/wp-content\/uploads\/2019\/04\/thynin-35-yolcusuz-ucagi-istanbul-havalimanina-ulasti_4fc1ab6.jpg?resize=150%2C100 150w, https:\/\/i0.wp.com\/www.tvturk.com\/wp-content\/uploads\/2019\/04\/thynin-35-yolcusuz-ucagi-istanbul-havalimanina-ulasti_4fc1ab6.jpg?resize=300%2C200 300w, https:\/\/i0.wp.com\/www.tvturk.com\/wp-content\/uploads\/2019\/04\/thynin-35-yolcusuz-ucagi-istanbul-havalimanina-ulasti_4fc1ab6.jpg?resize=768%2C511 768w, https:\/\/i0.wp.com\/www.tvturk.com\/wp-content\/uploads\/2019\/04\/thynin-35-yolcusuz-ucagi-istanbul-havalimanina-ulasti_4fc1ab6.jpg?resize=170%2C113 170w, https:\/\/i0.wp.com\/www.tvturk.com\/wp-content\/uploads\/2019\/04\/thynin-35-yolcusuz-ucagi-istanbul-havalimanina-ulasti_4fc1ab6.jpg?resize=120%2C80 120w\" width=\"246\" height=\"164\" loading=\"lazy\" data-original-width=\"246\" data-original-height=\"164\" itemprop=\"http:\/\/schema.org\/image\" title=\"THY\u2019nin 35 yolcusuz u\u00e7a\u011f\u0131 \u0130stanbul Havaliman\u0131\u2019na ula\u015ft\u0131\" alt=\"THY\u2019nin 35 yolcusuz u\u00e7a\u011f\u0131 \u0130stanbul Havaliman\u0131\u2019na ula\u015ft\u0131\" style=\"width: 246px; height: 164px;\" \/> <\/a> <\/div> <\/div> <!-- close group --> <div class=\"gallery-group images-1\" style=\"width: 250px; height: 168px;\" data-original-width=\"250\" data-original-height=\"168\" > <div class=\"tiled-gallery-item tiled-gallery-item-small\" itemprop=\"associatedMedia\" itemscope itemtype=\"http:\/\/schema.org\/ImageObject\"> <a href=\"http:\/\/www.tvturk.com\/index.php\/thynin-35-yolcusuz-ucagi-istanbul-havalimanina-ulasti\/thynin-35-yolcusuz-ucagi-istanbul-havalimanina-ulasti-10\/\" border=\"0\" itemprop=\"url\"> <meta itemprop=\"width\" content=\"246\"> <meta itemprop=\"height\" content=\"164\"> <img decoding=\"async\" class=\"\" data-attachment-id=\"125946\" data-orig-file=\"http:\/\/www.tvturk.com\/wp-content\/uploads\/2019\/04\/thynin-35-yolcusuz-ucagi-istanbul-havalimanina-ulasti_5179677.jpg\" data-orig-size=\"1000,666\" data-comments-opened=\"\" data-image-meta=\"{&quot;aperture&quot;:&quot;0&quot;,&quot;credit&quot;:&quot;IHA&quot;,&quot;camera&quot;:&quot;&quot;,&quot;caption&quot;:&quot;\\u0130STANBUL HAVAL\\u0130MANI\\u0027NA GECE SAATLER\\u0130NDE BA\\u015eLAYAN TA\\u015eINMA G\\u00dcN BOYUNCA DA DEVAM ETT\\u0130. B\\u00dcY\\u00dcK TA\\u015eINMA KAPSAMINDA \\u0130STANBUL HAVAL\\u0130MANI\\u2019NA YOLCU U\\u00c7AKLARININ BO\\u015e OLARAK \\u0130NT\\u0130KAL\\u0130 S\\u00dcRERKEN, ATAT\\u00dcRK HAVAL\\u0130MANI\\u2019NDAN KALKAN YAKLA\\u015eIK 35 YOLCUSUZ U\\u00c7AK, \\u0130STANBUL HAVAL\\u0130MANI\\u0027NA ULA\\u015eTI. (FERHAT YASAK - TUNACAN ATALAY\\\/\\u0130STANBUL-\\u0130HA)&quot;,&quot;created_timestamp&quot;:&quot;0&quot;,&quot;copyright&quot;:&quot;\\u0130HLAS HABER AJANSI, www.iha.com.tr&quot;,&quot;focal_length&quot;:&quot;0&quot;,&quot;iso&quot;:&quot;0&quot;,&quot;shutter_speed&quot;:&quot;0&quot;,&quot;title&quot;:&quot;THY\\u2019N\\u0130N 35 YOLCUSUZ U\\u00c7A\\u011eI \\u0130STANBUL HAVAL\\u0130MANI\\u2019NA ULA\\u015eTI&quot;,&quot;orientation&quot;:&quot;0&quot;}\" data-image-title=\"THY\u2019nin 35 yolcusuz u\u00e7a\u011f\u0131 \u0130stanbul Havaliman\u0131\u2019na ula\u015ft\u0131\" data-image-description=\"&lt;p&gt;THY\u2019nin 35 yolcusuz u\u00e7a\u011f\u0131 \u0130stanbul Havaliman\u0131\u2019na ula\u015ft\u0131&lt;\/p&gt; \" data-medium-file=\"https:\/\/i0.wp.com\/www.tvturk.com\/wp-content\/uploads\/2019\/04\/thynin-35-yolcusuz-ucagi-istanbul-havalimanina-ulasti_5179677.jpg?fit=300%2C200\" data-large-file=\"https:\/\/i0.wp.com\/www.tvturk.com\/wp-content\/uploads\/2019\/04\/thynin-35-yolcusuz-ucagi-istanbul-havalimanina-ulasti_5179677.jpg?fit=1000%2C666\" src=\"https:\/\/i0.wp.com\/www.tvturk.com\/wp-content\/uploads\/2019\/04\/thynin-35-yolcusuz-ucagi-istanbul-havalimanina-ulasti_5179677.jpg?w=246&#038;h=164\" srcset=\"https:\/\/i0.wp.com\/www.tvturk.com\/wp-content\/uploads\/2019\/04\/thynin-35-yolcusuz-ucagi-istanbul-havalimanina-ulasti_5179677.jpg?w=1000 1000w, https:\/\/i0.wp.com\/www.tvturk.com\/wp-content\/uploads\/2019\/04\/thynin-35-yolcusuz-ucagi-istanbul-havalimanina-ulasti_5179677.jpg?resize=150%2C100 150w, https:\/\/i0.wp.com\/www.tvturk.com\/wp-content\/uploads\/2019\/04\/thynin-35-yolcusuz-ucagi-istanbul-havalimanina-ulasti_5179677.jpg?resize=300%2C200 300w, https:\/\/i0.wp.com\/www.tvturk.com\/wp-content\/uploads\/2019\/04\/thynin-35-yolcusuz-ucagi-istanbul-havalimanina-ulasti_5179677.jpg?resize=768%2C511 768w, https:\/\/i0.wp.com\/www.tvturk.com\/wp-content\/uploads\/2019\/04\/thynin-35-yolcusuz-ucagi-istanbul-havalimanina-ulasti_5179677.jpg?resize=170%2C113 170w, https:\/\/i0.wp.com\/www.tvturk.com\/wp-content\/uploads\/2019\/04\/thynin-35-yolcusuz-ucagi-istanbul-havalimanina-ulasti_5179677.jpg?resize=120%2C80 120w\" width=\"246\" height=\"164\" loading=\"lazy\" data-original-width=\"246\" data-original-height=\"164\" itemprop=\"http:\/\/schema.org\/image\" title=\"THY\u2019nin 35 yolcusuz u\u00e7a\u011f\u0131 \u0130stanbul Havaliman\u0131\u2019na ula\u015ft\u0131\" alt=\"THY\u2019nin 35 yolcusuz u\u00e7a\u011f\u0131 \u0130stanbul Havaliman\u0131\u2019na ula\u015ft\u0131\" style=\"width: 246px; height: 164px;\" \/> <\/a> <\/div> <\/div> <!-- close group --> <\/div> <!-- close row --> <\/div><\/p>\n","protected":false},"excerpt":{"rendered":"<p>\u0130STANBUL HAVAL\u0130MANI&#8217;NA GECE SAATLER\u0130NDE BA\u015eLAYAN TA\u015eINMA G\u00dcN BOYUNCA DA DEVAM ETT\u0130. B\u00dcY\u00dcK TA\u015eINMA KAPSAMINDA \u0130STANBUL HAVAL\u0130MANI\u2019NA YOLCU U\u00c7AKLARININ BO\u015e OLARAK \u0130NT\u0130KAL\u0130 S\u00dcRERKEN, ATAT\u00dcRK HAVAL\u0130MANI\u2019NDAN KALKAN YAKLA\u015eIK 35 YOLCUSUZ U\u00c7AK, \u0130STANBUL HAVAL\u0130MANI&#8217;NA ULA\u015eTI.<\/p>\n","protected":false},"author":1,"featured_media":125938,"comment_status":"closed","ping_status":"open","sticky":false,"template":"","format":"standard","meta":{"jetpack_post_was_ever_published":false,"_jetpack_newsletter_access":"","_jetpack_dont_email_post_to_subs":false,"_jetpack_newsletter_tier_id":0,"_jetpack_memberships_contains_paywalled_content":false,"_jetpack_memberships_contains_paid_content":false,"footnotes":"","jetpack_publicize_message":"","jetpack_publicize_feature_enabled":true,"jetpack_social_post_already_shared":true,"jetpack_social_options":{"image_generator_settings":{"template":"highway","default_image_id":0,"font":"","enabled":false},"version":2}},"categories":[1],"tags":[10403,730,10466,17580,2574,29747],"class_list":["post-125937","post","type-post","status-publish","format-standard","has-post-thumbnail","hentry","category-genel","tag-havalimanina","tag-istanbul","tag-thynin","tag-ucagi","tag-ulasti","tag-yolcusuz"],"jetpack_publicize_connections":[],"jetpack_featured_media_url":"https:\/\/i0.wp.com\/www.tvturk.com\/wp-content\/uploads\/2019\/04\/thynin-35-yolcusuz-ucagi-istanbul-havalimanina-ulasti_af6add9.jpg?fit=1000%2C666","jetpack_sharing_enabled":true,"jetpack_shortlink":"https:\/\/wp.me\/paKIfm-wLf","_links":{"self":[{"href":"http:\/\/www.tvturk.com\/index.php\/wp-json\/wp\/v2\/posts\/125937","targetHints":{"allow":["GET"]}}],"collection":[{"href":"http:\/\/www.tvturk.com\/index.php\/wp-json\/wp\/v2\/posts"}],"about":[{"href":"http:\/\/www.tvturk.com\/index.php\/wp-json\/wp\/v2\/types\/post"}],"author":[{"embeddable":true,"href":"http:\/\/www.tvturk.com\/index.php\/wp-json\/wp\/v2\/users\/1"}],"replies":[{"embeddable":true,"href":"http:\/\/www.tvturk.com\/index.php\/wp-json\/wp\/v2\/comments?post=125937"}],"version-history":[{"count":1,"href":"http:\/\/www.tvturk.com\/index.php\/wp-json\/wp\/v2\/posts\/125937\/revisions"}],"predecessor-version":[{"id":125947,"href":"http:\/\/www.tvturk.com\/index.php\/wp-json\/wp\/v2\/posts\/125937\/revisions\/125947"}],"wp:featuredmedia":[{"embeddable":true,"href":"http:\/\/www.tvturk.com\/index.php\/wp-json\/wp\/v2\/media\/125938"}],"wp:attachment":[{"href":"http:\/\/www.tvturk.com\/index.php\/wp-json\/wp\/v2\/media?parent=125937"}],"wp:term":[{"taxonomy":"category","embeddable":true,"href":"http:\/\/www.tvturk.com\/index.php\/wp-json\/wp\/v2\/categories?post=125937"},{"taxonomy":"post_tag","embeddable":true,"href":"http:\/\/www.tvturk.com\/index.php\/wp-json\/wp\/v2\/tags?post=125937"}],"curies":[{"name":"wp","href":"https:\/\/api.w.org\/{rel}","templated":true}]}}