{"id":12606,"date":"2019-02-08T14:51:50","date_gmt":"2019-02-08T11:51:50","guid":{"rendered":"http:\/\/www.tvturk.com\/index.php\/biga-gs-taraftarlar-derneginden-ogrencilere-kirtasiye-yardimi\/"},"modified":"2019-02-08T14:51:52","modified_gmt":"2019-02-08T11:51:52","slug":"biga-gs-taraftarlar-derneginden-ogrencilere-kirtasiye-yardimi","status":"publish","type":"post","link":"http:\/\/www.tvturk.com\/index.php\/biga-gs-taraftarlar-derneginden-ogrencilere-kirtasiye-yardimi\/","title":{"rendered":"Biga GS Taraftarlar Derne\u011finden \u00f6\u011frencilere k\u0131rtasiye yard\u0131m\u0131"},"content":{"rendered":"<p>\u00c7anakkale\u2019nin Biga il\u00e7esinde, Biga Galatasaray Taraftarlar Derne\u011fi \u00f6\u011frencilere k\u0131rtasiye yard\u0131m\u0131 yapt\u0131.<\/p>\n<p>Biga \u0130l\u00e7e Milli E\u011fitim M\u00fcd\u00fcrl\u00fc\u011f\u00fc \u015eube M\u00fcd\u00fcr\u00fc Ali Temizkalp, \u0130l\u00e7e Milli E\u011fitim Personeli Taner Can, Biga Galatasaray Taraftarlar Derne\u011fi Y\u00f6netim Kurulu Ba\u015fkan\u0131 Hakan Kar, Dernek y\u00f6neticileri \u0130smail Mert G\u00fcndo\u011fdu ve Reyhan Kaya e\u015fli\u011finde k\u00f6ylerde bulunan ilkokullara ziyaretler ger\u00e7ekle\u015fti. Ba\u015fkan Kar &#8221; Biga\u2019m\u0131z\u0131n sivil toplum \u00f6rg\u00fctlerinden birisi olan Biga Galatasaray Taraftarlar Derne\u011fi olarak yeni nesillere e\u011fitimi sevdirmek amac\u0131yla k\u00f6ylerimizde bulunan 1. S\u0131n\u0131f \u00f6\u011frencilerimize mini bir k\u0131rtasiye seti hediyesinde bulunduk. Yeni nesillerin hem Galatasaray\u2019 \u0131 sevmesini sa\u011flamak hem de imkan e\u015fitli\u011fini artt\u0131rmak i\u00e7in ufak hediyeler da\u011f\u0131tt\u0131k. Elimizdeki imkanlar erdi\u011fince yeni projelerde ger\u00e7ekle\u015ftirmek istiyoruz. Bu projemizde bizlere destek olan ba\u015fta Biga \u0130l\u00e7e Milli E\u011fitim M\u00fcd\u00fcr\u00fcm\u00fcz Erkan Bilen\u2019e, Gen\u00e7 Optik Ahmet Or\u00e7en\u2019e, Y\u00f6netim Kurulu \u00fcyelerime ve dernek \u00fcyelerimize te\u015fekk\u00fcr ederim\u201d dedi.<div class=\"tiled-gallery type-rectangular tiled-gallery-unresized\" data-original-width=\"500\" data-carousel-extra='null' itemscope itemtype=\"http:\/\/schema.org\/ImageGallery\" > <div class=\"gallery-row\" style=\"width: 500px; height: 189px;\" data-original-width=\"500\" data-original-height=\"189\" > <div class=\"gallery-group images-1\" style=\"width: 250px; height: 189px;\" data-original-width=\"250\" data-original-height=\"189\" > <div class=\"tiled-gallery-item tiled-gallery-item-small\" itemprop=\"associatedMedia\" itemscope itemtype=\"http:\/\/schema.org\/ImageObject\"> <a href=\"http:\/\/www.tvturk.com\/index.php\/biga-gs-taraftarlar-derneginden-ogrencilere-kirtasiye-yardimi\/biga-gs-taraftarlar-derneginden-ogrencilere-kirtasiye-yardimi-3\/\" border=\"0\" itemprop=\"url\"> <meta itemprop=\"width\" content=\"246\"> <meta itemprop=\"height\" content=\"185\"> <img decoding=\"async\" class=\"\" data-attachment-id=\"12608\" data-orig-file=\"http:\/\/www.tvturk.com\/wp-content\/uploads\/2019\/02\/biga-gs-taraftarlar-derneginden-ogrencilere-kirtasiye-yardimi_00279ee.jpg\" data-orig-size=\"1000,750\" data-comments-opened=\"\" data-image-meta=\"{&quot;aperture&quot;:&quot;0&quot;,&quot;credit&quot;:&quot;IHA&quot;,&quot;camera&quot;:&quot;&quot;,&quot;caption&quot;:&quot;\\u00c7ANAKKALE\\u2019N\\u0130N B\\u0130GA \\u0130L\\u00c7ES\\u0130NDE, B\\u0130GA GALATASARAY TARAFTARLAR DERNE\\u011e\\u0130 \\u00d6\\u011eRENC\\u0130LERE KIRTAS\\u0130YE YARDIMI YAPTI. (TOPRAK AKKAYA\\\/\\u00c7ANAKKALE-\\u0130HA)&quot;,&quot;created_timestamp&quot;:&quot;0&quot;,&quot;copyright&quot;:&quot;\\u0130HLAS HABER AJANSI, www.iha.com.tr&quot;,&quot;focal_length&quot;:&quot;0&quot;,&quot;iso&quot;:&quot;0&quot;,&quot;shutter_speed&quot;:&quot;0&quot;,&quot;title&quot;:&quot;B\\u0130GA GS TARAFTARLAR DERNE\\u011e\\u0130NDEN \\u00d6\\u011eRENC\\u0130LERE KIRTAS\\u0130YE YARDIMI&quot;,&quot;orientation&quot;:&quot;0&quot;}\" data-image-title=\"Biga GS Taraftarlar Derne\u011finden \u00f6\u011frencilere k\u0131rtasiye yard\u0131m\u0131\" data-image-description=\"&lt;p&gt;Biga GS Taraftarlar Derne\u011finden \u00f6\u011frencilere k\u0131rtasiye yard\u0131m\u0131&lt;\/p&gt; \" data-medium-file=\"https:\/\/i0.wp.com\/www.tvturk.com\/wp-content\/uploads\/2019\/02\/biga-gs-taraftarlar-derneginden-ogrencilere-kirtasiye-yardimi_00279ee.jpg?fit=300%2C225\" data-large-file=\"https:\/\/i0.wp.com\/www.tvturk.com\/wp-content\/uploads\/2019\/02\/biga-gs-taraftarlar-derneginden-ogrencilere-kirtasiye-yardimi_00279ee.jpg?fit=1000%2C750\" src=\"https:\/\/i0.wp.com\/www.tvturk.com\/wp-content\/uploads\/2019\/02\/biga-gs-taraftarlar-derneginden-ogrencilere-kirtasiye-yardimi_00279ee.jpg?w=246&#038;h=185\" srcset=\"https:\/\/i0.wp.com\/www.tvturk.com\/wp-content\/uploads\/2019\/02\/biga-gs-taraftarlar-derneginden-ogrencilere-kirtasiye-yardimi_00279ee.jpg?w=1000 1000w, https:\/\/i0.wp.com\/www.tvturk.com\/wp-content\/uploads\/2019\/02\/biga-gs-taraftarlar-derneginden-ogrencilere-kirtasiye-yardimi_00279ee.jpg?resize=150%2C113 150w, https:\/\/i0.wp.com\/www.tvturk.com\/wp-content\/uploads\/2019\/02\/biga-gs-taraftarlar-derneginden-ogrencilere-kirtasiye-yardimi_00279ee.jpg?resize=300%2C225 300w, https:\/\/i0.wp.com\/www.tvturk.com\/wp-content\/uploads\/2019\/02\/biga-gs-taraftarlar-derneginden-ogrencilere-kirtasiye-yardimi_00279ee.jpg?resize=768%2C576 768w\" width=\"246\" height=\"185\" loading=\"lazy\" data-original-width=\"246\" data-original-height=\"185\" itemprop=\"http:\/\/schema.org\/image\" title=\"Biga GS Taraftarlar Derne\u011finden \u00f6\u011frencilere k\u0131rtasiye yard\u0131m\u0131\" alt=\"Biga GS Taraftarlar Derne\u011finden \u00f6\u011frencilere k\u0131rtasiye yard\u0131m\u0131\" style=\"width: 246px; height: 185px;\" \/> <\/a> <\/div> <\/div> <!-- close group --> <div class=\"gallery-group images-1\" style=\"width: 250px; height: 189px;\" data-original-width=\"250\" data-original-height=\"189\" > <div class=\"tiled-gallery-item tiled-gallery-item-small\" itemprop=\"associatedMedia\" itemscope itemtype=\"http:\/\/schema.org\/ImageObject\"> <a href=\"http:\/\/www.tvturk.com\/index.php\/biga-gs-taraftarlar-derneginden-ogrencilere-kirtasiye-yardimi\/biga-gs-taraftarlar-derneginden-ogrencilere-kirtasiye-yardimi-4\/\" border=\"0\" itemprop=\"url\"> <meta itemprop=\"width\" content=\"246\"> <meta itemprop=\"height\" content=\"185\"> <img decoding=\"async\" class=\"\" data-attachment-id=\"12609\" data-orig-file=\"http:\/\/www.tvturk.com\/wp-content\/uploads\/2019\/02\/biga-gs-taraftarlar-derneginden-ogrencilere-kirtasiye-yardimi_c044e74.jpg\" data-orig-size=\"1000,750\" data-comments-opened=\"\" data-image-meta=\"{&quot;aperture&quot;:&quot;0&quot;,&quot;credit&quot;:&quot;IHA&quot;,&quot;camera&quot;:&quot;&quot;,&quot;caption&quot;:&quot;\\u00c7ANAKKALE\\u2019N\\u0130N B\\u0130GA \\u0130L\\u00c7ES\\u0130NDE, B\\u0130GA GALATASARAY TARAFTARLAR DERNE\\u011e\\u0130 \\u00d6\\u011eRENC\\u0130LERE KIRTAS\\u0130YE YARDIMI YAPTI. (TOPRAK AKKAYA\\\/\\u00c7ANAKKALE-\\u0130HA)&quot;,&quot;created_timestamp&quot;:&quot;0&quot;,&quot;copyright&quot;:&quot;\\u0130HLAS HABER AJANSI, www.iha.com.tr&quot;,&quot;focal_length&quot;:&quot;0&quot;,&quot;iso&quot;:&quot;0&quot;,&quot;shutter_speed&quot;:&quot;0&quot;,&quot;title&quot;:&quot;B\\u0130GA GS TARAFTARLAR DERNE\\u011e\\u0130NDEN \\u00d6\\u011eRENC\\u0130LERE KIRTAS\\u0130YE YARDIMI&quot;,&quot;orientation&quot;:&quot;0&quot;}\" data-image-title=\"Biga GS Taraftarlar Derne\u011finden \u00f6\u011frencilere k\u0131rtasiye yard\u0131m\u0131\" data-image-description=\"&lt;p&gt;Biga GS Taraftarlar Derne\u011finden \u00f6\u011frencilere k\u0131rtasiye yard\u0131m\u0131&lt;\/p&gt; \" data-medium-file=\"https:\/\/i0.wp.com\/www.tvturk.com\/wp-content\/uploads\/2019\/02\/biga-gs-taraftarlar-derneginden-ogrencilere-kirtasiye-yardimi_c044e74.jpg?fit=300%2C225\" data-large-file=\"https:\/\/i0.wp.com\/www.tvturk.com\/wp-content\/uploads\/2019\/02\/biga-gs-taraftarlar-derneginden-ogrencilere-kirtasiye-yardimi_c044e74.jpg?fit=1000%2C750\" src=\"https:\/\/i0.wp.com\/www.tvturk.com\/wp-content\/uploads\/2019\/02\/biga-gs-taraftarlar-derneginden-ogrencilere-kirtasiye-yardimi_c044e74.jpg?w=246&#038;h=185\" srcset=\"https:\/\/i0.wp.com\/www.tvturk.com\/wp-content\/uploads\/2019\/02\/biga-gs-taraftarlar-derneginden-ogrencilere-kirtasiye-yardimi_c044e74.jpg?w=1000 1000w, https:\/\/i0.wp.com\/www.tvturk.com\/wp-content\/uploads\/2019\/02\/biga-gs-taraftarlar-derneginden-ogrencilere-kirtasiye-yardimi_c044e74.jpg?resize=150%2C113 150w, https:\/\/i0.wp.com\/www.tvturk.com\/wp-content\/uploads\/2019\/02\/biga-gs-taraftarlar-derneginden-ogrencilere-kirtasiye-yardimi_c044e74.jpg?resize=300%2C225 300w, https:\/\/i0.wp.com\/www.tvturk.com\/wp-content\/uploads\/2019\/02\/biga-gs-taraftarlar-derneginden-ogrencilere-kirtasiye-yardimi_c044e74.jpg?resize=768%2C576 768w\" width=\"246\" height=\"185\" loading=\"lazy\" data-original-width=\"246\" data-original-height=\"185\" itemprop=\"http:\/\/schema.org\/image\" title=\"Biga GS Taraftarlar Derne\u011finden \u00f6\u011frencilere k\u0131rtasiye yard\u0131m\u0131\" alt=\"Biga GS Taraftarlar Derne\u011finden \u00f6\u011frencilere k\u0131rtasiye yard\u0131m\u0131\" style=\"width: 246px; height: 185px;\" \/> <\/a> <\/div> <\/div> <!-- close group --> <\/div> <!-- close row --> <\/div><\/p>\n","protected":false},"excerpt":{"rendered":"<p>\u00c7ANAKKALE\u2019N\u0130N B\u0130GA \u0130L\u00c7ES\u0130NDE, B\u0130GA GALATASARAY TARAFTARLAR DERNE\u011e\u0130 \u00d6\u011eRENC\u0130LERE KIRTAS\u0130YE YARDIMI YAPTI.<\/p>\n","protected":false},"author":1,"featured_media":12607,"comment_status":"closed","ping_status":"open","sticky":false,"template":"","format":"standard","meta":{"jetpack_post_was_ever_published":false,"_jetpack_newsletter_access":"","_jetpack_dont_email_post_to_subs":false,"_jetpack_newsletter_tier_id":0,"_jetpack_memberships_contains_paywalled_content":false,"_jetpack_memberships_contains_paid_content":false,"footnotes":"","jetpack_publicize_message":"","jetpack_publicize_feature_enabled":true,"jetpack_social_post_already_shared":false,"jetpack_social_options":{"image_generator_settings":{"template":"highway","default_image_id":0,"font":"","enabled":false},"version":2}},"categories":[655],"tags":[6419,4577,485,2208,6377,6420],"class_list":["post-12606","post","type-post","status-publish","format-standard","has-post-thumbnail","hentry","category-son-dakika","tag-biga","tag-derneginden","tag-kirtasiye","tag-ogrencilere","tag-taraftarlar","tag-yardimi"],"jetpack_publicize_connections":[],"jetpack_featured_media_url":"https:\/\/i0.wp.com\/www.tvturk.com\/wp-content\/uploads\/2019\/02\/biga-gs-taraftarlar-derneginden-ogrencilere-kirtasiye-yardimi_41e16a6.jpg?fit=1000%2C750","jetpack_sharing_enabled":true,"jetpack_shortlink":"https:\/\/wp.me\/paKIfm-3hk","_links":{"self":[{"href":"http:\/\/www.tvturk.com\/index.php\/wp-json\/wp\/v2\/posts\/12606","targetHints":{"allow":["GET"]}}],"collection":[{"href":"http:\/\/www.tvturk.com\/index.php\/wp-json\/wp\/v2\/posts"}],"about":[{"href":"http:\/\/www.tvturk.com\/index.php\/wp-json\/wp\/v2\/types\/post"}],"author":[{"embeddable":true,"href":"http:\/\/www.tvturk.com\/index.php\/wp-json\/wp\/v2\/users\/1"}],"replies":[{"embeddable":true,"href":"http:\/\/www.tvturk.com\/index.php\/wp-json\/wp\/v2\/comments?post=12606"}],"version-history":[{"count":1,"href":"http:\/\/www.tvturk.com\/index.php\/wp-json\/wp\/v2\/posts\/12606\/revisions"}],"predecessor-version":[{"id":12610,"href":"http:\/\/www.tvturk.com\/index.php\/wp-json\/wp\/v2\/posts\/12606\/revisions\/12610"}],"wp:featuredmedia":[{"embeddable":true,"href":"http:\/\/www.tvturk.com\/index.php\/wp-json\/wp\/v2\/media\/12607"}],"wp:attachment":[{"href":"http:\/\/www.tvturk.com\/index.php\/wp-json\/wp\/v2\/media?parent=12606"}],"wp:term":[{"taxonomy":"category","embeddable":true,"href":"http:\/\/www.tvturk.com\/index.php\/wp-json\/wp\/v2\/categories?post=12606"},{"taxonomy":"post_tag","embeddable":true,"href":"http:\/\/www.tvturk.com\/index.php\/wp-json\/wp\/v2\/tags?post=12606"}],"curies":[{"name":"wp","href":"https:\/\/api.w.org\/{rel}","templated":true}]}}