{"id":12611,"date":"2019-02-08T14:51:55","date_gmt":"2019-02-08T11:51:55","guid":{"rendered":"http:\/\/www.tvturk.com\/index.php\/denizlisporda-korsanla-mucadele-baslatildi\/"},"modified":"2019-02-08T14:51:55","modified_gmt":"2019-02-08T11:51:55","slug":"denizlisporda-korsanla-mucadele-baslatildi","status":"publish","type":"post","link":"http:\/\/www.tvturk.com\/index.php\/denizlisporda-korsanla-mucadele-baslatildi\/","title":{"rendered":"Denizlispor\u2019da korsanla m\u00fccadele ba\u015flat\u0131ld\u0131"},"content":{"rendered":"<p>Denizlispor\u2019da tak\u0131m\u0131n ba\u015far\u0131s\u0131n\u0131n artmas\u0131 \u00fcr\u00fcnlere olan talebi de artt\u0131r\u0131rken, korsan \u00fcr\u00fcn sat\u0131\u015f\u0131n\u0131 da beraberinde getirdi. Denizlispor Y\u00f6netimi, taraftarlar\u0131 lisansl\u0131 \u00fcr\u00fcnler almaya davet ederek korsan \u00fcr\u00fcnlere kar\u015f\u0131 m\u00fccadele ba\u015flatt\u0131.<\/p>\n<p>Spor Toto 1. Lig\u2019de ad\u0131m ad\u0131m \u015fampiyonlu\u011fa y\u00fcr\u00fcyen Denizlispor\u2019da ba\u015far\u0131n\u0131n artmas\u0131 f\u0131rsat\u00e7\u0131lar\u0131 da harekete ge\u00e7irdi. Taraftar\u0131n ye\u015fil-siyahl\u0131 tak\u0131m\u0131n \u00fcr\u00fcnlerine olan talebinden yararlanmak isteyen f\u0131rsat\u00e7\u0131lar, korsan \u00fcr\u00fcnleri piyasaya s\u00fcrd\u00fc. Korsanla m\u00fccadele ba\u015flatt\u0131\u011f\u0131n\u0131 a\u00e7\u0131klayan y\u00f6netim, taraftar\u0131 da lisanl\u0131 \u00fcr\u00fcnleri almaya davet etti.<\/p>\n<p>\u201cTak\u0131ma zarar veriyorlar\u201d<\/p>\n<p>Korsan \u00fcr\u00fcn sat\u0131\u015flar\u0131n\u0131n kul\u00fcbe b\u00fcy\u00fck zarar ya\u015fatt\u0131\u011f\u0131n\u0131 belirten Denizlispor Kul\u00fcb\u00fc Ba\u015fkan Yard\u0131mc\u0131s\u0131 Kaan \u015eanl\u0131kan, baz\u0131 ki\u015filerin korsan \u00fcr\u00fcnlerle haks\u0131z para kazand\u0131\u011f\u0131n\u0131 ifade ederek, &#8220;Denizlispor \u00fcr\u00fcnlerine ilgi g\u00f6sterilmesi \u00e7ok g\u00fczel ancak bizi \u00fczen nokta piyasada korsan \u00fcr\u00fcnlerin yer almas\u0131. Baz\u0131 insanlar ve gruplar haks\u0131z para kazan\u0131yor. Bunlar\u0131 uyar\u0131yoruz. Bu \u015fekilde Denizlispor\u2019a bir gelir sa\u011flanamad\u0131\u011f\u0131 gibi bize de zarar veriyorlar. Bundan sonra hukuki yollara ba\u015fvuraca\u011f\u0131z. Taraftarlar\u0131m\u0131z da korsan \u00fcr\u00fcn sat\u0131\u015flar\u0131na kar\u015f\u0131 dikkatli olsunlar&#8221; dedi.<\/p>\n<p>\u201c\u0130hbar etsinler\u201d<\/p>\n<p>Denizlispor Store\u2019dan al\u0131nan bir atk\u0131n\u0131n bile Denizlispor\u2019a katk\u0131 sa\u011flad\u0131\u011f\u0131n\u0131 belirten AR-GE Sorumlu Asba\u015fkan Mahmut Akarsu ise, &#8220;Denizlispor Store ve Gezici Store\u2019da \u00fcr\u00fcn \u00e7e\u015fitlili\u011fimizi giderek artt\u0131r\u0131yoruz. Daha kaliteli \u00fcr\u00fcnleri daha uygun fiyatlar ile taraftarlar\u0131m\u0131za ula\u015ft\u0131rmak i\u00e7in elimizden geleni yap\u0131yoruz. S\u0131rada internet sat\u0131\u015flar\u0131 var. Bizler Denizlispor\u2019a gelir getirmek i\u00e7in s\u00fcrekli projeler \u00fcretirken, taraftarlar\u0131m\u0131z\u0131 da orijinal lisansl\u0131 \u00fcr\u00fcnler kullanmaya davet ediyoruz. Korsan \u00fcr\u00fcnlere itibar etmesinler, korsan \u00fcr\u00fcn sat\u0131c\u0131lar\u0131n\u0131 bizlere ihbar etsinler&#8221; diye konu\u015ftu.<\/p>\n","protected":false},"excerpt":{"rendered":"<p>DEN\u0130ZL\u0130SPOR\u2019DA TAKIMIN BA\u015eARISININ ARTMASI \u00dcR\u00dcNLERE OLAN TALEB\u0130 DE ARTTIRIRKEN, KORSAN \u00dcR\u00dcN SATI\u015eINI DA BERABER\u0130NDE GET\u0130RD\u0130. DEN\u0130ZL\u0130SPOR Y\u00d6NET\u0130M\u0130, TARAFTARLARI L\u0130SANSLI \u00dcR\u00dcNLER ALMAYA DAVET EDEREK KORSAN \u00dcR\u00dcNLERE KAR\u015eI M\u00dcCADELE BA\u015eLATTI.<\/p>\n","protected":false},"author":1,"featured_media":12612,"comment_status":"closed","ping_status":"open","sticky":false,"template":"","format":"standard","meta":{"jetpack_post_was_ever_published":false,"_jetpack_newsletter_access":"","_jetpack_dont_email_post_to_subs":false,"_jetpack_newsletter_tier_id":0,"_jetpack_memberships_contains_paywalled_content":false,"_jetpack_memberships_contains_paid_content":false,"footnotes":"","jetpack_publicize_message":"","jetpack_publicize_feature_enabled":true,"jetpack_social_post_already_shared":false,"jetpack_social_options":{"image_generator_settings":{"template":"highway","default_image_id":0,"font":"","enabled":false},"version":2}},"categories":[657],"tags":[2235,6421,6422,888],"class_list":["post-12611","post","type-post","status-publish","format-standard","has-post-thumbnail","hentry","category-spor","tag-baslatildi","tag-denizlisporda","tag-korsanla","tag-mucadele"],"jetpack_publicize_connections":[],"jetpack_featured_media_url":"https:\/\/i0.wp.com\/www.tvturk.com\/wp-content\/uploads\/2019\/02\/denizlisporda-korsanla-mucadele-baslatildi_c7143c1.jpg?fit=1000%2C661","jetpack_sharing_enabled":true,"jetpack_shortlink":"https:\/\/wp.me\/paKIfm-3hp","_links":{"self":[{"href":"http:\/\/www.tvturk.com\/index.php\/wp-json\/wp\/v2\/posts\/12611","targetHints":{"allow":["GET"]}}],"collection":[{"href":"http:\/\/www.tvturk.com\/index.php\/wp-json\/wp\/v2\/posts"}],"about":[{"href":"http:\/\/www.tvturk.com\/index.php\/wp-json\/wp\/v2\/types\/post"}],"author":[{"embeddable":true,"href":"http:\/\/www.tvturk.com\/index.php\/wp-json\/wp\/v2\/users\/1"}],"replies":[{"embeddable":true,"href":"http:\/\/www.tvturk.com\/index.php\/wp-json\/wp\/v2\/comments?post=12611"}],"version-history":[{"count":0,"href":"http:\/\/www.tvturk.com\/index.php\/wp-json\/wp\/v2\/posts\/12611\/revisions"}],"wp:featuredmedia":[{"embeddable":true,"href":"http:\/\/www.tvturk.com\/index.php\/wp-json\/wp\/v2\/media\/12612"}],"wp:attachment":[{"href":"http:\/\/www.tvturk.com\/index.php\/wp-json\/wp\/v2\/media?parent=12611"}],"wp:term":[{"taxonomy":"category","embeddable":true,"href":"http:\/\/www.tvturk.com\/index.php\/wp-json\/wp\/v2\/categories?post=12611"},{"taxonomy":"post_tag","embeddable":true,"href":"http:\/\/www.tvturk.com\/index.php\/wp-json\/wp\/v2\/tags?post=12611"}],"curies":[{"name":"wp","href":"https:\/\/api.w.org\/{rel}","templated":true}]}}