{"id":126503,"date":"2019-04-06T13:04:05","date_gmt":"2019-04-06T10:04:05","guid":{"rendered":"http:\/\/www.tvturk.com\/index.php\/bagcilar-belediyesi-engelliler-sarayi-malezyaya-rol-model-oldu\/"},"modified":"2019-04-06T13:04:09","modified_gmt":"2019-04-06T10:04:09","slug":"bagcilar-belediyesi-engelliler-sarayi-malezyaya-rol-model-oldu","status":"publish","type":"post","link":"http:\/\/www.tvturk.com\/index.php\/bagcilar-belediyesi-engelliler-sarayi-malezyaya-rol-model-oldu\/","title":{"rendered":"Ba\u011fc\u0131lar Belediyesi Engelliler Saray\u0131, Malezya\u2019ya rol model oldu"},"content":{"rendered":"<p>Malezya Uluslararas\u0131 \u0130slam \u00dcniversitesi akademisyenleri, \u00fclkelerinde yap\u0131lacak Engelliler Merkezi i\u00e7in Ba\u011fc\u0131lar Belediyesi Feyzullah K\u0131y\u0131kl\u0131k Engelliler Saray\u0131\u2019n\u0131 \u00f6rnek ald\u0131. \u00d6\u011fretim \u00fcyeleri, Engelliler Saray\u0131\u2019nda bir hafta boyunca engellilerle zaman ge\u00e7irip spordan sanata kadar e\u011fitimleriyle ilgili bilgi ald\u0131. Malezya Uluslararas\u0131 \u0130slam \u00dcniversitesi\u2019nde g\u00f6revli Dr. Latifa Bibi Binti Musafar Hameed, \u201c\u00c7ok g\u00fczel bir yer. Hayran kald\u0131m. E\u011fer m\u00fcmk\u00fcn olsa ben de burada hizmet etmek isterdim\u201d dedi.<\/p>\n<p>Engellilere y\u00f6nelik hizmetleri ve ba\u015far\u0131lar\u0131yla d\u00fcnyaya ad\u0131n\u0131 duyuran Ba\u011fc\u0131lar Belediyesi Feyzullah K\u0131y\u0131kl\u0131k Engelliler Saray\u0131, Malezya\u2019dan gelen akademisyenleri a\u011f\u0131rlad\u0131. Farkl\u0131 \u00fcniversitelerde g\u00f6rev yapan \u00f6\u011fretim \u00fcyelerinden olu\u015fan 8 ki\u015filik grup, bir hafta boyunca engellilerin e\u011fitim ve \u00e7al\u0131\u015fmalar\u0131n\u0131 yak\u0131ndan takip etti.<\/p>\n<p>Kursiyerlerle birlikte at\u00f6lyelerde derslere giren Malezyal\u0131 e\u011fitimciler hem \u00f6\u011fretmenleri hem de engelli \u00f6\u011frencileri yerinde izledi. Ziyaret\u00e7iler, zihinselden bedensel engelliye kadar b\u00fct\u00fcn engelli gruplar\u0131n\u0131n hayat\u0131n\u0131 kolayla\u015ft\u0131ran e\u011fitim modellerine hayran kald\u0131. Burada engellilerin Kur\u2019an-\u0131 Kerim okumas\u0131 ve namaz k\u0131lmas\u0131 da uygulamal\u0131 olarak anlat\u0131ld\u0131. Engelliler Saray\u0131 yetkilileri, aralar\u0131nda profes\u00f6rlerin de bulundu\u011fu gruba rehabilitasyon hizmetleri hakk\u0131nda da bilgi verdi, tecr\u00fcbelerini payla\u015ft\u0131.<\/p>\n<p>\u201cE\u011fer m\u00fcmk\u00fcn olsa ben de burada hizmet etmek isterdim\u201d<\/p>\n<p>Malezya\u2019da bir Engelliler Merkezi in\u015fa etmeyi d\u00fc\u015f\u00fcnd\u00fcklerini s\u00f6yleyen Malezya Uluslararas\u0131 \u0130slam \u00dcniversitesi Ekonomi Direkt\u00f6r\u00fc Dr. Latifa Bibi Binti Musafar Hameed, \u201cBa\u011fc\u0131lar Belediyesi Feyzullah K\u0131y\u0131kl\u0131k Engelliler Saray\u0131\u2019n\u0131 \u00e7ok be\u011fendik. Engellilerin \u00e7ok \u00f6nemsendi\u011fini ve onlara de\u011fer verildi\u011fini g\u00f6rd\u00fck. \u00c7ok g\u00fczel bir yer. Hayran kald\u0131m. E\u011fer m\u00fcmk\u00fcn olsa ben de burada hizmet etmek isterdim. Biz de kendi \u00fclkemizde buran\u0131n benzeri bir engelliler merkezi yapmak istiyoruz. Hem yap\u0131s\u0131 hem i\u015fletmesiyle \u00f6rnek bir tesis. Teknik konularda ve e\u011fitim modelleriyle ilgili bilgi ald\u0131k. Desteklerinden dolay\u0131 ba\u015fta Ba\u011fc\u0131lar Belediye Ba\u015fkan\u0131 Lokman \u00c7a\u011f\u0131r\u0131c\u0131 olmak \u00fczere b\u00fct\u00fcn \u00e7al\u0131\u015fanlara te\u015fekk\u00fcr ediyorum\u201d dedi.<div class=\"tiled-gallery type-rectangular tiled-gallery-unresized\" data-original-width=\"500\" data-carousel-extra='null' itemscope itemtype=\"http:\/\/schema.org\/ImageGallery\" > <div class=\"gallery-row\" style=\"width: 500px; height: 215px;\" data-original-width=\"500\" data-original-height=\"215\" > <div class=\"gallery-group images-1\" style=\"width: 314px; height: 215px;\" data-original-width=\"314\" data-original-height=\"215\" > <div class=\"tiled-gallery-item tiled-gallery-item-large\" itemprop=\"associatedMedia\" itemscope itemtype=\"http:\/\/schema.org\/ImageObject\"> <a href=\"http:\/\/www.tvturk.com\/index.php\/bagcilar-belediyesi-engelliler-sarayi-malezyaya-rol-model-oldu\/bagcilar-belediyesi-engelliler-sarayi-malezyaya-rol-model-oldu-3\/\" border=\"0\" itemprop=\"url\"> <meta itemprop=\"width\" content=\"310\"> <meta itemprop=\"height\" content=\"211\"> <img decoding=\"async\" class=\"\" data-attachment-id=\"126505\" data-orig-file=\"http:\/\/www.tvturk.com\/wp-content\/uploads\/2019\/04\/bagcilar-belediyesi-engelliler-sarayi-malezyaya-rol-model-oldu_385eb67.jpg\" data-orig-size=\"940,640\" data-comments-opened=\"\" data-image-meta=\"{&quot;aperture&quot;:&quot;0&quot;,&quot;credit&quot;:&quot;IHA&quot;,&quot;camera&quot;:&quot;&quot;,&quot;caption&quot;:&quot;MALEZYA ULUSLARARASI \\u0130SLAM \\u00dcN\\u0130VERS\\u0130TES\\u0130 AKADEM\\u0130SYENLER\\u0130, \\u00dcLKELER\\u0130NDE YAPILACAK ENGELL\\u0130LER MERKEZ\\u0130 \\u0130\\u00c7\\u0130N BA\\u011eCILAR BELED\\u0130YES\\u0130 FEYZULLAH KIYIKLIK ENGELL\\u0130LER SARAYI\\u2019NI \\u00d6RNEK ALDI. \\u00d6\\u011eRET\\u0130M \\u00dcYELER\\u0130, ENGELL\\u0130LER SARAYI\\u2019NDA B\\u0130R HAFTA BOYUNCA ENGELL\\u0130LERLE ZAMAN GE\\u00c7\\u0130R\\u0130P SPORDAN SANATA KADAR E\\u011e\\u0130T\\u0130MLER\\u0130YLE \\u0130LG\\u0130L\\u0130 B\\u0130LG\\u0130 ALDI. (\\u0130HA\\\/\\u0130STANBUL-\\u0130HA)&quot;,&quot;created_timestamp&quot;:&quot;0&quot;,&quot;copyright&quot;:&quot;\\u0130HLAS HABER AJANSI, www.iha.com.tr&quot;,&quot;focal_length&quot;:&quot;0&quot;,&quot;iso&quot;:&quot;0&quot;,&quot;shutter_speed&quot;:&quot;0&quot;,&quot;title&quot;:&quot;BA\\u011eCILAR BELED\\u0130YES\\u0130 ENGELL\\u0130LER SARAYI, MALEZYA\\u2019YA ROL MODEL OLDU&quot;,&quot;orientation&quot;:&quot;1&quot;}\" data-image-title=\"Ba\u011fc\u0131lar Belediyesi Engelliler Saray\u0131, Malezya\u2019ya rol model oldu\" data-image-description=\"&lt;p&gt;Ba\u011fc\u0131lar Belediyesi Engelliler Saray\u0131, Malezya\u2019ya rol model oldu&lt;\/p&gt; \" data-medium-file=\"https:\/\/i0.wp.com\/www.tvturk.com\/wp-content\/uploads\/2019\/04\/bagcilar-belediyesi-engelliler-sarayi-malezyaya-rol-model-oldu_385eb67.jpg?fit=300%2C204\" data-large-file=\"https:\/\/i0.wp.com\/www.tvturk.com\/wp-content\/uploads\/2019\/04\/bagcilar-belediyesi-engelliler-sarayi-malezyaya-rol-model-oldu_385eb67.jpg?fit=940%2C640\" src=\"https:\/\/i0.wp.com\/www.tvturk.com\/wp-content\/uploads\/2019\/04\/bagcilar-belediyesi-engelliler-sarayi-malezyaya-rol-model-oldu_385eb67.jpg?w=310&#038;h=211\" srcset=\"https:\/\/i0.wp.com\/www.tvturk.com\/wp-content\/uploads\/2019\/04\/bagcilar-belediyesi-engelliler-sarayi-malezyaya-rol-model-oldu_385eb67.jpg?w=940 940w, https:\/\/i0.wp.com\/www.tvturk.com\/wp-content\/uploads\/2019\/04\/bagcilar-belediyesi-engelliler-sarayi-malezyaya-rol-model-oldu_385eb67.jpg?resize=150%2C102 150w, https:\/\/i0.wp.com\/www.tvturk.com\/wp-content\/uploads\/2019\/04\/bagcilar-belediyesi-engelliler-sarayi-malezyaya-rol-model-oldu_385eb67.jpg?resize=300%2C204 300w, https:\/\/i0.wp.com\/www.tvturk.com\/wp-content\/uploads\/2019\/04\/bagcilar-belediyesi-engelliler-sarayi-malezyaya-rol-model-oldu_385eb67.jpg?resize=768%2C523 768w, https:\/\/i0.wp.com\/www.tvturk.com\/wp-content\/uploads\/2019\/04\/bagcilar-belediyesi-engelliler-sarayi-malezyaya-rol-model-oldu_385eb67.jpg?resize=80%2C55 80w\" width=\"310\" height=\"211\" loading=\"lazy\" data-original-width=\"310\" data-original-height=\"211\" itemprop=\"http:\/\/schema.org\/image\" title=\"Ba\u011fc\u0131lar Belediyesi Engelliler Saray\u0131, Malezya\u2019ya rol model oldu\" alt=\"Ba\u011fc\u0131lar Belediyesi Engelliler Saray\u0131, Malezya\u2019ya rol model oldu\" style=\"width: 310px; height: 211px;\" \/> <\/a> <\/div> <\/div> <!-- close group --> <div class=\"gallery-group images-2\" style=\"width: 186px; height: 215px;\" data-original-width=\"186\" data-original-height=\"215\" > <div class=\"tiled-gallery-item tiled-gallery-item-small\" itemprop=\"associatedMedia\" itemscope itemtype=\"http:\/\/schema.org\/ImageObject\"> <a href=\"http:\/\/www.tvturk.com\/index.php\/bagcilar-belediyesi-engelliler-sarayi-malezyaya-rol-model-oldu\/bagcilar-belediyesi-engelliler-sarayi-malezyaya-rol-model-oldu-4\/\" border=\"0\" itemprop=\"url\"> <meta itemprop=\"width\" content=\"182\"> <meta itemprop=\"height\" content=\"96\"> <img decoding=\"async\" class=\"\" data-attachment-id=\"126506\" data-orig-file=\"http:\/\/www.tvturk.com\/wp-content\/uploads\/2019\/04\/bagcilar-belediyesi-engelliler-sarayi-malezyaya-rol-model-oldu_3ef6b61.jpg\" data-orig-size=\"1000,529\" data-comments-opened=\"\" data-image-meta=\"{&quot;aperture&quot;:&quot;0&quot;,&quot;credit&quot;:&quot;IHA&quot;,&quot;camera&quot;:&quot;&quot;,&quot;caption&quot;:&quot;MALEZYA ULUSLARARASI \\u0130SLAM \\u00dcN\\u0130VERS\\u0130TES\\u0130 AKADEM\\u0130SYENLER\\u0130, \\u00dcLKELER\\u0130NDE YAPILACAK ENGELL\\u0130LER MERKEZ\\u0130 \\u0130\\u00c7\\u0130N BA\\u011eCILAR BELED\\u0130YES\\u0130 FEYZULLAH KIYIKLIK ENGELL\\u0130LER SARAYI\\u2019NI \\u00d6RNEK ALDI. (\\u0130HA\\\/\\u0130STANBUL-\\u0130HA)&quot;,&quot;created_timestamp&quot;:&quot;0&quot;,&quot;copyright&quot;:&quot;\\u0130HLAS HABER AJANSI, www.iha.com.tr&quot;,&quot;focal_length&quot;:&quot;0&quot;,&quot;iso&quot;:&quot;0&quot;,&quot;shutter_speed&quot;:&quot;0&quot;,&quot;title&quot;:&quot;BA\\u011eCILAR BELED\\u0130YES\\u0130 ENGELL\\u0130LER SARAYI, MALEZYA\\u2019YA ROL MODEL OLDU&quot;,&quot;orientation&quot;:&quot;0&quot;}\" data-image-title=\"Ba\u011fc\u0131lar Belediyesi Engelliler Saray\u0131, Malezya\u2019ya rol model oldu\" data-image-description=\"&lt;p&gt;Ba\u011fc\u0131lar Belediyesi Engelliler Saray\u0131, Malezya\u2019ya rol model oldu&lt;\/p&gt; \" data-medium-file=\"https:\/\/i0.wp.com\/www.tvturk.com\/wp-content\/uploads\/2019\/04\/bagcilar-belediyesi-engelliler-sarayi-malezyaya-rol-model-oldu_3ef6b61.jpg?fit=300%2C159\" data-large-file=\"https:\/\/i0.wp.com\/www.tvturk.com\/wp-content\/uploads\/2019\/04\/bagcilar-belediyesi-engelliler-sarayi-malezyaya-rol-model-oldu_3ef6b61.jpg?fit=1000%2C529\" src=\"https:\/\/i0.wp.com\/www.tvturk.com\/wp-content\/uploads\/2019\/04\/bagcilar-belediyesi-engelliler-sarayi-malezyaya-rol-model-oldu_3ef6b61.jpg?w=182&#038;h=96\" srcset=\"https:\/\/i0.wp.com\/www.tvturk.com\/wp-content\/uploads\/2019\/04\/bagcilar-belediyesi-engelliler-sarayi-malezyaya-rol-model-oldu_3ef6b61.jpg?w=1000 1000w, https:\/\/i0.wp.com\/www.tvturk.com\/wp-content\/uploads\/2019\/04\/bagcilar-belediyesi-engelliler-sarayi-malezyaya-rol-model-oldu_3ef6b61.jpg?resize=150%2C79 150w, https:\/\/i0.wp.com\/www.tvturk.com\/wp-content\/uploads\/2019\/04\/bagcilar-belediyesi-engelliler-sarayi-malezyaya-rol-model-oldu_3ef6b61.jpg?resize=300%2C159 300w, https:\/\/i0.wp.com\/www.tvturk.com\/wp-content\/uploads\/2019\/04\/bagcilar-belediyesi-engelliler-sarayi-malezyaya-rol-model-oldu_3ef6b61.jpg?resize=768%2C406 768w\" width=\"182\" height=\"96\" loading=\"lazy\" data-original-width=\"182\" data-original-height=\"96\" itemprop=\"http:\/\/schema.org\/image\" title=\"Ba\u011fc\u0131lar Belediyesi Engelliler Saray\u0131, Malezya\u2019ya rol model oldu\" alt=\"Ba\u011fc\u0131lar Belediyesi Engelliler Saray\u0131, Malezya\u2019ya rol model oldu\" style=\"width: 182px; height: 96px;\" \/> <\/a> <\/div> <div class=\"tiled-gallery-item tiled-gallery-item-small\" itemprop=\"associatedMedia\" itemscope itemtype=\"http:\/\/schema.org\/ImageObject\"> <a href=\"http:\/\/www.tvturk.com\/index.php\/bagcilar-belediyesi-engelliler-sarayi-malezyaya-rol-model-oldu\/bagcilar-belediyesi-engelliler-sarayi-malezyaya-rol-model-oldu-5\/\" border=\"0\" itemprop=\"url\"> <meta itemprop=\"width\" content=\"182\"> <meta itemprop=\"height\" content=\"111\"> <img decoding=\"async\" class=\"\" data-attachment-id=\"126507\" data-orig-file=\"http:\/\/www.tvturk.com\/wp-content\/uploads\/2019\/04\/bagcilar-belediyesi-engelliler-sarayi-malezyaya-rol-model-oldu_2ced346.jpg\" data-orig-size=\"1000,609\" data-comments-opened=\"\" data-image-meta=\"{&quot;aperture&quot;:&quot;0&quot;,&quot;credit&quot;:&quot;IHA&quot;,&quot;camera&quot;:&quot;&quot;,&quot;caption&quot;:&quot;MALEZYA ULUSLARARASI \\u0130SLAM \\u00dcN\\u0130VERS\\u0130TES\\u0130 AKADEM\\u0130SYENLER\\u0130, \\u00dcLKELER\\u0130NDE YAPILACAK ENGELL\\u0130LER MERKEZ\\u0130 \\u0130\\u00c7\\u0130N BA\\u011eCILAR BELED\\u0130YES\\u0130 FEYZULLAH KIYIKLIK ENGELL\\u0130LER SARAYI\\u2019NI \\u00d6RNEK ALDI. \\u00d6\\u011eRET\\u0130M \\u00dcYELER\\u0130, ENGELL\\u0130LER SARAYI\\u2019NDA B\\u0130R HAFTA BOYUNCA ENGELL\\u0130LERLE ZAMAN GE\\u00c7\\u0130R\\u0130P SPORDAN SANATA KADAR E\\u011e\\u0130T\\u0130MLER\\u0130YLE \\u0130LG\\u0130L\\u0130 B\\u0130LG\\u0130 ALDI. (\\u0130HA\\\/\\u0130STANBUL-\\u0130HA)&quot;,&quot;created_timestamp&quot;:&quot;0&quot;,&quot;copyright&quot;:&quot;\\u0130HLAS HABER AJANSI, www.iha.com.tr&quot;,&quot;focal_length&quot;:&quot;0&quot;,&quot;iso&quot;:&quot;0&quot;,&quot;shutter_speed&quot;:&quot;0&quot;,&quot;title&quot;:&quot;BA\\u011eCILAR BELED\\u0130YES\\u0130 ENGELL\\u0130LER SARAYI, MALEZYA\\u2019YA ROL MODEL OLDU&quot;,&quot;orientation&quot;:&quot;0&quot;}\" data-image-title=\"Ba\u011fc\u0131lar Belediyesi Engelliler Saray\u0131, Malezya\u2019ya rol model oldu\" data-image-description=\"&lt;p&gt;Ba\u011fc\u0131lar Belediyesi Engelliler Saray\u0131, Malezya\u2019ya rol model oldu&lt;\/p&gt; \" data-medium-file=\"https:\/\/i0.wp.com\/www.tvturk.com\/wp-content\/uploads\/2019\/04\/bagcilar-belediyesi-engelliler-sarayi-malezyaya-rol-model-oldu_2ced346.jpg?fit=300%2C183\" data-large-file=\"https:\/\/i0.wp.com\/www.tvturk.com\/wp-content\/uploads\/2019\/04\/bagcilar-belediyesi-engelliler-sarayi-malezyaya-rol-model-oldu_2ced346.jpg?fit=1000%2C609\" src=\"https:\/\/i0.wp.com\/www.tvturk.com\/wp-content\/uploads\/2019\/04\/bagcilar-belediyesi-engelliler-sarayi-malezyaya-rol-model-oldu_2ced346.jpg?w=182&#038;h=111\" srcset=\"https:\/\/i0.wp.com\/www.tvturk.com\/wp-content\/uploads\/2019\/04\/bagcilar-belediyesi-engelliler-sarayi-malezyaya-rol-model-oldu_2ced346.jpg?w=1000 1000w, https:\/\/i0.wp.com\/www.tvturk.com\/wp-content\/uploads\/2019\/04\/bagcilar-belediyesi-engelliler-sarayi-malezyaya-rol-model-oldu_2ced346.jpg?resize=150%2C91 150w, https:\/\/i0.wp.com\/www.tvturk.com\/wp-content\/uploads\/2019\/04\/bagcilar-belediyesi-engelliler-sarayi-malezyaya-rol-model-oldu_2ced346.jpg?resize=300%2C183 300w, https:\/\/i0.wp.com\/www.tvturk.com\/wp-content\/uploads\/2019\/04\/bagcilar-belediyesi-engelliler-sarayi-malezyaya-rol-model-oldu_2ced346.jpg?resize=768%2C468 768w, https:\/\/i0.wp.com\/www.tvturk.com\/wp-content\/uploads\/2019\/04\/bagcilar-belediyesi-engelliler-sarayi-malezyaya-rol-model-oldu_2ced346.jpg?resize=243%2C150 243w, https:\/\/i0.wp.com\/www.tvturk.com\/wp-content\/uploads\/2019\/04\/bagcilar-belediyesi-engelliler-sarayi-malezyaya-rol-model-oldu_2ced346.jpg?resize=187%2C113 187w\" width=\"182\" height=\"111\" loading=\"lazy\" data-original-width=\"182\" data-original-height=\"111\" itemprop=\"http:\/\/schema.org\/image\" title=\"Ba\u011fc\u0131lar Belediyesi Engelliler Saray\u0131, Malezya\u2019ya rol model oldu\" alt=\"Ba\u011fc\u0131lar Belediyesi Engelliler Saray\u0131, Malezya\u2019ya rol model oldu\" style=\"width: 182px; height: 111px;\" \/> <\/a> <\/div> <\/div> <!-- close group --> <\/div> <!-- close row --> <div class=\"gallery-row\" style=\"width: 500px; height: 293px;\" data-original-width=\"500\" data-original-height=\"293\" > <div class=\"gallery-group images-1\" style=\"width: 500px; height: 293px;\" data-original-width=\"500\" data-original-height=\"293\" > <div class=\"tiled-gallery-item tiled-gallery-item-large\" itemprop=\"associatedMedia\" itemscope itemtype=\"http:\/\/schema.org\/ImageObject\"> <a href=\"http:\/\/www.tvturk.com\/index.php\/bagcilar-belediyesi-engelliler-sarayi-malezyaya-rol-model-oldu\/bagcilar-belediyesi-engelliler-sarayi-malezyaya-rol-model-oldu-6\/\" border=\"0\" itemprop=\"url\"> <meta itemprop=\"width\" content=\"496\"> <meta itemprop=\"height\" content=\"289\"> <img decoding=\"async\" class=\"\" data-attachment-id=\"126508\" data-orig-file=\"http:\/\/www.tvturk.com\/wp-content\/uploads\/2019\/04\/bagcilar-belediyesi-engelliler-sarayi-malezyaya-rol-model-oldu_7c9349c.jpg\" data-orig-size=\"1000,582\" data-comments-opened=\"\" data-image-meta=\"{&quot;aperture&quot;:&quot;0&quot;,&quot;credit&quot;:&quot;IHA&quot;,&quot;camera&quot;:&quot;&quot;,&quot;caption&quot;:&quot;MALEZYA ULUSLARARASI \\u0130SLAM \\u00dcN\\u0130VERS\\u0130TES\\u0130 AKADEM\\u0130SYENLER\\u0130, \\u00dcLKELER\\u0130NDE YAPILACAK ENGELL\\u0130LER MERKEZ\\u0130 \\u0130\\u00c7\\u0130N BA\\u011eCILAR BELED\\u0130YES\\u0130 FEYZULLAH KIYIKLIK ENGELL\\u0130LER SARAYI\\u2019NI \\u00d6RNEK ALDI. \\u00d6\\u011eRET\\u0130M \\u00dcYELER\\u0130, ENGELL\\u0130LER SARAYI\\u2019NDA B\\u0130R HAFTA BOYUNCA ENGELL\\u0130LERLE ZAMAN GE\\u00c7\\u0130R\\u0130P SPORDAN SANATA KADAR E\\u011e\\u0130T\\u0130MLER\\u0130YLE \\u0130LG\\u0130L\\u0130 B\\u0130LG\\u0130 ALDI. (\\u0130HA\\\/\\u0130STANBUL-\\u0130HA)&quot;,&quot;created_timestamp&quot;:&quot;0&quot;,&quot;copyright&quot;:&quot;\\u0130HLAS HABER AJANSI, www.iha.com.tr&quot;,&quot;focal_length&quot;:&quot;0&quot;,&quot;iso&quot;:&quot;0&quot;,&quot;shutter_speed&quot;:&quot;0&quot;,&quot;title&quot;:&quot;BA\\u011eCILAR BELED\\u0130YES\\u0130 ENGELL\\u0130LER SARAYI, MALEZYA\\u2019YA ROL MODEL OLDU&quot;,&quot;orientation&quot;:&quot;0&quot;}\" data-image-title=\"Ba\u011fc\u0131lar Belediyesi Engelliler Saray\u0131, Malezya\u2019ya rol model oldu\" data-image-description=\"&lt;p&gt;Ba\u011fc\u0131lar Belediyesi Engelliler Saray\u0131, Malezya\u2019ya rol model oldu&lt;\/p&gt; \" data-medium-file=\"https:\/\/i0.wp.com\/www.tvturk.com\/wp-content\/uploads\/2019\/04\/bagcilar-belediyesi-engelliler-sarayi-malezyaya-rol-model-oldu_7c9349c.jpg?fit=300%2C175\" data-large-file=\"https:\/\/i0.wp.com\/www.tvturk.com\/wp-content\/uploads\/2019\/04\/bagcilar-belediyesi-engelliler-sarayi-malezyaya-rol-model-oldu_7c9349c.jpg?fit=1000%2C582\" src=\"https:\/\/i0.wp.com\/www.tvturk.com\/wp-content\/uploads\/2019\/04\/bagcilar-belediyesi-engelliler-sarayi-malezyaya-rol-model-oldu_7c9349c.jpg?w=496&#038;h=289\" srcset=\"https:\/\/i0.wp.com\/www.tvturk.com\/wp-content\/uploads\/2019\/04\/bagcilar-belediyesi-engelliler-sarayi-malezyaya-rol-model-oldu_7c9349c.jpg?w=1000 1000w, https:\/\/i0.wp.com\/www.tvturk.com\/wp-content\/uploads\/2019\/04\/bagcilar-belediyesi-engelliler-sarayi-malezyaya-rol-model-oldu_7c9349c.jpg?resize=150%2C87 150w, https:\/\/i0.wp.com\/www.tvturk.com\/wp-content\/uploads\/2019\/04\/bagcilar-belediyesi-engelliler-sarayi-malezyaya-rol-model-oldu_7c9349c.jpg?resize=300%2C175 300w, https:\/\/i0.wp.com\/www.tvturk.com\/wp-content\/uploads\/2019\/04\/bagcilar-belediyesi-engelliler-sarayi-malezyaya-rol-model-oldu_7c9349c.jpg?resize=768%2C447 768w, https:\/\/i0.wp.com\/www.tvturk.com\/wp-content\/uploads\/2019\/04\/bagcilar-belediyesi-engelliler-sarayi-malezyaya-rol-model-oldu_7c9349c.jpg?resize=380%2C220 380w\" width=\"496\" height=\"289\" loading=\"lazy\" data-original-width=\"496\" data-original-height=\"289\" itemprop=\"http:\/\/schema.org\/image\" title=\"Ba\u011fc\u0131lar Belediyesi Engelliler Saray\u0131, Malezya\u2019ya rol model oldu\" alt=\"Ba\u011fc\u0131lar Belediyesi Engelliler Saray\u0131, Malezya\u2019ya rol model oldu\" style=\"width: 496px; height: 289px;\" \/> <\/a> <\/div> <\/div> <!-- close group --> <\/div> <!-- close row --> <\/div><\/p>\n","protected":false},"excerpt":{"rendered":"<p>MALEZYA ULUSLARARASI \u0130SLAM \u00dcN\u0130VERS\u0130TES\u0130 AKADEM\u0130SYENLER\u0130, \u00dcLKELER\u0130NDE YAPILACAK ENGELL\u0130LER MERKEZ\u0130 \u0130\u00c7\u0130N BA\u011eCILAR BELED\u0130YES\u0130 FEYZULLAH KIYIKLIK ENGELL\u0130LER SARAYI\u2019NI \u00d6RNEK ALDI. \u00d6\u011eRET\u0130M \u00dcYELER\u0130, ENGELL\u0130LER SARAYI\u2019NDA B\u0130R HAFTA BOYUNCA ENGELL\u0130LERLE ZAMAN GE\u00c7\u0130R\u0130P SPORDAN SANATA KADAR E\u011e\u0130T\u0130MLER\u0130YLE \u0130LG\u0130L\u0130 B\u0130LG\u0130 ALDI.<\/p>\n","protected":false},"author":1,"featured_media":126504,"comment_status":"closed","ping_status":"open","sticky":false,"template":"","format":"standard","meta":{"jetpack_post_was_ever_published":false,"_jetpack_newsletter_access":"","_jetpack_dont_email_post_to_subs":false,"_jetpack_newsletter_tier_id":0,"_jetpack_memberships_contains_paywalled_content":false,"_jetpack_memberships_contains_paid_content":false,"footnotes":"","jetpack_publicize_message":"","jetpack_publicize_feature_enabled":true,"jetpack_social_post_already_shared":true,"jetpack_social_options":{"image_generator_settings":{"template":"highway","default_image_id":0,"font":"","enabled":false},"version":2}},"categories":[1],"tags":[21717,383,4760,29807,1910,77,5108,26117],"class_list":["post-126503","post","type-post","status-publish","format-standard","has-post-thumbnail","hentry","category-genel","tag-bagcilar","tag-belediyesi","tag-engelliler","tag-malezyaya","tag-model","tag-oldu","tag-rol","tag-sarayi"],"jetpack_publicize_connections":[],"jetpack_featured_media_url":"https:\/\/i0.wp.com\/www.tvturk.com\/wp-content\/uploads\/2019\/04\/bagcilar-belediyesi-engelliler-sarayi-malezyaya-rol-model-oldu_093bb30.jpg?fit=1000%2C666","jetpack_sharing_enabled":true,"jetpack_shortlink":"https:\/\/wp.me\/paKIfm-wUn","_links":{"self":[{"href":"http:\/\/www.tvturk.com\/index.php\/wp-json\/wp\/v2\/posts\/126503","targetHints":{"allow":["GET"]}}],"collection":[{"href":"http:\/\/www.tvturk.com\/index.php\/wp-json\/wp\/v2\/posts"}],"about":[{"href":"http:\/\/www.tvturk.com\/index.php\/wp-json\/wp\/v2\/types\/post"}],"author":[{"embeddable":true,"href":"http:\/\/www.tvturk.com\/index.php\/wp-json\/wp\/v2\/users\/1"}],"replies":[{"embeddable":true,"href":"http:\/\/www.tvturk.com\/index.php\/wp-json\/wp\/v2\/comments?post=126503"}],"version-history":[{"count":1,"href":"http:\/\/www.tvturk.com\/index.php\/wp-json\/wp\/v2\/posts\/126503\/revisions"}],"predecessor-version":[{"id":126509,"href":"http:\/\/www.tvturk.com\/index.php\/wp-json\/wp\/v2\/posts\/126503\/revisions\/126509"}],"wp:featuredmedia":[{"embeddable":true,"href":"http:\/\/www.tvturk.com\/index.php\/wp-json\/wp\/v2\/media\/126504"}],"wp:attachment":[{"href":"http:\/\/www.tvturk.com\/index.php\/wp-json\/wp\/v2\/media?parent=126503"}],"wp:term":[{"taxonomy":"category","embeddable":true,"href":"http:\/\/www.tvturk.com\/index.php\/wp-json\/wp\/v2\/categories?post=126503"},{"taxonomy":"post_tag","embeddable":true,"href":"http:\/\/www.tvturk.com\/index.php\/wp-json\/wp\/v2\/tags?post=126503"}],"curies":[{"name":"wp","href":"https:\/\/api.w.org\/{rel}","templated":true}]}}