{"id":127381,"date":"2019-04-07T12:41:02","date_gmt":"2019-04-07T09:41:02","guid":{"rendered":"http:\/\/www.tvturk.com\/index.php\/brezilyada-nehrin-uzerindeki-kopru-coktu\/"},"modified":"2019-04-07T12:41:04","modified_gmt":"2019-04-07T09:41:04","slug":"brezilyada-nehrin-uzerindeki-kopru-coktu","status":"publish","type":"post","link":"http:\/\/www.tvturk.com\/index.php\/brezilyada-nehrin-uzerindeki-kopru-coktu\/","title":{"rendered":"Brezilya\u2019da nehrin \u00fczerindeki k\u00f6pr\u00fc \u00e7\u00f6kt\u00fc"},"content":{"rendered":"<p>Brezilya\u2019n\u0131n Para eyaletinde Moju Nehri \u00fczerindeki k\u00f6pr\u00fc bir feribotun aya\u011f\u0131na \u00e7arpmas\u0131 sonucu y\u0131k\u0131ld\u0131.<\/p>\n<p>Brezilya\u2019n\u0131n Para eyaletinde Moju Nehri \u00fczerindeki k\u00f6pr\u00fcye feribot \u00e7arpt\u0131. B\u00f6lge Valisi Helder Barbalho Twitter\u2019dan yapt\u0131\u011f\u0131 a\u00e7\u0131klamada, k\u00f6pr\u00fcn\u00fcn bir feribotun aya\u011f\u0131na \u00e7arpmas\u0131 nedeniyle y\u0131k\u0131ld\u0131\u011f\u0131n\u0131 s\u00f6yledi. Brezilya resmi haber ajans\u0131na g\u00f6re, \u00e7arp\u0131\u015fma s\u0131ras\u0131nda iki ara\u00e7 k\u00f6pr\u00fcn\u00fcn \u00fczerinden ge\u00e7iyordu. Ara\u00e7lar\u0131n i\u00e7inde bulunan ki\u015filere hen\u00fcz ula\u015f\u0131lamad\u0131\u011f\u0131 kaydedildi. Kay\u0131plar\u0131n say\u0131s\u0131 ise hen\u00fcz belirsiz.<\/p>\n<p>\u00d6te yandan, feribottaki m\u00fcrettebat\u0131n kurtar\u0131ld\u0131\u011f\u0131 \u00f6\u011frenildi.<\/p>\n<p>Goiania kentinde bulunan tar\u0131msal ticaret dan\u0131\u015fman\u0131 Kory Melby, k\u00f6pr\u00fcn\u00fcn \u00fclkeyi kuzey limanlar\u0131na ba\u011flayan ana yol \u00fczerinde oldu\u011funu s\u00f6yledi. K\u00f6pr\u00fcn\u00fcn yeniden in\u015fas\u0131n\u0131n y\u0131llar alaca\u011f\u0131n\u0131 s\u00f6yleyen Melby, bu durumun \u00fclkenin tah\u0131l ihtiyac\u0131n\u0131n kar\u015f\u0131lanmas\u0131n\u0131 ciddi \u015fekilde etkileyece\u011fini ifade etti.<div class=\"tiled-gallery type-rectangular tiled-gallery-unresized\" data-original-width=\"500\" data-carousel-extra='null' itemscope itemtype=\"http:\/\/schema.org\/ImageGallery\" > <div class=\"gallery-row\" style=\"width: 500px; height: 625px;\" data-original-width=\"500\" data-original-height=\"625\" > <div class=\"gallery-group images-1\" style=\"width: 500px; height: 625px;\" data-original-width=\"500\" data-original-height=\"625\" > <div class=\"tiled-gallery-item tiled-gallery-item-large\" itemprop=\"associatedMedia\" itemscope itemtype=\"http:\/\/schema.org\/ImageObject\"> <a href=\"http:\/\/www.tvturk.com\/index.php\/brezilyada-nehrin-uzerindeki-kopru-coktu\/brezilyada-nehrin-uzerindeki-kopru-coktu-3\/\" border=\"0\" itemprop=\"url\"> <meta itemprop=\"width\" content=\"496\"> <meta itemprop=\"height\" content=\"621\"> <img decoding=\"async\" class=\"\" data-attachment-id=\"127383\" data-orig-file=\"http:\/\/www.tvturk.com\/wp-content\/uploads\/2019\/04\/brezilyada-nehrin-uzerindeki-kopru-coktu_7733ec2.jpg\" data-orig-size=\"605,757\" data-comments-opened=\"\" data-image-meta=\"{&quot;aperture&quot;:&quot;0&quot;,&quot;credit&quot;:&quot;IHA&quot;,&quot;camera&quot;:&quot;&quot;,&quot;caption&quot;:&quot;BREZ\\u0130LYA\\u2019NIN PARA EYALET\\u0130NDE MOJU NEHR\\u0130 \\u00dcZER\\u0130NDEK\\u0130 K\\u00d6PR\\u00dc B\\u0130R FER\\u0130BOTUN AYA\\u011eINA \\u00c7ARPMASI SONUCU YIKILDI. (SERKAN BAYAR\\\/RIO DE JANERIO-\\u0130HA)&quot;,&quot;created_timestamp&quot;:&quot;1554669540&quot;,&quot;copyright&quot;:&quot;\\u0130HLAS HABER AJANSI, www.iha.com.tr&quot;,&quot;focal_length&quot;:&quot;0&quot;,&quot;iso&quot;:&quot;0&quot;,&quot;shutter_speed&quot;:&quot;0&quot;,&quot;title&quot;:&quot;BREZ\\u0130LYA\\u0027DA NEHR\\u0130N \\u00dcZER\\u0130NDEK\\u0130 K\\u00d6PR\\u00dc \\u00c7\\u00d6KT\\u00dc&quot;,&quot;orientation&quot;:&quot;1&quot;}\" data-image-title=\"Brezilya\u2019da nehrin \u00fczerindeki k\u00f6pr\u00fc \u00e7\u00f6kt\u00fc\" data-image-description=\"&lt;p&gt;Brezilya\u2019da nehrin \u00fczerindeki k\u00f6pr\u00fc \u00e7\u00f6kt\u00fc&lt;\/p&gt; \" data-medium-file=\"https:\/\/i0.wp.com\/www.tvturk.com\/wp-content\/uploads\/2019\/04\/brezilyada-nehrin-uzerindeki-kopru-coktu_7733ec2.jpg?fit=240%2C300\" data-large-file=\"https:\/\/i0.wp.com\/www.tvturk.com\/wp-content\/uploads\/2019\/04\/brezilyada-nehrin-uzerindeki-kopru-coktu_7733ec2.jpg?fit=605%2C757\" src=\"https:\/\/i0.wp.com\/www.tvturk.com\/wp-content\/uploads\/2019\/04\/brezilyada-nehrin-uzerindeki-kopru-coktu_7733ec2.jpg?w=496&#038;h=621\" srcset=\"https:\/\/i0.wp.com\/www.tvturk.com\/wp-content\/uploads\/2019\/04\/brezilyada-nehrin-uzerindeki-kopru-coktu_7733ec2.jpg?w=605 605w, https:\/\/i0.wp.com\/www.tvturk.com\/wp-content\/uploads\/2019\/04\/brezilyada-nehrin-uzerindeki-kopru-coktu_7733ec2.jpg?resize=120%2C150 120w, https:\/\/i0.wp.com\/www.tvturk.com\/wp-content\/uploads\/2019\/04\/brezilyada-nehrin-uzerindeki-kopru-coktu_7733ec2.jpg?resize=240%2C300 240w\" width=\"496\" height=\"621\" loading=\"lazy\" data-original-width=\"496\" data-original-height=\"621\" itemprop=\"http:\/\/schema.org\/image\" title=\"Brezilya\u2019da nehrin \u00fczerindeki k\u00f6pr\u00fc \u00e7\u00f6kt\u00fc\" alt=\"Brezilya\u2019da nehrin \u00fczerindeki k\u00f6pr\u00fc \u00e7\u00f6kt\u00fc\" style=\"width: 496px; height: 621px;\" \/> <\/a> <\/div> <\/div> <!-- close group --> <\/div> <!-- close row --> <\/div><\/p>\n","protected":false},"excerpt":{"rendered":"<p>BREZ\u0130LYA\u2019NIN PARA EYALET\u0130NDE MOJU NEHR\u0130 \u00dcZER\u0130NDEK\u0130 K\u00d6PR\u00dc B\u0130R FER\u0130BOTUN AYA\u011eINA \u00c7ARPMASI SONUCU YIKILDI.<\/p>\n","protected":false},"author":1,"featured_media":127382,"comment_status":"closed","ping_status":"open","sticky":false,"template":"","format":"standard","meta":{"jetpack_post_was_ever_published":false,"_jetpack_newsletter_access":"","_jetpack_dont_email_post_to_subs":false,"_jetpack_newsletter_tier_id":0,"_jetpack_memberships_contains_paywalled_content":false,"_jetpack_memberships_contains_paid_content":false,"footnotes":"","jetpack_publicize_message":"","jetpack_publicize_feature_enabled":true,"jetpack_social_post_already_shared":true,"jetpack_social_options":{"image_generator_settings":{"template":"highway","default_image_id":0,"font":"","enabled":false},"version":2}},"categories":[10],"tags":[5728,2946,10920,29903,10617],"class_list":["post-127381","post","type-post","status-publish","format-standard","has-post-thumbnail","hentry","category-dunya","tag-brezilyada","tag-coktu","tag-kopru","tag-nehrin","tag-uzerindeki"],"jetpack_publicize_connections":[],"jetpack_featured_media_url":"https:\/\/i0.wp.com\/www.tvturk.com\/wp-content\/uploads\/2019\/04\/brezilyada-nehrin-uzerindeki-kopru-coktu_587afda.jpg?fit=603%2C751","jetpack_sharing_enabled":true,"jetpack_shortlink":"https:\/\/wp.me\/paKIfm-x8x","_links":{"self":[{"href":"http:\/\/www.tvturk.com\/index.php\/wp-json\/wp\/v2\/posts\/127381","targetHints":{"allow":["GET"]}}],"collection":[{"href":"http:\/\/www.tvturk.com\/index.php\/wp-json\/wp\/v2\/posts"}],"about":[{"href":"http:\/\/www.tvturk.com\/index.php\/wp-json\/wp\/v2\/types\/post"}],"author":[{"embeddable":true,"href":"http:\/\/www.tvturk.com\/index.php\/wp-json\/wp\/v2\/users\/1"}],"replies":[{"embeddable":true,"href":"http:\/\/www.tvturk.com\/index.php\/wp-json\/wp\/v2\/comments?post=127381"}],"version-history":[{"count":1,"href":"http:\/\/www.tvturk.com\/index.php\/wp-json\/wp\/v2\/posts\/127381\/revisions"}],"predecessor-version":[{"id":127384,"href":"http:\/\/www.tvturk.com\/index.php\/wp-json\/wp\/v2\/posts\/127381\/revisions\/127384"}],"wp:featuredmedia":[{"embeddable":true,"href":"http:\/\/www.tvturk.com\/index.php\/wp-json\/wp\/v2\/media\/127382"}],"wp:attachment":[{"href":"http:\/\/www.tvturk.com\/index.php\/wp-json\/wp\/v2\/media?parent=127381"}],"wp:term":[{"taxonomy":"category","embeddable":true,"href":"http:\/\/www.tvturk.com\/index.php\/wp-json\/wp\/v2\/categories?post=127381"},{"taxonomy":"post_tag","embeddable":true,"href":"http:\/\/www.tvturk.com\/index.php\/wp-json\/wp\/v2\/tags?post=127381"}],"curies":[{"name":"wp","href":"https:\/\/api.w.org\/{rel}","templated":true}]}}