{"id":127424,"date":"2019-04-07T13:00:21","date_gmt":"2019-04-07T10:00:21","guid":{"rendered":"http:\/\/www.tvturk.com\/index.php\/zorlu-parkurda-renkli-goruntuler\/"},"modified":"2019-04-07T13:00:26","modified_gmt":"2019-04-07T10:00:26","slug":"zorlu-parkurda-renkli-goruntuler","status":"publish","type":"post","link":"http:\/\/www.tvturk.com\/index.php\/zorlu-parkurda-renkli-goruntuler\/","title":{"rendered":"Zorlu parkurda renkli g\u00f6r\u00fcnt\u00fcler"},"content":{"rendered":"<p>Gaziantep\u2019te d\u00fczenlenen da\u011f bisikleti yar\u0131\u015flar\u0131na kat\u0131lan 350 sporcu haz\u0131rlanan zorlu parkurda, dereceye girmek i\u00e7in pedal \u00e7evirdi. Hayli zorlanan sporcular, renkli g\u00f6r\u00fcnt\u00fclere sahne oldu.<\/p>\n<p>D\u00fcnya Bisiklet Birli\u011fi, T\u00fcrkiye Bisiklet Federasyonu, Gaziantep B\u00fcy\u00fck\u015fehir Belediyesi ve bir bisiklet firmas\u0131 sponsorlu\u011funda &#8220;Uluslararas\u0131 Gaziantep Da\u011f Bisikleti yar\u0131\u015flar\u0131&#8221; Gaziantep\u2019te B\u00fcy\u00fck\u015fehir Belediyesi\u2019ne ait Erik\u00e7e Macera Park\u0131 \u00c7ocuk ve Gen\u00e7lik Kamp E\u011fitim Merkezi\u2019nde d\u00fczenlendi. Haz\u0131rlanan zorlu parkurlarda, 24 \u015fehirden 350 sporcu y\u0131ld\u0131z erkekler, y\u0131ld\u0131z kad\u0131nlar, gen\u00e7 erkekler, gen\u00e7 kad\u0131nlar, masterlar 30+, 40+, 50+, elit bayanlar ve elit erkekler gibi toplam 10 kategoride yar\u0131\u015ft\u0131.<\/p>\n<p>Ya\u011fmur nedeniyle zorland\u0131lar<\/p>\n<p>Sabah\u0131n erken saatlerinde Erik\u00e7e Macera Park\u0131 \u00c7ocuk ve Gen\u00e7lik Kamp E\u011fitim Merkezine gelen sporcular, ya\u011fmurlu hava nedeniyle a\u011f\u0131r olan ko\u015fullarda daha da zorland\u0131. Zorluklara ra\u011fmen hedefe ula\u015fmak i\u00e7in pedal \u00e7eviren sporcular, renkli g\u00f6r\u00fcnt\u00fclere de sahne oldu. K\u0131yas\u0131ya yar\u0131\u015fan \u00f6\u011frenciler, parkurlar\u0131n\u0131 tamamlayarak biti\u015f noktas\u0131na ula\u015ft\u0131.<\/p>\n<p>Gaziantep B\u00fcy\u00fck\u015fehir Belediyesi Erik\u00e7e Macera Park\u0131 \u00c7ocuk ve Gen\u00e7lik Kamp E\u011fitim Merkezinde yap\u0131lan \u2019Gaziantep BB Mtb Cup kategorisindeki arazi s\u00fcr\u00fc\u015f\u00fc (Cross-Country) yar\u0131\u015f parkurunda, yar\u0131\u015fmac\u0131lar ayn\u0131 anda pedal basarak, yonca yapra\u011f\u0131 formunda haz\u0131rlanm\u0131\u015f parkurda tur say\u0131s\u0131na g\u00f6re yar\u0131\u015ft\u0131. \u00d6n haz\u0131rl\u0131klar\u0131 Gaziantep B\u00fcy\u00fck\u015fehir Belediyesi\u2019nin i\u015fbirli\u011fi ile tamamlanan parkurda, orman ve toprak yollardan olu\u015fan olimpik parkurlarda ko\u015fuldu.<\/p>\n<p>Sporcular, yar\u0131\u015fma sonuncunda elde ettikleri puanlarla, olimpiyat oyunlar\u0131na gerekli \u015fartlar\u0131 sa\u011flamak i\u00e7in, Uluslararas\u0131 Bisiklet Federasyonu taraf\u0131ndan belirlenen limitler \u00f6l\u00e7\u00fcs\u00fcnde Yaz Olimpiyat Oyunlar\u0131\u2019na kat\u0131lma hakk\u0131na sahip olacaklar.<div class=\"tiled-gallery type-rectangular tiled-gallery-unresized\" data-original-width=\"500\" data-carousel-extra='null' itemscope itemtype=\"http:\/\/schema.org\/ImageGallery\" > <div class=\"gallery-row\" style=\"width: 500px; height: 224px;\" data-original-width=\"500\" data-original-height=\"224\" > <div class=\"gallery-group images-1\" style=\"width: 334px; height: 224px;\" data-original-width=\"334\" data-original-height=\"224\" > <div class=\"tiled-gallery-item tiled-gallery-item-large\" itemprop=\"associatedMedia\" itemscope itemtype=\"http:\/\/schema.org\/ImageObject\"> <a href=\"http:\/\/www.tvturk.com\/index.php\/zorlu-parkurda-renkli-goruntuler\/zorlu-parkurda-renkli-goruntuler-3\/\" border=\"0\" itemprop=\"url\"> <meta itemprop=\"width\" content=\"330\"> <meta itemprop=\"height\" content=\"220\"> <img decoding=\"async\" class=\"\" data-attachment-id=\"127426\" data-orig-file=\"http:\/\/www.tvturk.com\/wp-content\/uploads\/2019\/04\/zorlu-parkurda-renkli-goruntuler_8faec74.jpg\" data-orig-size=\"1000,666\" data-comments-opened=\"\" data-image-meta=\"{&quot;aperture&quot;:&quot;0&quot;,&quot;credit&quot;:&quot;IHA&quot;,&quot;camera&quot;:&quot;&quot;,&quot;caption&quot;:&quot;GAZ\\u0130ANTEP\\u0027TE D\\u00dcZENLENEN DA\\u011e B\\u0130S\\u0130KLET\\u0130 YARI\\u015eLARINA KATILAN 350 SPORCU HAZIRLANAN ZORLU PARKURDA, DERECEYE G\\u0130RMEK \\u0130\\u00c7\\u0130N PEDAL \\u00c7EV\\u0130RD\\u0130. HAYL\\u0130 ZORLANAN SPORCULAR, RENKL\\u0130 G\\u00d6R\\u00dcNT\\u00dcLERE SAHNE OLDU. (AHMET DEM\\u0130R\\\/GAZ\\u0130ANTEP-\\u0130HA)&quot;,&quot;created_timestamp&quot;:&quot;0&quot;,&quot;copyright&quot;:&quot;\\u0130HLAS HABER AJANSI, www.iha.com.tr&quot;,&quot;focal_length&quot;:&quot;0&quot;,&quot;iso&quot;:&quot;0&quot;,&quot;shutter_speed&quot;:&quot;0&quot;,&quot;title&quot;:&quot;ZORLU PARKURDA RENKL\\u0130 G\\u00d6R\\u00dcNT\\u00dcLER ULUSLARARASI DA\\u011e B\\u0130S\\u0130KLET\\u0130 YARI\\u015eLARINA 350 SPORCU KATILDI&quot;,&quot;orientation&quot;:&quot;0&quot;}\" data-image-title=\"Zorlu parkurda renkli g\u00f6r\u00fcnt\u00fcler\" data-image-description=\"&lt;p&gt;Zorlu parkurda renkli g\u00f6r\u00fcnt\u00fcler&lt;\/p&gt; \" data-medium-file=\"https:\/\/i0.wp.com\/www.tvturk.com\/wp-content\/uploads\/2019\/04\/zorlu-parkurda-renkli-goruntuler_8faec74.jpg?fit=300%2C200\" data-large-file=\"https:\/\/i0.wp.com\/www.tvturk.com\/wp-content\/uploads\/2019\/04\/zorlu-parkurda-renkli-goruntuler_8faec74.jpg?fit=1000%2C666\" src=\"https:\/\/i0.wp.com\/www.tvturk.com\/wp-content\/uploads\/2019\/04\/zorlu-parkurda-renkli-goruntuler_8faec74.jpg?w=330&#038;h=220\" srcset=\"https:\/\/i0.wp.com\/www.tvturk.com\/wp-content\/uploads\/2019\/04\/zorlu-parkurda-renkli-goruntuler_8faec74.jpg?w=1000 1000w, https:\/\/i0.wp.com\/www.tvturk.com\/wp-content\/uploads\/2019\/04\/zorlu-parkurda-renkli-goruntuler_8faec74.jpg?resize=150%2C100 150w, https:\/\/i0.wp.com\/www.tvturk.com\/wp-content\/uploads\/2019\/04\/zorlu-parkurda-renkli-goruntuler_8faec74.jpg?resize=300%2C200 300w, https:\/\/i0.wp.com\/www.tvturk.com\/wp-content\/uploads\/2019\/04\/zorlu-parkurda-renkli-goruntuler_8faec74.jpg?resize=768%2C511 768w, https:\/\/i0.wp.com\/www.tvturk.com\/wp-content\/uploads\/2019\/04\/zorlu-parkurda-renkli-goruntuler_8faec74.jpg?resize=170%2C113 170w, https:\/\/i0.wp.com\/www.tvturk.com\/wp-content\/uploads\/2019\/04\/zorlu-parkurda-renkli-goruntuler_8faec74.jpg?resize=120%2C80 120w\" width=\"330\" height=\"220\" loading=\"lazy\" data-original-width=\"330\" data-original-height=\"220\" itemprop=\"http:\/\/schema.org\/image\" title=\"Zorlu parkurda renkli g\u00f6r\u00fcnt\u00fcler\" alt=\"Zorlu parkurda renkli g\u00f6r\u00fcnt\u00fcler\" style=\"width: 330px; height: 220px;\" \/> <\/a> <\/div> <\/div> <!-- close group --> <div class=\"gallery-group images-2\" style=\"width: 166px; height: 224px;\" data-original-width=\"166\" data-original-height=\"224\" > <div class=\"tiled-gallery-item tiled-gallery-item-small\" itemprop=\"associatedMedia\" itemscope itemtype=\"http:\/\/schema.org\/ImageObject\"> <a href=\"http:\/\/www.tvturk.com\/index.php\/zorlu-parkurda-renkli-goruntuler\/zorlu-parkurda-renkli-goruntuler-4\/\" border=\"0\" itemprop=\"url\"> <meta itemprop=\"width\" content=\"162\"> <meta itemprop=\"height\" content=\"108\"> <img decoding=\"async\" class=\"\" data-attachment-id=\"127427\" data-orig-file=\"http:\/\/www.tvturk.com\/wp-content\/uploads\/2019\/04\/zorlu-parkurda-renkli-goruntuler_f571e25.jpg\" data-orig-size=\"1000,666\" data-comments-opened=\"\" data-image-meta=\"{&quot;aperture&quot;:&quot;0&quot;,&quot;credit&quot;:&quot;IHA&quot;,&quot;camera&quot;:&quot;&quot;,&quot;caption&quot;:&quot;GAZ\\u0130ANTEP\\u0027TE D\\u00dcZENLENEN DA\\u011e B\\u0130S\\u0130KLET\\u0130 YARI\\u015eLARINA KATILAN 350 SPORCU HAZIRLANAN ZORLU PARKURDA, DERECEYE G\\u0130RMEK \\u0130\\u00c7\\u0130N PEDAL \\u00c7EV\\u0130RD\\u0130. HAYL\\u0130 ZORLANAN SPORCULAR, RENKL\\u0130 G\\u00d6R\\u00dcNT\\u00dcLERE SAHNE OLDU. (AHMET DEM\\u0130R\\\/GAZ\\u0130ANTEP-\\u0130HA)&quot;,&quot;created_timestamp&quot;:&quot;0&quot;,&quot;copyright&quot;:&quot;\\u0130HLAS HABER AJANSI, www.iha.com.tr&quot;,&quot;focal_length&quot;:&quot;0&quot;,&quot;iso&quot;:&quot;0&quot;,&quot;shutter_speed&quot;:&quot;0&quot;,&quot;title&quot;:&quot;ZORLU PARKURDA RENKL\\u0130 G\\u00d6R\\u00dcNT\\u00dcLER ULUSLARARASI DA\\u011e B\\u0130S\\u0130KLET\\u0130 YARI\\u015eLARINA 350 SPORCU KATILDI&quot;,&quot;orientation&quot;:&quot;0&quot;}\" data-image-title=\"Zorlu parkurda renkli g\u00f6r\u00fcnt\u00fcler\" data-image-description=\"&lt;p&gt;Zorlu parkurda renkli g\u00f6r\u00fcnt\u00fcler&lt;\/p&gt; \" data-medium-file=\"https:\/\/i0.wp.com\/www.tvturk.com\/wp-content\/uploads\/2019\/04\/zorlu-parkurda-renkli-goruntuler_f571e25.jpg?fit=300%2C200\" data-large-file=\"https:\/\/i0.wp.com\/www.tvturk.com\/wp-content\/uploads\/2019\/04\/zorlu-parkurda-renkli-goruntuler_f571e25.jpg?fit=1000%2C666\" src=\"https:\/\/i0.wp.com\/www.tvturk.com\/wp-content\/uploads\/2019\/04\/zorlu-parkurda-renkli-goruntuler_f571e25.jpg?w=162&#038;h=108\" srcset=\"https:\/\/i0.wp.com\/www.tvturk.com\/wp-content\/uploads\/2019\/04\/zorlu-parkurda-renkli-goruntuler_f571e25.jpg?w=1000 1000w, https:\/\/i0.wp.com\/www.tvturk.com\/wp-content\/uploads\/2019\/04\/zorlu-parkurda-renkli-goruntuler_f571e25.jpg?resize=150%2C100 150w, https:\/\/i0.wp.com\/www.tvturk.com\/wp-content\/uploads\/2019\/04\/zorlu-parkurda-renkli-goruntuler_f571e25.jpg?resize=300%2C200 300w, https:\/\/i0.wp.com\/www.tvturk.com\/wp-content\/uploads\/2019\/04\/zorlu-parkurda-renkli-goruntuler_f571e25.jpg?resize=768%2C511 768w, https:\/\/i0.wp.com\/www.tvturk.com\/wp-content\/uploads\/2019\/04\/zorlu-parkurda-renkli-goruntuler_f571e25.jpg?resize=170%2C113 170w, https:\/\/i0.wp.com\/www.tvturk.com\/wp-content\/uploads\/2019\/04\/zorlu-parkurda-renkli-goruntuler_f571e25.jpg?resize=120%2C80 120w\" width=\"162\" height=\"108\" loading=\"lazy\" data-original-width=\"162\" data-original-height=\"108\" itemprop=\"http:\/\/schema.org\/image\" title=\"Zorlu parkurda renkli g\u00f6r\u00fcnt\u00fcler\" alt=\"Zorlu parkurda renkli g\u00f6r\u00fcnt\u00fcler\" style=\"width: 162px; height: 108px;\" \/> <\/a> <\/div> <div class=\"tiled-gallery-item tiled-gallery-item-small\" itemprop=\"associatedMedia\" itemscope itemtype=\"http:\/\/schema.org\/ImageObject\"> <a href=\"http:\/\/www.tvturk.com\/index.php\/zorlu-parkurda-renkli-goruntuler\/zorlu-parkurda-renkli-goruntuler-5\/\" border=\"0\" itemprop=\"url\"> <meta itemprop=\"width\" content=\"162\"> <meta itemprop=\"height\" content=\"108\"> <img decoding=\"async\" class=\"\" data-attachment-id=\"127428\" data-orig-file=\"http:\/\/www.tvturk.com\/wp-content\/uploads\/2019\/04\/zorlu-parkurda-renkli-goruntuler_65e080a.jpg\" data-orig-size=\"1000,666\" data-comments-opened=\"\" data-image-meta=\"{&quot;aperture&quot;:&quot;0&quot;,&quot;credit&quot;:&quot;IHA&quot;,&quot;camera&quot;:&quot;&quot;,&quot;caption&quot;:&quot;GAZ\\u0130ANTEP\\u0027TE D\\u00dcZENLENEN DA\\u011e B\\u0130S\\u0130KLET\\u0130 YARI\\u015eLARINA KATILAN 350 SPORCU HAZIRLANAN ZORLU PARKURDA, DERECEYE G\\u0130RMEK \\u0130\\u00c7\\u0130N PEDAL \\u00c7EV\\u0130RD\\u0130. HAYL\\u0130 ZORLANAN SPORCULAR, RENKL\\u0130 G\\u00d6R\\u00dcNT\\u00dcLERE SAHNE OLDU. (AHMET DEM\\u0130R\\\/GAZ\\u0130ANTEP-\\u0130HA)&quot;,&quot;created_timestamp&quot;:&quot;0&quot;,&quot;copyright&quot;:&quot;\\u0130HLAS HABER AJANSI, www.iha.com.tr&quot;,&quot;focal_length&quot;:&quot;0&quot;,&quot;iso&quot;:&quot;0&quot;,&quot;shutter_speed&quot;:&quot;0&quot;,&quot;title&quot;:&quot;ZORLU PARKURDA RENKL\\u0130 G\\u00d6R\\u00dcNT\\u00dcLER ULUSLARARASI DA\\u011e B\\u0130S\\u0130KLET\\u0130 YARI\\u015eLARINA 350 SPORCU KATILDI&quot;,&quot;orientation&quot;:&quot;0&quot;}\" data-image-title=\"Zorlu parkurda renkli g\u00f6r\u00fcnt\u00fcler\" data-image-description=\"&lt;p&gt;Zorlu parkurda renkli g\u00f6r\u00fcnt\u00fcler&lt;\/p&gt; \" data-medium-file=\"https:\/\/i0.wp.com\/www.tvturk.com\/wp-content\/uploads\/2019\/04\/zorlu-parkurda-renkli-goruntuler_65e080a.jpg?fit=300%2C200\" data-large-file=\"https:\/\/i0.wp.com\/www.tvturk.com\/wp-content\/uploads\/2019\/04\/zorlu-parkurda-renkli-goruntuler_65e080a.jpg?fit=1000%2C666\" src=\"https:\/\/i0.wp.com\/www.tvturk.com\/wp-content\/uploads\/2019\/04\/zorlu-parkurda-renkli-goruntuler_65e080a.jpg?w=162&#038;h=108\" srcset=\"https:\/\/i0.wp.com\/www.tvturk.com\/wp-content\/uploads\/2019\/04\/zorlu-parkurda-renkli-goruntuler_65e080a.jpg?w=1000 1000w, https:\/\/i0.wp.com\/www.tvturk.com\/wp-content\/uploads\/2019\/04\/zorlu-parkurda-renkli-goruntuler_65e080a.jpg?resize=150%2C100 150w, https:\/\/i0.wp.com\/www.tvturk.com\/wp-content\/uploads\/2019\/04\/zorlu-parkurda-renkli-goruntuler_65e080a.jpg?resize=300%2C200 300w, https:\/\/i0.wp.com\/www.tvturk.com\/wp-content\/uploads\/2019\/04\/zorlu-parkurda-renkli-goruntuler_65e080a.jpg?resize=768%2C511 768w, https:\/\/i0.wp.com\/www.tvturk.com\/wp-content\/uploads\/2019\/04\/zorlu-parkurda-renkli-goruntuler_65e080a.jpg?resize=170%2C113 170w, https:\/\/i0.wp.com\/www.tvturk.com\/wp-content\/uploads\/2019\/04\/zorlu-parkurda-renkli-goruntuler_65e080a.jpg?resize=120%2C80 120w\" width=\"162\" height=\"108\" loading=\"lazy\" data-original-width=\"162\" data-original-height=\"108\" itemprop=\"http:\/\/schema.org\/image\" title=\"Zorlu parkurda renkli g\u00f6r\u00fcnt\u00fcler\" alt=\"Zorlu parkurda renkli g\u00f6r\u00fcnt\u00fcler\" style=\"width: 162px; height: 108px;\" \/> <\/a> <\/div> <\/div> <!-- close group --> <\/div> <!-- close row --> <\/div><\/p>\n","protected":false},"excerpt":{"rendered":"<p>GAZ\u0130ANTEP&#8217;TE D\u00dcZENLENEN DA\u011e B\u0130S\u0130KLET\u0130 YARI\u015eLARINA KATILAN 350 SPORCU HAZIRLANAN ZORLU PARKURDA, DERECEYE G\u0130RMEK \u0130\u00c7\u0130N PEDAL \u00c7EV\u0130RD\u0130. HAYL\u0130 ZORLANAN SPORCULAR, RENKL\u0130 G\u00d6R\u00dcNT\u00dcLERE SAHNE OLDU.<\/p>\n","protected":false},"author":1,"featured_media":127425,"comment_status":"closed","ping_status":"open","sticky":false,"template":"","format":"standard","meta":{"jetpack_post_was_ever_published":false,"_jetpack_newsletter_access":"","_jetpack_dont_email_post_to_subs":false,"_jetpack_newsletter_tier_id":0,"_jetpack_memberships_contains_paywalled_content":false,"_jetpack_memberships_contains_paid_content":false,"footnotes":"","jetpack_publicize_message":"","jetpack_publicize_feature_enabled":true,"jetpack_social_post_already_shared":true,"jetpack_social_options":{"image_generator_settings":{"template":"highway","default_image_id":0,"font":"","enabled":false},"version":2}},"categories":[657],"tags":[8294,29910,4128,4376],"class_list":["post-127424","post","type-post","status-publish","format-standard","has-post-thumbnail","hentry","category-spor","tag-goruntuler","tag-parkurda","tag-renkli","tag-zorlu"],"jetpack_publicize_connections":[],"jetpack_featured_media_url":"https:\/\/i0.wp.com\/www.tvturk.com\/wp-content\/uploads\/2019\/04\/zorlu-parkurda-renkli-goruntuler_e45fcee.jpg?fit=1000%2C666","jetpack_sharing_enabled":true,"jetpack_shortlink":"https:\/\/wp.me\/paKIfm-x9e","_links":{"self":[{"href":"http:\/\/www.tvturk.com\/index.php\/wp-json\/wp\/v2\/posts\/127424","targetHints":{"allow":["GET"]}}],"collection":[{"href":"http:\/\/www.tvturk.com\/index.php\/wp-json\/wp\/v2\/posts"}],"about":[{"href":"http:\/\/www.tvturk.com\/index.php\/wp-json\/wp\/v2\/types\/post"}],"author":[{"embeddable":true,"href":"http:\/\/www.tvturk.com\/index.php\/wp-json\/wp\/v2\/users\/1"}],"replies":[{"embeddable":true,"href":"http:\/\/www.tvturk.com\/index.php\/wp-json\/wp\/v2\/comments?post=127424"}],"version-history":[{"count":1,"href":"http:\/\/www.tvturk.com\/index.php\/wp-json\/wp\/v2\/posts\/127424\/revisions"}],"predecessor-version":[{"id":127429,"href":"http:\/\/www.tvturk.com\/index.php\/wp-json\/wp\/v2\/posts\/127424\/revisions\/127429"}],"wp:featuredmedia":[{"embeddable":true,"href":"http:\/\/www.tvturk.com\/index.php\/wp-json\/wp\/v2\/media\/127425"}],"wp:attachment":[{"href":"http:\/\/www.tvturk.com\/index.php\/wp-json\/wp\/v2\/media?parent=127424"}],"wp:term":[{"taxonomy":"category","embeddable":true,"href":"http:\/\/www.tvturk.com\/index.php\/wp-json\/wp\/v2\/categories?post=127424"},{"taxonomy":"post_tag","embeddable":true,"href":"http:\/\/www.tvturk.com\/index.php\/wp-json\/wp\/v2\/tags?post=127424"}],"curies":[{"name":"wp","href":"https:\/\/api.w.org\/{rel}","templated":true}]}}