{"id":12765,"date":"2019-02-08T15:18:51","date_gmt":"2019-02-08T12:18:51","guid":{"rendered":"http:\/\/www.tvturk.com\/index.php\/vali-akbiyik-hakkaride-ac-ve-acikta-aile-birakmadik\/"},"modified":"2019-02-08T15:18:53","modified_gmt":"2019-02-08T12:18:53","slug":"vali-akbiyik-hakkaride-ac-ve-acikta-aile-birakmadik","status":"publish","type":"post","link":"http:\/\/www.tvturk.com\/index.php\/vali-akbiyik-hakkaride-ac-ve-acikta-aile-birakmadik\/","title":{"rendered":"Vali Akb\u0131y\u0131k: \u201cHakkari\u2019de a\u00e7 ve a\u00e7\u0131kta aile b\u0131rakmad\u0131k\u201d"},"content":{"rendered":"<p>Hakkari Valisi \u0130dris Akb\u0131y\u0131k, 2018 y\u0131l\u0131nda Sosyal Yard\u0131mla\u015fma ve Dayan\u0131\u015fma Vakf\u0131 b\u00fcnyesinde dar gelirli 4 bin aileye 131 milyon, Aile \u00c7al\u0131\u015fma ve Sosyal Hizmetleri \u0130l M\u00fcd\u00fcrl\u00fc\u011f\u00fc b\u00fcnyesinde ise 4 bin aileye 47 milyon TL yard\u0131m yap\u0131ld\u0131\u011f\u0131n\u0131 s\u00f6yledi.<\/p>\n<p>Hakkari Valisi \u0130dris Akb\u0131y\u0131k, kentin toplam n\u00fcfusunun 286 bin 470 oldu\u011funu belirterek, ge\u00e7mi\u015f y\u0131la g\u00f6re 10 bin n\u00fcfus art\u0131\u015f\u0131 ya\u015fand\u0131\u011f\u0131n\u0131 s\u00f6yledi. Vali Akb\u0131y\u0131k, \u201cHakkari merkez n\u00fcfusu 81 bin 444, Y\u00fcksekova il\u00e7esi k\u00f6yleri ile beraber 119 bin 760, \u015eemdinli il\u00e7esi 45 bin, Derecik il\u00e7esi 22 bin, \u00c7ukurca il\u00e7esinde ise 17 bin n\u00fcfus bulunmaktad\u0131r. Valilik Sosyal Yard\u0131mla\u015fma ve Dayan\u0131\u015fma Vakf\u0131 (SYDV), yard\u0131ma muhta\u00e7 ailelere yard\u0131m etmek i\u00e7in b\u00fcy\u00fck bir gayret sarf ediyor\u201d dedi.<\/p>\n<p>2018 y\u0131l\u0131nda Hakkari il genelinde dar gelirli alilere y\u00f6nelik yap\u0131lan yard\u0131mlar hakk\u0131nda da detayl\u0131 bilgiler veren Vali Akb\u0131y\u0131k, \u201cAilelere ayni, nakdi, k\u00f6m\u00fcr, g\u0131da, giyim, e\u011fitim, sa\u011fl\u0131k, gebelik, engelli, ya\u015fl\u0131 ayl\u0131klar\u0131, e\u015fi vefat etmi\u015f kad\u0131nlara, muhta\u00e7 asker aileleri, muhta\u00e7 asker \u00e7ocu\u011fu, \u00f6ks\u00fcz yetim yard\u0131m\u0131, kronik hasta yard\u0131m\u0131 ve \u00f6zel ama\u00e7l\u0131 yard\u0131mlar verilmektedir ve vatanda\u015f\u0131n ne ihtiyac\u0131 varsa her zaman onlar\u0131n yan\u0131nda olmaya \u00e7al\u0131\u015f\u0131yoruz. K\u0131\u015f \u00e7ok sert ge\u00e7iyor. 29 bin aileye 33 bin ton k\u00f6m\u00fcr yard\u0131m\u0131nda bulunduk. T\u00fcm Hakkari geneli il merkezi ve il\u00e7elerde 4 bin aileye SYDV b\u00fcnyesinde yakla\u015f\u0131k 131 milyon ayni ve nakdi yard\u0131m\u0131m\u0131z oldu. Bunun yan\u0131nda bir\u00e7ok e\u011fitim ve SODES projelerimiz var\u201d diye konu\u015ftu.<\/p>\n<p>SYDV d\u0131\u015f\u0131nda yine Aile \u00c7al\u0131\u015fma ve Sosyal Hizmetler \u0130l M\u00fcd\u00fcrl\u00fc\u011f\u00fc b\u00fcnyesinde yakla\u015f\u0131k 4 bin aileye 47 milyon TL tutar\u0131nda evde bak\u0131m, sosyal ekonomik destek, koruyucu aile destek ve do\u011fum yard\u0131mlar\u0131 olmak \u00fczere bir\u00e7ok yard\u0131m\u0131n yap\u0131ld\u0131\u011f\u0131n\u0131 s\u00f6yleyen Vali Akb\u0131y\u0131k, konu\u015fmas\u0131n\u0131 \u015f\u00f6yle s\u00fcrd\u00fcrd\u00fc:<\/p>\n<p>\u201cBunlar\u0131n yan\u0131 s\u0131ra valili\u011fimizin yard\u0131mlar\u0131yla il milli e\u011fitim m\u00fcd\u00fcrl\u00fc\u011f\u00fc ve il emniyet m\u00fcd\u00fcrl\u00fc\u011f\u00fc taraf\u0131ndan bir\u00e7ok e\u011fitim ve sosyal yard\u0131mlar yap\u0131l\u0131yor. Yine Hakkari merkez ve il\u00e7elerimizde halk e\u011fitim merkezi b\u00fcnyesinde bir\u00e7ok haz\u0131rlama kurslar\u0131m\u0131z var ve bunlar\u0131n bir\u00e7ok ihtiya\u00e7lar\u0131 ise SYDV taraf\u0131ndan \u00e7e\u015fitli projelerle kar\u015f\u0131lanmaktad\u0131r.\u201d<\/p>\n<p>Hakkari Emniyet M\u00fcd\u00fcrl\u00fc\u011f\u00fcn\u00fcn sadece g\u00fcvenlik de\u011fil, sosyal sorumluluk projelerinde de g\u00f6revler ifa etti\u011fini anlatan Vali Akb\u0131y\u0131k, \u201cKurmu\u015f olduklar\u0131 spor kul\u00fcb\u00fcnde yakla\u015f\u0131k 2 bin civar\u0131 lisansl\u0131 sporcumuz var. Yine m\u00fcd\u00fcrl\u00fc\u011f\u00fcm\u00fcz\u00fcn icra etti\u011fi bir\u00e7ok projeler var. Yine toplum destekli polislik hizmetleri kapsam\u0131nda valili\u011fimizin alt kat\u0131nda \u2018Kanka Polis Giyim\u2019 ma\u011fazas\u0131 var. Burada binlerce vatanda\u015f\u0131m\u0131za giyim yard\u0131m\u0131 yap\u0131yorlar. Ayr\u0131ca SYDV b\u00fcnyesinde giyim merkezimiz var. Buradan da vatanda\u015flara giyim yard\u0131m\u0131 yap\u0131l\u0131yor. Amac\u0131m\u0131z Hakkari\u2019mizde a\u00e7 ve a\u00e7\u0131kta bir insan\u0131n dahi kalmamas\u0131d\u0131r\u201d \u015feklinde konu\u015ftu.<\/p>\n<p>Aile \u00c7al\u0131\u015fma ve Sosyal Hizmetler \u0130l M\u00fcd\u00fcr\u00fc H. Salih Kaya ve beraberindeki ekibi, kar ya\u011f\u0131\u015f\u0131 alt\u0131nda Gazi Mahallesi\u2019nde ikamet eden dar gelirle Sevin\u00e7 ailesini ziyaret ederek, sosyal destek yard\u0131m\u0131nda bulundular. Yakla\u015f\u0131k 5 y\u0131ld\u0131r sosyal destek alan Sevin\u00e7 ailesi, kendilerini a\u00e7 ve a\u00e7\u0131kta b\u0131rakmayarak yard\u0131mda bulunan Hakkari Valili\u011fi ve Aile \u00c7al\u0131\u015fma ve Sosyal Hizmetler \u0130l M\u00fcd\u00fcrl\u00fc\u011f\u00fc yetkililerine te\u015fekk\u00fcr ettiler.<\/p>\n<p>5 n\u00fcfuslu G\u00fclay Sevin\u00e7, M\u00fcd\u00fcr Kaya\u2019ya kirada kald\u0131\u011f\u0131n\u0131 belirterek, iki \u00e7ocu\u011funun ise okula gitti\u011fini s\u00f6yledi. Anne G\u00fclay Sevin\u00e7, \u201cAllah devletimize zeval vermesin. Her t\u00fcrl\u00fc ihtiyac\u0131m\u0131z\u0131 kar\u015f\u0131l\u0131yor\u201d dedi.<\/p>\n<p>M\u00fcd\u00fcr Kaya ise, Sevin\u00e7 ailesine Cumhurba\u015fkan\u0131 Recep Tayyip Erdo\u011fan\u2019\u0131n selamlar\u0131n\u0131 getirdi\u011fini belirterek, \u201cYakla\u015f\u0131k 5 y\u0131ld\u0131r ailenize sosyal destek sunuyoruz ve sunmaya da devam edece\u011fiz. \u00c7ocu\u011funuz yar\u0131y\u0131l tatilinde te\u015fekk\u00fcr belgesi ald\u0131. Takdir belgesi getirmesi halinde tablet hediye edece\u011fiz\u201d \u015feklinde konu\u015ftu.<div class=\"tiled-gallery type-rectangular tiled-gallery-unresized\" data-original-width=\"500\" data-carousel-extra='null' itemscope itemtype=\"http:\/\/schema.org\/ImageGallery\" > <div class=\"gallery-row\" style=\"width: 500px; height: 168px;\" data-original-width=\"500\" data-original-height=\"168\" > <div class=\"gallery-group images-1\" style=\"width: 250px; height: 168px;\" data-original-width=\"250\" data-original-height=\"168\" > <div class=\"tiled-gallery-item tiled-gallery-item-small\" itemprop=\"associatedMedia\" itemscope itemtype=\"http:\/\/schema.org\/ImageObject\"> <a href=\"http:\/\/www.tvturk.com\/index.php\/vali-akbiyik-hakkaride-ac-ve-acikta-aile-birakmadik\/vali-akbiyik-hakkaride-ac-ve-acikta-aile-birakmadik-3\/\" border=\"0\" itemprop=\"url\"> <meta itemprop=\"width\" content=\"246\"> <meta itemprop=\"height\" content=\"164\"> <img decoding=\"async\" class=\"\" data-attachment-id=\"12767\" data-orig-file=\"http:\/\/www.tvturk.com\/wp-content\/uploads\/2019\/02\/vali-akbiyik-hakkaride-ac-ve-acikta-aile-birakmadik_a6bb148.jpg\" data-orig-size=\"1000,666\" data-comments-opened=\"\" data-image-meta=\"{&quot;aperture&quot;:&quot;0&quot;,&quot;credit&quot;:&quot;IHA&quot;,&quot;camera&quot;:&quot;&quot;,&quot;caption&quot;:&quot;A\\u0130LE \\u00c7ALI\\u015eMA VE SOSYAL H\\u0130ZMETLER \\u0130L M\\u00dcD\\u00dcR\\u00dc H. SAL\\u0130H KAYA VE BERABER\\u0130NDEK\\u0130 EK\\u0130B\\u0130, KAR YA\\u011eI\\u015eI ALTINDA GAZ\\u0130 MAHALLES\\u0130\\u2019NDE \\u0130KAMET EDEN DAR GEL\\u0130RLE SEV\\u0130N\\u00c7 A\\u0130LES\\u0130N\\u0130 Z\\u0130YARET EDEREK, SOSYAL DESTEK YARDIMINDA BULUNDULAR. (\\u0130HA\\\/HAKKAR\\u0130-\\u0130HA)&quot;,&quot;created_timestamp&quot;:&quot;0&quot;,&quot;copyright&quot;:&quot;\\u0130HLAS HABER AJANSI, www.iha.com.tr&quot;,&quot;focal_length&quot;:&quot;0&quot;,&quot;iso&quot;:&quot;0&quot;,&quot;shutter_speed&quot;:&quot;0&quot;,&quot;title&quot;:&quot;VAL\\u0130 AKBIYIK: \\u201cHAKKAR\\u0130\\u2019DE A\\u00c7 VE A\\u00c7IKTA A\\u0130LE BIRAKMADIK\\u201d&quot;,&quot;orientation&quot;:&quot;0&quot;}\" data-image-title=\"Vali Akb\u0131y\u0131k: \u201cHakkari\u2019de a\u00e7 ve a\u00e7\u0131kta aile b\u0131rakmad\u0131k\u201d\" data-image-description=\"&lt;p&gt;Vali Akb\u0131y\u0131k: \u201cHakkari\u2019de a\u00e7 ve a\u00e7\u0131kta aile b\u0131rakmad\u0131k\u201d&lt;\/p&gt; \" data-medium-file=\"https:\/\/i0.wp.com\/www.tvturk.com\/wp-content\/uploads\/2019\/02\/vali-akbiyik-hakkaride-ac-ve-acikta-aile-birakmadik_a6bb148.jpg?fit=300%2C200\" data-large-file=\"https:\/\/i0.wp.com\/www.tvturk.com\/wp-content\/uploads\/2019\/02\/vali-akbiyik-hakkaride-ac-ve-acikta-aile-birakmadik_a6bb148.jpg?fit=1000%2C666\" src=\"https:\/\/i0.wp.com\/www.tvturk.com\/wp-content\/uploads\/2019\/02\/vali-akbiyik-hakkaride-ac-ve-acikta-aile-birakmadik_a6bb148.jpg?w=246&#038;h=164\" srcset=\"https:\/\/i0.wp.com\/www.tvturk.com\/wp-content\/uploads\/2019\/02\/vali-akbiyik-hakkaride-ac-ve-acikta-aile-birakmadik_a6bb148.jpg?w=1000 1000w, https:\/\/i0.wp.com\/www.tvturk.com\/wp-content\/uploads\/2019\/02\/vali-akbiyik-hakkaride-ac-ve-acikta-aile-birakmadik_a6bb148.jpg?resize=150%2C100 150w, https:\/\/i0.wp.com\/www.tvturk.com\/wp-content\/uploads\/2019\/02\/vali-akbiyik-hakkaride-ac-ve-acikta-aile-birakmadik_a6bb148.jpg?resize=300%2C200 300w, https:\/\/i0.wp.com\/www.tvturk.com\/wp-content\/uploads\/2019\/02\/vali-akbiyik-hakkaride-ac-ve-acikta-aile-birakmadik_a6bb148.jpg?resize=768%2C511 768w, https:\/\/i0.wp.com\/www.tvturk.com\/wp-content\/uploads\/2019\/02\/vali-akbiyik-hakkaride-ac-ve-acikta-aile-birakmadik_a6bb148.jpg?resize=170%2C113 170w, https:\/\/i0.wp.com\/www.tvturk.com\/wp-content\/uploads\/2019\/02\/vali-akbiyik-hakkaride-ac-ve-acikta-aile-birakmadik_a6bb148.jpg?resize=120%2C80 120w\" width=\"246\" height=\"164\" loading=\"lazy\" data-original-width=\"246\" data-original-height=\"164\" itemprop=\"http:\/\/schema.org\/image\" title=\"Vali Akb\u0131y\u0131k: \u201cHakkari\u2019de a\u00e7 ve a\u00e7\u0131kta aile b\u0131rakmad\u0131k\u201d\" alt=\"Vali Akb\u0131y\u0131k: \u201cHakkari\u2019de a\u00e7 ve a\u00e7\u0131kta aile b\u0131rakmad\u0131k\u201d\" style=\"width: 246px; height: 164px;\" \/> <\/a> <\/div> <\/div> <!-- close group --> <div class=\"gallery-group images-1\" style=\"width: 250px; height: 168px;\" data-original-width=\"250\" data-original-height=\"168\" > <div class=\"tiled-gallery-item tiled-gallery-item-small\" itemprop=\"associatedMedia\" itemscope itemtype=\"http:\/\/schema.org\/ImageObject\"> <a href=\"http:\/\/www.tvturk.com\/index.php\/vali-akbiyik-hakkaride-ac-ve-acikta-aile-birakmadik\/vali-akbiyik-hakkaride-ac-ve-acikta-aile-birakmadik-4\/\" border=\"0\" itemprop=\"url\"> <meta itemprop=\"width\" content=\"246\"> <meta itemprop=\"height\" content=\"164\"> <img decoding=\"async\" class=\"\" data-attachment-id=\"12768\" data-orig-file=\"http:\/\/www.tvturk.com\/wp-content\/uploads\/2019\/02\/vali-akbiyik-hakkaride-ac-ve-acikta-aile-birakmadik_5a27c4f.jpg\" data-orig-size=\"1000,666\" data-comments-opened=\"\" data-image-meta=\"{&quot;aperture&quot;:&quot;0&quot;,&quot;credit&quot;:&quot;IHA&quot;,&quot;camera&quot;:&quot;&quot;,&quot;caption&quot;:&quot;A\\u0130LE \\u00c7ALI\\u015eMA VE SOSYAL H\\u0130ZMETLER \\u0130L M\\u00dcD\\u00dcR\\u00dc H. SAL\\u0130H KAYA VE BERABER\\u0130NDEK\\u0130 EK\\u0130B\\u0130, KAR YA\\u011eI\\u015eI ALTINDA GAZ\\u0130 MAHALLES\\u0130\\u2019NDE \\u0130KAMET EDEN DAR GEL\\u0130RLE SEV\\u0130N\\u00c7 A\\u0130LES\\u0130N\\u0130 Z\\u0130YARET EDEREK, SOSYAL DESTEK YARDIMINDA BULUNDULAR. (\\u0130HA\\\/HAKKAR\\u0130-\\u0130HA)&quot;,&quot;created_timestamp&quot;:&quot;0&quot;,&quot;copyright&quot;:&quot;\\u0130HLAS HABER AJANSI, www.iha.com.tr&quot;,&quot;focal_length&quot;:&quot;0&quot;,&quot;iso&quot;:&quot;0&quot;,&quot;shutter_speed&quot;:&quot;0&quot;,&quot;title&quot;:&quot;VAL\\u0130 AKBIYIK: \\u201cHAKKAR\\u0130\\u2019DE A\\u00c7 VE A\\u00c7IKTA A\\u0130LE BIRAKMADIK\\u201d&quot;,&quot;orientation&quot;:&quot;0&quot;}\" data-image-title=\"Vali Akb\u0131y\u0131k: \u201cHakkari\u2019de a\u00e7 ve a\u00e7\u0131kta aile b\u0131rakmad\u0131k\u201d\" data-image-description=\"&lt;p&gt;Vali Akb\u0131y\u0131k: \u201cHakkari\u2019de a\u00e7 ve a\u00e7\u0131kta aile b\u0131rakmad\u0131k\u201d&lt;\/p&gt; \" data-medium-file=\"https:\/\/i0.wp.com\/www.tvturk.com\/wp-content\/uploads\/2019\/02\/vali-akbiyik-hakkaride-ac-ve-acikta-aile-birakmadik_5a27c4f.jpg?fit=300%2C200\" data-large-file=\"https:\/\/i0.wp.com\/www.tvturk.com\/wp-content\/uploads\/2019\/02\/vali-akbiyik-hakkaride-ac-ve-acikta-aile-birakmadik_5a27c4f.jpg?fit=1000%2C666\" src=\"https:\/\/i0.wp.com\/www.tvturk.com\/wp-content\/uploads\/2019\/02\/vali-akbiyik-hakkaride-ac-ve-acikta-aile-birakmadik_5a27c4f.jpg?w=246&#038;h=164\" srcset=\"https:\/\/i0.wp.com\/www.tvturk.com\/wp-content\/uploads\/2019\/02\/vali-akbiyik-hakkaride-ac-ve-acikta-aile-birakmadik_5a27c4f.jpg?w=1000 1000w, https:\/\/i0.wp.com\/www.tvturk.com\/wp-content\/uploads\/2019\/02\/vali-akbiyik-hakkaride-ac-ve-acikta-aile-birakmadik_5a27c4f.jpg?resize=150%2C100 150w, https:\/\/i0.wp.com\/www.tvturk.com\/wp-content\/uploads\/2019\/02\/vali-akbiyik-hakkaride-ac-ve-acikta-aile-birakmadik_5a27c4f.jpg?resize=300%2C200 300w, https:\/\/i0.wp.com\/www.tvturk.com\/wp-content\/uploads\/2019\/02\/vali-akbiyik-hakkaride-ac-ve-acikta-aile-birakmadik_5a27c4f.jpg?resize=768%2C511 768w, https:\/\/i0.wp.com\/www.tvturk.com\/wp-content\/uploads\/2019\/02\/vali-akbiyik-hakkaride-ac-ve-acikta-aile-birakmadik_5a27c4f.jpg?resize=170%2C113 170w, https:\/\/i0.wp.com\/www.tvturk.com\/wp-content\/uploads\/2019\/02\/vali-akbiyik-hakkaride-ac-ve-acikta-aile-birakmadik_5a27c4f.jpg?resize=120%2C80 120w\" width=\"246\" height=\"164\" loading=\"lazy\" data-original-width=\"246\" data-original-height=\"164\" itemprop=\"http:\/\/schema.org\/image\" title=\"Vali Akb\u0131y\u0131k: \u201cHakkari\u2019de a\u00e7 ve a\u00e7\u0131kta aile b\u0131rakmad\u0131k\u201d\" alt=\"Vali Akb\u0131y\u0131k: \u201cHakkari\u2019de a\u00e7 ve a\u00e7\u0131kta aile b\u0131rakmad\u0131k\u201d\" style=\"width: 246px; height: 164px;\" \/> <\/a> <\/div> <\/div> <!-- close group --> <\/div> <!-- close row --> <\/div><\/p>\n","protected":false},"excerpt":{"rendered":"<p>HAKKAR\u0130 VAL\u0130S\u0130 \u0130DR\u0130S AKBIYIK, 2018 YILINDA SOSYAL YARDIMLA\u015eMA VE DAYANI\u015eMA VAKFI B\u00dcNYES\u0130NDE DAR GEL\u0130RL\u0130 4 B\u0130N A\u0130LEYE 131 M\u0130LYON, A\u0130LE \u00c7ALI\u015eMA VE SOSYAL H\u0130ZMETLER\u0130 \u0130L M\u00dcD\u00dcRL\u00dc\u011e\u00dc B\u00dcNYES\u0130NDE \u0130SE 4 B\u0130N A\u0130LEYE 47 M\u0130LYON TL YARDIM YAPILDI\u011eINI S\u00d6YLED\u0130.<\/p>\n","protected":false},"author":1,"featured_media":12766,"comment_status":"closed","ping_status":"open","sticky":false,"template":"","format":"standard","meta":{"jetpack_post_was_ever_published":false,"_jetpack_newsletter_access":"","_jetpack_dont_email_post_to_subs":false,"_jetpack_newsletter_tier_id":0,"_jetpack_memberships_contains_paywalled_content":false,"_jetpack_memberships_contains_paid_content":false,"footnotes":"","jetpack_publicize_message":"","jetpack_publicize_feature_enabled":true,"jetpack_social_post_already_shared":false,"jetpack_social_options":{"image_generator_settings":{"template":"highway","default_image_id":0,"font":"","enabled":false},"version":2}},"categories":[655],"tags":[4061,6481,3014,886,6482,487,148],"class_list":["post-12765","post","type-post","status-publish","format-standard","has-post-thumbnail","hentry","category-son-dakika","tag-ac","tag-acikta","tag-aile","tag-akbiyik","tag-birakmadik","tag-hakkaride","tag-vali"],"jetpack_publicize_connections":[],"jetpack_featured_media_url":"https:\/\/i0.wp.com\/www.tvturk.com\/wp-content\/uploads\/2019\/02\/vali-akbiyik-hakkaride-ac-ve-acikta-aile-birakmadik_1c4a186.jpg?fit=1000%2C666","jetpack_sharing_enabled":true,"jetpack_shortlink":"https:\/\/wp.me\/paKIfm-3jT","_links":{"self":[{"href":"http:\/\/www.tvturk.com\/index.php\/wp-json\/wp\/v2\/posts\/12765","targetHints":{"allow":["GET"]}}],"collection":[{"href":"http:\/\/www.tvturk.com\/index.php\/wp-json\/wp\/v2\/posts"}],"about":[{"href":"http:\/\/www.tvturk.com\/index.php\/wp-json\/wp\/v2\/types\/post"}],"author":[{"embeddable":true,"href":"http:\/\/www.tvturk.com\/index.php\/wp-json\/wp\/v2\/users\/1"}],"replies":[{"embeddable":true,"href":"http:\/\/www.tvturk.com\/index.php\/wp-json\/wp\/v2\/comments?post=12765"}],"version-history":[{"count":1,"href":"http:\/\/www.tvturk.com\/index.php\/wp-json\/wp\/v2\/posts\/12765\/revisions"}],"predecessor-version":[{"id":12769,"href":"http:\/\/www.tvturk.com\/index.php\/wp-json\/wp\/v2\/posts\/12765\/revisions\/12769"}],"wp:featuredmedia":[{"embeddable":true,"href":"http:\/\/www.tvturk.com\/index.php\/wp-json\/wp\/v2\/media\/12766"}],"wp:attachment":[{"href":"http:\/\/www.tvturk.com\/index.php\/wp-json\/wp\/v2\/media?parent=12765"}],"wp:term":[{"taxonomy":"category","embeddable":true,"href":"http:\/\/www.tvturk.com\/index.php\/wp-json\/wp\/v2\/categories?post=12765"},{"taxonomy":"post_tag","embeddable":true,"href":"http:\/\/www.tvturk.com\/index.php\/wp-json\/wp\/v2\/tags?post=12765"}],"curies":[{"name":"wp","href":"https:\/\/api.w.org\/{rel}","templated":true}]}}